{"id":105,"date":"2023-02-21T01:00:44","date_gmt":"2023-02-20T22:00:44","guid":{"rendered":"https:\/\/kalendare365.eu\/?p=105"},"modified":"2026-05-06T18:56:32","modified_gmt":"2026-05-06T15:56:32","slug":"stahnete-si-kalendar-cerven-2021","status":"publish","type":"post","link":"https:\/\/kalendare365.eu\/?p=105","title":{"rendered":"St\u00e1hn\u011bte si kalend\u00e1\u0159 \u010derven 2021"},"content":{"rendered":"\n<p class=\"wp-block-paragraph\">Kalend\u00e1\u0159 na \u010derven 2021 pat\u0159\u00ed mezi nejvyhled\u00e1van\u011bj\u0161\u00ed m\u011bs\u00ed\u010dn\u00ed \u0161ablony \u2013 a\u0165 u\u017e pl\u00e1nujete pracovn\u00ed \u00fakoly, rodinn\u00e9 aktivity, nebo si jen chcete udr\u017eet p\u0159ehled o d\u016fle\u017eit\u00fdch datech. P\u0159ipraven\u00e9 varianty nab\u00edzej\u00ed r\u016fzn\u00e9 styly, rozlo\u017een\u00ed i mno\u017estv\u00ed prostoru pro pozn\u00e1mky, tak\u017ee si ka\u017ed\u00fd m\u016f\u017ee vybrat p\u0159esn\u011b takov\u00fd form\u00e1t, kter\u00fd mu nejl\u00e9pe vyhovuje. V\u0161echny \u0161ablony lze st\u00e1hnout v PDF, DOCX i PNG a snadno je upravit nebo vytisknout.<\/p>\n\n\n\n<hr class=\"wp-block-separator has-alpha-channel-opacity\"\/>\n\n\n\n<h2 class=\"wp-block-heading\">Kalend\u00e1\u0159 \u010derven 2021 s velk\u00fdmi \u010d\u00edsly<\/h2>\n\n\n\n<p class=\"wp-block-paragraph\">Tato varianta je vhodn\u00e1 pro u\u017eivatele, kte\u0159\u00ed preferuj\u00ed v\u00fdrazn\u00e9 a dob\u0159e \u010diteln\u00e9 datumov\u00e9 ozna\u010den\u00ed. Velk\u00e1 \u010d\u00edsla usnad\u0148uj\u00ed rychlou orientaci a jsou ide\u00e1ln\u00ed pro n\u00e1st\u011bnn\u00e9 kalend\u00e1\u0159e, kancel\u00e1\u0159e i dom\u00e1c\u00ed pl\u00e1nov\u00e1n\u00ed.<\/p>\n\n\n\n<hr class=\"wp-block-separator has-alpha-channel-opacity\"\/>\n\n\n\n<h2 class=\"wp-block-heading\">Vertik\u00e1ln\u00ed pl\u00e1nova\u010d kalend\u00e1\u0159e na \u010derven 2021<\/h2>\n\n\n\n<p class=\"wp-block-paragraph\">Vertik\u00e1ln\u00ed rozlo\u017een\u00ed poskytuje p\u0159ehlednou strukturu a dostatek m\u00edsta pro ka\u017edodenn\u00ed pozn\u00e1mky. Je vhodn\u00e9 pro detailn\u00ed pl\u00e1nov\u00e1n\u00ed, zapisov\u00e1n\u00ed \u00fakol\u016f nebo sledov\u00e1n\u00ed pracovn\u00edch sm\u011bn.<\/p>\n\n\n\n<hr class=\"wp-block-separator has-alpha-channel-opacity\"\/>\n\n\n\n<h2 class=\"wp-block-heading\">Kalend\u00e1\u0159 \u010derven 2021 s p\u0159edchoz\u00edm a p\u0159\u00ed\u0161t\u00edm m\u011bs\u00edcem<\/h2>\n\n\n\n<p class=\"wp-block-paragraph\">Tato \u0161ablona nab\u00edz\u00ed praktick\u00fd pohled na t\u0159i m\u011bs\u00edce najednou. Umo\u017e\u0148uje snadn\u00e9 pl\u00e1nov\u00e1n\u00ed dop\u0159edu i zp\u011btnou kontrolu p\u0159edchoz\u00edch term\u00edn\u016f, co\u017e ocen\u00ed zejm\u00e9na ti, kte\u0159\u00ed pracuj\u00ed s del\u0161\u00edmi \u010dasov\u00fdmi \u00faseky.<\/p>\n\n\n\n<hr class=\"wp-block-separator has-alpha-channel-opacity\"\/>\n\n\n\n<h2 class=\"wp-block-heading\">Kr\u00e1sn\u00fd kalend\u00e1\u0159 \u010derven 2021<\/h2>\n\n\n\n<p class=\"wp-block-paragraph\">Designov\u00e1 varianta spojuje funk\u010dnost s estetikou. Jemn\u00e9 grafick\u00e9 prvky dod\u00e1vaj\u00ed kalend\u00e1\u0159i elegantn\u00ed vzhled, d\u00edky kter\u00e9mu se hod\u00ed do dom\u00e1c\u00ed pracovny, kancel\u00e1\u0159e i studentsk\u00e9ho pokoje.<\/p>\n\n\n\n<hr class=\"wp-block-separator has-alpha-channel-opacity\"\/>\n\n\n\n<h2 class=\"wp-block-heading\">Fotokalend\u00e1\u0159 \u010derven 2021<\/h2>\n\n\n\n<p class=\"wp-block-paragraph\">Pro milovn\u00edky vizu\u00e1ln\u00ed inspirace je p\u0159ipravena verze s fotografiemi. Spojuje praktick\u00e9 pl\u00e1nov\u00e1n\u00ed s p\u0159\u00edjemn\u00fdm vizu\u00e1ln\u00edm z\u00e1\u017eitkem a m\u016f\u017ee slou\u017eit i jako dekorativn\u00ed prvek.<\/p>\n\n\n\n<hr class=\"wp-block-separator has-alpha-channel-opacity\"\/>\n\n\n\n<h2 class=\"wp-block-heading\">Kr\u00e1sn\u00fd pl\u00e1nova\u010d kalend\u00e1\u0159e \u010derven 2021<\/h2>\n\n\n\n<p class=\"wp-block-paragraph\">Tento pl\u00e1nova\u010d kombinuje \u010dist\u00fd design s dostatkem prostoru pro pozn\u00e1mky. Je vhodn\u00fd pro ka\u017edodenn\u00ed organizaci, zapisov\u00e1n\u00ed \u00fakol\u016f, pl\u00e1nov\u00e1n\u00ed projekt\u016f i osobn\u00edch aktivit.<\/p>\n\n\n\n<hr class=\"wp-block-separator has-alpha-channel-opacity\"\/>\n\n\n\n<h2 class=\"wp-block-heading\">Kalend\u00e1\u0159 \u010derven 2021 s pozn\u00e1mkami<\/h2>\n\n\n\n<p class=\"wp-block-paragraph\">\u0160ablona nab\u00edz\u00ed \u0161irok\u00fd prostor pro vlastn\u00ed z\u00e1pisy, seznamy \u00fakol\u016f, d\u016fle\u017eit\u00e9 term\u00edny nebo kr\u00e1tk\u00e9 denn\u00ed pozn\u00e1mky. Je ide\u00e1ln\u00ed pro ty, kte\u0159\u00ed pot\u0159ebuj\u00ed v\u00edce m\u00edsta pro detailn\u00ed pl\u00e1nov\u00e1n\u00ed.<\/p>\n\n\n\n<hr class=\"wp-block-separator has-alpha-channel-opacity\"\/>\n\n\n\n<h3 class=\"wp-block-heading\">Pl\u00e1nova\u010d kalend\u00e1\u0159e cerven 2021<\/h3>\n\n\n\n<center><figure><img decoding=\"async\" class=\"alignnone size-full wp-image-32\" src=\"https:\/\/kalendare365.eu\/wp-content\/uploads\/2023\/02\/planovac-kalendare-cerven-2021.webp\" alt=\"\" width=\"500\" height=\"100%\"><\/figure><\/center>\n\n\n\n<p class=\"wp-block-paragraph\"><a href=\"https:\/\/kalendare365.eu\/wp-content\/uploads\/2023\/02\/planovac-kalendare-cerven-2021.pdf\" target=\"_blank\" rel=\"noopener\">PDF<\/a> &#8212; <a href=\"https:\/\/kalendare365.eu\/wp-content\/uploads\/2023\/02\/planovac-kalendare-cerven-2021.docx\" target=\"_blank\" rel=\"noopener\">DOCx<\/a> &#8212; <a href=\"https:\/\/kalendare365.eu\/wp-content\/uploads\/2023\/02\/planovac-kalendare-cerven-2021.png\" target=\"_blank\" rel=\"noopener\">PNG<\/a><\/p>\n\n\n\n<h3 class=\"wp-block-heading\">Kalend\u00e1\u0159 cerven 2021 s velk\u00fdmi \u010d\u00edsly<\/h3>\n\n\n\n<center><figure><img decoding=\"async\" class=\"alignnone size-full wp-image-32\" src=\"https:\/\/kalendare365.eu\/wp-content\/uploads\/2023\/02\/kalendar-cerven-2021-s-velkymi-cisly.webp\" alt=\"\" width=\"500\" height=\"100%\"><\/figure><\/center>\n\n\n\n<p class=\"wp-block-paragraph\"><a href=\"https:\/\/kalendare365.eu\/wp-content\/uploads\/2023\/02\/kalendar-cerven-2021-s-velkymi-cisly.pdf\" target=\"_blank\" rel=\"noopener\">PDF<\/a> &#8212; <a href=\"https:\/\/kalendare365.eu\/wp-content\/uploads\/2023\/02\/kalendar-cerven-2021-s-velkymi-cisly.docx\" target=\"_blank\" rel=\"noopener\">DOCx<\/a> &#8212; <a href=\"https:\/\/kalendare365.eu\/wp-content\/uploads\/2023\/02\/kalendar-cerven-2021-s-velkymi-cisly.png\" target=\"_blank\" rel=\"noopener\">PNG<\/a><\/p>\n\n\n\n<h3 class=\"wp-block-heading\">Vertik\u00e1ln\u00ed pl\u00e1nova\u010d kalend\u00e1\u0159e na cerven 2021<\/h3>\n\n\n\n<center><figure><img decoding=\"async\" class=\"alignnone size-full wp-image-32\" src=\"https:\/\/kalendare365.eu\/wp-content\/uploads\/2023\/02\/vertikalni-planovac-kalendare-na-cerven-2021.webp\" alt=\"\" width=\"500\" height=\"100%\"><\/figure><\/center>\n\n\n\n<p class=\"wp-block-paragraph\"><a href=\"https:\/\/kalendare365.eu\/wp-content\/uploads\/2023\/02\/vertikalni-planovac-kalendare-na-cerven-2021.pdf\" target=\"_blank\" rel=\"noopener\">PDF<\/a> &#8212; <a href=\"https:\/\/kalendare365.eu\/wp-content\/uploads\/2023\/02\/vertikalni-planovac-kalendare-na-cerven-2021.docx\" target=\"_blank\" rel=\"noopener\">DOCx<\/a> &#8212; <a href=\"https:\/\/kalendare365.eu\/wp-content\/uploads\/2023\/02\/vertikalni-planovac-kalendare-na-cerven-2021.png\" target=\"_blank\" rel=\"noopener\">PNG<\/a><\/p>\n\n\n\n<h3 class=\"wp-block-heading\">Kalend\u00e1\u0159 cerven 2021 s p\u0159edchoz\u00edm a p\u0159\u00ed\u0161t\u00edm m\u011bs\u00edcem<\/h3>\n\n\n\n<center><figure><img decoding=\"async\" class=\"alignnone size-full wp-image-32\" src=\"https:\/\/kalendare365.eu\/wp-content\/uploads\/2023\/02\/kalendar-cerven-2021-s-predchozim-a-pristim-mesicem.webp\" alt=\"\" width=\"500\" height=\"100%\"><\/figure><\/center>\n\n\n\n<p class=\"wp-block-paragraph\"><a href=\"https:\/\/kalendare365.eu\/wp-content\/uploads\/2023\/02\/kalendar-cerven-2021-s-predchozim-a-pristim-mesicem.pdf\" target=\"_blank\" rel=\"noopener\">PDF<\/a> &#8212; <a href=\"https:\/\/kalendare365.eu\/wp-content\/uploads\/2023\/02\/kalendar-cerven-2021-s-predchozim-a-pristim-mesicem.docx\" target=\"_blank\" rel=\"noopener\">DOCx<\/a> &#8212; <a href=\"https:\/\/kalendare365.eu\/wp-content\/uploads\/2023\/02\/kalendar-cerven-2021-s-predchozim-a-pristim-mesicem.png\" target=\"_blank\" rel=\"noopener\">PNG<\/a><\/p>\n\n\n\n<h3 class=\"wp-block-heading\">Kr\u00e1sn\u00fd kalend\u00e1\u0159 cerven 2021<\/h3>\n\n\n\n<center><figure><img decoding=\"async\" class=\"alignnone size-full wp-image-32\" src=\"https:\/\/kalendare365.eu\/wp-content\/uploads\/2023\/02\/krasny-kalendar-cerven-2021.webp\" alt=\"\" width=\"500\" height=\"100%\"><\/figure><\/center>\n\n\n\n<p class=\"wp-block-paragraph\"><a href=\"https:\/\/kalendare365.eu\/wp-content\/uploads\/2023\/02\/krasny-kalendar-cerven-2021.pdf\" target=\"_blank\" rel=\"noopener\">PDF<\/a> &#8212; <a href=\"https:\/\/kalendare365.eu\/wp-content\/uploads\/2023\/02\/krasny-kalendar-cerven-2021.docx\" target=\"_blank\" rel=\"noopener\">DOCx<\/a> &#8212; <a href=\"https:\/\/kalendare365.eu\/wp-content\/uploads\/2023\/02\/krasny-kalendar-cerven-2021.png\" target=\"_blank\" rel=\"noopener\">PNG<\/a><\/p>\n\n\n\n<h3 class=\"wp-block-heading\">Fotokalend\u00e1\u0159 cerven 2021<\/h3>\n\n\n\n<center><figure><img decoding=\"async\" class=\"alignnone size-full wp-image-32\" src=\"https:\/\/kalendare365.eu\/wp-content\/uploads\/2023\/02\/fotokalendar-cerven-2021.webp\" alt=\"\" width=\"500\" height=\"100%\"><\/figure><\/center>\n\n\n\n<p class=\"wp-block-paragraph\"><a href=\"https:\/\/kalendare365.eu\/wp-content\/uploads\/2023\/02\/fotokalendar-cerven-2021.pdf\" target=\"_blank\" rel=\"noopener\">PDF<\/a> &#8212; <a href=\"https:\/\/kalendare365.eu\/wp-content\/uploads\/2023\/02\/fotokalendar-cerven-2021.docx\" target=\"_blank\" rel=\"noopener\">DOCx<\/a> &#8212; <a href=\"https:\/\/kalendare365.eu\/wp-content\/uploads\/2023\/02\/fotokalendar-cerven-2021.png\" target=\"_blank\" rel=\"noopener\">PNG<\/a><\/p>\n\n\n\n<h3 class=\"wp-block-heading\">Kr\u00e1sn\u00fd pl\u00e1nova\u010d kalend\u00e1\u0159e cerven 2021<\/h3>\n\n\n\n<center><figure><img decoding=\"async\" class=\"alignnone size-full wp-image-32\" src=\"https:\/\/kalendare365.eu\/wp-content\/uploads\/2023\/02\/krasny-planovac-kalendare-cerven-2021.webp\" alt=\"\" width=\"500\" height=\"100%\"><\/figure><\/center>\n\n\n\n<p class=\"wp-block-paragraph\"><a href=\"https:\/\/kalendare365.eu\/wp-content\/uploads\/2023\/02\/krasny-planovac-kalendare-cerven-2021.pdf\" target=\"_blank\" rel=\"noopener\">PDF<\/a> &#8212; <a href=\"https:\/\/kalendare365.eu\/wp-content\/uploads\/2023\/02\/krasny-planovac-kalendare-cerven-2021.docx\" target=\"_blank\" rel=\"noopener\">DOCx<\/a> &#8212; <a href=\"https:\/\/kalendare365.eu\/wp-content\/uploads\/2023\/02\/krasny-planovac-kalendare-cerven-2021.png\" target=\"_blank\" rel=\"noopener\">PNG<\/a><\/p>\n\n\n\n<h3 class=\"wp-block-heading\">Kalend\u00e1\u0159 cerven 2021 s pozn\u00e1mkami<\/h3>\n\n\n\n<center><figure><img decoding=\"async\" class=\"alignnone size-full wp-image-32\" src=\"https:\/\/kalendare365.eu\/wp-content\/uploads\/2023\/02\/kalendar-cerven-2021-s-poznamkami.webp\" alt=\"\" width=\"500\" height=\"100%\"><\/figure><\/center>\n\n\n\n<p class=\"wp-block-paragraph\"><a href=\"https:\/\/kalendare365.eu\/wp-content\/uploads\/2023\/02\/kalendar-cerven-2021-s-poznamkami.pdf\" target=\"_blank\" rel=\"noopener\">PDF<\/a> &#8212; <a href=\"https:\/\/kalendare365.eu\/wp-content\/uploads\/2023\/02\/kalendar-cerven-2021-s-poznamkami.docx\" target=\"_blank\" rel=\"noopener\">DOCx<\/a> &#8212; <a href=\"https:\/\/kalendare365.eu\/wp-content\/uploads\/2023\/02\/kalendar-cerven-2021-s-poznamkami.png\" target=\"_blank\" rel=\"noopener\">PNG<\/a><\/p>\n\n\n\n<h2 class=\"wp-block-heading\">Z\u00e1v\u011br<\/h2>\n\n\n\n<p class=\"wp-block-paragraph\">Kalend\u00e1\u0159e pro \u010derven 2021 jsou dostupn\u00e9 v cel\u00e9 \u0159ad\u011b styl\u016f a form\u00e1t\u016f, aby si ka\u017ed\u00fd mohl vybrat p\u0159esn\u011b takovou \u0161ablonu, kter\u00e1 odpov\u00edd\u00e1 jeho pot\u0159eb\u00e1m. V\u0161echny varianty lze snadno st\u00e1hnout, upravit a vytisknout. A\u0165 u\u017e hled\u00e1te jednoduch\u00fd p\u0159ehled, prostor pro pozn\u00e1mky, nebo esteticky lad\u011bn\u00fd design, najdete zde ide\u00e1ln\u00ed \u0159e\u0161en\u00ed pro efektivn\u00ed a p\u0159\u00edjemn\u00e9 pl\u00e1nov\u00e1n\u00ed.<\/p>\n","protected":false},"excerpt":{"rendered":"<p>Kalend\u00e1\u0159 na \u010derven 2021 pat\u0159\u00ed mezi nejvyhled\u00e1van\u011bj\u0161\u00ed m\u011bs\u00ed\u010dn\u00ed \u0161ablony \u2013 a\u0165 u\u017e pl\u00e1nujete pracovn\u00ed \u00fakoly, rodinn\u00e9 aktivity, nebo si jen chcete udr\u017eet p\u0159ehled o d\u016fle\u017eit\u00fdch datech. P\u0159ipraven\u00e9 varianty nab\u00edzej\u00ed r\u016fzn\u00e9 styly, rozlo\u017een\u00ed i mno\u017estv\u00ed prostoru pro pozn\u00e1mky, tak\u017ee si ka\u017ed\u00fd m\u016f\u017ee vybrat p\u0159esn\u011b takov\u00fd form\u00e1t, kter\u00fd mu nejl\u00e9pe vyhovuje. V\u0161echny \u0161ablony lze st\u00e1hnout v PDF, [&hellip;]<\/p>\n","protected":false},"author":1,"featured_media":0,"comment_status":"open","ping_status":"closed","sticky":false,"template":"","format":"standard","meta":{"footnotes":""},"categories":[10],"tags":[18],"class_list":["post-105","post","type-post","status-publish","format-standard","hentry","category-cerven","tag-18"],"_links":{"self":[{"href":"https:\/\/kalendare365.eu\/index.php?rest_route=\/wp\/v2\/posts\/105","targetHints":{"allow":["GET"]}}],"collection":[{"href":"https:\/\/kalendare365.eu\/index.php?rest_route=\/wp\/v2\/posts"}],"about":[{"href":"https:\/\/kalendare365.eu\/index.php?rest_route=\/wp\/v2\/types\/post"}],"author":[{"embeddable":true,"href":"https:\/\/kalendare365.eu\/index.php?rest_route=\/wp\/v2\/users\/1"}],"replies":[{"embeddable":true,"href":"https:\/\/kalendare365.eu\/index.php?rest_route=%2Fwp%2Fv2%2Fcomments&post=105"}],"version-history":[{"count":4,"href":"https:\/\/kalendare365.eu\/index.php?rest_route=\/wp\/v2\/posts\/105\/revisions"}],"predecessor-version":[{"id":3668,"href":"https:\/\/kalendare365.eu\/index.php?rest_route=\/wp\/v2\/posts\/105\/revisions\/3668"}],"wp:attachment":[{"href":"https:\/\/kalendare365.eu\/index.php?rest_route=%2Fwp%2Fv2%2Fmedia&parent=105"}],"wp:term":[{"taxonomy":"category","embeddable":true,"href":"https:\/\/kalendare365.eu\/index.php?rest_route=%2Fwp%2Fv2%2Fcategories&post=105"},{"taxonomy":"post_tag","embeddable":true,"href":"https:\/\/kalendare365.eu\/index.php?rest_route=%2Fwp%2Fv2%2Ftags&post=105"}],"curies":[{"name":"wp","href":"https:\/\/api.w.org\/{rel}","templated":true}]}}