{"id":118,"date":"2023-02-21T01:05:34","date_gmt":"2023-02-20T22:05:34","guid":{"rendered":"https:\/\/kalendare365.eu\/?p=118"},"modified":"2026-05-05T08:02:56","modified_gmt":"2026-05-05T05:02:56","slug":"stahnete-si-kalendar-cervenec-2021","status":"publish","type":"post","link":"https:\/\/kalendare365.eu\/?p=118","title":{"rendered":"St\u00e1hn\u011bte si kalend\u00e1\u0159 \u010dervenec 2021"},"content":{"rendered":"\n<p class=\"wp-block-paragraph\">Hled\u00e1te p\u0159ehledn\u00fd a snadno pou\u017eiteln\u00fd kalend\u00e1\u0159 na \u010dervenec 2021? P\u0159esto\u017ee je tento m\u011bs\u00edc ji\u017e minulost\u00ed, mnoho lid\u00ed st\u00e1le pot\u0159ebuje star\u0161\u00ed kalend\u00e1\u0159e pro archivaci, pl\u00e1nov\u00e1n\u00ed, porovn\u00e1n\u00ed ud\u00e1lost\u00ed nebo tvorbu vlastn\u00edch projekt\u016f. P\u0159ipravili jsme proto kompletn\u00ed p\u0159ehled dostupn\u00fdch \u0161ablon, kter\u00e9 lze st\u00e1hnout, upravit ve Wordu nebo jednodu\u0161e vytisknout z obr\u00e1zku PNG.<\/p>\n\n\n\n<h2 class=\"wp-block-heading\">Kalend\u00e1\u0159 \u010dervenec 2021 s velk\u00fdmi \u010d\u00edsly<\/h2>\n\n\n\n<p class=\"wp-block-paragraph\">Tato varianta je vhodn\u00e1 pro ka\u017ed\u00e9ho, kdo preferuje jasn\u00e9 a dob\u0159e \u010diteln\u00e9 datumov\u00e9 ozna\u010den\u00ed. Velk\u00e1 \u010d\u00edsla usnad\u0148uj\u00ed rychlou orientaci a jsou ide\u00e1ln\u00ed pro dom\u00e1c\u00ed i pracovn\u00ed pou\u017eit\u00ed.<\/p>\n\n\n\n<h2 class=\"wp-block-heading\">Vertik\u00e1ln\u00ed pl\u00e1nova\u010d kalend\u00e1\u0159e na \u010dervenec 2021<\/h2>\n\n\n\n<p class=\"wp-block-paragraph\">Vertik\u00e1ln\u00ed rozlo\u017een\u00ed nab\u00edz\u00ed \u010distou strukturu a dostatek prostoru pro ka\u017edodenn\u00ed pozn\u00e1mky. Hod\u00ed se pro ty, kte\u0159\u00ed si r\u00e1di zapisuj\u00ed \u00fakoly, sch\u016fzky nebo kr\u00e1tk\u00e9 denn\u00ed pl\u00e1ny.<\/p>\n\n\n\n<h2 class=\"wp-block-heading\">Kalend\u00e1\u0159 \u010dervenec 2021 s p\u0159edchoz\u00edm a p\u0159\u00ed\u0161t\u00edm m\u011bs\u00edcem<\/h2>\n\n\n\n<p class=\"wp-block-paragraph\">Tato \u0161ablona poskytuje p\u0159ehled nejen o \u010dervenci, ale tak\u00e9 o \u010dervnu a srpnu. Umo\u017e\u0148uje snadn\u011bj\u0161\u00ed pl\u00e1nov\u00e1n\u00ed del\u0161\u00edch obdob\u00ed a je praktick\u00e1 pro pracovn\u00ed i osobn\u00ed organizaci.<\/p>\n\n\n\n<h2 class=\"wp-block-heading\">Kr\u00e1sn\u00fd kalend\u00e1\u0159 \u010dervenec 2021<\/h2>\n\n\n\n<p class=\"wp-block-paragraph\">Designov\u011b lad\u011bn\u00e1 verze pot\u011b\u0161\u00ed ka\u017ed\u00e9ho, kdo chce m\u00edt na stole nebo n\u00e1st\u011bnce nejen praktick\u00fd, ale i esteticky p\u0159\u00edjemn\u00fd kalend\u00e1\u0159. Vhodn\u00fd pro dom\u00e1cnost, kancel\u00e1\u0159 i kreativn\u00ed projekty.<\/p>\n\n\n\n<h2 class=\"wp-block-heading\">Fotokalend\u00e1\u0159 \u010dervenec 2021<\/h2>\n\n\n\n<p class=\"wp-block-paragraph\">Pro milovn\u00edky fotografi\u00ed je tato \u0161ablona ide\u00e1ln\u00ed volbou. Spojuje funk\u010dnost kalend\u00e1\u0159e s vizu\u00e1ln\u00ed atraktivitou obr\u00e1zk\u016f, co\u017e z n\u011bj d\u011bl\u00e1 zaj\u00edmav\u00fd dopln\u011bk interi\u00e9ru.<\/p>\n\n\n\n<h2 class=\"wp-block-heading\">Kalend\u00e1\u0159 \u010dervenec 2021 s pozn\u00e1mkami<\/h2>\n\n\n\n<p class=\"wp-block-paragraph\">Tento typ nab\u00edz\u00ed roz\u0161\u00ed\u0159en\u00fd prostor pro zapisov\u00e1n\u00ed \u00fakol\u016f, n\u00e1pad\u016f a d\u016fle\u017eit\u00fdch informac\u00ed. Je vhodn\u00fd pro detailn\u00ed pl\u00e1nov\u00e1n\u00ed, \u0161koln\u00ed p\u0159\u00edpravu, pracovn\u00ed \u00fakoly i osobn\u00ed projekty.<\/p>\n\n\n\n<h2 class=\"wp-block-heading\">P\u0159ehled dostupn\u00fdch soubor\u016f<\/h2>\n\n\n\n<p class=\"wp-block-paragraph\">Pl\u00e1nova\u010d kalend\u00e1\u0159e \u010dervenec 2021 \u2013 PDF, DOCX, PNG<br>Kalend\u00e1\u0159 \u010dervenec 2021 s velk\u00fdmi \u010d\u00edsly \u2013 PDF, DOCX, PNG<br>Vertik\u00e1ln\u00ed pl\u00e1nova\u010d \u010dervenec 2021 \u2013 PDF, DOCX, PNG<br>Kalend\u00e1\u0159 s p\u0159edchoz\u00edm a p\u0159\u00ed\u0161t\u00edm m\u011bs\u00edcem \u2013 PDF, DOCX, PNG<br>Kr\u00e1sn\u00fd kalend\u00e1\u0159 \u010dervenec 2021 \u2013 PDF, DOCX, PNG<br>Fotokalend\u00e1\u0159 \u010dervenec 2021 \u2013 PDF, DOCX, PNG<br>Pl\u00e1nova\u010d \u010dervenec 2021 \u2013 PDF, DOCX, PNG<br>Kalend\u00e1\u0159 s pozn\u00e1mkami \u2013 PDF, DOCX, PNG<\/p>\n\n\n\n<h3 class=\"wp-block-heading\">Pl\u00e1nova\u010d kalend\u00e1\u0159e cervenec 2021<\/h3>\n\n\n\n<center><figure><img decoding=\"async\" class=\"alignnone size-full wp-image-32\" src=\"https:\/\/kalendare365.eu\/wp-content\/uploads\/2023\/02\/planovac-kalendare-cervenec-2021.webp\" alt=\"\" width=\"500\" height=\"100%\"><\/figure><\/center>\n\n\n\n<p class=\"wp-block-paragraph\"><a href=\"https:\/\/kalendare365.eu\/wp-content\/uploads\/2023\/02\/planovac-kalendare-cervenec-2021.pdf\" target=\"_blank\" rel=\"noopener\">PDF<\/a> &#8212; <a href=\"https:\/\/kalendare365.eu\/wp-content\/uploads\/2023\/02\/planovac-kalendare-cervenec-2021.docx\" target=\"_blank\" rel=\"noopener\">DOCx<\/a> &#8212; <a href=\"https:\/\/kalendare365.eu\/wp-content\/uploads\/2023\/02\/planovac-kalendare-cervenec-2021.png\" target=\"_blank\" rel=\"noopener\">PNG<\/a><\/p>\n\n\n\n<h3 class=\"wp-block-heading\">Kalend\u00e1\u0159 cervenec 2021 s velk\u00fdmi \u010d\u00edsly<\/h3>\n\n\n\n<center><figure><img decoding=\"async\" class=\"alignnone size-full wp-image-32\" src=\"https:\/\/kalendare365.eu\/wp-content\/uploads\/2023\/02\/kalendar-cervenec-2021-s-velkymi-cisly.webp\" alt=\"\" width=\"500\" height=\"100%\"><\/figure><\/center>\n\n\n\n<p class=\"wp-block-paragraph\"><a href=\"https:\/\/kalendare365.eu\/wp-content\/uploads\/2023\/02\/kalendar-cervenec-2021-s-velkymi-cisly.pdf\" target=\"_blank\" rel=\"noopener\">PDF<\/a> &#8212; <a href=\"https:\/\/kalendare365.eu\/wp-content\/uploads\/2023\/02\/kalendar-cervenec-2021-s-velkymi-cisly.docx\" target=\"_blank\" rel=\"noopener\">DOCx<\/a> &#8212; <a href=\"https:\/\/kalendare365.eu\/wp-content\/uploads\/2023\/02\/kalendar-cervenec-2021-s-velkymi-cisly.png\" target=\"_blank\" rel=\"noopener\">PNG<\/a><\/p>\n\n\n\n<h3 class=\"wp-block-heading\">Vertik\u00e1ln\u00ed pl\u00e1nova\u010d kalend\u00e1\u0159e na cervenec 2021<\/h3>\n\n\n\n<center><figure><img decoding=\"async\" class=\"alignnone size-full wp-image-32\" src=\"https:\/\/kalendare365.eu\/wp-content\/uploads\/2023\/02\/vertikalni-planovac-kalendare-na-cervenec-2021.webp\" alt=\"\" width=\"500\" height=\"100%\"><\/figure><\/center>\n\n\n\n<p class=\"wp-block-paragraph\"><a href=\"https:\/\/kalendare365.eu\/wp-content\/uploads\/2023\/02\/vertikalni-planovac-kalendare-na-cervenec-2021.pdf\" target=\"_blank\" rel=\"noopener\">PDF<\/a> &#8212; <a href=\"https:\/\/kalendare365.eu\/wp-content\/uploads\/2023\/02\/vertikalni-planovac-kalendare-na-cervenec-2021.docx\" target=\"_blank\" rel=\"noopener\">DOCx<\/a> &#8212; <a href=\"https:\/\/kalendare365.eu\/wp-content\/uploads\/2023\/02\/vertikalni-planovac-kalendare-na-cervenec-2021.png\" target=\"_blank\" rel=\"noopener\">PNG<\/a><\/p>\n\n\n\n<h3 class=\"wp-block-heading\">Kalend\u00e1\u0159 cervenec 2021 s p\u0159edchoz\u00edm a p\u0159\u00ed\u0161t\u00edm m\u011bs\u00edcem<\/h3>\n\n\n\n<center><figure><img decoding=\"async\" class=\"alignnone size-full wp-image-32\" src=\"https:\/\/kalendare365.eu\/wp-content\/uploads\/2023\/02\/kalendar-cervenec-2021-s-predchozim-a-pristim-mesicem.webp\" alt=\"\" width=\"500\" height=\"100%\"><\/figure><\/center>\n\n\n\n<p class=\"wp-block-paragraph\"><a href=\"https:\/\/kalendare365.eu\/wp-content\/uploads\/2023\/02\/kalendar-cervenec-2021-s-predchozim-a-pristim-mesicem.pdf\" target=\"_blank\" rel=\"noopener\">PDF<\/a> &#8212; <a href=\"https:\/\/kalendare365.eu\/wp-content\/uploads\/2023\/02\/kalendar-cervenec-2021-s-predchozim-a-pristim-mesicem.docx\" target=\"_blank\" rel=\"noopener\">DOCx<\/a> &#8212; <a href=\"https:\/\/kalendare365.eu\/wp-content\/uploads\/2023\/02\/kalendar-cervenec-2021-s-predchozim-a-pristim-mesicem.png\" target=\"_blank\" rel=\"noopener\">PNG<\/a><\/p>\n\n\n\n<h3 class=\"wp-block-heading\">Kr\u00e1sn\u00fd kalend\u00e1\u0159 cervenec 2021<\/h3>\n\n\n\n<center><figure><img decoding=\"async\" class=\"alignnone size-full wp-image-32\" src=\"https:\/\/kalendare365.eu\/wp-content\/uploads\/2023\/02\/krasny-kalendar-cervenec-2021.webp\" alt=\"\" width=\"500\" height=\"100%\"><\/figure><\/center>\n\n\n\n<p class=\"wp-block-paragraph\"><a href=\"https:\/\/kalendare365.eu\/wp-content\/uploads\/2023\/02\/krasny-kalendar-cervenec-2021.pdf\" target=\"_blank\" rel=\"noopener\">PDF<\/a> &#8212; <a href=\"https:\/\/kalendare365.eu\/wp-content\/uploads\/2023\/02\/krasny-kalendar-cervenec-2021.docx\" target=\"_blank\" rel=\"noopener\">DOCx<\/a> &#8212; <a href=\"https:\/\/kalendare365.eu\/wp-content\/uploads\/2023\/02\/krasny-kalendar-cervenec-2021.png\" target=\"_blank\" rel=\"noopener\">PNG<\/a><\/p>\n\n\n\n<h3 class=\"wp-block-heading\">Fotokalend\u00e1\u0159 cervenec 2021<\/h3>\n\n\n\n<center><figure><img decoding=\"async\" class=\"alignnone size-full wp-image-32\" src=\"https:\/\/kalendare365.eu\/wp-content\/uploads\/2023\/02\/fotokalendar-cervenec-2021.webp\" alt=\"\" width=\"500\" height=\"100%\"><\/figure><\/center>\n\n\n\n<p class=\"wp-block-paragraph\"><a href=\"https:\/\/kalendare365.eu\/wp-content\/uploads\/2023\/02\/fotokalendar-cervenec-2021.pdf\" target=\"_blank\" rel=\"noopener\">PDF<\/a> &#8212; <a href=\"https:\/\/kalendare365.eu\/wp-content\/uploads\/2023\/02\/fotokalendar-cervenec-2021.docx\" target=\"_blank\" rel=\"noopener\">DOCx<\/a> &#8212; <a href=\"https:\/\/kalendare365.eu\/wp-content\/uploads\/2023\/02\/fotokalendar-cervenec-2021.png\" target=\"_blank\" rel=\"noopener\">PNG<\/a><\/p>\n\n\n\n<h3 class=\"wp-block-heading\">Kr\u00e1sn\u00fd pl\u00e1nova\u010d kalend\u00e1\u0159e cervenec 2021<\/h3>\n\n\n\n<center><figure><img decoding=\"async\" class=\"alignnone size-full wp-image-32\" src=\"https:\/\/kalendare365.eu\/wp-content\/uploads\/2023\/02\/krasny-planovac-kalendare-cervenec-2021.webp\" alt=\"\" width=\"500\" height=\"100%\"><\/figure><\/center>\n\n\n\n<p class=\"wp-block-paragraph\"><a href=\"https:\/\/kalendare365.eu\/wp-content\/uploads\/2023\/02\/krasny-planovac-kalendare-cervenec-2021.pdf\" target=\"_blank\" rel=\"noopener\">PDF<\/a> &#8212; <a href=\"https:\/\/kalendare365.eu\/wp-content\/uploads\/2023\/02\/krasny-planovac-kalendare-cervenec-2021.docx\" target=\"_blank\" rel=\"noopener\">DOCx<\/a> &#8212; <a href=\"https:\/\/kalendare365.eu\/wp-content\/uploads\/2023\/02\/krasny-planovac-kalendare-cervenec-2021.png\" target=\"_blank\" rel=\"noopener\">PNG<\/a><\/p>\n\n\n\n<h3 class=\"wp-block-heading\">Kalend\u00e1\u0159 cervenec 2021 s pozn\u00e1mkami<\/h3>\n\n\n\n<center><figure><img decoding=\"async\" class=\"alignnone size-full wp-image-32\" src=\"https:\/\/kalendare365.eu\/wp-content\/uploads\/2023\/02\/kalendar-cervenec-2021-s-poznamkami.webp\" alt=\"\" width=\"500\" height=\"100%\"><\/figure><\/center>\n\n\n\n<p class=\"wp-block-paragraph\"><a href=\"https:\/\/kalendare365.eu\/wp-content\/uploads\/2023\/02\/kalendar-cervenec-2021-s-poznamkami.pdf\" target=\"_blank\" rel=\"noopener\">PDF<\/a> &#8212; <a href=\"https:\/\/kalendare365.eu\/wp-content\/uploads\/2023\/02\/kalendar-cervenec-2021-s-poznamkami.docx\" target=\"_blank\" rel=\"noopener\">DOCx<\/a> &#8212; <a href=\"https:\/\/kalendare365.eu\/wp-content\/uploads\/2023\/02\/kalendar-cervenec-2021-s-poznamkami.png\" target=\"_blank\" rel=\"noopener\">PNG<\/a><\/p>\n\n\n\n<h2 class=\"wp-block-heading\">Z\u00e1v\u011br<\/h2>\n\n\n\n<p class=\"wp-block-paragraph\">Kalend\u00e1\u0159e pro \u010dervenec 2021 nab\u00edzej\u00ed \u0161irokou \u0161k\u00e1lu mo\u017enost\u00ed \u2013 od jednoduch\u00fdch a p\u0159ehledn\u00fdch \u0161ablon a\u017e po dekorativn\u00ed nebo fotografick\u00e9 varianty. Ka\u017ed\u00fd si tak m\u016f\u017ee vybrat form\u00e1t, kter\u00fd nejl\u00e9pe odpov\u00edd\u00e1 jeho pot\u0159eb\u00e1m. Sta\u010d\u00ed si st\u00e1hnout preferovanou \u0161ablonu, upravit ji podle vlastn\u00edch p\u0159edstav a za\u010d\u00edt ji pou\u017e\u00edvat pro pl\u00e1nov\u00e1n\u00ed, archivaci nebo kreativn\u00ed projekty.<\/p>\n","protected":false},"excerpt":{"rendered":"<p>Hled\u00e1te p\u0159ehledn\u00fd a snadno pou\u017eiteln\u00fd kalend\u00e1\u0159 na \u010dervenec 2021? P\u0159esto\u017ee je tento m\u011bs\u00edc ji\u017e minulost\u00ed, mnoho lid\u00ed st\u00e1le pot\u0159ebuje star\u0161\u00ed kalend\u00e1\u0159e pro archivaci, pl\u00e1nov\u00e1n\u00ed, porovn\u00e1n\u00ed ud\u00e1lost\u00ed nebo tvorbu vlastn\u00edch projekt\u016f. P\u0159ipravili jsme proto kompletn\u00ed p\u0159ehled dostupn\u00fdch \u0161ablon, kter\u00e9 lze st\u00e1hnout, upravit ve Wordu nebo jednodu\u0161e vytisknout z obr\u00e1zku PNG. Kalend\u00e1\u0159 \u010dervenec 2021 s velk\u00fdmi \u010d\u00edsly [&hellip;]<\/p>\n","protected":false},"author":1,"featured_media":0,"comment_status":"open","ping_status":"closed","sticky":false,"template":"","format":"standard","meta":{"footnotes":""},"categories":[11],"tags":[18],"class_list":["post-118","post","type-post","status-publish","format-standard","hentry","category-cervenec","tag-18"],"_links":{"self":[{"href":"https:\/\/kalendare365.eu\/index.php?rest_route=\/wp\/v2\/posts\/118","targetHints":{"allow":["GET"]}}],"collection":[{"href":"https:\/\/kalendare365.eu\/index.php?rest_route=\/wp\/v2\/posts"}],"about":[{"href":"https:\/\/kalendare365.eu\/index.php?rest_route=\/wp\/v2\/types\/post"}],"author":[{"embeddable":true,"href":"https:\/\/kalendare365.eu\/index.php?rest_route=\/wp\/v2\/users\/1"}],"replies":[{"embeddable":true,"href":"https:\/\/kalendare365.eu\/index.php?rest_route=%2Fwp%2Fv2%2Fcomments&post=118"}],"version-history":[{"count":3,"href":"https:\/\/kalendare365.eu\/index.php?rest_route=\/wp\/v2\/posts\/118\/revisions"}],"predecessor-version":[{"id":3661,"href":"https:\/\/kalendare365.eu\/index.php?rest_route=\/wp\/v2\/posts\/118\/revisions\/3661"}],"wp:attachment":[{"href":"https:\/\/kalendare365.eu\/index.php?rest_route=%2Fwp%2Fv2%2Fmedia&parent=118"}],"wp:term":[{"taxonomy":"category","embeddable":true,"href":"https:\/\/kalendare365.eu\/index.php?rest_route=%2Fwp%2Fv2%2Fcategories&post=118"},{"taxonomy":"post_tag","embeddable":true,"href":"https:\/\/kalendare365.eu\/index.php?rest_route=%2Fwp%2Fv2%2Ftags&post=118"}],"curies":[{"name":"wp","href":"https:\/\/api.w.org\/{rel}","templated":true}]}}