{"id":120,"date":"2023-02-21T01:05:48","date_gmt":"2023-02-20T22:05:48","guid":{"rendered":"https:\/\/kalendare365.eu\/?p=120"},"modified":"2026-05-05T07:59:31","modified_gmt":"2026-05-05T04:59:31","slug":"stahnete-si-kalendar-cervenec-2022","status":"publish","type":"post","link":"https:\/\/kalendare365.eu\/?p=120","title":{"rendered":"St\u00e1hn\u011bte si kalend\u00e1\u0159 \u010dervenec 2022"},"content":{"rendered":"\n<p class=\"wp-block-paragraph\">\u010cervenec 2022 je sice d\u00e1vno za n\u00e1mi, ale mnoho lid\u00ed st\u00e1le pot\u0159ebuje kalend\u00e1\u0159 z minul\u00fdch let \u2013 a\u0165 u\u017e pro zp\u011btn\u00e9 dohled\u00e1n\u00ed ud\u00e1lost\u00ed, porovn\u00e1n\u00ed pl\u00e1n\u016f, archivaci, nebo tvorbu vlastn\u00edch projekt\u016f. Kalend\u00e1\u0159 \u010dervenec 2022 m\u016f\u017ee poslou\u017eit jako praktick\u00e1 pom\u016fcka i inspirace pro budouc\u00ed pl\u00e1nov\u00e1n\u00ed. P\u0159ipravili jsme proto p\u0159ehled dostupn\u00fdch form\u00e1t\u016f, barevn\u00fdch variant a u\u017eite\u010dn\u00fdch funkc\u00ed, kter\u00e9 v\u00e1m umo\u017en\u00ed vybrat si p\u0159esn\u011b takov\u00fd kalend\u00e1\u0159, jak\u00fd pot\u0159ebujete.<\/p>\n\n\n\n<hr class=\"wp-block-separator has-alpha-channel-opacity\"\/>\n\n\n\n<h2 class=\"wp-block-heading\">Form\u00e1ty kalend\u00e1\u0159e \u010dervenec 2022<\/h2>\n\n\n\n<h3 class=\"wp-block-heading\">A4 form\u00e1t<\/h3>\n\n\n\n<p class=\"wp-block-paragraph\">Jednoduch\u00fd a p\u0159ehledn\u00fd list, na kter\u00e9m najdete cel\u00fd m\u011bs\u00edc na jedn\u00e9 str\u00e1nce. Hod\u00ed se pro dom\u00e1c\u00ed i kancel\u00e1\u0159sk\u00e9 pou\u017eit\u00ed a snadno se tiskne na b\u011b\u017en\u00e9 tisk\u00e1rn\u011b.<\/p>\n\n\n\n<h3 class=\"wp-block-heading\">Vertik\u00e1ln\u00ed rozlo\u017een\u00ed<\/h3>\n\n\n\n<p class=\"wp-block-paragraph\">Tradi\u010dn\u00ed podoba kalend\u00e1\u0159e s dostatkem prostoru pro pozn\u00e1mky. Je vhodn\u00e1 pro ty, kte\u0159\u00ed si r\u00e1di zapisuj\u00ed \u00fakoly, sch\u016fzky nebo d\u016fle\u017eit\u00e9 term\u00edny p\u0159\u00edmo k jednotliv\u00fdm dn\u016fm.<\/p>\n\n\n\n<h3 class=\"wp-block-heading\">Horizont\u00e1ln\u00ed rozlo\u017een\u00ed<\/h3>\n\n\n\n<p class=\"wp-block-paragraph\">Modern\u00ed varianta, kter\u00e1 l\u00e9pe vyu\u017e\u00edv\u00e1 \u0161\u00ed\u0159ku pap\u00edru. P\u016fsob\u00ed vzdu\u0161n\u011b a je ide\u00e1ln\u00ed pro n\u00e1st\u011bnn\u00e9 pl\u00e1nov\u00e1n\u00ed nebo vizu\u00e1ln\u00ed organizaci pracovn\u00edho prostoru.<\/p>\n\n\n\n<hr class=\"wp-block-separator has-alpha-channel-opacity\"\/>\n\n\n\n<h2 class=\"wp-block-heading\">Barevn\u00e9 varianty<\/h2>\n\n\n\n<h3 class=\"wp-block-heading\">Barevn\u00e9 proveden\u00ed<\/h3>\n\n\n\n<p class=\"wp-block-paragraph\">\u017div\u00fd a pestr\u00fd design, kter\u00fd dod\u00e1 energii ka\u017ed\u00e9mu pracovn\u00edmu stolu nebo dom\u00e1c\u00ed n\u00e1st\u011bnce. Vhodn\u00fd pro kreativn\u00ed prost\u0159ed\u00ed i dom\u00e1cnosti.<\/p>\n\n\n\n<h3 class=\"wp-block-heading\">\u010cernob\u00edl\u00e1 verze<\/h3>\n\n\n\n<p class=\"wp-block-paragraph\">Minimalistick\u00e1 a elegantn\u00ed varianta, kter\u00e1 \u0161et\u0159\u00ed inkoust a hod\u00ed se do profesion\u00e1ln\u00edho prost\u0159ed\u00ed. D\u00edky jednoduchosti je velmi univerz\u00e1ln\u00ed.<\/p>\n\n\n\n<hr class=\"wp-block-separator has-alpha-channel-opacity\"\/>\n\n\n\n<h2 class=\"wp-block-heading\">Dostupn\u00e9 soubory<\/h2>\n\n\n\n<h3 class=\"wp-block-heading\">PNG<\/h3>\n\n\n\n<p class=\"wp-block-paragraph\">Obr\u00e1zkov\u00fd form\u00e1t vhodn\u00fd pro online pou\u017eit\u00ed, prezentace nebo vlo\u017een\u00ed do dokument\u016f. Umo\u017e\u0148uje rychl\u00e9 sta\u017een\u00ed bez nutnosti \u00faprav.<\/p>\n\n\n\n<h3 class=\"wp-block-heading\">PDF<\/h3>\n\n\n\n<p class=\"wp-block-paragraph\">Nejuniverz\u00e1ln\u011bj\u0161\u00ed form\u00e1t pro tisk i sd\u00edlen\u00ed. Zaru\u010duje, \u017ee se kalend\u00e1\u0159 zobraz\u00ed stejn\u011b na ka\u017ed\u00e9m za\u0159\u00edzen\u00ed.<\/p>\n\n\n\n<h3 class=\"wp-block-heading\">DOCX<\/h3>\n\n\n\n<p class=\"wp-block-paragraph\">Upraviteln\u00fd form\u00e1t pro Word, ve kter\u00e9m m\u016f\u017eete m\u011bnit barvy, p\u00edsmo, p\u0159id\u00e1vat pozn\u00e1mky, loga nebo vlastn\u00ed grafiku.<\/p>\n\n\n\n<hr class=\"wp-block-separator has-alpha-channel-opacity\"\/>\n\n\n\n<h2 class=\"wp-block-heading\">U\u017eite\u010dn\u00e9 funkce kalend\u00e1\u0159\u016f<\/h2>\n\n\n\n<h3 class=\"wp-block-heading\">Velk\u00e9 \u010d\u00edslice<\/h3>\n\n\n\n<p class=\"wp-block-paragraph\">Vhodn\u00e9 pro seniory, d\u011bti nebo osoby se zhor\u0161en\u00fdm zrakem. Zaji\u0161\u0165uj\u00ed maxim\u00e1ln\u00ed \u010ditelnost i z v\u011bt\u0161\u00ed vzd\u00e1lenosti.<\/p>\n\n\n\n<h3 class=\"wp-block-heading\">Prostor pro pozn\u00e1mky<\/h3>\n\n\n\n<p class=\"wp-block-paragraph\">Ka\u017ed\u00fd den nab\u00edz\u00ed m\u00edsto pro zaps\u00e1n\u00ed \u00fakol\u016f, sch\u016fzek, narozenin nebo jin\u00fdch d\u016fle\u017eit\u00fdch ud\u00e1lost\u00ed. Praktick\u00e9 pro rodiny, studenty i pracovn\u00ed t\u00fdmy.<\/p>\n\n\n\n<hr class=\"wp-block-separator has-alpha-channel-opacity\"\/>\n\n\n\n<h2 class=\"wp-block-heading\">Typy dostupn\u00fdch \u0161ablon<\/h2>\n\n\n\n<p class=\"wp-block-paragraph\">Pl\u00e1nova\u010d kalend\u00e1\u0159e \u010dervenec 2022<br>Kalend\u00e1\u0159 \u010dervenec 2022 s velk\u00fdmi \u010d\u00edsly<br>Vertik\u00e1ln\u00ed pl\u00e1nova\u010d kalend\u00e1\u0159e \u010dervenec 2022<br>Kalend\u00e1\u0159 \u010dervenec 2022 s p\u0159edchoz\u00edm a n\u00e1sleduj\u00edc\u00edm m\u011bs\u00edcem<br>Kr\u00e1sn\u00fd kalend\u00e1\u0159 \u010dervenec 2022<br>Fotokalend\u00e1\u0159 \u010dervenec 2022<br>Kr\u00e1sn\u00fd pl\u00e1nova\u010d kalend\u00e1\u0159e \u010dervenec 2022<br>Kalend\u00e1\u0159 \u010dervenec 2022 s m\u00edstem pro pozn\u00e1mky<\/p>\n\n\n\n<p class=\"wp-block-paragraph\">V\u0161echny varianty jsou dostupn\u00e9 v PDF, DOCX i PNG.<\/p>\n\n\n\n<hr class=\"wp-block-separator has-alpha-channel-opacity\"\/>\n\n\n\n<h2 class=\"wp-block-heading\">Jak kalend\u00e1\u0159 vyu\u017e\u00edt<\/h2>\n\n\n\n<p class=\"wp-block-paragraph\">Kalend\u00e1\u0159 z minul\u00e9ho roku m\u016f\u017ee b\u00fdt u\u017eite\u010dn\u00fd i dnes. M\u016f\u017eete ho pou\u017e\u00edt jako inspiraci pro tvorbu vlastn\u00edch pl\u00e1nova\u010d\u016f, jako archivn\u00ed materi\u00e1l nebo jako praktickou \u0161ablonu pro kreativn\u00ed projekty. Hod\u00ed se tak\u00e9 pro zp\u011btn\u00e9 dohled\u00e1n\u00ed ud\u00e1lost\u00ed, pl\u00e1nov\u00e1n\u00ed pracovn\u00edch cykl\u016f nebo porovn\u00e1n\u00ed s aktu\u00e1ln\u00edmi m\u011bs\u00edci.<\/p>\n\n\n\n<p class=\"wp-block-paragraph\">Pokud hled\u00e1te aktu\u00e1ln\u00ed kalend\u00e1\u0159e, sta\u010d\u00ed vyhledat v\u00fdraz \u201ekalend\u00e1\u0159 2024\u201c a z\u00edsk\u00e1te nejnov\u011bj\u0161\u00ed \u0161ablony.<\/p>\n\n\n\n<hr class=\"wp-block-separator has-alpha-channel-opacity\"\/>\n\n\n\n<h2 class=\"wp-block-heading has-text-align-center\">Pl\u00e1nova\u010d kalend\u00e1\u0159e cervenec 2022<\/h2>\n\n\n\n<center><img decoding=\"async\" class=\"alignnone size-full wp-image-32\" src=\"https:\/\/kalendare365.eu\/wp-content\/uploads\/2023\/02\/planovac-kalendare-cervenec-2022.webp\" alt=\"\" width=\"500\" height=\"100%\"><\/center>\n\n\n\n<p class=\"has-text-align-center wp-block-paragraph\"><a href=\"https:\/\/kalendare365.eu\/wp-content\/uploads\/2023\/02\/planovac-kalendare-cervenec-2022.pdf\" target=\"_blank\" rel=\"noopener\">PDF<\/a> &#8212; <a href=\"https:\/\/kalendare365.eu\/wp-content\/uploads\/2023\/02\/planovac-kalendare-cervenec-2022.docx\" target=\"_blank\" rel=\"noopener\">DOCx<\/a> &#8212; <a href=\"https:\/\/kalendare365.eu\/wp-content\/uploads\/2023\/02\/planovac-kalendare-cervenec-2022.png\" target=\"_blank\" rel=\"noopener\">PNG<\/a><\/p>\n\n\n\n<h2 class=\"wp-block-heading has-text-align-center\">Kalend\u00e1\u0159 cervenec 2022 s velk\u00fdmi \u010d\u00edsly<\/h2>\n\n\n\n<center><img decoding=\"async\" class=\"alignnone size-full wp-image-32\" src=\"https:\/\/kalendare365.eu\/wp-content\/uploads\/2023\/02\/kalendar-cervenec-2022-s-velkymi-cisly.webp\" alt=\"\" width=\"500\" height=\"100%\"><\/center>\n\n\n\n<p class=\"has-text-align-center wp-block-paragraph\"><a href=\"https:\/\/kalendare365.eu\/wp-content\/uploads\/2023\/02\/kalendar-cervenec-2022-s-velkymi-cisly.pdf\" target=\"_blank\" rel=\"noopener\">PDF<\/a> &#8212; <a href=\"https:\/\/kalendare365.eu\/wp-content\/uploads\/2023\/02\/kalendar-cervenec-2022-s-velkymi-cisly.docx\" target=\"_blank\" rel=\"noopener\">DOCx<\/a> &#8212; <a href=\"https:\/\/kalendare365.eu\/wp-content\/uploads\/2023\/02\/kalendar-cervenec-2022-s-velkymi-cisly.png\" target=\"_blank\" rel=\"noopener\">PNG<\/a><\/p>\n\n\n\n<h2 class=\"wp-block-heading has-text-align-center\">Vertik\u00e1ln\u00ed pl\u00e1nova\u010d kalend\u00e1\u0159e na cervenec 2022<\/h2>\n\n\n\n<center><img decoding=\"async\" class=\"alignnone size-full wp-image-32\" src=\"https:\/\/kalendare365.eu\/wp-content\/uploads\/2023\/02\/vertikalni-planovac-kalendare-na-cervenec-2022.webp\" alt=\"\" width=\"500\" height=\"100%\"><\/center>\n\n\n\n<p class=\"has-text-align-center wp-block-paragraph\"><a href=\"https:\/\/kalendare365.eu\/wp-content\/uploads\/2023\/02\/vertikalni-planovac-kalendare-na-cervenec-2022.pdf\" target=\"_blank\" rel=\"noopener\">PDF<\/a> &#8212; <a href=\"https:\/\/kalendare365.eu\/wp-content\/uploads\/2023\/02\/vertikalni-planovac-kalendare-na-cervenec-2022.docx\" target=\"_blank\" rel=\"noopener\">DOCx<\/a> &#8212; <a href=\"https:\/\/kalendare365.eu\/wp-content\/uploads\/2023\/02\/vertikalni-planovac-kalendare-na-cervenec-2022.png\" target=\"_blank\" rel=\"noopener\">PNG<\/a><\/p>\n\n\n\n<h2 class=\"wp-block-heading has-text-align-center\">Kalend\u00e1\u0159 cervenec 2022 s p\u0159edchoz\u00edm a p\u0159\u00ed\u0161t\u00edm m\u011bs\u00edcem<\/h2>\n\n\n\n<center><img decoding=\"async\" class=\"alignnone size-full wp-image-32\" src=\"https:\/\/kalendare365.eu\/wp-content\/uploads\/2023\/02\/kalendar-cervenec-2022-s-predchozim-a-pristim-mesicem.webp\" alt=\"\" width=\"500\" height=\"100%\"><\/center>\n\n\n\n<p class=\"has-text-align-center wp-block-paragraph\"><a href=\"https:\/\/kalendare365.eu\/wp-content\/uploads\/2023\/02\/kalendar-cervenec-2022-s-predchozim-a-pristim-mesicem.pdf\" target=\"_blank\" rel=\"noopener\">PDF<\/a> &#8212; <a href=\"https:\/\/kalendare365.eu\/wp-content\/uploads\/2023\/02\/kalendar-cervenec-2022-s-predchozim-a-pristim-mesicem.docx\" target=\"_blank\" rel=\"noopener\">DOCx<\/a> &#8212; <a href=\"https:\/\/kalendare365.eu\/wp-content\/uploads\/2023\/02\/kalendar-cervenec-2022-s-predchozim-a-pristim-mesicem.png\" target=\"_blank\" rel=\"noopener\">PNG<\/a><\/p>\n\n\n\n<h2 class=\"wp-block-heading has-text-align-center\">Kr\u00e1sn\u00fd kalend\u00e1\u0159 cervenec 2022<\/h2>\n\n\n\n<center><img decoding=\"async\" class=\"alignnone size-full wp-image-32\" src=\"https:\/\/kalendare365.eu\/wp-content\/uploads\/2023\/02\/krasny-kalendar-cervenec-2022.webp\" alt=\"\" width=\"500\" height=\"100%\"><\/center>\n\n\n\n<p class=\"has-text-align-center wp-block-paragraph\"><a href=\"https:\/\/kalendare365.eu\/wp-content\/uploads\/2023\/02\/krasny-kalendar-cervenec-2022.pdf\" target=\"_blank\" rel=\"noopener\">PDF<\/a> &#8212; <a href=\"https:\/\/kalendare365.eu\/wp-content\/uploads\/2023\/02\/krasny-kalendar-cervenec-2022.docx\" target=\"_blank\" rel=\"noopener\">DOCx<\/a> &#8212; <a href=\"https:\/\/kalendare365.eu\/wp-content\/uploads\/2023\/02\/krasny-kalendar-cervenec-2022.png\" target=\"_blank\" rel=\"noopener\">PNG<\/a><\/p>\n\n\n\n<h2 class=\"wp-block-heading has-text-align-center\">Fotokalend\u00e1\u0159 cervenec 2022<\/h2>\n\n\n\n<center><img decoding=\"async\" class=\"alignnone size-full wp-image-32\" src=\"https:\/\/kalendare365.eu\/wp-content\/uploads\/2023\/02\/fotokalendar-cervenec-2022.webp\" alt=\"\" width=\"500\" height=\"100%\"><\/center>\n\n\n\n<p class=\"has-text-align-center wp-block-paragraph\"><a href=\"https:\/\/kalendare365.eu\/wp-content\/uploads\/2023\/02\/fotokalendar-cervenec-2022.pdf\" target=\"_blank\" rel=\"noopener\">PDF<\/a> &#8212; <a href=\"https:\/\/kalendare365.eu\/wp-content\/uploads\/2023\/02\/fotokalendar-cervenec-2022.docx\" target=\"_blank\" rel=\"noopener\">DOCx<\/a> &#8212; <a href=\"https:\/\/kalendare365.eu\/wp-content\/uploads\/2023\/02\/fotokalendar-cervenec-2022.png\" target=\"_blank\" rel=\"noopener\">PNG<\/a><\/p>\n\n\n\n<h2 class=\"wp-block-heading has-text-align-center\">Kr\u00e1sn\u00fd pl\u00e1nova\u010d kalend\u00e1\u0159e cervenec 2022<\/h2>\n\n\n\n<center><img decoding=\"async\" class=\"alignnone size-full wp-image-32\" src=\"https:\/\/kalendare365.eu\/wp-content\/uploads\/2023\/02\/krasny-planovac-kalendare-cervenec-2022.webp\" alt=\"\" width=\"500\" height=\"100%\"><\/center>\n\n\n\n<p class=\"has-text-align-center wp-block-paragraph\"><a href=\"https:\/\/kalendare365.eu\/wp-content\/uploads\/2023\/02\/krasny-planovac-kalendare-cervenec-2022.pdf\" target=\"_blank\" rel=\"noopener\">PDF<\/a> &#8212; <a href=\"https:\/\/kalendare365.eu\/wp-content\/uploads\/2023\/02\/krasny-planovac-kalendare-cervenec-2022.docx\" target=\"_blank\" rel=\"noopener\">DOCx<\/a> &#8212; <a href=\"https:\/\/kalendare365.eu\/wp-content\/uploads\/2023\/02\/krasny-planovac-kalendare-cervenec-2022.png\" target=\"_blank\" rel=\"noopener\">PNG<\/a><\/p>\n\n\n\n<h2 class=\"wp-block-heading has-text-align-center\">Kalend\u00e1\u0159 cervenec 2022 s pozn\u00e1mkami<\/h2>\n\n\n\n<center><img decoding=\"async\" class=\"alignnone size-full wp-image-32\" src=\"https:\/\/kalendare365.eu\/wp-content\/uploads\/2023\/02\/kalendar-cervenec-2022-s-poznamkami.webp\" alt=\"\" width=\"500\" height=\"100%\"><\/center>\n\n\n\n<p class=\"has-text-align-center wp-block-paragraph\"><a href=\"https:\/\/kalendare365.eu\/wp-content\/uploads\/2023\/02\/kalendar-cervenec-2022-s-poznamkami.pdf\" target=\"_blank\" rel=\"noopener\">PDF<\/a> &#8212; <a href=\"https:\/\/kalendare365.eu\/wp-content\/uploads\/2023\/02\/kalendar-cervenec-2022-s-poznamkami.docx\" target=\"_blank\" rel=\"noopener\">DOCx<\/a> &#8212; <a href=\"https:\/\/kalendare365.eu\/wp-content\/uploads\/2023\/02\/kalendar-cervenec-2022-s-poznamkami.png\" target=\"_blank\" rel=\"noopener\">PNG<\/a><\/p>\n\n\n\n<h2 class=\"wp-block-heading\">Z\u00e1v\u011br<\/h2>\n\n\n\n<p class=\"wp-block-paragraph\">Kalend\u00e1\u0159 \u010dervenec 2022 m\u016f\u017ee i po letech poslou\u017eit jako u\u017eite\u010dn\u00fd n\u00e1stroj pro pl\u00e1nov\u00e1n\u00ed, archivaci nebo kreativn\u00ed pr\u00e1ci. D\u00edky r\u016fzn\u00fdm form\u00e1t\u016fm, barevn\u00fdm variant\u00e1m a mo\u017enostem \u00faprav si snadno vyberete takovou verzi, kter\u00e1 odpov\u00edd\u00e1 va\u0161im pot\u0159eb\u00e1m. A\u0165 u\u017e jej pou\u017eijete pro osobn\u00ed, pracovn\u00ed nebo dekorativn\u00ed \u00fa\u010dely, st\u00e1le m\u016f\u017ee b\u00fdt praktick\u00fdm a inspirativn\u00edm pomocn\u00edkem.<\/p>\n","protected":false},"excerpt":{"rendered":"<p>\u010cervenec 2022 je sice d\u00e1vno za n\u00e1mi, ale mnoho lid\u00ed st\u00e1le pot\u0159ebuje kalend\u00e1\u0159 z minul\u00fdch let \u2013 a\u0165 u\u017e pro zp\u011btn\u00e9 dohled\u00e1n\u00ed ud\u00e1lost\u00ed, porovn\u00e1n\u00ed pl\u00e1n\u016f, archivaci, nebo tvorbu vlastn\u00edch projekt\u016f. Kalend\u00e1\u0159 \u010dervenec 2022 m\u016f\u017ee poslou\u017eit jako praktick\u00e1 pom\u016fcka i inspirace pro budouc\u00ed pl\u00e1nov\u00e1n\u00ed. P\u0159ipravili jsme proto p\u0159ehled dostupn\u00fdch form\u00e1t\u016f, barevn\u00fdch variant a u\u017eite\u010dn\u00fdch funkc\u00ed, kter\u00e9 [&hellip;]<\/p>\n","protected":false},"author":1,"featured_media":0,"comment_status":"open","ping_status":"closed","sticky":false,"template":"","format":"standard","meta":{"footnotes":""},"categories":[11],"tags":[19],"class_list":["post-120","post","type-post","status-publish","format-standard","hentry","category-cervenec","tag-19"],"_links":{"self":[{"href":"https:\/\/kalendare365.eu\/index.php?rest_route=\/wp\/v2\/posts\/120","targetHints":{"allow":["GET"]}}],"collection":[{"href":"https:\/\/kalendare365.eu\/index.php?rest_route=\/wp\/v2\/posts"}],"about":[{"href":"https:\/\/kalendare365.eu\/index.php?rest_route=\/wp\/v2\/types\/post"}],"author":[{"embeddable":true,"href":"https:\/\/kalendare365.eu\/index.php?rest_route=\/wp\/v2\/users\/1"}],"replies":[{"embeddable":true,"href":"https:\/\/kalendare365.eu\/index.php?rest_route=%2Fwp%2Fv2%2Fcomments&post=120"}],"version-history":[{"count":4,"href":"https:\/\/kalendare365.eu\/index.php?rest_route=\/wp\/v2\/posts\/120\/revisions"}],"predecessor-version":[{"id":3659,"href":"https:\/\/kalendare365.eu\/index.php?rest_route=\/wp\/v2\/posts\/120\/revisions\/3659"}],"wp:attachment":[{"href":"https:\/\/kalendare365.eu\/index.php?rest_route=%2Fwp%2Fv2%2Fmedia&parent=120"}],"wp:term":[{"taxonomy":"category","embeddable":true,"href":"https:\/\/kalendare365.eu\/index.php?rest_route=%2Fwp%2Fv2%2Fcategories&post=120"},{"taxonomy":"post_tag","embeddable":true,"href":"https:\/\/kalendare365.eu\/index.php?rest_route=%2Fwp%2Fv2%2Ftags&post=120"}],"curies":[{"name":"wp","href":"https:\/\/api.w.org\/{rel}","templated":true}]}}