{"id":124,"date":"2023-02-21T01:06:47","date_gmt":"2023-02-20T22:06:47","guid":{"rendered":"https:\/\/kalendare365.eu\/?p=124"},"modified":"2026-05-04T23:01:47","modified_gmt":"2026-05-04T20:01:47","slug":"stahnete-si-kalendar-cervenec-2024","status":"publish","type":"post","link":"https:\/\/kalendare365.eu\/?p=124","title":{"rendered":"St\u00e1hn\u011bte si kalend\u00e1\u0159 \u010dervenec 2024"},"content":{"rendered":"\n<p class=\"wp-block-paragraph\">Kalend\u00e1\u0159 na \u010dervenec 2024 je praktick\u00fdm pomocn\u00edkem pro ka\u017ed\u00e9ho, kdo chce m\u00edt letn\u00ed pl\u00e1ny p\u0159ehledn\u011b na jednom m\u00edst\u011b. A\u0165 u\u017e pot\u0159ebujete prostor pro pozn\u00e1mky, jednoduch\u00fd m\u011bs\u00ed\u010dn\u00ed p\u0159ehled, nebo elegantn\u00ed design vhodn\u00fd k vyti\u0161t\u011bn\u00ed, r\u016fzn\u00e9 form\u00e1ty kalend\u00e1\u0159e v\u00e1m umo\u017en\u00ed vybrat si p\u0159esn\u011b to, co pot\u0159ebujete. N\u00e1sleduj\u00edc\u00ed \u010dl\u00e1nek p\u0159edstavuje dostupn\u00e9 varianty ke sta\u017een\u00ed a nab\u00edz\u00ed stru\u010dn\u00fd p\u0159ehled jejich vyu\u017eit\u00ed.<\/p>\n\n\n\n<hr class=\"wp-block-separator has-alpha-channel-opacity\"\/>\n\n\n\n<h2 class=\"wp-block-heading\">Kalend\u00e1\u0159 \u010dervenec 2024 ke sta\u017een\u00ed<\/h2>\n\n\n\n<p class=\"wp-block-paragraph\">Kalend\u00e1\u0159 pro \u010dervenec 2024 je dostupn\u00fd v n\u011bkolika form\u00e1tech, kter\u00e9 se li\u0161\u00ed mo\u017enostmi \u00faprav i zp\u016fsobem pou\u017eit\u00ed. D\u00edky tomu si m\u016f\u017eete vybrat verzi vhodnou pro dom\u00e1c\u00ed pl\u00e1nov\u00e1n\u00ed, kancel\u00e1\u0159, \u0161kolu nebo digit\u00e1ln\u00ed za\u0159\u00edzen\u00ed.<\/p>\n\n\n\n<h3 class=\"wp-block-heading\">Kalend\u00e1\u0159 ve form\u00e1tu Word (DOCX)<\/h3>\n\n\n\n<p class=\"wp-block-paragraph\">Form\u00e1t Word je ide\u00e1ln\u00ed pro u\u017eivatele, kte\u0159\u00ed cht\u011bj\u00ed kalend\u00e1\u0159 p\u0159izp\u016fsobit sv\u00fdm pot\u0159eb\u00e1m.<br>V\u00fdhodou je mo\u017enost m\u011bnit p\u00edsmo, barvy, rozvr\u017een\u00ed, p\u0159id\u00e1vat pozn\u00e1mky, zv\u00fdraz\u0148ovat d\u016fle\u017eit\u00e9 dny nebo doplnit firemn\u00ed logo. Tento form\u00e1t je vhodn\u00fd pro ty, kte\u0159\u00ed cht\u011bj\u00ed m\u00edt maxim\u00e1ln\u00ed kontrolu nad vzhledem i obsahem.<br>Nev\u00fdhodou je nutnost m\u00edt nainstalovan\u00fd program Word nebo jin\u00fd kompatibiln\u00ed editor.<\/p>\n\n\n\n<h3 class=\"wp-block-heading\">Kalend\u00e1\u0159 v obr\u00e1zku PNG<\/h3>\n\n\n\n<p class=\"wp-block-paragraph\">Obr\u00e1zkov\u00fd form\u00e1t PNG je ur\u010den pro rychl\u00e9 sta\u017een\u00ed a okam\u017eit\u00e9 pou\u017eit\u00ed.<br>Je vhodn\u00fd pro tisk na b\u011b\u017en\u00fd pap\u00edr, n\u00e1st\u011bnku, lednici nebo pracovn\u00ed desku. D\u00edky ostr\u00e9mu zobrazen\u00ed je dob\u0159e \u010diteln\u00fd i v men\u0161\u00edm form\u00e1tu.<br>Nev\u00fdhodou je, \u017ee obr\u00e1zek nelze d\u00e1le upravovat.<\/p>\n\n\n\n<hr class=\"wp-block-separator has-alpha-channel-opacity\"\/>\n\n\n\n<h2 class=\"wp-block-heading\">Dostupn\u00e9 varianty kalend\u00e1\u0159e na \u010dervenec 2024<\/h2>\n\n\n\n<p class=\"wp-block-paragraph\">Pro tento m\u011bs\u00edc je p\u0159ipraveno n\u011bkolik typ\u016f kalend\u00e1\u0159\u016f, kter\u00e9 se li\u0161\u00ed vzhledem i funkcemi.<\/p>\n\n\n\n<h3 class=\"wp-block-heading\">Pl\u00e1nova\u010d kalend\u00e1\u0159e \u010dervenec 2024<\/h3>\n\n\n\n<p class=\"wp-block-paragraph\">Dostupn\u00fd v PDF, DOCX a PNG.<br>Vhodn\u00fd pro ka\u017edodenn\u00ed pl\u00e1nov\u00e1n\u00ed, zapisov\u00e1n\u00ed \u00fakol\u016f a sledov\u00e1n\u00ed d\u016fle\u017eit\u00fdch term\u00edn\u016f.<\/p>\n\n\n\n<h3 class=\"wp-block-heading\">Kalend\u00e1\u0159 s velk\u00fdmi \u010d\u00edsly<\/h3>\n\n\n\n<p class=\"wp-block-paragraph\">Dostupn\u00fd v PDF, DOCX a PNG.<br>Velk\u00e1 \u010d\u00edsla zaji\u0161\u0165uj\u00ed v\u00fdbornou \u010ditelnost, co\u017e ocen\u00ed zejm\u00e9na senio\u0159i, \u0161koly nebo kancel\u00e1\u0159e.<\/p>\n\n\n\n<h3 class=\"wp-block-heading\">Vertik\u00e1ln\u00ed pl\u00e1nova\u010d<\/h3>\n\n\n\n<p class=\"wp-block-paragraph\">Dostupn\u00fd v PDF, DOCX a PNG.<br>Vertik\u00e1ln\u00ed rozvr\u017een\u00ed poskytuje v\u00edce prostoru pro pozn\u00e1mky a je vhodn\u00e9 pro detailn\u00ed pl\u00e1nov\u00e1n\u00ed dne.<\/p>\n\n\n\n<h3 class=\"wp-block-heading\">Kalend\u00e1\u0159 s p\u0159edchoz\u00edm a n\u00e1sleduj\u00edc\u00edm m\u011bs\u00edcem<\/h3>\n\n\n\n<p class=\"wp-block-paragraph\">Dostupn\u00fd v PDF, DOCX a PNG.<br>U\u017eite\u010dn\u00fd pro rychlou orientaci v obdob\u00ed kolem \u010dervence, nap\u0159\u00edklad p\u0159i pl\u00e1nov\u00e1n\u00ed dovolen\u00e9 nebo pracovn\u00edch projekt\u016f.<\/p>\n\n\n\n<h3 class=\"wp-block-heading\">Kr\u00e1sn\u00fd dekorativn\u00ed kalend\u00e1\u0159<\/h3>\n\n\n\n<p class=\"wp-block-paragraph\">Dostupn\u00fd v PDF, DOCX a PNG.<br>Estetick\u00e1 varianta vhodn\u00e1 do dom\u00e1cnosti, na n\u00e1st\u011bnku nebo jako dopln\u011bk pracovn\u00edho prostoru.<\/p>\n\n\n\n<h3 class=\"wp-block-heading\">Fotokalend\u00e1\u0159 \u010dervenec 2024<\/h3>\n\n\n\n<p class=\"wp-block-paragraph\">Dostupn\u00fd v PDF, DOCX a PNG.<br>Ide\u00e1ln\u00ed pro milovn\u00edky vizu\u00e1ln\u011b atraktivn\u00edch kalend\u00e1\u0159\u016f s fotografick\u00fdmi motivy.<\/p>\n\n\n\n<h3 class=\"wp-block-heading\">Pl\u00e1nova\u010d s m\u00edstem pro pozn\u00e1mky<\/h3>\n\n\n\n<p class=\"wp-block-paragraph\">Dostupn\u00fd v PDF, DOCX a PNG.<br>Nab\u00edz\u00ed dostatek prostoru pro zapisov\u00e1n\u00ed \u00fakol\u016f, n\u00e1pad\u016f, sch\u016fzek a osobn\u00edch pl\u00e1n\u016f.<\/p>\n\n\n\n<hr class=\"wp-block-separator has-alpha-channel-opacity\"\/>\n\n\n\n<h2 class=\"wp-block-heading\">Jak kalend\u00e1\u0159 vyu\u017e\u00edt<\/h2>\n\n\n\n<p class=\"wp-block-paragraph\">Kalend\u00e1\u0159 si m\u016f\u017eete ulo\u017eit do telefonu, tabletu nebo po\u010d\u00edta\u010de a pou\u017e\u00edvat ho jako digit\u00e1ln\u00ed pl\u00e1nova\u010d.<br>Ti\u0161t\u011bnou verzi lze um\u00edstit na pracovn\u00ed st\u016fl, n\u00e1st\u011bnku nebo do di\u00e1\u0159e.<br>Pokud si st\u00e1hnete verzi ve Wordu, m\u016f\u017eete ji snadno upravit podle sv\u00fdch pot\u0159eb.<br>Obr\u00e1zkov\u00fd form\u00e1t PNG je ide\u00e1ln\u00ed pro rychl\u00fd tisk a sd\u00edlen\u00ed s kolegy \u010di p\u0159\u00e1teli.<br>M\u016f\u017eete si vytisknout v\u00edce kopi\u00ed a pou\u017e\u00edvat je v r\u016fzn\u00fdch m\u00edstnostech nebo pro r\u016fzn\u00e9 \u00fa\u010dely.<\/p>\n\n\n\n<hr class=\"wp-block-separator has-alpha-channel-opacity\"\/>\n\n\n\n<h2 class=\"wp-block-heading has-text-align-center\">Pl\u00e1nova\u010d kalend\u00e1\u0159e cervenec 2024<\/h2>\n\n\n\n<center><img decoding=\"async\" class=\"alignnone size-full wp-image-32\" src=\"https:\/\/kalendare365.eu\/wp-content\/uploads\/2023\/02\/planovac-kalendare-cervenec-2024.webp\" alt=\"\" width=\"500\" height=\"100%\"><\/center>\n\n\n\n<p class=\"has-text-align-center wp-block-paragraph\"><a href=\"https:\/\/kalendare365.eu\/wp-content\/uploads\/2023\/02\/planovac-kalendare-cervenec-2024.pdf\" target=\"_blank\" rel=\"noopener\">PDF<\/a> &#8212; <a href=\"https:\/\/kalendare365.eu\/wp-content\/uploads\/2023\/02\/planovac-kalendare-cervenec-2024.docx\" target=\"_blank\" rel=\"noopener\">DOCx<\/a> &#8212; <a href=\"https:\/\/kalendare365.eu\/wp-content\/uploads\/2023\/02\/planovac-kalendare-cervenec-2024.png\" target=\"_blank\" rel=\"noopener\">PNG<\/a><\/p>\n\n\n\n<h2 class=\"wp-block-heading has-text-align-center\">Kalend\u00e1\u0159 cervenec 2024 s velk\u00fdmi \u010d\u00edsly<\/h2>\n\n\n\n<center><img decoding=\"async\" class=\"alignnone size-full wp-image-32\" src=\"https:\/\/kalendare365.eu\/wp-content\/uploads\/2023\/02\/kalendar-cervenec-2024-s-velkymi-cisly.webp\" alt=\"\" width=\"500\" height=\"100%\"><\/center>\n\n\n\n<p class=\"has-text-align-center wp-block-paragraph\"><a href=\"https:\/\/kalendare365.eu\/wp-content\/uploads\/2023\/02\/kalendar-cervenec-2024-s-velkymi-cisly.pdf\" target=\"_blank\" rel=\"noopener\">PDF<\/a> &#8212; <a href=\"https:\/\/kalendare365.eu\/wp-content\/uploads\/2023\/02\/kalendar-cervenec-2024-s-velkymi-cisly.docx\" target=\"_blank\" rel=\"noopener\">DOCx<\/a> &#8212; <a href=\"https:\/\/kalendare365.eu\/wp-content\/uploads\/2023\/02\/kalendar-cervenec-2024-s-velkymi-cisly.png\" target=\"_blank\" rel=\"noopener\">PNG<\/a><\/p>\n\n\n\n<h2 class=\"wp-block-heading has-text-align-center\">Vertik\u00e1ln\u00ed pl\u00e1nova\u010d kalend\u00e1\u0159e na cervenec 2024<\/h2>\n\n\n\n<center><img decoding=\"async\" class=\"alignnone size-full wp-image-32\" src=\"https:\/\/kalendare365.eu\/wp-content\/uploads\/2023\/02\/vertikalni-planovac-kalendare-na-cervenec-2024.webp\" alt=\"\" width=\"500\" height=\"100%\"><\/center>\n\n\n\n<p class=\"has-text-align-center wp-block-paragraph\"><a href=\"https:\/\/kalendare365.eu\/wp-content\/uploads\/2023\/02\/vertikalni-planovac-kalendare-na-cervenec-2024.pdf\" target=\"_blank\" rel=\"noopener\">PDF<\/a> &#8212; <a href=\"https:\/\/kalendare365.eu\/wp-content\/uploads\/2023\/02\/vertikalni-planovac-kalendare-na-cervenec-2024.docx\" target=\"_blank\" rel=\"noopener\">DOCx<\/a> &#8212; <a href=\"https:\/\/kalendare365.eu\/wp-content\/uploads\/2023\/02\/vertikalni-planovac-kalendare-na-cervenec-2024.png\" target=\"_blank\" rel=\"noopener\">PNG<\/a><\/p>\n\n\n\n<h2 class=\"wp-block-heading has-text-align-center\">Kalend\u00e1\u0159 cervenec 2024 s p\u0159edchoz\u00edm a p\u0159\u00ed\u0161t\u00edm m\u011bs\u00edcem<\/h2>\n\n\n\n<center><img decoding=\"async\" class=\"alignnone size-full wp-image-32\" src=\"https:\/\/kalendare365.eu\/wp-content\/uploads\/2023\/02\/kalendar-cervenec-2024-s-predchozim-a-pristim-mesicem.webp\" alt=\"\" width=\"500\" height=\"100%\"><\/center>\n\n\n\n<p class=\"has-text-align-center wp-block-paragraph\"><a href=\"https:\/\/kalendare365.eu\/wp-content\/uploads\/2023\/02\/kalendar-cervenec-2024-s-predchozim-a-pristim-mesicem.pdf\" target=\"_blank\" rel=\"noopener\">PDF<\/a> &#8212; <a href=\"https:\/\/kalendare365.eu\/wp-content\/uploads\/2023\/02\/kalendar-cervenec-2024-s-predchozim-a-pristim-mesicem.docx\" target=\"_blank\" rel=\"noopener\">DOCx<\/a> &#8212; <a href=\"https:\/\/kalendare365.eu\/wp-content\/uploads\/2023\/02\/kalendar-cervenec-2024-s-predchozim-a-pristim-mesicem.png\" target=\"_blank\" rel=\"noopener\">PNG<\/a><\/p>\n\n\n\n<h2 class=\"wp-block-heading has-text-align-center\">Kr\u00e1sn\u00fd kalend\u00e1\u0159 cervenec 2024<\/h2>\n\n\n\n<center><img decoding=\"async\" class=\"alignnone size-full wp-image-32\" src=\"https:\/\/kalendare365.eu\/wp-content\/uploads\/2023\/02\/krasny-kalendar-cervenec-2024.webp\" alt=\"\" width=\"500\" height=\"100%\"><\/center>\n\n\n\n<p class=\"has-text-align-center wp-block-paragraph\"><a href=\"https:\/\/kalendare365.eu\/wp-content\/uploads\/2023\/02\/krasny-kalendar-cervenec-2024.pdf\" target=\"_blank\" rel=\"noopener\">PDF<\/a> &#8212; <a href=\"https:\/\/kalendare365.eu\/wp-content\/uploads\/2023\/02\/krasny-kalendar-cervenec-2024.docx\" target=\"_blank\" rel=\"noopener\">DOCx<\/a> &#8212; <a href=\"https:\/\/kalendare365.eu\/wp-content\/uploads\/2023\/02\/krasny-kalendar-cervenec-2024.png\" target=\"_blank\" rel=\"noopener\">PNG<\/a><\/p>\n\n\n\n<h2 class=\"wp-block-heading has-text-align-center\">Fotokalend\u00e1\u0159 cervenec 2024<\/h2>\n\n\n\n<center><img decoding=\"async\" class=\"alignnone size-full wp-image-32\" src=\"https:\/\/kalendare365.eu\/wp-content\/uploads\/2023\/02\/fotokalendar-cervenec-2024.webp\" alt=\"\" width=\"500\" height=\"100%\"><\/center>\n\n\n\n<p class=\"has-text-align-center wp-block-paragraph\"><a href=\"https:\/\/kalendare365.eu\/wp-content\/uploads\/2023\/02\/fotokalendar-cervenec-2024.pdf\" target=\"_blank\" rel=\"noopener\">PDF<\/a> &#8212; <a href=\"https:\/\/kalendare365.eu\/wp-content\/uploads\/2023\/02\/fotokalendar-cervenec-2024.docx\" target=\"_blank\" rel=\"noopener\">DOCx<\/a> &#8212; <a href=\"https:\/\/kalendare365.eu\/wp-content\/uploads\/2023\/02\/fotokalendar-cervenec-2024.png\" target=\"_blank\" rel=\"noopener\">PNG<\/a><\/p>\n\n\n\n<h2 class=\"wp-block-heading has-text-align-center\">Kr\u00e1sn\u00fd pl\u00e1nova\u010d kalend\u00e1\u0159e cervenec 2024<\/h2>\n\n\n\n<center><img decoding=\"async\" class=\"alignnone size-full wp-image-32\" src=\"https:\/\/kalendare365.eu\/wp-content\/uploads\/2023\/02\/krasny-planovac-kalendare-cervenec-2024.webp\" alt=\"\" width=\"500\" height=\"100%\"><\/center>\n\n\n\n<p class=\"has-text-align-center wp-block-paragraph\"><a href=\"https:\/\/kalendare365.eu\/wp-content\/uploads\/2023\/02\/krasny-planovac-kalendare-cervenec-2024.pdf\" target=\"_blank\" rel=\"noopener\">PDF<\/a> &#8212; <a href=\"https:\/\/kalendare365.eu\/wp-content\/uploads\/2023\/02\/krasny-planovac-kalendare-cervenec-2024.docx\" target=\"_blank\" rel=\"noopener\">DOCx<\/a> &#8212; <a href=\"https:\/\/kalendare365.eu\/wp-content\/uploads\/2023\/02\/krasny-planovac-kalendare-cervenec-2024.png\" target=\"_blank\" rel=\"noopener\">PNG<\/a><\/p>\n\n\n\n<h2 class=\"wp-block-heading has-text-align-center\">Kalend\u00e1\u0159 cervenec 2024 s pozn\u00e1mkami<\/h2>\n\n\n\n<center><img decoding=\"async\" class=\"alignnone size-full wp-image-32\" src=\"https:\/\/kalendare365.eu\/wp-content\/uploads\/2023\/02\/kalendar-cervenec-2024-s-poznamkami.webp\" alt=\"\" width=\"500\" height=\"100%\"><\/center>\n\n\n\n<p class=\"has-text-align-center wp-block-paragraph\"><a href=\"https:\/\/kalendare365.eu\/wp-content\/uploads\/2023\/02\/kalendar-cervenec-2024-s-poznamkami.pdf\" target=\"_blank\" rel=\"noopener\">PDF<\/a> &#8212; <a href=\"https:\/\/kalendare365.eu\/wp-content\/uploads\/2023\/02\/kalendar-cervenec-2024-s-poznamkami.docx\" target=\"_blank\" rel=\"noopener\">DOCx<\/a> &#8212; <a href=\"https:\/\/kalendare365.eu\/wp-content\/uploads\/2023\/02\/kalendar-cervenec-2024-s-poznamkami.png\" target=\"_blank\" rel=\"noopener\">PNG<\/a><\/p>\n\n\n\n<h2 class=\"wp-block-heading\">Z\u00e1v\u011br<\/h2>\n\n\n\n<p class=\"wp-block-paragraph\">Kalend\u00e1\u0159 na \u010dervenec 2024 je dostupn\u00fd v mnoha variant\u00e1ch, aby si ka\u017ed\u00fd mohl vybrat tu nejvhodn\u011bj\u0161\u00ed. A\u0165 u\u017e preferujete jednoduch\u00fd obr\u00e1zek, upraviteln\u00fd dokument nebo estetick\u00fd fotokalend\u00e1\u0159, v\u0161echny form\u00e1ty v\u00e1m pomohou l\u00e9pe organizovat letn\u00ed aktivity, pracovn\u00ed povinnosti i osobn\u00ed pl\u00e1ny. Sta\u010d\u00ed si vybrat verzi, kter\u00e1 v\u00e1m nejl\u00e9pe vyhovuje, st\u00e1hnout ji a za\u010d\u00edt pou\u017e\u00edvat.<\/p>\n","protected":false},"excerpt":{"rendered":"<p>Kalend\u00e1\u0159 na \u010dervenec 2024 je praktick\u00fdm pomocn\u00edkem pro ka\u017ed\u00e9ho, kdo chce m\u00edt letn\u00ed pl\u00e1ny p\u0159ehledn\u011b na jednom m\u00edst\u011b. A\u0165 u\u017e pot\u0159ebujete prostor pro pozn\u00e1mky, jednoduch\u00fd m\u011bs\u00ed\u010dn\u00ed p\u0159ehled, nebo elegantn\u00ed design vhodn\u00fd k vyti\u0161t\u011bn\u00ed, r\u016fzn\u00e9 form\u00e1ty kalend\u00e1\u0159e v\u00e1m umo\u017en\u00ed vybrat si p\u0159esn\u011b to, co pot\u0159ebujete. N\u00e1sleduj\u00edc\u00ed \u010dl\u00e1nek p\u0159edstavuje dostupn\u00e9 varianty ke sta\u017een\u00ed a nab\u00edz\u00ed stru\u010dn\u00fd p\u0159ehled [&hellip;]<\/p>\n","protected":false},"author":1,"featured_media":0,"comment_status":"open","ping_status":"closed","sticky":false,"template":"","format":"standard","meta":{"footnotes":""},"categories":[11],"tags":[21],"class_list":["post-124","post","type-post","status-publish","format-standard","hentry","category-cervenec","tag-21"],"_links":{"self":[{"href":"https:\/\/kalendare365.eu\/index.php?rest_route=\/wp\/v2\/posts\/124","targetHints":{"allow":["GET"]}}],"collection":[{"href":"https:\/\/kalendare365.eu\/index.php?rest_route=\/wp\/v2\/posts"}],"about":[{"href":"https:\/\/kalendare365.eu\/index.php?rest_route=\/wp\/v2\/types\/post"}],"author":[{"embeddable":true,"href":"https:\/\/kalendare365.eu\/index.php?rest_route=\/wp\/v2\/users\/1"}],"replies":[{"embeddable":true,"href":"https:\/\/kalendare365.eu\/index.php?rest_route=%2Fwp%2Fv2%2Fcomments&post=124"}],"version-history":[{"count":3,"href":"https:\/\/kalendare365.eu\/index.php?rest_route=\/wp\/v2\/posts\/124\/revisions"}],"predecessor-version":[{"id":3657,"href":"https:\/\/kalendare365.eu\/index.php?rest_route=\/wp\/v2\/posts\/124\/revisions\/3657"}],"wp:attachment":[{"href":"https:\/\/kalendare365.eu\/index.php?rest_route=%2Fwp%2Fv2%2Fmedia&parent=124"}],"wp:term":[{"taxonomy":"category","embeddable":true,"href":"https:\/\/kalendare365.eu\/index.php?rest_route=%2Fwp%2Fv2%2Fcategories&post=124"},{"taxonomy":"post_tag","embeddable":true,"href":"https:\/\/kalendare365.eu\/index.php?rest_route=%2Fwp%2Fv2%2Ftags&post=124"}],"curies":[{"name":"wp","href":"https:\/\/api.w.org\/{rel}","templated":true}]}}