{"id":130,"date":"2023-02-21T01:08:11","date_gmt":"2023-02-20T22:08:11","guid":{"rendered":"https:\/\/kalendare365.eu\/?p=130"},"modified":"2026-07-15T08:46:43","modified_gmt":"2026-07-15T05:46:43","slug":"stahnete-si-kalendar-srpen-2023","status":"publish","type":"post","link":"https:\/\/kalendare365.eu\/?p=130","title":{"rendered":"St\u00e1hn\u011bte si kalend\u00e1\u0159 srpen 2023"},"content":{"rendered":"\n<p class=\"wp-block-paragraph\">Srpen je m\u011bs\u00edcem pln\u00fdm slunce, letn\u00edch z\u00e1\u017eitk\u016f a p\u0159\u00edle\u017eitost\u00ed k odpo\u010dinku i pl\u00e1nov\u00e1n\u00ed. Aby byl v\u00e1\u0161 srpen 2023 p\u0159ehledn\u00fd, organizovan\u00fd a inspirativn\u00ed, p\u0159ipravili jsme pro v\u00e1s kompletn\u00ed \u010dl\u00e1nek o tom, jak si st\u00e1hnout a vyu\u017e\u00edt \u0161ablony kalend\u00e1\u0159e pro tento m\u011bs\u00edc. Najdete zde praktick\u00e9 tipy, p\u0159ehled dostupn\u00fdch form\u00e1t\u016f i doporu\u010den\u00ed, jak kalend\u00e1\u0159 p\u0159izp\u016fsobit sv\u00fdm pot\u0159eb\u00e1m.<\/p>\n\n\n\n<h2 class=\"wp-block-heading\">\ud83d\udcc5 \u0160ablony kalend\u00e1\u0159e pro srpen 2023<\/h2>\n\n\n\n<p class=\"wp-block-paragraph\">N\u00ed\u017ee najdete dv\u011b nejobl\u00edben\u011bj\u0161\u00ed mo\u017enosti, kter\u00e9 si m\u016f\u017eete snadno st\u00e1hnout a za\u010d\u00edt pou\u017e\u00edvat.<\/p>\n\n\n\n<h3 class=\"wp-block-heading\">\ud83d\udcdd Kalend\u00e1\u0159 srpen 2023 ve Wordu<\/h3>\n\n\n\n<p class=\"wp-block-paragraph\">Tato varianta je ide\u00e1ln\u00ed pro ka\u017ed\u00e9ho, kdo chce kalend\u00e1\u0159 upravit podle sebe.<\/p>\n\n\n\n<ul class=\"wp-block-list\">\n<li>Mo\u017enost m\u011bnit p\u00edsmo, barvy i rozvr\u017een\u00ed.<\/li>\n\n\n\n<li>P\u0159id\u00e1n\u00ed vlastn\u00edch pozn\u00e1mek, ud\u00e1lost\u00ed \u010di term\u00edn\u016f.<\/li>\n\n\n\n<li>Snadn\u00e1 editace a tisk.<\/li>\n\n\n\n<li>St\u00e1hnout m\u016f\u017eete ZDE.<\/li>\n<\/ul>\n\n\n\n<h3 class=\"wp-block-heading\">\ud83d\uddbc\ufe0f Tisknuteln\u00fd PNG kalend\u00e1\u0159 srpen 2023<\/h3>\n\n\n\n<p class=\"wp-block-paragraph\">Perfektn\u00ed volba pro rychl\u00e9 pou\u017eit\u00ed bez \u00faprav.<\/p>\n\n\n\n<ul class=\"wp-block-list\">\n<li>P\u0159ipraveno k okam\u017eit\u00e9mu tisku.<\/li>\n\n\n\n<li>Horizont\u00e1ln\u00ed orientace s dostatkem m\u00edsta na pozn\u00e1mky.<\/li>\n\n\n\n<li>Vhodn\u00e9 na n\u00e1st\u011bnku, lednici nebo pracovn\u00ed st\u016fl.<\/li>\n\n\n\n<li>St\u00e1hnout m\u016f\u017eete ZDE.<\/li>\n<\/ul>\n\n\n\n<h2 class=\"wp-block-heading\">\ud83d\udca1 Tipy, jak kalend\u00e1\u0159 srpen 2023 vyu\u017e\u00edt naplno<\/h2>\n\n\n\n<ul class=\"wp-block-list\">\n<li>Vyberte si form\u00e1t, kter\u00fd odpov\u00edd\u00e1 va\u0161emu stylu pl\u00e1nov\u00e1n\u00ed.<\/li>\n\n\n\n<li>P\u0159idejte si d\u016fle\u017eit\u00e9 ud\u00e1losti \u2013 narozeniny, dovolenou, pracovn\u00ed term\u00edny.<\/li>\n\n\n\n<li>Um\u00edst\u011bte kalend\u00e1\u0159 na viditeln\u00e9 m\u00edsto, aby byl v\u017edy po ruce.<\/li>\n\n\n\n<li>Pokud pou\u017e\u00edv\u00e1te digit\u00e1ln\u00ed verzi, zkombinujte ji s p\u0159ipom\u00ednkami v telefonu.<\/li>\n\n\n\n<li>Vytvo\u0159te si barevn\u00e9 ozna\u010den\u00ed kategori\u00ed \u2013 pr\u00e1ce, rodina, voln\u00fd \u010das.<\/li>\n<\/ul>\n\n\n\n<h2 class=\"wp-block-heading\">\ud83c\udf1e Inspirace pro srpen 2023<\/h2>\n\n\n\n<p class=\"wp-block-paragraph\">Srpen je ide\u00e1ln\u00ed m\u011bs\u00edc pro venkovn\u00ed aktivity, relaxaci i pl\u00e1nov\u00e1n\u00ed budouc\u00edch projekt\u016f.<\/p>\n\n\n\n<ul class=\"wp-block-list\">\n<li>Parky a zahrady \u010dasto po\u0159\u00e1daj\u00ed letn\u00ed akce, koncerty \u010di festivaly.<\/li>\n\n\n\n<li>Je to skv\u011bl\u00fd \u010das na v\u00fdlety, pikniky nebo sportovn\u00ed aktivity.<\/li>\n\n\n\n<li>Srpen je tak\u00e9 vhodn\u00fd pro pl\u00e1nov\u00e1n\u00ed podzimn\u00ed dovolen\u00e9 \u010di pracovn\u00edch projekt\u016f.<\/li>\n<\/ul>\n\n\n\n<h2 class=\"wp-block-heading has-text-align-center\">Pl\u00e1nova\u010d kalend\u00e1\u0159e srpen 2023<\/h2>\n\n\n\n<center><img decoding=\"async\" class=\"alignnone size-full wp-image-32\" src=\"https:\/\/kalendare365.eu\/wp-content\/uploads\/2023\/02\/planovac-kalendare-srpen-2023.webp\" alt=\"\" width=\"500\" height=\"100%\"><\/center>\n\n\n\n<p class=\"has-text-align-center wp-block-paragraph\"><a href=\"https:\/\/kalendare365.eu\/wp-content\/uploads\/2023\/02\/planovac-kalendare-srpen-2023.pdf\" target=\"_blank\" rel=\"noopener\">PDF<\/a> &#8212; <a href=\"https:\/\/kalendare365.eu\/wp-content\/uploads\/2023\/02\/planovac-kalendare-srpen-2023.docx\" target=\"_blank\" rel=\"noopener\">DOCx<\/a> &#8212; <a href=\"https:\/\/kalendare365.eu\/wp-content\/uploads\/2023\/02\/planovac-kalendare-srpen-2023.png\" target=\"_blank\" rel=\"noopener\">PNG<\/a><\/p>\n\n\n\n<h2 class=\"wp-block-heading has-text-align-center\">Kalend\u00e1\u0159 srpen 2023 s velk\u00fdmi \u010d\u00edsly<\/h2>\n\n\n\n<center><img decoding=\"async\" class=\"alignnone size-full wp-image-32\" src=\"https:\/\/kalendare365.eu\/wp-content\/uploads\/2023\/02\/kalendar-srpen-2023-s-velkymi-cisly.webp\" alt=\"\" width=\"500\" height=\"100%\"><\/center>\n\n\n\n<p class=\"has-text-align-center wp-block-paragraph\"><a href=\"https:\/\/kalendare365.eu\/wp-content\/uploads\/2023\/02\/kalendar-srpen-2023-s-velkymi-cisly.pdf\" target=\"_blank\" rel=\"noopener\">PDF<\/a> &#8212; <a href=\"https:\/\/kalendare365.eu\/wp-content\/uploads\/2023\/02\/kalendar-srpen-2023-s-velkymi-cisly.docx\" target=\"_blank\" rel=\"noopener\">DOCx<\/a> &#8212; <a href=\"https:\/\/kalendare365.eu\/wp-content\/uploads\/2023\/02\/kalendar-srpen-2023-s-velkymi-cisly.png\" target=\"_blank\" rel=\"noopener\">PNG<\/a><\/p>\n\n\n\n<h2 class=\"wp-block-heading has-text-align-center\">Vertik\u00e1ln\u00ed pl\u00e1nova\u010d kalend\u00e1\u0159e na srpen 2023<\/h2>\n\n\n\n<center><img decoding=\"async\" class=\"alignnone size-full wp-image-32\" src=\"https:\/\/kalendare365.eu\/wp-content\/uploads\/2023\/02\/vertikalni-planovac-kalendare-na-srpen-2023.webp\" alt=\"\" width=\"500\" height=\"100%\"><\/center>\n\n\n\n<p class=\"has-text-align-center wp-block-paragraph\"><a href=\"https:\/\/kalendare365.eu\/wp-content\/uploads\/2023\/02\/vertikalni-planovac-kalendare-na-srpen-2023.pdf\" target=\"_blank\" rel=\"noopener\">PDF<\/a> &#8212; <a href=\"https:\/\/kalendare365.eu\/wp-content\/uploads\/2023\/02\/vertikalni-planovac-kalendare-na-srpen-2023.docx\" target=\"_blank\" rel=\"noopener\">DOCx<\/a> &#8212; <a href=\"https:\/\/kalendare365.eu\/wp-content\/uploads\/2023\/02\/vertikalni-planovac-kalendare-na-srpen-2023.png\" target=\"_blank\" rel=\"noopener\">PNG<\/a><\/p>\n\n\n\n<h2 class=\"wp-block-heading has-text-align-center\">Kalend\u00e1\u0159 srpen 2023 s p\u0159edchoz\u00edm a p\u0159\u00ed\u0161t\u00edm m\u011bs\u00edcem<\/h2>\n\n\n\n<center><img decoding=\"async\" class=\"alignnone size-full wp-image-32\" src=\"https:\/\/kalendare365.eu\/wp-content\/uploads\/2023\/02\/kalendar-srpen-2023-s-predchozim-a-pristim-mesicem.webp\" alt=\"\" width=\"500\" height=\"100%\"><\/center>\n\n\n\n<p class=\"has-text-align-center wp-block-paragraph\"><a href=\"https:\/\/kalendare365.eu\/wp-content\/uploads\/2023\/02\/kalendar-srpen-2023-s-predchozim-a-pristim-mesicem.pdf\" target=\"_blank\" rel=\"noopener\">PDF<\/a> &#8212; <a href=\"https:\/\/kalendare365.eu\/wp-content\/uploads\/2023\/02\/kalendar-srpen-2023-s-predchozim-a-pristim-mesicem.docx\" target=\"_blank\" rel=\"noopener\">DOCx<\/a> &#8212; <a href=\"https:\/\/kalendare365.eu\/wp-content\/uploads\/2023\/02\/kalendar-srpen-2023-s-predchozim-a-pristim-mesicem.png\" target=\"_blank\" rel=\"noopener\">PNG<\/a><\/p>\n\n\n\n<h2 class=\"wp-block-heading has-text-align-center\">Kr\u00e1sn\u00fd kalend\u00e1\u0159 srpen 2023<\/h2>\n\n\n\n<center><img decoding=\"async\" class=\"alignnone size-full wp-image-32\" src=\"https:\/\/kalendare365.eu\/wp-content\/uploads\/2023\/02\/krasny-kalendar-srpen-2023.webp\" alt=\"\" width=\"500\" height=\"100%\"><\/center>\n\n\n\n<p class=\"has-text-align-center wp-block-paragraph\"><a href=\"https:\/\/kalendare365.eu\/wp-content\/uploads\/2023\/02\/krasny-kalendar-srpen-2023.pdf\" target=\"_blank\" rel=\"noopener\">PDF<\/a> &#8212; <a href=\"https:\/\/kalendare365.eu\/wp-content\/uploads\/2023\/02\/krasny-kalendar-srpen-2023.docx\" target=\"_blank\" rel=\"noopener\">DOCx<\/a> &#8212; <a href=\"https:\/\/kalendare365.eu\/wp-content\/uploads\/2023\/02\/krasny-kalendar-srpen-2023.png\" target=\"_blank\" rel=\"noopener\">PNG<\/a><\/p>\n\n\n\n<h2 class=\"wp-block-heading has-text-align-center\">Fotokalend\u00e1\u0159 srpen 2023<\/h2>\n\n\n\n<center><img decoding=\"async\" class=\"alignnone size-full wp-image-32\" src=\"https:\/\/kalendare365.eu\/wp-content\/uploads\/2023\/02\/fotokalendar-srpen-2023.webp\" alt=\"\" width=\"500\" height=\"100%\"><\/center>\n\n\n\n<p class=\"has-text-align-center wp-block-paragraph\"><a href=\"https:\/\/kalendare365.eu\/wp-content\/uploads\/2023\/02\/fotokalendar-srpen-2023.pdf\" target=\"_blank\" rel=\"noopener\">PDF<\/a> &#8212; <a href=\"https:\/\/kalendare365.eu\/wp-content\/uploads\/2023\/02\/fotokalendar-srpen-2023.docx\" target=\"_blank\" rel=\"noopener\">DOCx<\/a> &#8212; <a href=\"https:\/\/kalendare365.eu\/wp-content\/uploads\/2023\/02\/fotokalendar-srpen-2023.png\" target=\"_blank\" rel=\"noopener\">PNG<\/a><\/p>\n\n\n\n<h2 class=\"wp-block-heading has-text-align-center\">Kr\u00e1sn\u00fd pl\u00e1nova\u010d kalend\u00e1\u0159e srpen 2023<\/h2>\n\n\n\n<center><img decoding=\"async\" class=\"alignnone size-full wp-image-32\" src=\"https:\/\/kalendare365.eu\/wp-content\/uploads\/2023\/02\/krasny-planovac-kalendare-srpen-2023.webp\" alt=\"\" width=\"500\" height=\"100%\"><\/center>\n\n\n\n<p class=\"has-text-align-center wp-block-paragraph\"><a href=\"https:\/\/kalendare365.eu\/wp-content\/uploads\/2023\/02\/krasny-planovac-kalendare-srpen-2023.pdf\" target=\"_blank\" rel=\"noopener\">PDF<\/a> &#8212; <a href=\"https:\/\/kalendare365.eu\/wp-content\/uploads\/2023\/02\/krasny-planovac-kalendare-srpen-2023.docx\" target=\"_blank\" rel=\"noopener\">DOCx<\/a> &#8212; <a href=\"https:\/\/kalendare365.eu\/wp-content\/uploads\/2023\/02\/krasny-planovac-kalendare-srpen-2023.png\" target=\"_blank\" rel=\"noopener\">PNG<\/a><\/p>\n\n\n\n<h2 class=\"wp-block-heading has-text-align-center\">Kalend\u00e1\u0159 srpen 2023 s pozn\u00e1mkami<\/h2>\n\n\n\n<center><img decoding=\"async\" class=\"alignnone size-full wp-image-32\" src=\"https:\/\/kalendare365.eu\/wp-content\/uploads\/2023\/02\/kalendar-srpen-2023-s-poznamkami.webp\" alt=\"\" width=\"500\" height=\"100%\"><\/center>\n\n\n\n<p class=\"has-text-align-center wp-block-paragraph\"><a href=\"https:\/\/kalendare365.eu\/wp-content\/uploads\/2023\/02\/kalendar-srpen-2023-s-poznamkami.pdf\" target=\"_blank\" rel=\"noopener\">PDF<\/a> &#8212; <a href=\"https:\/\/kalendare365.eu\/wp-content\/uploads\/2023\/02\/kalendar-srpen-2023-s-poznamkami.docx\" target=\"_blank\" rel=\"noopener\">DOCx<\/a> &#8212; <a href=\"https:\/\/kalendare365.eu\/wp-content\/uploads\/2023\/02\/kalendar-srpen-2023-s-poznamkami.png\" target=\"_blank\" rel=\"noopener\">PNG<\/a><\/p>\n\n\n\n<h2 class=\"wp-block-heading\">Z\u00e1v\u011br: Vytvo\u0159te si dokonal\u00fd srpen 2023 \ud83c\udf3f<\/h2>\n\n\n\n<p class=\"wp-block-paragraph\">A\u0165 u\u017e si vyberete upravitelnou Word \u0161ablonu nebo rychle tisknuteln\u00fd PNG kalend\u00e1\u0159, z\u00edsk\u00e1te praktick\u00fd n\u00e1stroj, kter\u00fd v\u00e1m pom\u016f\u017ee m\u00edt srpen 2023 pod kontrolou. Spr\u00e1vn\u011b strukturovan\u00fd kalend\u00e1\u0159 v\u00e1m umo\u017en\u00ed l\u00e9pe pl\u00e1novat, u\u017e\u00edt si l\u00e9to naplno a nezapomenout na \u017e\u00e1dnou d\u016fle\u017eitou ud\u00e1lost.<\/p>\n","protected":false},"excerpt":{"rendered":"<p>Srpen je m\u011bs\u00edcem pln\u00fdm slunce, letn\u00edch z\u00e1\u017eitk\u016f a p\u0159\u00edle\u017eitost\u00ed k odpo\u010dinku i pl\u00e1nov\u00e1n\u00ed. Aby byl v\u00e1\u0161 srpen 2023 p\u0159ehledn\u00fd, organizovan\u00fd a inspirativn\u00ed, p\u0159ipravili jsme pro v\u00e1s kompletn\u00ed \u010dl\u00e1nek o tom, jak si st\u00e1hnout a vyu\u017e\u00edt \u0161ablony kalend\u00e1\u0159e pro tento m\u011bs\u00edc. Najdete zde praktick\u00e9 tipy, p\u0159ehled dostupn\u00fdch form\u00e1t\u016f i doporu\u010den\u00ed, jak kalend\u00e1\u0159 p\u0159izp\u016fsobit sv\u00fdm pot\u0159eb\u00e1m. \ud83d\udcc5 [&hellip;]<\/p>\n","protected":false},"author":1,"featured_media":0,"comment_status":"open","ping_status":"closed","sticky":false,"template":"","format":"standard","meta":{"footnotes":""},"categories":[12],"tags":[20],"class_list":["post-130","post","type-post","status-publish","format-standard","hentry","category-srpen","tag-20"],"_links":{"self":[{"href":"https:\/\/kalendare365.eu\/index.php?rest_route=\/wp\/v2\/posts\/130","targetHints":{"allow":["GET"]}}],"collection":[{"href":"https:\/\/kalendare365.eu\/index.php?rest_route=\/wp\/v2\/posts"}],"about":[{"href":"https:\/\/kalendare365.eu\/index.php?rest_route=\/wp\/v2\/types\/post"}],"author":[{"embeddable":true,"href":"https:\/\/kalendare365.eu\/index.php?rest_route=\/wp\/v2\/users\/1"}],"replies":[{"embeddable":true,"href":"https:\/\/kalendare365.eu\/index.php?rest_route=%2Fwp%2Fv2%2Fcomments&post=130"}],"version-history":[{"count":3,"href":"https:\/\/kalendare365.eu\/index.php?rest_route=\/wp\/v2\/posts\/130\/revisions"}],"predecessor-version":[{"id":3770,"href":"https:\/\/kalendare365.eu\/index.php?rest_route=\/wp\/v2\/posts\/130\/revisions\/3770"}],"wp:attachment":[{"href":"https:\/\/kalendare365.eu\/index.php?rest_route=%2Fwp%2Fv2%2Fmedia&parent=130"}],"wp:term":[{"taxonomy":"category","embeddable":true,"href":"https:\/\/kalendare365.eu\/index.php?rest_route=%2Fwp%2Fv2%2Fcategories&post=130"},{"taxonomy":"post_tag","embeddable":true,"href":"https:\/\/kalendare365.eu\/index.php?rest_route=%2Fwp%2Fv2%2Ftags&post=130"}],"curies":[{"name":"wp","href":"https:\/\/api.w.org\/{rel}","templated":true}]}}