{"id":1307,"date":"2023-12-27T10:04:34","date_gmt":"2023-12-27T07:04:34","guid":{"rendered":"https:\/\/kalendare365.eu\/?p=1307"},"modified":"2026-03-26T13:16:32","modified_gmt":"2026-03-26T10:16:32","slug":"cisla-na-dorty-k-tisku","status":"publish","type":"post","link":"https:\/\/kalendare365.eu\/?p=1307","title":{"rendered":"\u010c\u00edsla na dorty k tisku"},"content":{"rendered":"\n<p class=\"wp-block-paragraph\">Pl\u00e1nujete narozeninovou oslavu, v\u00fdro\u010d\u00ed nebo jinou v\u00fdjime\u010dnou ud\u00e1lost a chcete p\u0159ipravit dort, kter\u00fd opravdu zaujme? Dorty ve tvaru \u010d\u00edsel jsou skv\u011bl\u00fdm zp\u016fsobem, jak dodat oslav\u011b osobn\u00ed a origin\u00e1ln\u00ed n\u00e1dech. Aby byla p\u0159\u00edprava co nejjednodu\u0161\u0161\u00ed, p\u0159ipravili jsme pro v\u00e1s <strong>bezplatn\u00e9 tisknuteln\u00e9 \u0161ablony \u010d\u00edsel od 0 do 9<\/strong>, kter\u00e9 v\u00e1m pomohou vytvo\u0159it dokonale p\u0159esn\u00fd tvar.<\/p>\n\n\n\n<hr class=\"wp-block-separator has-alpha-channel-opacity\"\/>\n\n\n\n<h2 class=\"wp-block-heading\">Co \u0161ablony nab\u00edzej\u00ed<\/h2>\n\n\n\n<ul class=\"wp-block-list\">\n<li><strong>Kompletn\u00ed sada \u010d\u00edsel 0\u20139<\/strong> \u2013 ide\u00e1ln\u00ed pro narozeniny, v\u00fdro\u010d\u00ed i tematick\u00e9 oslavy.<\/li>\n\n\n\n<li><strong>R\u016fzn\u00e9 velikosti<\/strong> \u2013 m\u016f\u017eete si vybrat men\u0161\u00ed form\u00e1t pro mini dort\u00edk nebo v\u011bt\u0161\u00ed pro slavnostn\u00ed dort pro v\u00edce osob.<\/li>\n\n\n\n<li><strong>P\u0159esn\u00e9 linie a tvary<\/strong> \u2013 \u0161ablony jsou navr\u017eeny tak, aby v\u00fdsledn\u00fd tvar vypadal \u010dist\u011b a profesion\u00e1ln\u011b.<\/li>\n\n\n\n<li><strong>Snadn\u00e9 pou\u017eit\u00ed<\/strong> \u2013 st\u00e1hnete, vytisknete, vyst\u0159ihnete a m\u016f\u017eete za\u010d\u00edt tvo\u0159it.<\/li>\n<\/ul>\n\n\n\n<hr class=\"wp-block-separator has-alpha-channel-opacity\"\/>\n\n\n\n<h2 class=\"wp-block-heading\">Jak \u0161ablony pou\u017e\u00edvat<\/h2>\n\n\n\n<ol class=\"wp-block-list\">\n<li><strong>St\u00e1hn\u011bte PDF soubory<\/strong> s \u010d\u00edsly.<\/li>\n\n\n\n<li><strong>Vytiskn\u011bte \u0161ablonu<\/strong> na b\u011b\u017en\u00fd pap\u00edr nebo tvrd\u0161\u00ed karton.<\/li>\n\n\n\n<li><strong>Opatrn\u011b vyst\u0159ihn\u011bte<\/strong> obrys \u010d\u00edsla.<\/li>\n\n\n\n<li><strong>Polo\u017ete \u0161ablonu na upe\u010den\u00fd korpus<\/strong> a pomoc\u00ed no\u017ee nebo vykrajov\u00e1tka obkreslete tvar.<\/li>\n\n\n\n<li><strong>Ozdobte dort<\/strong> podle sv\u00e9 fantazie \u2013 kr\u00e9my, ovoce, polevy, \u010dokol\u00e1da, posypy\u2026 v\u0161e je dovoleno!<\/li>\n<\/ol>\n\n\n\n<hr class=\"wp-block-separator has-alpha-channel-opacity\"\/>\n\n\n\n<h2 class=\"wp-block-heading\">Tipy pro pe\u010den\u00ed dort\u016f ve tvaru \u010d\u00edsel<\/h2>\n\n\n\n<ul class=\"wp-block-list\">\n<li>Pracujte na <strong>pevn\u00e9m a rovn\u00e9m povrchu<\/strong>, aby byly okraje \u010dist\u00e9.<\/li>\n\n\n\n<li>Pou\u017eijte <strong>ostr\u00fd n\u016f\u017e<\/strong>, kter\u00fd zajist\u00ed p\u0159esn\u00e9 \u0159ezy.<\/li>\n\n\n\n<li>Pokud chcete tvar vykrojit snadn\u011bji, <strong>dejte korpus na chv\u00edli do mraz\u00e1ku<\/strong>.<\/li>\n\n\n\n<li>Nebojte se kombinovat r\u016fzn\u00e9 <strong>kr\u00e9my, polevy a dekorace<\/strong> \u2013 \u010d\u00edsla vypadaj\u00ed skv\u011ble s ovocem, makronkami i \u010dokol\u00e1dou.<\/li>\n\n\n\n<li>Bu\u010fte kreativn\u00ed \u2013 ka\u017ed\u00fd dort m\u016f\u017ee b\u00fdt origin\u00e1l!<\/li>\n<\/ul>\n\n\n\n<hr class=\"wp-block-separator has-alpha-channel-opacity\"\/>\n\n\n\n<h2 class=\"wp-block-heading\">\u0160ablony \u010d\u00edsel ke sta\u017een\u00ed<\/h2>\n\n\n\n<ul class=\"wp-block-list\">\n<li>\u010c\u00edslo 0<\/li>\n\n\n\n<li>\u010c\u00edslo 1<\/li>\n\n\n\n<li>\u010c\u00edslo 2<\/li>\n\n\n\n<li>\u010c\u00edslo 3<\/li>\n\n\n\n<li>\u010c\u00edslo 4<\/li>\n\n\n\n<li>\u010c\u00edslo 5<\/li>\n\n\n\n<li>\u010c\u00edslo 6<\/li>\n\n\n\n<li>\u010c\u00edslo 7<\/li>\n\n\n\n<li>\u010c\u00edslo 8<\/li>\n\n\n\n<li>\u010c\u00edslo 9<\/li>\n<\/ul>\n\n\n\n<p class=\"wp-block-paragraph\"><em>(Odkazy a soubory ponech\u00e1\u0161 stejn\u00e9 jako na p\u016fvodn\u00ed str\u00e1nce.)<\/em><\/p>\n\n\n\n<hr class=\"wp-block-separator has-alpha-channel-opacity\"\/>\n\n\n\n<div class=\"wp-block-group is-layout-grid wp-container-core-group-is-layout-7d05cc0d wp-block-group-is-layout-grid\">\n<div class=\"wp-block-group has-global-padding is-layout-constrained wp-block-group-is-layout-constrained\">\n<h2 class=\"wp-block-heading has-text-align-center\">\u010c\u00edslo 0 pro dort<\/h2>\n\n\n\n<center><a href=\"https:\/\/kalendare365.eu\/wp-content\/uploads\/2023\/12\/Cisla-na-dorty-a4-0.pdf\" target=\"_blank\" rel=\"noopener\"><img loading=\"lazy\" decoding=\"async\" class=\"size-full wp-image-1308 aligncenter\" src=\"https:\/\/kalendare365.eu\/wp-content\/uploads\/2023\/12\/Cisla-na-dorty-a4-0.webp\" alt=\"\" width=\"500\" height=\"707\"><\/a><\/center>\n<\/div>\n\n\n\n<div class=\"wp-block-group has-global-padding is-layout-constrained wp-block-group-is-layout-constrained\">\n<h2 class=\"wp-block-heading has-text-align-center\">\u010c\u00edslo 1 pro dort<\/h2>\n\n\n\n<center><a href=\"https:\/\/kalendare365.eu\/wp-content\/uploads\/2023\/12\/Cisla-na-dorty-a4-1.pdf\" target=\"_blank\" rel=\"noopener\"><img loading=\"lazy\" decoding=\"async\" class=\"size-full wp-image-1308 aligncenter\" src=\"https:\/\/kalendare365.eu\/wp-content\/uploads\/2023\/12\/Cisla-na-dorty-a4-1.webp\" alt=\"\" width=\"500\" height=\"707\"><\/a><\/center>\n<\/div>\n\n\n\n<div class=\"wp-block-group has-global-padding is-layout-constrained wp-block-group-is-layout-constrained\">\n<h2 class=\"wp-block-heading has-text-align-center\">\u010c\u00edslo 2 pro dort<\/h2>\n\n\n\n<center><a href=\"https:\/\/kalendare365.eu\/wp-content\/uploads\/2023\/12\/Cisla-na-dorty-a4-2.pdf\" target=\"_blank\" rel=\"noopener\"><img loading=\"lazy\" decoding=\"async\" class=\"size-full wp-image-1308 aligncenter\" src=\"https:\/\/kalendare365.eu\/wp-content\/uploads\/2023\/12\/Cisla-na-dorty-a4-2.webp\" alt=\"\" width=\"500\" height=\"707\"><\/a><\/center>\n<\/div>\n\n\n\n<div class=\"wp-block-group has-global-padding is-layout-constrained wp-block-group-is-layout-constrained\">\n<h2 class=\"wp-block-heading has-text-align-center\">\u010c\u00edslo 3 pro dort<\/h2>\n\n\n\n<center><a href=\"https:\/\/kalendare365.eu\/wp-content\/uploads\/2023\/12\/Cisla-na-dorty-a4-3.pdf\" target=\"_blank\" rel=\"noopener\"><img loading=\"lazy\" decoding=\"async\" class=\"size-full wp-image-1308 aligncenter\" src=\"https:\/\/kalendare365.eu\/wp-content\/uploads\/2023\/12\/Cisla-na-dorty-a4-3.webp\" alt=\"\" width=\"500\" height=\"707\"><\/a><\/center>\n<\/div>\n\n\n\n<div class=\"wp-block-group has-global-padding is-layout-constrained wp-block-group-is-layout-constrained\">\n<h2 class=\"wp-block-heading has-text-align-center\">\u010c\u00edslo 4 pro dort<\/h2>\n\n\n\n<center><a href=\"https:\/\/kalendare365.eu\/wp-content\/uploads\/2023\/12\/Cisla-na-dorty-a4-4.pdf\" target=\"_blank\" rel=\"noopener\"><img loading=\"lazy\" decoding=\"async\" class=\"size-full wp-image-1308 aligncenter\" src=\"https:\/\/kalendare365.eu\/wp-content\/uploads\/2023\/12\/Cisla-na-dorty-a4-4.webp\" alt=\"\" width=\"500\" height=\"707\"><\/a><\/center>\n<\/div>\n\n\n\n<div class=\"wp-block-group has-global-padding is-layout-constrained wp-block-group-is-layout-constrained\">\n<h2 class=\"wp-block-heading has-text-align-center\">\u010c\u00edslo 5 pro dort<\/h2>\n\n\n\n<center><a href=\"https:\/\/kalendare365.eu\/wp-content\/uploads\/2023\/12\/Cisla-na-dorty-a4-5.pdf\" target=\"_blank\" rel=\"noopener\"><img loading=\"lazy\" decoding=\"async\" class=\"size-full wp-image-1308 aligncenter\" src=\"https:\/\/kalendare365.eu\/wp-content\/uploads\/2023\/12\/Cisla-na-dorty-a4-5.webp\" alt=\"\" width=\"500\" height=\"707\"><\/a><\/center>\n<\/div>\n\n\n\n<div class=\"wp-block-group has-global-padding is-layout-constrained wp-block-group-is-layout-constrained\">\n<h2 class=\"wp-block-heading has-text-align-center\">\u010c\u00edslo 6 pro dort<\/h2>\n\n\n\n<center><a href=\"https:\/\/kalendare365.eu\/wp-content\/uploads\/2023\/12\/Cisla-na-dorty-a4-6.pdf\" target=\"_blank\" rel=\"noopener\"><img loading=\"lazy\" decoding=\"async\" class=\"size-full wp-image-1308 aligncenter\" src=\"https:\/\/kalendare365.eu\/wp-content\/uploads\/2023\/12\/Cisla-na-dorty-a4-6.webp\" alt=\"\" width=\"500\" height=\"707\"><\/a><\/center>\n<\/div>\n\n\n\n<div class=\"wp-block-group has-global-padding is-layout-constrained wp-block-group-is-layout-constrained\">\n<h2 class=\"wp-block-heading has-text-align-center\">\u010c\u00edslo 7 pro dort<\/h2>\n\n\n\n<center><a href=\"https:\/\/kalendare365.eu\/wp-content\/uploads\/2023\/12\/Cisla-na-dorty-a4-7.pdf\" target=\"_blank\" rel=\"noopener\"><img loading=\"lazy\" decoding=\"async\" class=\"size-full wp-image-1308 aligncenter\" src=\"https:\/\/kalendare365.eu\/wp-content\/uploads\/2023\/12\/Cisla-na-dorty-a4-7.webp\" alt=\"\" width=\"500\" height=\"707\"><\/a><\/center>\n<\/div>\n\n\n\n<div class=\"wp-block-group has-global-padding is-layout-constrained wp-block-group-is-layout-constrained\">\n<h2 class=\"wp-block-heading has-text-align-center\">\u010c\u00edslo 8 pro dort<\/h2>\n\n\n\n<center><a href=\"https:\/\/kalendare365.eu\/wp-content\/uploads\/2023\/12\/Cisla-na-dorty-a4-8.pdf\" target=\"_blank\" rel=\"noopener\"><img loading=\"lazy\" decoding=\"async\" class=\"size-full wp-image-1308 aligncenter\" src=\"https:\/\/kalendare365.eu\/wp-content\/uploads\/2023\/12\/Cisla-na-dorty-a4-8.webp\" alt=\"\" width=\"500\" height=\"707\"><\/a><\/center>\n<\/div>\n\n\n\n<div class=\"wp-block-group has-global-padding is-layout-constrained wp-block-group-is-layout-constrained\">\n<h2 class=\"wp-block-heading has-text-align-center\">\u010c\u00edslo 9 pro dort<\/h2>\n\n\n\n<center><a href=\"https:\/\/kalendare365.eu\/wp-content\/uploads\/2023\/12\/Cisla-na-dorty-a4-9.pdf\" target=\"_blank\" rel=\"noopener\"><img loading=\"lazy\" decoding=\"async\" class=\"size-full wp-image-1308 aligncenter\" src=\"https:\/\/kalendare365.eu\/wp-content\/uploads\/2023\/12\/Cisla-na-dorty-a4-9.webp\" alt=\"\" width=\"500\" height=\"707\"><\/a><\/center>\n<\/div>\n<\/div>\n\n\n\n<h2 class=\"wp-block-heading\">Z\u00e1v\u011br<\/h2>\n\n\n\n<p class=\"wp-block-paragraph\">Dorty ve tvaru \u010d\u00edsel jsou kr\u00e1sn\u00fdm a efektn\u00edm zp\u016fsobem, jak oslavit d\u016fle\u017eit\u00e9 \u017eivotn\u00ed okam\u017eiky. D\u00edky na\u0161im \u0161ablon\u00e1m zvl\u00e1dne p\u0159\u00edpravu opravdu ka\u017ed\u00fd \u2013 sta\u010d\u00ed jen vytisknout, vyst\u0159ihnout a pustit se do tvo\u0159en\u00ed. A\u0165 u\u017e chyst\u00e1te malou rodinnou oslavu nebo velkou p\u00e1rty, s t\u011bmito \u0161ablonami bude v\u00e1\u0161 dort v\u017edy vypadat skv\u011ble.<\/p>\n","protected":false},"excerpt":{"rendered":"<p>Pl\u00e1nujete narozeninovou oslavu, v\u00fdro\u010d\u00ed nebo jinou v\u00fdjime\u010dnou ud\u00e1lost a chcete p\u0159ipravit dort, kter\u00fd opravdu zaujme? Dorty ve tvaru \u010d\u00edsel jsou skv\u011bl\u00fdm zp\u016fsobem, jak dodat oslav\u011b osobn\u00ed a origin\u00e1ln\u00ed n\u00e1dech. Aby byla p\u0159\u00edprava co nejjednodu\u0161\u0161\u00ed, p\u0159ipravili jsme pro v\u00e1s bezplatn\u00e9 tisknuteln\u00e9 \u0161ablony \u010d\u00edsel od 0 do 9, kter\u00e9 v\u00e1m pomohou vytvo\u0159it dokonale p\u0159esn\u00fd tvar. Co \u0161ablony [&hellip;]<\/p>\n","protected":false},"author":1,"featured_media":0,"comment_status":"open","ping_status":"closed","sticky":false,"template":"","format":"standard","meta":{"footnotes":""},"categories":[30],"tags":[],"class_list":["post-1307","post","type-post","status-publish","format-standard","hentry","category-stahnout-a-vytisknout"],"_links":{"self":[{"href":"https:\/\/kalendare365.eu\/index.php?rest_route=\/wp\/v2\/posts\/1307","targetHints":{"allow":["GET"]}}],"collection":[{"href":"https:\/\/kalendare365.eu\/index.php?rest_route=\/wp\/v2\/posts"}],"about":[{"href":"https:\/\/kalendare365.eu\/index.php?rest_route=\/wp\/v2\/types\/post"}],"author":[{"embeddable":true,"href":"https:\/\/kalendare365.eu\/index.php?rest_route=\/wp\/v2\/users\/1"}],"replies":[{"embeddable":true,"href":"https:\/\/kalendare365.eu\/index.php?rest_route=%2Fwp%2Fv2%2Fcomments&post=1307"}],"version-history":[{"count":3,"href":"https:\/\/kalendare365.eu\/index.php?rest_route=\/wp\/v2\/posts\/1307\/revisions"}],"predecessor-version":[{"id":3516,"href":"https:\/\/kalendare365.eu\/index.php?rest_route=\/wp\/v2\/posts\/1307\/revisions\/3516"}],"wp:attachment":[{"href":"https:\/\/kalendare365.eu\/index.php?rest_route=%2Fwp%2Fv2%2Fmedia&parent=1307"}],"wp:term":[{"taxonomy":"category","embeddable":true,"href":"https:\/\/kalendare365.eu\/index.php?rest_route=%2Fwp%2Fv2%2Fcategories&post=1307"},{"taxonomy":"post_tag","embeddable":true,"href":"https:\/\/kalendare365.eu\/index.php?rest_route=%2Fwp%2Fv2%2Ftags&post=1307"}],"curies":[{"name":"wp","href":"https:\/\/api.w.org\/{rel}","templated":true}]}}