{"id":132,"date":"2023-02-21T01:08:38","date_gmt":"2023-02-20T22:08:38","guid":{"rendered":"https:\/\/kalendare365.eu\/?p=132"},"modified":"2026-07-15T08:44:37","modified_gmt":"2026-07-15T05:44:37","slug":"stahnete-si-kalendar-srpen-2024","status":"publish","type":"post","link":"https:\/\/kalendare365.eu\/?p=132","title":{"rendered":"St\u00e1hn\u011bte si kalend\u00e1\u0159 srpen 2024"},"content":{"rendered":"\n<p class=\"wp-block-paragraph\">Srpen b\u00fdv\u00e1 pln\u00fd aktivit \u2013 od rodinn\u00fdch v\u00fdlet\u016f a\u017e po pracovn\u00ed \u00fakoly, kter\u00e9 se po letn\u00ed pauze za\u010d\u00ednaj\u00ed vracet do b\u011b\u017en\u00e9ho rytmu. P\u0159ehledn\u00fd kalend\u00e1\u0159 v\u00e1m umo\u017en\u00ed:<\/p>\n\n\n\n<ul class=\"wp-block-list\">\n<li>\ud83d\udccc l\u00e9pe organizovat \u010das,<\/li>\n\n\n\n<li>\ud83c\udfd6\ufe0f napl\u00e1novat dovolenou,<\/li>\n\n\n\n<li>\ud83d\uddc2\ufe0f sledovat d\u016fle\u017eit\u00e9 term\u00edny,<\/li>\n\n\n\n<li>\u270f\ufe0f zapisovat si pozn\u00e1mky a n\u00e1pady.<\/li>\n<\/ul>\n\n\n\n<h2 class=\"wp-block-heading\">\ud83d\udcc4 <strong>Kalend\u00e1\u0159 srpen 2024 ve form\u00e1tu Word (DOCX)<\/strong><\/h2>\n\n\n\n<p class=\"wp-block-paragraph\">Kalend\u00e1\u0159 ve Wordu je ide\u00e1ln\u00ed volbou pro ty, kte\u0159\u00ed cht\u011bj\u00ed m\u00edt mo\u017enost v\u0161e p\u0159izp\u016fsobit podle sebe.<\/p>\n\n\n\n<h3 class=\"wp-block-heading\">\u2728 V\u00fdhody form\u00e1tu Word<\/h3>\n\n\n\n<ul class=\"wp-block-list\">\n<li>\ud83d\udd8a\ufe0f mo\u017enost upravovat p\u00edsmo, barvy i rozvr\u017een\u00ed,<\/li>\n\n\n\n<li>\u2795 p\u0159id\u00e1v\u00e1n\u00ed vlastn\u00edch pozn\u00e1mek, \u00fakol\u016f \u010di p\u0159ipom\u00ednek,<\/li>\n\n\n\n<li>\ud83d\udcd0 flexibiln\u00ed form\u00e1t vhodn\u00fd pro osobn\u00ed i pracovn\u00ed pou\u017eit\u00ed.<\/li>\n<\/ul>\n\n\n\n<h3 class=\"wp-block-heading\">\u26a0\ufe0f Nev\u00fdhody<\/h3>\n\n\n\n<ul class=\"wp-block-list\">\n<li>\ud83d\udcbb vy\u017eaduje program Microsoft Word nebo kompatibiln\u00ed editor.<\/li>\n<\/ul>\n\n\n\n<h2 class=\"wp-block-heading\">\ud83d\uddbc\ufe0f <strong>Kalend\u00e1\u0159 srpen 2024 ve form\u00e1tu PNG<\/strong><\/h2>\n\n\n\n<p class=\"wp-block-paragraph\">Pokud hled\u00e1te jednoduch\u00e9 a rychl\u00e9 \u0159e\u0161en\u00ed, obr\u00e1zkov\u00fd kalend\u00e1\u0159 PNG je ide\u00e1ln\u00ed.<\/p>\n\n\n\n<h3 class=\"wp-block-heading\">\u2728 V\u00fdhody form\u00e1tu PNG<\/h3>\n\n\n\n<ul class=\"wp-block-list\">\n<li>\u26a1 okam\u017eit\u00e9 sta\u017een\u00ed bez nutnosti \u00faprav,<\/li>\n\n\n\n<li>\ud83d\udda8\ufe0f perfektn\u00ed pro tisk na jak\u00fdkoli typ pap\u00edru,<\/li>\n\n\n\n<li>\ud83d\udcf1 snadn\u00e9 ulo\u017een\u00ed do telefonu \u010di tabletu.<\/li>\n<\/ul>\n\n\n\n<h3 class=\"wp-block-heading\">\u26a0\ufe0f Nev\u00fdhody<\/h3>\n\n\n\n<ul class=\"wp-block-list\">\n<li>\u270f\ufe0f nelze upravovat text ani rozvr\u017een\u00ed.<\/li>\n<\/ul>\n\n\n\n<h2 class=\"wp-block-heading\">\ud83d\udca1 <strong>Tipy pro pou\u017e\u00edv\u00e1n\u00ed kalend\u00e1\u0159e srpen 2024<\/strong><\/h2>\n\n\n\n<ul class=\"wp-block-list\">\n<li>\u2b50 vyberte si form\u00e1t, kter\u00fd nejl\u00e9pe odpov\u00edd\u00e1 va\u0161emu stylu pl\u00e1nov\u00e1n\u00ed,<\/li>\n\n\n\n<li>\ud83d\udcdd ve Wordu si kalend\u00e1\u0159 p\u0159izp\u016fsobte \u2013 dopl\u0148te pozn\u00e1mky, \u00fakoly \u010di barevn\u00e9 ozna\u010den\u00ed,<\/li>\n\n\n\n<li>\ud83d\udda8\ufe0f PNG verzi si vytiskn\u011bte a um\u00edst\u011bte na viditeln\u00e9 m\u00edsto,<\/li>\n\n\n\n<li>\ud83d\udc65 m\u016f\u017eete si vytisknout v\u00edce kopi\u00ed a sd\u00edlet je s rodinou nebo kolegy,<\/li>\n\n\n\n<li>\ud83d\udcf2 ulo\u017ete si kalend\u00e1\u0159 do mobilu a pou\u017e\u00edvejte ho jako digit\u00e1ln\u00ed pl\u00e1nova\u010d.<\/li>\n<\/ul>\n\n\n\n<h2 class=\"wp-block-heading has-text-align-center\">Pl\u00e1nova\u010d kalend\u00e1\u0159e srpen 2024<\/h2>\n\n\n\n<center><img decoding=\"async\" class=\"alignnone size-full wp-image-32\" src=\"https:\/\/kalendare365.eu\/wp-content\/uploads\/2023\/02\/planovac-kalendare-srpen-2024.webp\" alt=\"\" width=\"500\" height=\"100%\"><\/center>\n\n\n\n<p class=\"has-text-align-center wp-block-paragraph\"><a href=\"https:\/\/kalendare365.eu\/wp-content\/uploads\/2023\/02\/planovac-kalendare-srpen-2024.pdf\" target=\"_blank\" rel=\"noopener\">PDF<\/a> &#8212; <a href=\"https:\/\/kalendare365.eu\/wp-content\/uploads\/2023\/02\/planovac-kalendare-srpen-2024.docx\" target=\"_blank\" rel=\"noopener\">DOCx<\/a> &#8212; <a href=\"https:\/\/kalendare365.eu\/wp-content\/uploads\/2023\/02\/planovac-kalendare-srpen-2024.png\" target=\"_blank\" rel=\"noopener\">PNG<\/a><\/p>\n\n\n\n<h2 class=\"wp-block-heading has-text-align-center\">Kalend\u00e1\u0159 srpen 2024 s velk\u00fdmi \u010d\u00edsly<\/h2>\n\n\n\n<center><img decoding=\"async\" class=\"alignnone size-full wp-image-32\" src=\"https:\/\/kalendare365.eu\/wp-content\/uploads\/2023\/02\/kalendar-srpen-2024-s-velkymi-cisly.webp\" alt=\"\" width=\"500\" height=\"100%\"><\/center>\n\n\n\n<p class=\"has-text-align-center wp-block-paragraph\"><a href=\"https:\/\/kalendare365.eu\/wp-content\/uploads\/2023\/02\/kalendar-srpen-2024-s-velkymi-cisly.pdf\" target=\"_blank\" rel=\"noopener\">PDF<\/a> &#8212; <a href=\"https:\/\/kalendare365.eu\/wp-content\/uploads\/2023\/02\/kalendar-srpen-2024-s-velkymi-cisly.docx\" target=\"_blank\" rel=\"noopener\">DOCx<\/a> &#8212; <a href=\"https:\/\/kalendare365.eu\/wp-content\/uploads\/2023\/02\/kalendar-srpen-2024-s-velkymi-cisly.png\" target=\"_blank\" rel=\"noopener\">PNG<\/a><\/p>\n\n\n\n<h2 class=\"wp-block-heading has-text-align-center\">Vertik\u00e1ln\u00ed pl\u00e1nova\u010d kalend\u00e1\u0159e na srpen 2024<\/h2>\n\n\n\n<center><img decoding=\"async\" class=\"alignnone size-full wp-image-32\" src=\"https:\/\/kalendare365.eu\/wp-content\/uploads\/2023\/02\/vertikalni-planovac-kalendare-na-srpen-2024.webp\" alt=\"\" width=\"500\" height=\"100%\"><\/center>\n\n\n\n<p class=\"has-text-align-center wp-block-paragraph\"><a href=\"https:\/\/kalendare365.eu\/wp-content\/uploads\/2023\/02\/vertikalni-planovac-kalendare-na-srpen-2024.pdf\" target=\"_blank\" rel=\"noopener\">PDF<\/a> &#8212; <a href=\"https:\/\/kalendare365.eu\/wp-content\/uploads\/2023\/02\/vertikalni-planovac-kalendare-na-srpen-2024.docx\" target=\"_blank\" rel=\"noopener\">DOCx<\/a> &#8212; <a href=\"https:\/\/kalendare365.eu\/wp-content\/uploads\/2023\/02\/vertikalni-planovac-kalendare-na-srpen-2024.png\" target=\"_blank\" rel=\"noopener\">PNG<\/a><\/p>\n\n\n\n<h2 class=\"wp-block-heading has-text-align-center\">Kalend\u00e1\u0159 srpen 2024 s p\u0159edchoz\u00edm a p\u0159\u00ed\u0161t\u00edm m\u011bs\u00edcem<\/h2>\n\n\n\n<center><img decoding=\"async\" class=\"alignnone size-full wp-image-32\" src=\"https:\/\/kalendare365.eu\/wp-content\/uploads\/2023\/02\/kalendar-srpen-2024-s-predchozim-a-pristim-mesicem.webp\" alt=\"\" width=\"500\" height=\"100%\"><\/center>\n\n\n\n<p class=\"has-text-align-center wp-block-paragraph\"><a href=\"https:\/\/kalendare365.eu\/wp-content\/uploads\/2023\/02\/kalendar-srpen-2024-s-predchozim-a-pristim-mesicem.pdf\" target=\"_blank\" rel=\"noopener\">PDF<\/a> &#8212; <a href=\"https:\/\/kalendare365.eu\/wp-content\/uploads\/2023\/02\/kalendar-srpen-2024-s-predchozim-a-pristim-mesicem.docx\" target=\"_blank\" rel=\"noopener\">DOCx<\/a> &#8212; <a href=\"https:\/\/kalendare365.eu\/wp-content\/uploads\/2023\/02\/kalendar-srpen-2024-s-predchozim-a-pristim-mesicem.png\" target=\"_blank\" rel=\"noopener\">PNG<\/a><\/p>\n\n\n\n<h2 class=\"wp-block-heading has-text-align-center\">Kr\u00e1sn\u00fd kalend\u00e1\u0159 srpen 2024<\/h2>\n\n\n\n<center><img decoding=\"async\" class=\"alignnone size-full wp-image-32\" src=\"https:\/\/kalendare365.eu\/wp-content\/uploads\/2023\/02\/krasny-kalendar-srpen-2024.webp\" alt=\"\" width=\"500\" height=\"100%\"><\/center>\n\n\n\n<p class=\"has-text-align-center wp-block-paragraph\"><a href=\"https:\/\/kalendare365.eu\/wp-content\/uploads\/2023\/02\/krasny-kalendar-srpen-2024.pdf\" target=\"_blank\" rel=\"noopener\">PDF<\/a> &#8212; <a href=\"https:\/\/kalendare365.eu\/wp-content\/uploads\/2023\/02\/krasny-kalendar-srpen-2024.docx\" target=\"_blank\" rel=\"noopener\">DOCx<\/a> &#8212; <a href=\"https:\/\/kalendare365.eu\/wp-content\/uploads\/2023\/02\/krasny-kalendar-srpen-2024.png\" target=\"_blank\" rel=\"noopener\">PNG<\/a><\/p>\n\n\n\n<h2 class=\"wp-block-heading has-text-align-center\">Fotokalend\u00e1\u0159 srpen 2024<\/h2>\n\n\n\n<center><img decoding=\"async\" class=\"alignnone size-full wp-image-32\" src=\"https:\/\/kalendare365.eu\/wp-content\/uploads\/2023\/02\/fotokalendar-srpen-2024.webp\" alt=\"\" width=\"500\" height=\"100%\"><\/center>\n\n\n\n<p class=\"has-text-align-center wp-block-paragraph\"><a href=\"https:\/\/kalendare365.eu\/wp-content\/uploads\/2023\/02\/fotokalendar-srpen-2024.pdf\" target=\"_blank\" rel=\"noopener\">PDF<\/a> &#8212; <a href=\"https:\/\/kalendare365.eu\/wp-content\/uploads\/2023\/02\/fotokalendar-srpen-2024.docx\" target=\"_blank\" rel=\"noopener\">DOCx<\/a> &#8212; <a href=\"https:\/\/kalendare365.eu\/wp-content\/uploads\/2023\/02\/fotokalendar-srpen-2024.png\" target=\"_blank\" rel=\"noopener\">PNG<\/a><\/p>\n\n\n\n<h2 class=\"wp-block-heading has-text-align-center\">Kr\u00e1sn\u00fd pl\u00e1nova\u010d kalend\u00e1\u0159e srpen 2024<\/h2>\n\n\n\n<center><img decoding=\"async\" class=\"alignnone size-full wp-image-32\" src=\"https:\/\/kalendare365.eu\/wp-content\/uploads\/2023\/02\/krasny-planovac-kalendare-srpen-2024.webp\" alt=\"\" width=\"500\" height=\"100%\"><\/center>\n\n\n\n<p class=\"has-text-align-center wp-block-paragraph\"><a href=\"https:\/\/kalendare365.eu\/wp-content\/uploads\/2023\/02\/krasny-planovac-kalendare-srpen-2024.pdf\" target=\"_blank\" rel=\"noopener\">PDF<\/a> &#8212; <a href=\"https:\/\/kalendare365.eu\/wp-content\/uploads\/2023\/02\/krasny-planovac-kalendare-srpen-2024.docx\" target=\"_blank\" rel=\"noopener\">DOCx<\/a> &#8212; <a href=\"https:\/\/kalendare365.eu\/wp-content\/uploads\/2023\/02\/krasny-planovac-kalendare-srpen-2024.png\" target=\"_blank\" rel=\"noopener\">PNG<\/a><\/p>\n\n\n\n<h2 class=\"wp-block-heading has-text-align-center\">Kalend\u00e1\u0159 srpen 2024 s pozn\u00e1mkami<\/h2>\n\n\n\n<center><img decoding=\"async\" class=\"alignnone size-full wp-image-32\" src=\"https:\/\/kalendare365.eu\/wp-content\/uploads\/2023\/02\/kalendar-srpen-2024-s-poznamkami.webp\" alt=\"\" width=\"500\" height=\"100%\"><\/center>\n\n\n\n<p class=\"has-text-align-center wp-block-paragraph\"><a href=\"https:\/\/kalendare365.eu\/wp-content\/uploads\/2023\/02\/kalendar-srpen-2024-s-poznamkami.pdf\" target=\"_blank\" rel=\"noopener\">PDF<\/a> &#8212; <a href=\"https:\/\/kalendare365.eu\/wp-content\/uploads\/2023\/02\/kalendar-srpen-2024-s-poznamkami.docx\" target=\"_blank\" rel=\"noopener\">DOCx<\/a> &#8212; <a href=\"https:\/\/kalendare365.eu\/wp-content\/uploads\/2023\/02\/kalendar-srpen-2024-s-poznamkami.png\" target=\"_blank\" rel=\"noopener\">PNG<\/a><\/p>\n\n\n\n<h2 class=\"wp-block-heading\">\ud83e\udded <strong>Z\u00e1v\u011br<\/strong><\/h2>\n\n\n\n<p class=\"wp-block-paragraph\">Kalend\u00e1\u0159 na srpen 2024 je praktick\u00fdm pomocn\u00edkem, kter\u00fd v\u00e1m pom\u016f\u017ee udr\u017eet p\u0159ehled o va\u0161ich pl\u00e1nech b\u011bhem letn\u00edch dn\u00ed. A\u0165 u\u017e zvol\u00edte upraviteln\u00fd Word nebo jednoduch\u00fd PNG, oba form\u00e1ty v\u00e1m nab\u00eddnou pohodln\u00fd zp\u016fsob, jak si organizovat \u010das. Vyberte si ten, kter\u00fd v\u00e1m nejv\u00edce vyhovuje, a u\u017eijte si srpen naplno \u2013 s jasn\u00fdm pl\u00e1nem a bez stresu.<\/p>\n","protected":false},"excerpt":{"rendered":"<p>Srpen b\u00fdv\u00e1 pln\u00fd aktivit \u2013 od rodinn\u00fdch v\u00fdlet\u016f a\u017e po pracovn\u00ed \u00fakoly, kter\u00e9 se po letn\u00ed pauze za\u010d\u00ednaj\u00ed vracet do b\u011b\u017en\u00e9ho rytmu. P\u0159ehledn\u00fd kalend\u00e1\u0159 v\u00e1m umo\u017en\u00ed: \ud83d\udcc4 Kalend\u00e1\u0159 srpen 2024 ve form\u00e1tu Word (DOCX) Kalend\u00e1\u0159 ve Wordu je ide\u00e1ln\u00ed volbou pro ty, kte\u0159\u00ed cht\u011bj\u00ed m\u00edt mo\u017enost v\u0161e p\u0159izp\u016fsobit podle sebe. \u2728 V\u00fdhody form\u00e1tu Word \u26a0\ufe0f [&hellip;]<\/p>\n","protected":false},"author":1,"featured_media":0,"comment_status":"open","ping_status":"closed","sticky":false,"template":"","format":"standard","meta":{"footnotes":""},"categories":[12],"tags":[21],"class_list":["post-132","post","type-post","status-publish","format-standard","hentry","category-srpen","tag-21"],"_links":{"self":[{"href":"https:\/\/kalendare365.eu\/index.php?rest_route=\/wp\/v2\/posts\/132","targetHints":{"allow":["GET"]}}],"collection":[{"href":"https:\/\/kalendare365.eu\/index.php?rest_route=\/wp\/v2\/posts"}],"about":[{"href":"https:\/\/kalendare365.eu\/index.php?rest_route=\/wp\/v2\/types\/post"}],"author":[{"embeddable":true,"href":"https:\/\/kalendare365.eu\/index.php?rest_route=\/wp\/v2\/users\/1"}],"replies":[{"embeddable":true,"href":"https:\/\/kalendare365.eu\/index.php?rest_route=%2Fwp%2Fv2%2Fcomments&post=132"}],"version-history":[{"count":3,"href":"https:\/\/kalendare365.eu\/index.php?rest_route=\/wp\/v2\/posts\/132\/revisions"}],"predecessor-version":[{"id":3769,"href":"https:\/\/kalendare365.eu\/index.php?rest_route=\/wp\/v2\/posts\/132\/revisions\/3769"}],"wp:attachment":[{"href":"https:\/\/kalendare365.eu\/index.php?rest_route=%2Fwp%2Fv2%2Fmedia&parent=132"}],"wp:term":[{"taxonomy":"category","embeddable":true,"href":"https:\/\/kalendare365.eu\/index.php?rest_route=%2Fwp%2Fv2%2Fcategories&post=132"},{"taxonomy":"post_tag","embeddable":true,"href":"https:\/\/kalendare365.eu\/index.php?rest_route=%2Fwp%2Fv2%2Ftags&post=132"}],"curies":[{"name":"wp","href":"https:\/\/api.w.org\/{rel}","templated":true}]}}