{"id":134,"date":"2023-02-21T01:09:39","date_gmt":"2023-02-20T22:09:39","guid":{"rendered":"https:\/\/kalendare365.eu\/?p=134"},"modified":"2026-08-03T09:57:00","modified_gmt":"2026-08-03T06:57:00","slug":"stahnete-si-kalendar-zari-2021","status":"publish","type":"post","link":"https:\/\/kalendare365.eu\/?p=134","title":{"rendered":"St\u00e1hn\u011bte si kalend\u00e1\u0159 z\u00e1\u0159\u00ed 2021"},"content":{"rendered":"\n<p class=\"wp-block-paragraph\">Kalend\u00e1\u0159 pro <strong>z\u00e1\u0159\u00ed 2021<\/strong> m\u016f\u017ee b\u00fdt u\u017eite\u010dn\u00fd i dnes \u2014 a\u0165 u\u017e pro zp\u011btn\u00e9 pl\u00e1nov\u00e1n\u00ed, porovn\u00e1n\u00ed ud\u00e1lost\u00ed, archivaci nebo kreativn\u00ed projekty. N\u00ed\u017ee najdete <strong>nejlep\u0161\u00ed, nejstrukturovan\u011bj\u0161\u00ed a nejp\u0159ehledn\u011bj\u0161\u00ed \u010dl\u00e1nek<\/strong>, kter\u00fd v\u00e1m pom\u016f\u017ee vybrat ide\u00e1ln\u00ed form\u00e1t, styl i zp\u016fsob vyu\u017eit\u00ed.<\/p>\n\n\n\n<h2 class=\"wp-block-heading\">\ud83c\udf1f <strong>\u00davod: Pro\u010d m\u00e1 smysl stahovat kalend\u00e1\u0159 z minulosti?<\/strong><\/h2>\n\n\n\n<p class=\"wp-block-paragraph\">Kalend\u00e1\u0159e nejsou jen n\u00e1strojem pro pl\u00e1nov\u00e1n\u00ed budoucnosti. \u010casto slou\u017e\u00ed tak\u00e9 jako <strong>archivn\u00ed materi\u00e1l<\/strong>, pom\u016fcka pro anal\u00fdzu minul\u00fdch aktivit nebo inspirace pro tvorbu vlastn\u00edch pl\u00e1nova\u010d\u016f. Kalend\u00e1\u0159 <strong>z\u00e1\u0159\u00ed 2021<\/strong> m\u016f\u017ee b\u00fdt u\u017eite\u010dn\u00fd nap\u0159\u00edklad p\u0159i:<\/p>\n\n\n\n<ul class=\"wp-block-list\">\n<li>zp\u011btn\u00e9m sledov\u00e1n\u00ed pracovn\u00edch \u010di osobn\u00edch projekt\u016f<\/li>\n\n\n\n<li>porovn\u00e1v\u00e1n\u00ed term\u00edn\u016f a ud\u00e1lost\u00ed<\/li>\n\n\n\n<li>tvorb\u011b kreativn\u00edch den\u00edk\u016f a scrapbook\u016f<\/li>\n\n\n\n<li>pl\u00e1nov\u00e1n\u00ed budouc\u00edch aktivit podle podobn\u00e9ho rozlo\u017een\u00ed dn\u00ed<\/li>\n<\/ul>\n\n\n\n<p class=\"wp-block-paragraph\">Pokud hled\u00e1te konkr\u00e9tn\u00ed form\u00e1t, design nebo mo\u017enost \u00faprav, n\u00ed\u017ee najdete v\u0161e p\u0159ehledn\u011b rozd\u011blen\u00e9.<\/p>\n\n\n\n<h2 class=\"wp-block-heading\">\ud83d\uddc2\ufe0f <strong>Form\u00e1ty kalend\u00e1\u0159e z\u00e1\u0159\u00ed 2021<\/strong><\/h2>\n\n\n\n<h3 class=\"wp-block-heading\">\ud83d\udcc4 <strong>A4 form\u00e1t<\/strong><\/h3>\n\n\n\n<p class=\"wp-block-paragraph\">Ide\u00e1ln\u00ed pro tisk na b\u011b\u017enou dom\u00e1c\u00ed tisk\u00e1rnu.<\/p>\n\n\n\n<ul class=\"wp-block-list\">\n<li>P\u0159ehled v\u0161ech dn\u00ed na jednom listu<\/li>\n\n\n\n<li>Vhodn\u00e9 pro kancel\u00e1\u0159sk\u00e9 pou\u017eit\u00ed<\/li>\n\n\n\n<li>Snadn\u00e9 vlo\u017een\u00ed do po\u0159ada\u010d\u016f<\/li>\n<\/ul>\n\n\n\n<h3 class=\"wp-block-heading\">\u2195 <strong>Vertik\u00e1ln\u00ed form\u00e1t<\/strong><\/h3>\n\n\n\n<p class=\"wp-block-paragraph\">Klasick\u00fd vzhled kalend\u00e1\u0159e, kter\u00fd zn\u00e1te ze st\u011bn a di\u00e1\u0159\u016f.<\/p>\n\n\n\n<ul class=\"wp-block-list\">\n<li>V\u00edce prostoru pro pozn\u00e1mky<\/li>\n\n\n\n<li>P\u0159ehledn\u00e9 \u0159azen\u00ed t\u00fddn\u016f<\/li>\n\n\n\n<li>Skv\u011bl\u00e9 pro pl\u00e1nov\u00e1n\u00ed \u00fakol\u016f<\/li>\n<\/ul>\n\n\n\n<h3 class=\"wp-block-heading\">\u2194 <strong>Horizont\u00e1ln\u00ed form\u00e1t<\/strong><\/h3>\n\n\n\n<p class=\"wp-block-paragraph\">Modern\u00ed a vizu\u00e1ln\u011b \u010dist\u00fd styl.<\/p>\n\n\n\n<ul class=\"wp-block-list\">\n<li>Vyu\u017e\u00edv\u00e1 \u0161\u00ed\u0159ku str\u00e1nky<\/li>\n\n\n\n<li>Dob\u0159e se hod\u00ed na n\u00e1st\u011bnky<\/li>\n\n\n\n<li>P\u0159ehledn\u00e9 bloky dn\u00ed<\/li>\n<\/ul>\n\n\n\n<h2 class=\"wp-block-heading\">\ud83c\udfa8 <strong>Barevn\u00e9 varianty<\/strong><\/h2>\n\n\n\n<h3 class=\"wp-block-heading\">\ud83c\udf08 <strong>Barevn\u00fd design<\/strong><\/h3>\n\n\n\n<ul class=\"wp-block-list\">\n<li>Pestr\u00e9 barvy<\/li>\n\n\n\n<li>Vysok\u00e1 \u010ditelnost<\/li>\n\n\n\n<li>Vhodn\u00e9 pro dom\u00e1c\u00ed i kreativn\u00ed pou\u017eit\u00ed<\/li>\n<\/ul>\n\n\n\n<h3 class=\"wp-block-heading\">\u26ab <strong>\u010cernob\u00edl\u00fd design<\/strong><\/h3>\n\n\n\n<ul class=\"wp-block-list\">\n<li>Minimalistick\u00fd styl<\/li>\n\n\n\n<li>\u00daspora inkoustu<\/li>\n\n\n\n<li>Elegantn\u00ed vzhled pro kancel\u00e1\u0159<\/li>\n<\/ul>\n\n\n\n<h2 class=\"wp-block-heading\">\ud83d\udcc1 <strong>Dostupn\u00e9 soubory ke sta\u017een\u00ed<\/strong><\/h2>\n\n\n\n<h3 class=\"wp-block-heading\">\ud83d\uddbc\ufe0f <strong>PNG<\/strong><\/h3>\n\n\n\n<ul class=\"wp-block-list\">\n<li>Skv\u011bl\u00e9 pro online pou\u017eit\u00ed<\/li>\n\n\n\n<li>Vhodn\u00e9 pro prezentace a grafick\u00e9 projekty<\/li>\n<\/ul>\n\n\n\n<h3 class=\"wp-block-heading\">\ud83d\udcc4 <strong>PDF<\/strong><\/h3>\n\n\n\n<ul class=\"wp-block-list\">\n<li>Univerz\u00e1ln\u00ed form\u00e1t<\/li>\n\n\n\n<li>Perfektn\u00ed pro tisk<\/li>\n\n\n\n<li>Stabiln\u00ed rozlo\u017een\u00ed prvk\u016f<\/li>\n<\/ul>\n\n\n\n<h3 class=\"wp-block-heading\">\ud83d\udcdd <strong>DOCX<\/strong><\/h3>\n\n\n\n<ul class=\"wp-block-list\">\n<li>Mo\u017enost \u00faprav v Microsoft Word<\/li>\n\n\n\n<li>P\u0159id\u00e1v\u00e1n\u00ed vlastn\u00edch pozn\u00e1mek, barev a grafiky<\/li>\n<\/ul>\n\n\n\n<h2 class=\"wp-block-heading\">\u270f\ufe0f <strong>Dal\u0161\u00ed u\u017eite\u010dn\u00e9 funkce<\/strong><\/h2>\n\n\n\n<h3 class=\"wp-block-heading\">\ud83d\udd22 <strong>Velk\u00e9 \u010d\u00edslice<\/strong><\/h3>\n\n\n\n<ul class=\"wp-block-list\">\n<li>Snadn\u00e1 \u010ditelnost<\/li>\n\n\n\n<li>Vhodn\u00e9 pro seniory nebo osoby se zrakov\u00fdm omezen\u00edm<\/li>\n<\/ul>\n\n\n\n<h3 class=\"wp-block-heading\">\ud83d\uddd2\ufe0f <strong>M\u00edsto pro pozn\u00e1mky<\/strong><\/h3>\n\n\n\n<ul class=\"wp-block-list\">\n<li>Prostor u ka\u017ed\u00e9ho dne<\/li>\n\n\n\n<li>Skv\u011bl\u00e9 pro pl\u00e1nov\u00e1n\u00ed sch\u016fzek, \u00fakol\u016f \u010di osobn\u00edch aktivit<\/li>\n<\/ul>\n\n\n\n<h2 class=\"wp-block-heading\">\ud83c\udf10 <strong>Kde naj\u00edt kalend\u00e1\u0159 z\u00e1\u0159\u00ed 2021 online<\/strong><\/h2>\n\n\n\n<p class=\"wp-block-paragraph\">Kalend\u00e1\u0159 z roku 2021 je st\u00e1le dostupn\u00fd na mnoha str\u00e1nk\u00e1ch, kter\u00e9 archivuj\u00ed star\u0161\u00ed m\u011bs\u00ed\u010dn\u00ed p\u0159ehledy. M\u016f\u017eete si vybrat form\u00e1t, kter\u00fd v\u00e1m vyhovuje, a pou\u017e\u00edt ho nap\u0159\u00edklad jako:<\/p>\n\n\n\n<ul class=\"wp-block-list\">\n<li>inspiraci pro tvorbu vlastn\u00edch kalend\u00e1\u0159\u016f<\/li>\n\n\n\n<li>pl\u00e1nova\u010d pozn\u00e1mek<\/li>\n\n\n\n<li>dekoraci na n\u00e1st\u011bnku<\/li>\n\n\n\n<li>sou\u010d\u00e1st scrapbooku nebo den\u00edku<\/li>\n<\/ul>\n\n\n\n<p class=\"wp-block-paragraph\">Pokud hled\u00e1te aktu\u00e1ln\u00ed kalend\u00e1\u0159e, zkuste vyhledat <strong>kalend\u00e1\u0159 2024<\/strong>.<\/p>\n\n\n\n<h2 class=\"wp-block-heading has-text-align-center\">Pl\u00e1nova\u010d kalend\u00e1\u0159e zari 2021<\/h2>\n\n\n\n<center><img decoding=\"async\" class=\"alignnone size-full wp-image-32\" src=\"https:\/\/kalendare365.eu\/wp-content\/uploads\/2023\/02\/planovac-kalendare-zari-2021.webp\" alt=\"\" width=\"500\" height=\"100%\"><\/center>\n\n\n\n<p class=\"has-text-align-center wp-block-paragraph\"><a href=\"https:\/\/kalendare365.eu\/wp-content\/uploads\/2023\/02\/planovac-kalendare-zari-2021.pdf\" target=\"_blank\" rel=\"noopener\">PDF<\/a> &#8212; <a href=\"https:\/\/kalendare365.eu\/wp-content\/uploads\/2023\/02\/planovac-kalendare-zari-2021.docx\" target=\"_blank\" rel=\"noopener\">DOCx<\/a> &#8212; <a href=\"https:\/\/kalendare365.eu\/wp-content\/uploads\/2023\/02\/planovac-kalendare-zari-2021.png\" target=\"_blank\" rel=\"noopener\">PNG<\/a><\/p>\n\n\n\n<h2 class=\"wp-block-heading has-text-align-center\">Kalend\u00e1\u0159 zari 2021 s velk\u00fdmi \u010d\u00edsly<\/h2>\n\n\n\n<center><img decoding=\"async\" class=\"alignnone size-full wp-image-32\" src=\"https:\/\/kalendare365.eu\/wp-content\/uploads\/2023\/02\/kalendar-zari-2021-s-velkymi-cisly.webp\" alt=\"\" width=\"500\" height=\"100%\"><\/center>\n\n\n\n<p class=\"has-text-align-center wp-block-paragraph\"><a href=\"https:\/\/kalendare365.eu\/wp-content\/uploads\/2023\/02\/kalendar-zari-2021-s-velkymi-cisly.pdf\" target=\"_blank\" rel=\"noopener\">PDF<\/a> &#8212; <a href=\"https:\/\/kalendare365.eu\/wp-content\/uploads\/2023\/02\/kalendar-zari-2021-s-velkymi-cisly.docx\" target=\"_blank\" rel=\"noopener\">DOCx<\/a> &#8212; <a href=\"https:\/\/kalendare365.eu\/wp-content\/uploads\/2023\/02\/kalendar-zari-2021-s-velkymi-cisly.png\" target=\"_blank\" rel=\"noopener\">PNG<\/a><\/p>\n\n\n\n<h2 class=\"wp-block-heading has-text-align-center\">Vertik\u00e1ln\u00ed pl\u00e1nova\u010d kalend\u00e1\u0159e na zari 2021<\/h2>\n\n\n\n<center><img decoding=\"async\" class=\"alignnone size-full wp-image-32\" src=\"https:\/\/kalendare365.eu\/wp-content\/uploads\/2023\/02\/vertikalni-planovac-kalendare-na-zari-2021.webp\" alt=\"\" width=\"500\" height=\"100%\"><\/center>\n\n\n\n<p class=\"has-text-align-center wp-block-paragraph\"><a href=\"https:\/\/kalendare365.eu\/wp-content\/uploads\/2023\/02\/vertikalni-planovac-kalendare-na-zari-2021.pdf\" target=\"_blank\" rel=\"noopener\">PDF<\/a> &#8212; <a href=\"https:\/\/kalendare365.eu\/wp-content\/uploads\/2023\/02\/vertikalni-planovac-kalendare-na-zari-2021.docx\" target=\"_blank\" rel=\"noopener\">DOCx<\/a> &#8212; <a href=\"https:\/\/kalendare365.eu\/wp-content\/uploads\/2023\/02\/vertikalni-planovac-kalendare-na-zari-2021.png\" target=\"_blank\" rel=\"noopener\">PNG<\/a><\/p>\n\n\n\n<h2 class=\"wp-block-heading has-text-align-center\">Kalend\u00e1\u0159 zari 2021 s p\u0159edchoz\u00edm a p\u0159\u00ed\u0161t\u00edm m\u011bs\u00edcem<\/h2>\n\n\n\n<center><img decoding=\"async\" class=\"alignnone size-full wp-image-32\" src=\"https:\/\/kalendare365.eu\/wp-content\/uploads\/2023\/02\/kalendar-zari-2021-s-predchozim-a-pristim-mesicem.webp\" alt=\"\" width=\"500\" height=\"100%\"><\/center>\n\n\n\n<p class=\"has-text-align-center wp-block-paragraph\"><a href=\"https:\/\/kalendare365.eu\/wp-content\/uploads\/2023\/02\/kalendar-zari-2021-s-predchozim-a-pristim-mesicem.pdf\" target=\"_blank\" rel=\"noopener\">PDF<\/a> &#8212; <a href=\"https:\/\/kalendare365.eu\/wp-content\/uploads\/2023\/02\/kalendar-zari-2021-s-predchozim-a-pristim-mesicem.docx\" target=\"_blank\" rel=\"noopener\">DOCx<\/a> &#8212; <a href=\"https:\/\/kalendare365.eu\/wp-content\/uploads\/2023\/02\/kalendar-zari-2021-s-predchozim-a-pristim-mesicem.png\" target=\"_blank\" rel=\"noopener\">PNG<\/a><\/p>\n\n\n\n<h2 class=\"wp-block-heading has-text-align-center\">Kr\u00e1sn\u00fd kalend\u00e1\u0159 zari 2021<\/h2>\n\n\n\n<center><img decoding=\"async\" class=\"alignnone size-full wp-image-32\" src=\"https:\/\/kalendare365.eu\/wp-content\/uploads\/2023\/02\/krasny-kalendar-zari-2021.webp\" alt=\"\" width=\"500\" height=\"100%\"><\/center>\n\n\n\n<p class=\"wp-block-paragraph\"><a href=\"https:\/\/kalendare365.eu\/wp-content\/uploads\/2023\/02\/krasny-kalendar-zari-2021.pdf\" target=\"_blank\" rel=\"noopener\">PDF<\/a> &#8212; <a href=\"https:\/\/kalendare365.eu\/wp-content\/uploads\/2023\/02\/krasny-kalendar-zari-2021.docx\" target=\"_blank\" rel=\"noopener\">DOCx<\/a> &#8212; <a href=\"https:\/\/kalendare365.eu\/wp-content\/uploads\/2023\/02\/krasny-kalendar-zari-2021.png\" target=\"_blank\" rel=\"noopener\">PNG<\/a><\/p>\n\n\n\n<h2 class=\"wp-block-heading has-text-align-center\">Fotokalend\u00e1\u0159 zari 2021<\/h2>\n\n\n\n<center><img decoding=\"async\" class=\"alignnone size-full wp-image-32\" src=\"https:\/\/kalendare365.eu\/wp-content\/uploads\/2023\/02\/fotokalendar-zari-2021.webp\" alt=\"\" width=\"500\" height=\"100%\"><\/center>\n\n\n\n<p class=\"has-text-align-center wp-block-paragraph\"><a href=\"https:\/\/kalendare365.eu\/wp-content\/uploads\/2023\/02\/fotokalendar-zari-2021.pdf\" target=\"_blank\" rel=\"noopener\">PDF<\/a> &#8212; <a href=\"https:\/\/kalendare365.eu\/wp-content\/uploads\/2023\/02\/fotokalendar-zari-2021.docx\" target=\"_blank\" rel=\"noopener\">DOCx<\/a> &#8212; <a href=\"https:\/\/kalendare365.eu\/wp-content\/uploads\/2023\/02\/fotokalendar-zari-2021.png\" target=\"_blank\" rel=\"noopener\">PNG<\/a><\/p>\n\n\n\n<h2 class=\"wp-block-heading has-text-align-center\">Kr\u00e1sn\u00fd pl\u00e1nova\u010d kalend\u00e1\u0159e zari 2021<\/h2>\n\n\n\n<center><img decoding=\"async\" class=\"alignnone size-full wp-image-32\" src=\"https:\/\/kalendare365.eu\/wp-content\/uploads\/2023\/02\/krasny-planovac-kalendare-zari-2021.webp\" alt=\"\" width=\"500\" height=\"100%\"><\/center>\n\n\n\n<p class=\"has-text-align-center wp-block-paragraph\"><a href=\"https:\/\/kalendare365.eu\/wp-content\/uploads\/2023\/02\/krasny-planovac-kalendare-zari-2021.pdf\" target=\"_blank\" rel=\"noopener\">PDF<\/a> &#8212; <a href=\"https:\/\/kalendare365.eu\/wp-content\/uploads\/2023\/02\/krasny-planovac-kalendare-zari-2021.docx\" target=\"_blank\" rel=\"noopener\">DOCx<\/a> &#8212; <a href=\"https:\/\/kalendare365.eu\/wp-content\/uploads\/2023\/02\/krasny-planovac-kalendare-zari-2021.png\" target=\"_blank\" rel=\"noopener\">PNG<\/a><\/p>\n\n\n\n<h2 class=\"wp-block-heading has-text-align-center\">Kalend\u00e1\u0159 zari 2021 s pozn\u00e1mkami<\/h2>\n\n\n\n<center><img decoding=\"async\" class=\"alignnone size-full wp-image-32\" src=\"https:\/\/kalendare365.eu\/wp-content\/uploads\/2023\/02\/kalendar-zari-2021-s-poznamkami.webp\" alt=\"\" width=\"500\" height=\"100%\"><\/center>\n\n\n\n<p class=\"has-text-align-center wp-block-paragraph\"><a href=\"https:\/\/kalendare365.eu\/wp-content\/uploads\/2023\/02\/kalendar-zari-2021-s-poznamkami.pdf\" target=\"_blank\" rel=\"noopener\">PDF<\/a> &#8212; <a href=\"https:\/\/kalendare365.eu\/wp-content\/uploads\/2023\/02\/kalendar-zari-2021-s-poznamkami.docx\" target=\"_blank\" rel=\"noopener\">DOCx<\/a> &#8212; <a href=\"https:\/\/kalendare365.eu\/wp-content\/uploads\/2023\/02\/kalendar-zari-2021-s-poznamkami.png\" target=\"_blank\" rel=\"noopener\">PNG<\/a><\/p>\n\n\n\n<h2 class=\"wp-block-heading\">\ud83e\udded <strong>Z\u00e1v\u011br: Jak nejl\u00e9pe vyu\u017e\u00edt kalend\u00e1\u0159 z\u00e1\u0159\u00ed 2021<\/strong><\/h2>\n\n\n\n<p class=\"wp-block-paragraph\">A\u010dkoli je <strong>z\u00e1\u0159\u00ed 2021<\/strong> ji\u017e minulost\u00ed, jeho kalend\u00e1\u0159 m\u016f\u017ee st\u00e1le poslou\u017eit jako praktick\u00fd n\u00e1stroj. Nab\u00edz\u00ed \u0161irokou \u0161k\u00e1lu form\u00e1t\u016f, barev a mo\u017enost\u00ed \u00faprav, d\u00edky \u010demu\u017e ho m\u016f\u017eete vyu\u017e\u00edt p\u0159esn\u011b podle sv\u00fdch pot\u0159eb \u2014 od pl\u00e1nov\u00e1n\u00ed a\u017e po kreativn\u00ed projekty.<\/p>\n\n\n\n<p class=\"wp-block-paragraph\">Vyberte si form\u00e1t, kter\u00fd v\u00e1m vyhovuje, st\u00e1hn\u011bte si ho a p\u0159etvo\u0159te ho v n\u00e1stroj, kter\u00fd v\u00e1m bude slou\u017eit i dnes.<\/p>\n","protected":false},"excerpt":{"rendered":"<p>Kalend\u00e1\u0159 pro z\u00e1\u0159\u00ed 2021 m\u016f\u017ee b\u00fdt u\u017eite\u010dn\u00fd i dnes \u2014 a\u0165 u\u017e pro zp\u011btn\u00e9 pl\u00e1nov\u00e1n\u00ed, porovn\u00e1n\u00ed ud\u00e1lost\u00ed, archivaci nebo kreativn\u00ed projekty. N\u00ed\u017ee najdete nejlep\u0161\u00ed, nejstrukturovan\u011bj\u0161\u00ed a nejp\u0159ehledn\u011bj\u0161\u00ed \u010dl\u00e1nek, kter\u00fd v\u00e1m pom\u016f\u017ee vybrat ide\u00e1ln\u00ed form\u00e1t, styl i zp\u016fsob vyu\u017eit\u00ed. \ud83c\udf1f \u00davod: Pro\u010d m\u00e1 smysl stahovat kalend\u00e1\u0159 z minulosti? Kalend\u00e1\u0159e nejsou jen n\u00e1strojem pro pl\u00e1nov\u00e1n\u00ed budoucnosti. \u010casto [&hellip;]<\/p>\n","protected":false},"author":1,"featured_media":0,"comment_status":"open","ping_status":"closed","sticky":false,"template":"","format":"standard","meta":{"footnotes":""},"categories":[13],"tags":[18],"class_list":["post-134","post","type-post","status-publish","format-standard","hentry","category-zari","tag-18"],"_links":{"self":[{"href":"https:\/\/kalendare365.eu\/index.php?rest_route=\/wp\/v2\/posts\/134","targetHints":{"allow":["GET"]}}],"collection":[{"href":"https:\/\/kalendare365.eu\/index.php?rest_route=\/wp\/v2\/posts"}],"about":[{"href":"https:\/\/kalendare365.eu\/index.php?rest_route=\/wp\/v2\/types\/post"}],"author":[{"embeddable":true,"href":"https:\/\/kalendare365.eu\/index.php?rest_route=\/wp\/v2\/users\/1"}],"replies":[{"embeddable":true,"href":"https:\/\/kalendare365.eu\/index.php?rest_route=%2Fwp%2Fv2%2Fcomments&post=134"}],"version-history":[{"count":3,"href":"https:\/\/kalendare365.eu\/index.php?rest_route=\/wp\/v2\/posts\/134\/revisions"}],"predecessor-version":[{"id":3788,"href":"https:\/\/kalendare365.eu\/index.php?rest_route=\/wp\/v2\/posts\/134\/revisions\/3788"}],"wp:attachment":[{"href":"https:\/\/kalendare365.eu\/index.php?rest_route=%2Fwp%2Fv2%2Fmedia&parent=134"}],"wp:term":[{"taxonomy":"category","embeddable":true,"href":"https:\/\/kalendare365.eu\/index.php?rest_route=%2Fwp%2Fv2%2Fcategories&post=134"},{"taxonomy":"post_tag","embeddable":true,"href":"https:\/\/kalendare365.eu\/index.php?rest_route=%2Fwp%2Fv2%2Ftags&post=134"}],"curies":[{"name":"wp","href":"https:\/\/api.w.org\/{rel}","templated":true}]}}