{"id":1348,"date":"2023-12-27T12:22:56","date_gmt":"2023-12-27T09:22:56","guid":{"rendered":"https:\/\/kalendare365.eu\/?p=1348"},"modified":"2026-05-02T11:49:34","modified_gmt":"2026-05-02T08:49:34","slug":"sablona-cisla-k-tisku","status":"publish","type":"post","link":"https:\/\/kalendare365.eu\/?p=1348","title":{"rendered":"\u0160ablona \u010d\u00edsla k tisku"},"content":{"rendered":"\n<p class=\"wp-block-paragraph\">Jasn\u00e9, dob\u0159e viditeln\u00e9 a p\u0159esn\u00e9 \u010d\u00edseln\u00e9 ozna\u010den\u00ed je pot\u0159eba na mnoha m\u00edstech \u2013 od domovn\u00edch \u010d\u00edsel a\u017e po sportovi\u0161t\u011b \u010di dekorace na oslavy. Pokud hled\u00e1te jednoduch\u00fd zp\u016fsob, jak vytvo\u0159it \u010dist\u00e9 a profesion\u00e1ln\u011b vypadaj\u00edc\u00ed \u010d\u00edslice, pap\u00edrov\u00e9 \u0161ablony k tisku p\u0159edstavuj\u00ed rychl\u00e9 a dostupn\u00e9 \u0159e\u0161en\u00ed. Sta\u010d\u00ed si vybrat po\u017eadovanou cifru, vytisknout ji na form\u00e1t A4 a vyst\u0159ihnout podle obrysu.<\/p>\n\n\n\n<hr class=\"wp-block-separator has-alpha-channel-opacity\"\/>\n\n\n\n<h2 class=\"wp-block-heading\">Pro\u010d pou\u017e\u00edvat tisknuteln\u00e9 \u0161ablony \u010d\u00edsel<\/h2>\n\n\n\n<p class=\"wp-block-paragraph\">Tisknuteln\u00e9 \u0161ablony jsou vhodn\u00e9 pro dom\u00e1c\u00ed i profesion\u00e1ln\u00ed pou\u017eit\u00ed. Nab\u00edzej\u00ed n\u011bkolik v\u00fdhod, d\u00edky nim\u017e jsou ide\u00e1ln\u00ed volbou pro r\u016fzn\u00e9 typy projekt\u016f.<\/p>\n\n\n\n<h3 class=\"wp-block-heading\">\u00daspora n\u00e1klad\u016f<\/h3>\n\n\n\n<p class=\"wp-block-paragraph\">Pap\u00edrov\u00e9 \u0161ablony jsou zcela zdarma, tak\u017ee nemus\u00edte investovat do drah\u00fdch plastov\u00fdch nebo kovov\u00fdch variant.<\/p>\n\n\n\n<h3 class=\"wp-block-heading\">Okam\u017eit\u00e1 dostupnost<\/h3>\n\n\n\n<p class=\"wp-block-paragraph\">\u0160ablonu si m\u016f\u017eete st\u00e1hnout a vytisknout kdykoli \u2013 sta\u010d\u00ed b\u011b\u017en\u00e1 tisk\u00e1rna a pap\u00edr form\u00e1tu A4.<\/p>\n\n\n\n<h3 class=\"wp-block-heading\">\u0160irok\u00e9 vyu\u017eit\u00ed<\/h3>\n\n\n\n<p class=\"wp-block-paragraph\">Hod\u00ed se pro ozna\u010den\u00ed dom\u016f, gar\u00e1\u017e\u00ed, parkovac\u00edch m\u00edst, sklad\u016f, sportovi\u0161\u0165, ale tak\u00e9 pro v\u00fdrobu dekorac\u00ed na oslavy, narozeniny nebo tematick\u00e9 akce.<\/p>\n\n\n\n<h3 class=\"wp-block-heading\">Mo\u017enost \u00faprav<\/h3>\n\n\n\n<p class=\"wp-block-paragraph\">\u0160ablony lze snadno p\u0159izp\u016fsobit \u2013 nap\u0159\u00edklad pou\u017e\u00edt reflexn\u00ed barvy, zvolit jin\u00fd typ pap\u00edru nebo je zalaminovat pro del\u0161\u00ed \u017eivotnost.<\/p>\n\n\n\n<hr class=\"wp-block-separator has-alpha-channel-opacity\"\/>\n\n\n\n<h2 class=\"wp-block-heading\">Jak pracovat s \u010d\u00edselnou \u0161ablonou<\/h2>\n\n\n\n<p class=\"wp-block-paragraph\">Aby v\u00fdsledek vypadal \u010dist\u011b a profesion\u00e1ln\u011b, je dobr\u00e9 dodr\u017eet n\u011bkolik jednoduch\u00fdch krok\u016f.<\/p>\n\n\n\n<h3 class=\"wp-block-heading\">V\u00fdb\u011br a sta\u017een\u00ed<\/h3>\n\n\n\n<p class=\"wp-block-paragraph\">Zvolte si \u010d\u00edslo od 0 do 9 a st\u00e1hn\u011bte si PDF soubor p\u0159ipraven\u00fd pro tisk.<\/p>\n\n\n\n<h3 class=\"wp-block-heading\">Tisk<\/h3>\n\n\n\n<p class=\"wp-block-paragraph\">\u0160ablonu vytiskn\u011bte na b\u011b\u017en\u00fd pap\u00edr A4. Pokud pl\u00e1nujete opakovan\u00e9 pou\u017eit\u00ed, doporu\u010duje se tvrd\u0161\u00ed pap\u00edr nebo karton.<\/p>\n\n\n\n<h3 class=\"wp-block-heading\">P\u0159\u00edprava \u0161ablony<\/h3>\n\n\n\n<p class=\"wp-block-paragraph\">Vyst\u0159ihn\u011bte vnit\u0159n\u00ed \u010d\u00e1st \u010d\u00edsla p\u0159esn\u011b podle obrysu. \u010c\u00edm p\u0159esn\u011bj\u0161\u00ed st\u0159ih, t\u00edm ost\u0159ej\u0161\u00ed bude v\u00fdsledn\u00fd otisk.<\/p>\n\n\n\n<h3 class=\"wp-block-heading\">Aplikace na povrch<\/h3>\n\n\n\n<p class=\"wp-block-paragraph\">P\u0159ilo\u017ete \u0161ablonu na such\u00fd a \u010dist\u00fd povrch a upevn\u011bte ji nap\u0159\u00edklad pap\u00edrovou p\u00e1skou, aby se b\u011bhem barven\u00ed nepohnula.<\/p>\n\n\n\n<h3 class=\"wp-block-heading\">Nan\u00e1\u0161en\u00ed barvy<\/h3>\n\n\n\n<p class=\"wp-block-paragraph\">Barvu aplikujte v tenk\u00fdch vrstv\u00e1ch pomoc\u00ed spreje, \u0161t\u011btce nebo v\u00e1le\u010dku. Po dokon\u010den\u00ed \u0161ablonu opatrn\u011b sejm\u011bte, aby se barva nerozmazala.<\/p>\n\n\n\n<hr class=\"wp-block-separator has-alpha-channel-opacity\"\/>\n\n\n\n<h2 class=\"wp-block-heading\">Tipy pro dosa\u017een\u00ed perfektn\u00edho v\u00fdsledku<\/h2>\n\n\n\n<ul class=\"wp-block-list\">\n<li>Pro ostr\u00e9 hrany je lep\u0161\u00ed nan\u00e1\u0161et barvu v n\u011bkolika tenk\u00fdch vrstv\u00e1ch.<\/li>\n\n\n\n<li>Pokud chcete \u0161ablonu pou\u017e\u00edvat opakovan\u011b, vytiskn\u011bte ji na \u010dtvrtku nebo ji zalaminujte.<\/li>\n\n\n\n<li>Pro venkovn\u00ed zna\u010den\u00ed volte barvy odoln\u00e9 v\u016f\u010di pov\u011btrnostn\u00edm vliv\u016fm.<\/li>\n\n\n\n<li>P\u0159i pr\u00e1ci se sprejem dr\u017ete dostate\u010dn\u00fd odstup, aby barva nezat\u00e9kala pod okraje.<\/li>\n<\/ul>\n\n\n\n<hr class=\"wp-block-separator has-alpha-channel-opacity\"\/>\n\n\n\n<h2 class=\"wp-block-heading\">P\u0159ehled dostupn\u00fdch \u0161ablon<\/h2>\n\n\n\n<hr class=\"wp-block-separator has-alpha-channel-opacity\"\/>\n\n\n\n<div class=\"wp-block-group is-layout-grid wp-container-core-group-is-layout-7d05cc0d wp-block-group-is-layout-grid\">\n<div class=\"wp-block-group has-global-padding is-layout-constrained wp-block-group-is-layout-constrained\">\n<h2 class=\"wp-block-heading has-text-align-center\">Vzorn\u00edk \u010d\u00edslo 0<\/h2>\n\n\n\n<center><img loading=\"lazy\" decoding=\"async\" class=\"size-full wp-image-1349 aligncenter\" src=\"https:\/\/kalendare365.eu\/wp-content\/uploads\/2023\/12\/cisla-sablon-0.webp\" alt=\"\" width=\"500\" height=\"707\"><\/center>\n\n\n\n<p class=\"has-text-align-center wp-block-paragraph\"><a href=\"https:\/\/kalendare365.eu\/wp-content\/uploads\/2023\/12\/cisla-sablon-0.pdf\" target=\"_blank\" rel=\"noopener\">PDF<\/a><\/p>\n<\/div>\n\n\n\n<div class=\"wp-block-group has-global-padding is-layout-constrained wp-block-group-is-layout-constrained\">\n<h2 class=\"wp-block-heading has-text-align-center\">Vzorn\u00edk \u010d\u00edslo 1<\/h2>\n\n\n\n<center><img loading=\"lazy\" decoding=\"async\" class=\"size-full wp-image-1349 aligncenter\" src=\"https:\/\/kalendare365.eu\/wp-content\/uploads\/2023\/12\/cisla-sablon-1.webp\" alt=\"\" width=\"500\" height=\"707\"><\/center>\n\n\n\n<p class=\"has-text-align-center wp-block-paragraph\"><a href=\"https:\/\/kalendare365.eu\/wp-content\/uploads\/2023\/12\/cisla-sablon-1.pdf\" target=\"_blank\" rel=\"noopener\">PDF<\/a><\/p>\n<\/div>\n\n\n\n<div class=\"wp-block-group has-global-padding is-layout-constrained wp-block-group-is-layout-constrained\">\n<h2 class=\"wp-block-heading has-text-align-center\">Vzorn\u00edk \u010d\u00edslo 2<\/h2>\n\n\n\n<center><img loading=\"lazy\" decoding=\"async\" class=\"size-full wp-image-1349 aligncenter\" src=\"https:\/\/kalendare365.eu\/wp-content\/uploads\/2023\/12\/cisla-sablon-2.webp\" alt=\"\" width=\"500\" height=\"707\"><\/center>\n\n\n\n<p class=\"has-text-align-center wp-block-paragraph\"><a href=\"https:\/\/kalendare365.eu\/wp-content\/uploads\/2023\/12\/cisla-sablon-2.pdf\" target=\"_blank\" rel=\"noopener\">PDF<\/a><\/p>\n<\/div>\n\n\n\n<div class=\"wp-block-group has-global-padding is-layout-constrained wp-block-group-is-layout-constrained\">\n<h2 class=\"wp-block-heading has-text-align-center\">Vzorn\u00edk \u010d\u00edslo 3<\/h2>\n\n\n\n<center><img loading=\"lazy\" decoding=\"async\" class=\"size-full wp-image-1349 aligncenter\" src=\"https:\/\/kalendare365.eu\/wp-content\/uploads\/2023\/12\/cisla-sablon-3.webp\" alt=\"\" width=\"500\" height=\"707\"><\/center>\n\n\n\n<p class=\"has-text-align-center wp-block-paragraph\"><a href=\"https:\/\/kalendare365.eu\/wp-content\/uploads\/2023\/12\/cisla-sablon-3.pdf\" target=\"_blank\" rel=\"noopener\">PDF<\/a><\/p>\n<\/div>\n\n\n\n<div class=\"wp-block-group has-global-padding is-layout-constrained wp-block-group-is-layout-constrained\">\n<h2 class=\"wp-block-heading has-text-align-center\">Vzorn\u00edk \u010d\u00edslo 4<\/h2>\n\n\n\n<center><img loading=\"lazy\" decoding=\"async\" class=\"size-full wp-image-1349 aligncenter\" src=\"https:\/\/kalendare365.eu\/wp-content\/uploads\/2023\/12\/cisla-sablon-4.webp\" alt=\"\" width=\"500\" height=\"707\"><\/center>\n\n\n\n<p class=\"has-text-align-center wp-block-paragraph\"><a href=\"https:\/\/kalendare365.eu\/wp-content\/uploads\/2023\/12\/cisla-sablon-4.pdf\" target=\"_blank\" rel=\"noopener\">PDF<\/a><\/p>\n<\/div>\n\n\n\n<div class=\"wp-block-group has-global-padding is-layout-constrained wp-block-group-is-layout-constrained\">\n<h2 class=\"wp-block-heading has-text-align-center\">Vzorn\u00edk \u010d\u00edslo 5<\/h2>\n\n\n\n<center><img loading=\"lazy\" decoding=\"async\" class=\"size-full wp-image-1349 aligncenter\" src=\"https:\/\/kalendare365.eu\/wp-content\/uploads\/2023\/12\/cisla-sablon-5.webp\" alt=\"\" width=\"500\" height=\"707\"><\/center>\n\n\n\n<p class=\"has-text-align-center wp-block-paragraph\"><a href=\"https:\/\/kalendare365.eu\/wp-content\/uploads\/2023\/12\/cisla-sablon-5.pdf\" target=\"_blank\" rel=\"noopener\">PDF<\/a><\/p>\n<\/div>\n\n\n\n<div class=\"wp-block-group has-global-padding is-layout-constrained wp-block-group-is-layout-constrained\">\n<h2 class=\"wp-block-heading has-text-align-center\">Vzorn\u00edk \u010d\u00edslo 6<\/h2>\n\n\n\n<center><img loading=\"lazy\" decoding=\"async\" class=\"size-full wp-image-1349 aligncenter\" src=\"https:\/\/kalendare365.eu\/wp-content\/uploads\/2023\/12\/cisla-sablon-6.webp\" alt=\"\" width=\"500\" height=\"707\"><\/center>\n\n\n\n<p class=\"has-text-align-center wp-block-paragraph\"><a href=\"https:\/\/kalendare365.eu\/wp-content\/uploads\/2023\/12\/cisla-sablon-6.pdf\" target=\"_blank\" rel=\"noopener\">PDF<\/a><\/p>\n<\/div>\n\n\n\n<div class=\"wp-block-group has-global-padding is-layout-constrained wp-block-group-is-layout-constrained\">\n<h2 class=\"wp-block-heading has-text-align-center\">Vzorn\u00edk \u010d\u00edslo 7<\/h2>\n\n\n\n<center><img loading=\"lazy\" decoding=\"async\" class=\"size-full wp-image-1349 aligncenter\" src=\"https:\/\/kalendare365.eu\/wp-content\/uploads\/2023\/12\/cisla-sablon-7.webp\" alt=\"\" width=\"500\" height=\"707\"><\/center>\n\n\n\n<p class=\"has-text-align-center wp-block-paragraph\"><a href=\"https:\/\/kalendare365.eu\/wp-content\/uploads\/2023\/12\/cisla-sablon-7.pdf\" target=\"_blank\" rel=\"noopener\">PDF<\/a><\/p>\n<\/div>\n\n\n\n<div class=\"wp-block-group has-global-padding is-layout-constrained wp-block-group-is-layout-constrained\">\n<h2 class=\"wp-block-heading has-text-align-center\">Vzorn\u00edk \u010d\u00edslo 8<\/h2>\n\n\n\n<center><img loading=\"lazy\" decoding=\"async\" class=\"size-full wp-image-1349 aligncenter\" src=\"https:\/\/kalendare365.eu\/wp-content\/uploads\/2023\/12\/cisla-sablon-8.webp\" alt=\"\" width=\"500\" height=\"707\"><\/center>\n\n\n\n<p class=\"has-text-align-center wp-block-paragraph\"><a href=\"https:\/\/kalendare365.eu\/wp-content\/uploads\/2023\/12\/cisla-sablon-8.pdf\" target=\"_blank\" rel=\"noopener\">PDF<\/a><\/p>\n<\/div>\n\n\n\n<div class=\"wp-block-group has-global-padding is-layout-constrained wp-block-group-is-layout-constrained\">\n<h2 class=\"wp-block-heading has-text-align-center\">Vzorn\u00edk \u010d\u00edslo 9<\/h2>\n\n\n\n<center><img loading=\"lazy\" decoding=\"async\" class=\"size-full wp-image-1349 aligncenter\" src=\"https:\/\/kalendare365.eu\/wp-content\/uploads\/2023\/12\/cisla-sablon-9.webp\" alt=\"\" width=\"500\" height=\"707\"><\/center>\n\n\n\n<p class=\"has-text-align-center wp-block-paragraph\"><a href=\"https:\/\/kalendare365.eu\/wp-content\/uploads\/2023\/12\/cisla-sablon-9.pdf\" target=\"_blank\" rel=\"noopener\">PDF<\/a><\/p>\n<\/div>\n<\/div>\n\n\n\n<h2 class=\"wp-block-heading\">Z\u00e1v\u011br<\/h2>\n\n\n\n<p class=\"wp-block-paragraph\">Tisknuteln\u00e9 \u0161ablony \u010d\u00edsel p\u0159edstavuj\u00ed rychl\u00fd, jednoduch\u00fd a cenov\u011b dostupn\u00fd zp\u016fsob, jak vytvo\u0159it kvalitn\u00ed ozna\u010den\u00ed nebo dekorace. D\u00edky snadn\u00e9 p\u0159\u00edprav\u011b a \u0161irok\u00fdm mo\u017enostem vyu\u017eit\u00ed jsou vhodn\u00e9 pro dom\u00e1c\u00ed projekty, profesion\u00e1ln\u00ed zna\u010den\u00ed i kreativn\u00ed tvorbu. Sta\u010d\u00ed st\u00e1hnout, vytisknout a b\u011bhem n\u011bkolika minut m\u00e1te hotovo.<\/p>\n","protected":false},"excerpt":{"rendered":"<p>Jasn\u00e9, dob\u0159e viditeln\u00e9 a p\u0159esn\u00e9 \u010d\u00edseln\u00e9 ozna\u010den\u00ed je pot\u0159eba na mnoha m\u00edstech \u2013 od domovn\u00edch \u010d\u00edsel a\u017e po sportovi\u0161t\u011b \u010di dekorace na oslavy. Pokud hled\u00e1te jednoduch\u00fd zp\u016fsob, jak vytvo\u0159it \u010dist\u00e9 a profesion\u00e1ln\u011b vypadaj\u00edc\u00ed \u010d\u00edslice, pap\u00edrov\u00e9 \u0161ablony k tisku p\u0159edstavuj\u00ed rychl\u00e9 a dostupn\u00e9 \u0159e\u0161en\u00ed. Sta\u010d\u00ed si vybrat po\u017eadovanou cifru, vytisknout ji na form\u00e1t A4 a vyst\u0159ihnout [&hellip;]<\/p>\n","protected":false},"author":1,"featured_media":0,"comment_status":"open","ping_status":"closed","sticky":false,"template":"","format":"standard","meta":{"footnotes":""},"categories":[30],"tags":[],"class_list":["post-1348","post","type-post","status-publish","format-standard","hentry","category-stahnout-a-vytisknout"],"_links":{"self":[{"href":"https:\/\/kalendare365.eu\/index.php?rest_route=\/wp\/v2\/posts\/1348","targetHints":{"allow":["GET"]}}],"collection":[{"href":"https:\/\/kalendare365.eu\/index.php?rest_route=\/wp\/v2\/posts"}],"about":[{"href":"https:\/\/kalendare365.eu\/index.php?rest_route=\/wp\/v2\/types\/post"}],"author":[{"embeddable":true,"href":"https:\/\/kalendare365.eu\/index.php?rest_route=\/wp\/v2\/users\/1"}],"replies":[{"embeddable":true,"href":"https:\/\/kalendare365.eu\/index.php?rest_route=%2Fwp%2Fv2%2Fcomments&post=1348"}],"version-history":[{"count":5,"href":"https:\/\/kalendare365.eu\/index.php?rest_route=\/wp\/v2\/posts\/1348\/revisions"}],"predecessor-version":[{"id":3641,"href":"https:\/\/kalendare365.eu\/index.php?rest_route=\/wp\/v2\/posts\/1348\/revisions\/3641"}],"wp:attachment":[{"href":"https:\/\/kalendare365.eu\/index.php?rest_route=%2Fwp%2Fv2%2Fmedia&parent=1348"}],"wp:term":[{"taxonomy":"category","embeddable":true,"href":"https:\/\/kalendare365.eu\/index.php?rest_route=%2Fwp%2Fv2%2Fcategories&post=1348"},{"taxonomy":"post_tag","embeddable":true,"href":"https:\/\/kalendare365.eu\/index.php?rest_route=%2Fwp%2Fv2%2Ftags&post=1348"}],"curies":[{"name":"wp","href":"https:\/\/api.w.org\/{rel}","templated":true}]}}