{"id":136,"date":"2023-02-21T01:10:00","date_gmt":"2023-02-20T22:10:00","guid":{"rendered":"https:\/\/kalendare365.eu\/?p=136"},"modified":"2026-08-03T09:54:28","modified_gmt":"2026-08-03T06:54:28","slug":"stahnete-si-kalendar-zari-2022","status":"publish","type":"post","link":"https:\/\/kalendare365.eu\/?p=136","title":{"rendered":"St\u00e1hn\u011bte si kalend\u00e1\u0159 z\u00e1\u0159\u00ed 2022"},"content":{"rendered":"\n<p class=\"wp-block-paragraph\">Kalend\u00e1\u0159 pro <strong>z\u00e1\u0159\u00ed 2022<\/strong> m\u016f\u017ee b\u00fdt u\u017eite\u010dn\u00fd i dnes \u2013 a\u0165 u\u017e pro zp\u011btn\u00e9 dohled\u00e1n\u00ed ud\u00e1lost\u00ed, pl\u00e1nov\u00e1n\u00ed, archivaci nebo kreativn\u00ed projekty. P\u0159esto\u017ee je tento m\u011bs\u00edc ji\u017e minulost\u00ed, mnoho lid\u00ed st\u00e1le hled\u00e1 kvalitn\u00ed a p\u0159ehledn\u00e9 kalend\u00e1\u0159e v r\u016fzn\u00fdch form\u00e1tech. Tento \u010dl\u00e1nek ti nab\u00eddne <strong>kompletn\u00ed p\u0159ehled mo\u017enost\u00ed<\/strong>, jak si kalend\u00e1\u0159 st\u00e1hnout, upravit a efektivn\u011b vyu\u017e\u00edt.<\/p>\n\n\n\n<h2 class=\"wp-block-heading\">\ud83e\udded \u00davod: Pro\u010d si stahovat kalend\u00e1\u0159 z minulosti?<\/h2>\n\n\n\n<p class=\"wp-block-paragraph\">Kalend\u00e1\u0159e z minul\u00fdch let maj\u00ed p\u0159ekvapiv\u011b \u0161irok\u00e9 vyu\u017eit\u00ed. M\u016f\u017ee\u0161 je pou\u017e\u00edt pro:<\/p>\n\n\n\n<ul class=\"wp-block-list\">\n<li>anal\u00fdzu minul\u00fdch ud\u00e1lost\u00ed,<\/li>\n\n\n\n<li>porovn\u00e1n\u00ed pracovn\u00edch \u010di \u0161koln\u00edch cykl\u016f,<\/li>\n\n\n\n<li>pl\u00e1nov\u00e1n\u00ed budouc\u00edch projekt\u016f podle podobn\u00fdch obdob\u00ed,<\/li>\n\n\n\n<li>archivaci a sb\u011bratelsk\u00e9 \u00fa\u010dely,<\/li>\n\n\n\n<li>tvorbu vlastn\u00edch pl\u00e1nova\u010d\u016f nebo kreativn\u00edch n\u00e1st\u011bnek.<\/li>\n<\/ul>\n\n\n\n<p class=\"wp-block-paragraph\">Kalend\u00e1\u0159 z\u00e1\u0159\u00ed 2022 je nav\u00edc jednoduch\u00fd, p\u0159ehledn\u00fd a dostupn\u00fd v mnoha form\u00e1tech, kter\u00e9 si m\u016f\u017ee\u0161 p\u0159izp\u016fsobit podle sv\u00fdch pot\u0159eb.<\/p>\n\n\n\n<h2 class=\"wp-block-heading\">\ud83d\uddc2\ufe0f Form\u00e1ty kalend\u00e1\u0159e z\u00e1\u0159\u00ed 2022<\/h2>\n\n\n\n<h3 class=\"wp-block-heading\">\ud83d\udda8\ufe0f <strong>A4 form\u00e1t<\/strong><\/h3>\n\n\n\n<p class=\"wp-block-paragraph\">Ide\u00e1ln\u00ed pro tisk na b\u011b\u017enou dom\u00e1c\u00ed tisk\u00e1rnu. V\u0161echny dny jsou p\u0159ehledn\u011b na jednom listu, co\u017e umo\u017e\u0148uje rychlou orientaci.<\/p>\n\n\n\n<h3 class=\"wp-block-heading\">\ud83d\udcd0 <strong>Vertik\u00e1ln\u00ed form\u00e1t<\/strong><\/h3>\n\n\n\n<p class=\"wp-block-paragraph\">Klasick\u00fd vzhled kalend\u00e1\u0159e, kter\u00fd poskytuje dostatek m\u00edsta pro pozn\u00e1mky u jednotliv\u00fdch dn\u016f. Skv\u011bl\u00fd pro pl\u00e1nov\u00e1n\u00ed sch\u016fzek \u010di \u00fakol\u016f.<\/p>\n\n\n\n<h3 class=\"wp-block-heading\">\ud83d\udccf <strong>Horizont\u00e1ln\u00ed form\u00e1t<\/strong><\/h3>\n\n\n\n<p class=\"wp-block-paragraph\">Modern\u00ed rozlo\u017een\u00ed, kter\u00e9 efektivn\u011b vyu\u017e\u00edv\u00e1 prostor na st\u011bn\u011b nebo n\u00e1st\u011bnce. Hod\u00ed se do kancel\u00e1\u0159e i dom\u00e1c\u00ed pracovny.<\/p>\n\n\n\n<h2 class=\"wp-block-heading\">\ud83c\udfa8 Barevn\u00e9 varianty<\/h2>\n\n\n\n<h3 class=\"wp-block-heading\">\ud83c\udf08 <strong>Barevn\u00fd kalend\u00e1\u0159<\/strong><\/h3>\n\n\n\n<p class=\"wp-block-paragraph\">P\u0159ehledn\u00fd, \u017eiv\u00fd a vizu\u00e1ln\u011b atraktivn\u00ed. O\u017eiv\u00ed pracovn\u00ed prostor a usnadn\u00ed orientaci v jednotliv\u00fdch t\u00fddnech.<\/p>\n\n\n\n<h3 class=\"wp-block-heading\">\u26ab <strong>\u010cernob\u00edl\u00fd kalend\u00e1\u0159<\/strong><\/h3>\n\n\n\n<p class=\"wp-block-paragraph\">Minimalistick\u00fd, elegantn\u00ed a \u00fasporn\u00fd na tisk. Hod\u00ed se do profesion\u00e1ln\u00edho prost\u0159ed\u00ed nebo tam, kde preferuje\u0161 jednoduchost.<\/p>\n\n\n\n<h2 class=\"wp-block-heading\">\ud83d\udcc1 Dostupn\u00e9 soubory ke sta\u017een\u00ed<\/h2>\n\n\n\n<h3 class=\"wp-block-heading\">\ud83d\uddbc\ufe0f <strong>PNG<\/strong><\/h3>\n\n\n\n<p class=\"wp-block-paragraph\">Skv\u011bl\u00e9 pro pou\u017eit\u00ed v prezentac\u00edch, online dokumentech nebo grafick\u00fdch projektech.<\/p>\n\n\n\n<h3 class=\"wp-block-heading\">\ud83d\udcc4 <strong>PDF<\/strong><\/h3>\n\n\n\n<p class=\"wp-block-paragraph\">Univerz\u00e1ln\u00ed form\u00e1t vhodn\u00fd pro tisk, archivaci a sd\u00edlen\u00ed. Zaru\u010duje, \u017ee se rozlo\u017een\u00ed kalend\u00e1\u0159e nezm\u011bn\u00ed.<\/p>\n\n\n\n<h3 class=\"wp-block-heading\">\ud83d\udcdd <strong>DOCX<\/strong><\/h3>\n\n\n\n<p class=\"wp-block-paragraph\">Umo\u017e\u0148uje \u00fapravy v Microsoft Wordu \u2013 m\u016f\u017ee\u0161 doplnit vlastn\u00ed pozn\u00e1mky, barvy, zv\u00fdrazn\u011bn\u00ed nebo firemn\u00ed branding.<\/p>\n\n\n\n<h2 class=\"wp-block-heading\">\u270f\ufe0f Dal\u0161\u00ed u\u017eite\u010dn\u00e9 funkce<\/h2>\n\n\n\n<h3 class=\"wp-block-heading\">\ud83d\udd22 <strong>Velk\u00e9 \u010d\u00edslice<\/strong><\/h3>\n\n\n\n<p class=\"wp-block-paragraph\">Perfektn\u00ed pro seniory, osoby se zrakov\u00fdm omezen\u00edm nebo pro pou\u017eit\u00ed na v\u011bt\u0161\u00ed vzd\u00e1lenost.<\/p>\n\n\n\n<h3 class=\"wp-block-heading\">\ud83d\uddd2\ufe0f <strong>M\u00edsto pro pozn\u00e1mky<\/strong><\/h3>\n\n\n\n<p class=\"wp-block-paragraph\">U ka\u017ed\u00e9ho dne najde\u0161 prostor pro zaps\u00e1n\u00ed \u00fakol\u016f, sch\u016fzek, term\u00edn\u016f \u010di osobn\u00edch pozn\u00e1mek.<\/p>\n\n\n\n<h2 class=\"wp-block-heading\">\ud83d\udca1 Jak kalend\u00e1\u0159 z\u00e1\u0159\u00ed 2022 vyu\u017e\u00edt dnes?<\/h2>\n\n\n\n<ul class=\"wp-block-list\">\n<li>jako <strong>retro pl\u00e1nova\u010d<\/strong> nebo inspiraci pro vlastn\u00ed kalend\u00e1\u0159e,<\/li>\n\n\n\n<li>pro <strong>porovn\u00e1n\u00ed pracovn\u00edch cykl\u016f<\/strong> mezi roky,<\/li>\n\n\n\n<li>jako <strong>n\u00e1st\u011bnku<\/strong> pro kreativn\u00ed projekty,<\/li>\n\n\n\n<li>pro <strong>studium historick\u00fdch dat<\/strong>, nap\u0159\u00edklad \u0161koln\u00edch rozvrh\u016f, pracovn\u00edch sm\u011bn nebo osobn\u00edch ud\u00e1lost\u00ed.<\/li>\n<\/ul>\n\n\n\n<p class=\"wp-block-paragraph\">Pokud hled\u00e1\u0161 aktu\u00e1ln\u00ed kalend\u00e1\u0159e, m\u016f\u017ee\u0161 snadno naj\u00edt <strong>kalend\u00e1\u0159 2024<\/strong> nebo vytvo\u0159it vlastn\u00ed.<\/p>\n\n\n\n<h2 class=\"wp-block-heading has-text-align-center\">Pl\u00e1nova\u010d kalend\u00e1\u0159e zari 2022<\/h2>\n\n\n\n<center><img decoding=\"async\" class=\"alignnone size-full wp-image-32\" src=\"https:\/\/kalendare365.eu\/wp-content\/uploads\/2023\/02\/planovac-kalendare-zari-2022.webp\" alt=\"\" width=\"500\" height=\"100%\"><\/center>\n\n\n\n<p class=\"has-text-align-center wp-block-paragraph\"><a href=\"https:\/\/kalendare365.eu\/wp-content\/uploads\/2023\/02\/planovac-kalendare-zari-2022.pdf\" target=\"_blank\" rel=\"noopener\">PDF<\/a> &#8212; <a href=\"https:\/\/kalendare365.eu\/wp-content\/uploads\/2023\/02\/planovac-kalendare-zari-2022.docx\" target=\"_blank\" rel=\"noopener\">DOCx<\/a> &#8212; <a href=\"https:\/\/kalendare365.eu\/wp-content\/uploads\/2023\/02\/planovac-kalendare-zari-2022.png\" target=\"_blank\" rel=\"noopener\">PNG<\/a><\/p>\n\n\n\n<h2 class=\"wp-block-heading has-text-align-center\">Kalend\u00e1\u0159 zari 2022 s velk\u00fdmi \u010d\u00edsly<\/h2>\n\n\n\n<center><img decoding=\"async\" class=\"alignnone size-full wp-image-32\" src=\"https:\/\/kalendare365.eu\/wp-content\/uploads\/2023\/02\/kalendar-zari-2022-s-velkymi-cisly.webp\" alt=\"\" width=\"500\" height=\"100%\"><\/center>\n\n\n\n<p class=\"has-text-align-center wp-block-paragraph\"><a href=\"https:\/\/kalendare365.eu\/wp-content\/uploads\/2023\/02\/kalendar-zari-2022-s-velkymi-cisly.pdf\" target=\"_blank\" rel=\"noopener\">PDF<\/a> &#8212; <a href=\"https:\/\/kalendare365.eu\/wp-content\/uploads\/2023\/02\/kalendar-zari-2022-s-velkymi-cisly.docx\" target=\"_blank\" rel=\"noopener\">DOCx<\/a> &#8212; <a href=\"https:\/\/kalendare365.eu\/wp-content\/uploads\/2023\/02\/kalendar-zari-2022-s-velkymi-cisly.png\" target=\"_blank\" rel=\"noopener\">PNG<\/a><\/p>\n\n\n\n<h2 class=\"wp-block-heading has-text-align-center\">Vertik\u00e1ln\u00ed pl\u00e1nova\u010d kalend\u00e1\u0159e na zari 2022<\/h2>\n\n\n\n<center><img decoding=\"async\" class=\"alignnone size-full wp-image-32\" src=\"https:\/\/kalendare365.eu\/wp-content\/uploads\/2023\/02\/vertikalni-planovac-kalendare-na-zari-2022.webp\" alt=\"\" width=\"500\" height=\"100%\"><\/center>\n\n\n\n<p class=\"has-text-align-center wp-block-paragraph\"><a href=\"https:\/\/kalendare365.eu\/wp-content\/uploads\/2023\/02\/vertikalni-planovac-kalendare-na-zari-2022.pdf\" target=\"_blank\" rel=\"noopener\">PDF<\/a> &#8212; <a href=\"https:\/\/kalendare365.eu\/wp-content\/uploads\/2023\/02\/vertikalni-planovac-kalendare-na-zari-2022.docx\" target=\"_blank\" rel=\"noopener\">DOCx<\/a> &#8212; <a href=\"https:\/\/kalendare365.eu\/wp-content\/uploads\/2023\/02\/vertikalni-planovac-kalendare-na-zari-2022.png\" target=\"_blank\" rel=\"noopener\">PNG<\/a><\/p>\n\n\n\n<h2 class=\"wp-block-heading has-text-align-center\">Kalend\u00e1\u0159 zari 2022 s p\u0159edchoz\u00edm a p\u0159\u00ed\u0161t\u00edm m\u011bs\u00edcem<\/h2>\n\n\n\n<center><img decoding=\"async\" class=\"alignnone size-full wp-image-32\" src=\"https:\/\/kalendare365.eu\/wp-content\/uploads\/2023\/02\/kalendar-zari-2022-s-predchozim-a-pristim-mesicem.webp\" alt=\"\" width=\"500\" height=\"100%\"><\/center>\n\n\n\n<p class=\"has-text-align-center wp-block-paragraph\"><a href=\"https:\/\/kalendare365.eu\/wp-content\/uploads\/2023\/02\/kalendar-zari-2022-s-predchozim-a-pristim-mesicem.pdf\" target=\"_blank\" rel=\"noopener\">PDF<\/a> &#8212; <a href=\"https:\/\/kalendare365.eu\/wp-content\/uploads\/2023\/02\/kalendar-zari-2022-s-predchozim-a-pristim-mesicem.docx\" target=\"_blank\" rel=\"noopener\">DOCx<\/a> &#8212; <a href=\"https:\/\/kalendare365.eu\/wp-content\/uploads\/2023\/02\/kalendar-zari-2022-s-predchozim-a-pristim-mesicem.png\" target=\"_blank\" rel=\"noopener\">PNG<\/a><\/p>\n\n\n\n<h2 class=\"wp-block-heading has-text-align-center\">Kr\u00e1sn\u00fd kalend\u00e1\u0159 zari 2022<\/h2>\n\n\n\n<center><img decoding=\"async\" class=\"alignnone size-full wp-image-32\" src=\"https:\/\/kalendare365.eu\/wp-content\/uploads\/2023\/02\/krasny-kalendar-zari-2022.webp\" alt=\"\" width=\"500\" height=\"100%\"><\/center>\n\n\n\n<p class=\"has-text-align-center wp-block-paragraph\"><a href=\"https:\/\/kalendare365.eu\/wp-content\/uploads\/2023\/02\/krasny-kalendar-zari-2022.pdf\" target=\"_blank\" rel=\"noopener\">PDF<\/a> &#8212; <a href=\"https:\/\/kalendare365.eu\/wp-content\/uploads\/2023\/02\/krasny-kalendar-zari-2022.docx\" target=\"_blank\" rel=\"noopener\">DOCx<\/a> &#8212; <a href=\"https:\/\/kalendare365.eu\/wp-content\/uploads\/2023\/02\/krasny-kalendar-zari-2022.png\" target=\"_blank\" rel=\"noopener\">PNG<\/a><\/p>\n\n\n\n<h2 class=\"wp-block-heading has-text-align-center\">Fotokalend\u00e1\u0159 zari 2022<\/h2>\n\n\n\n<center><img decoding=\"async\" class=\"alignnone size-full wp-image-32\" src=\"https:\/\/kalendare365.eu\/wp-content\/uploads\/2023\/02\/fotokalendar-zari-2022.webp\" alt=\"\" width=\"500\" height=\"100%\"><\/center>\n\n\n\n<p class=\"has-text-align-center wp-block-paragraph\"><a href=\"https:\/\/kalendare365.eu\/wp-content\/uploads\/2023\/02\/fotokalendar-zari-2022.pdf\" target=\"_blank\" rel=\"noopener\">PDF<\/a> &#8212; <a href=\"https:\/\/kalendare365.eu\/wp-content\/uploads\/2023\/02\/fotokalendar-zari-2022.docx\" target=\"_blank\" rel=\"noopener\">DOCx<\/a> &#8212; <a href=\"https:\/\/kalendare365.eu\/wp-content\/uploads\/2023\/02\/fotokalendar-zari-2022.png\" target=\"_blank\" rel=\"noopener\">PNG<\/a><\/p>\n\n\n\n<h2 class=\"wp-block-heading has-text-align-center\">Kr\u00e1sn\u00fd pl\u00e1nova\u010d kalend\u00e1\u0159e zari 2022<\/h2>\n\n\n\n<center><img decoding=\"async\" class=\"alignnone size-full wp-image-32\" src=\"https:\/\/kalendare365.eu\/wp-content\/uploads\/2023\/02\/krasny-planovac-kalendare-zari-2022.webp\" alt=\"\" width=\"500\" height=\"100%\"><\/center>\n\n\n\n<p class=\"has-text-align-center wp-block-paragraph\"><a href=\"https:\/\/kalendare365.eu\/wp-content\/uploads\/2023\/02\/krasny-planovac-kalendare-zari-2022.pdf\" target=\"_blank\" rel=\"noopener\">PDF<\/a> &#8212; <a href=\"https:\/\/kalendare365.eu\/wp-content\/uploads\/2023\/02\/krasny-planovac-kalendare-zari-2022.docx\" target=\"_blank\" rel=\"noopener\">DOCx<\/a> &#8212; <a href=\"https:\/\/kalendare365.eu\/wp-content\/uploads\/2023\/02\/krasny-planovac-kalendare-zari-2022.png\" target=\"_blank\" rel=\"noopener\">PNG<\/a><\/p>\n\n\n\n<h2 class=\"wp-block-heading has-text-align-center\">Kalend\u00e1\u0159 zari 2022 s pozn\u00e1mkami<\/h2>\n\n\n\n<center><img decoding=\"async\" class=\"alignnone size-full wp-image-32\" src=\"https:\/\/kalendare365.eu\/wp-content\/uploads\/2023\/02\/kalendar-zari-2022-s-poznamkami.webp\" alt=\"\" width=\"500\" height=\"100%\"><\/center>\n\n\n\n<p class=\"has-text-align-center wp-block-paragraph\"><a href=\"https:\/\/kalendare365.eu\/wp-content\/uploads\/2023\/02\/kalendar-zari-2022-s-poznamkami.pdf\" target=\"_blank\" rel=\"noopener\">PDF<\/a> &#8212; <a href=\"https:\/\/kalendare365.eu\/wp-content\/uploads\/2023\/02\/kalendar-zari-2022-s-poznamkami.docx\" target=\"_blank\" rel=\"noopener\">DOCx<\/a> &#8212; <a href=\"https:\/\/kalendare365.eu\/wp-content\/uploads\/2023\/02\/kalendar-zari-2022-s-poznamkami.png\" target=\"_blank\" rel=\"noopener\">PNG<\/a><\/p>\n\n\n\n<h2 class=\"wp-block-heading\">\ud83c\udfc1 Z\u00e1v\u011br<\/h2>\n\n\n\n<p class=\"wp-block-paragraph\">Kalend\u00e1\u0159 z\u00e1\u0159\u00ed 2022 m\u016f\u017ee b\u00fdt u\u017eite\u010dn\u00fdm n\u00e1strojem i dnes \u2013 a\u0165 u\u017e pro pl\u00e1nov\u00e1n\u00ed, archivaci nebo kreativn\u00ed \u00fa\u010dely. D\u00edky r\u016fzn\u00fdm form\u00e1t\u016fm, barevn\u00fdm variant\u00e1m a mo\u017enostem \u00faprav si m\u016f\u017ee\u0161 vybrat p\u0159esn\u011b takovou verzi, kter\u00e1 ti bude vyhovovat. A\u0165 u\u017e pot\u0159ebuje\u0161 tisknuteln\u00fd PDF, upraviteln\u00fd DOCX nebo jednoduch\u00fd PNG, v\u0161echny varianty ti umo\u017en\u00ed pracovat s kalend\u00e1\u0159em efektivn\u011b a pohodln\u011b.<\/p>\n","protected":false},"excerpt":{"rendered":"<p>Kalend\u00e1\u0159 pro z\u00e1\u0159\u00ed 2022 m\u016f\u017ee b\u00fdt u\u017eite\u010dn\u00fd i dnes \u2013 a\u0165 u\u017e pro zp\u011btn\u00e9 dohled\u00e1n\u00ed ud\u00e1lost\u00ed, pl\u00e1nov\u00e1n\u00ed, archivaci nebo kreativn\u00ed projekty. P\u0159esto\u017ee je tento m\u011bs\u00edc ji\u017e minulost\u00ed, mnoho lid\u00ed st\u00e1le hled\u00e1 kvalitn\u00ed a p\u0159ehledn\u00e9 kalend\u00e1\u0159e v r\u016fzn\u00fdch form\u00e1tech. Tento \u010dl\u00e1nek ti nab\u00eddne kompletn\u00ed p\u0159ehled mo\u017enost\u00ed, jak si kalend\u00e1\u0159 st\u00e1hnout, upravit a efektivn\u011b vyu\u017e\u00edt. \ud83e\udded \u00davod: [&hellip;]<\/p>\n","protected":false},"author":1,"featured_media":0,"comment_status":"open","ping_status":"closed","sticky":false,"template":"","format":"standard","meta":{"footnotes":""},"categories":[13],"tags":[19],"class_list":["post-136","post","type-post","status-publish","format-standard","hentry","category-zari","tag-19"],"_links":{"self":[{"href":"https:\/\/kalendare365.eu\/index.php?rest_route=\/wp\/v2\/posts\/136","targetHints":{"allow":["GET"]}}],"collection":[{"href":"https:\/\/kalendare365.eu\/index.php?rest_route=\/wp\/v2\/posts"}],"about":[{"href":"https:\/\/kalendare365.eu\/index.php?rest_route=\/wp\/v2\/types\/post"}],"author":[{"embeddable":true,"href":"https:\/\/kalendare365.eu\/index.php?rest_route=\/wp\/v2\/users\/1"}],"replies":[{"embeddable":true,"href":"https:\/\/kalendare365.eu\/index.php?rest_route=%2Fwp%2Fv2%2Fcomments&post=136"}],"version-history":[{"count":3,"href":"https:\/\/kalendare365.eu\/index.php?rest_route=\/wp\/v2\/posts\/136\/revisions"}],"predecessor-version":[{"id":3787,"href":"https:\/\/kalendare365.eu\/index.php?rest_route=\/wp\/v2\/posts\/136\/revisions\/3787"}],"wp:attachment":[{"href":"https:\/\/kalendare365.eu\/index.php?rest_route=%2Fwp%2Fv2%2Fmedia&parent=136"}],"wp:term":[{"taxonomy":"category","embeddable":true,"href":"https:\/\/kalendare365.eu\/index.php?rest_route=%2Fwp%2Fv2%2Fcategories&post=136"},{"taxonomy":"post_tag","embeddable":true,"href":"https:\/\/kalendare365.eu\/index.php?rest_route=%2Fwp%2Fv2%2Ftags&post=136"}],"curies":[{"name":"wp","href":"https:\/\/api.w.org\/{rel}","templated":true}]}}