{"id":1375,"date":"2023-12-27T12:44:00","date_gmt":"2023-12-27T09:44:00","guid":{"rendered":"https:\/\/kalendare365.eu\/?p=1375"},"modified":"2026-04-01T21:01:09","modified_gmt":"2026-04-01T18:01:09","slug":"vytisknete-tabulku-prijmu-leku","status":"publish","type":"post","link":"https:\/\/kalendare365.eu\/?p=1375","title":{"rendered":"Vytiskn\u011bte tabulku p\u0159\u00edjmu l\u00e9k\u016f"},"content":{"rendered":"\n<p class=\"wp-block-paragraph\">Spr\u00e1vn\u00e9 a pravideln\u00e9 u\u017e\u00edv\u00e1n\u00ed l\u00e9k\u016f je z\u00e1sadn\u00ed pro zdrav\u00ed ka\u017ed\u00e9ho pacienta. A\u0165 u\u017e se star\u00e1te o sebe, o d\u00edt\u011b, nebo o seniora v rodin\u011b, p\u0159ehledn\u00e1 tabulka dok\u00e1\u017ee v\u00fdrazn\u011b usnadnit kontrolu nad d\u00e1vkov\u00e1n\u00edm. D\u00edky jednoduch\u00e9mu z\u00e1znamu m\u00e1te v\u017edy jasno v tom, kter\u00e9 l\u00e9ky byly u\u017eity, kdy a v jak\u00e9m mno\u017estv\u00ed. P\u0159ipravili jsme proto praktickou \u0161ablonu, kterou si m\u016f\u017eete zdarma st\u00e1hnout, upravit a vytisknout.<\/p>\n\n\n\n<hr class=\"wp-block-separator has-alpha-channel-opacity\"\/>\n\n\n\n<h2 class=\"wp-block-heading\">Pro\u010d pou\u017e\u00edvat tabulku u\u017e\u00edv\u00e1n\u00ed l\u00e9k\u016f<\/h2>\n\n\n\n<p class=\"wp-block-paragraph\">P\u0159ehledn\u00e1 tabulka pom\u00e1h\u00e1:<\/p>\n\n\n\n<ul class=\"wp-block-list\">\n<li><strong>Zajistit spr\u00e1vn\u00e9 d\u00e1vkov\u00e1n\u00ed<\/strong> \u2013 \u017e\u00e1dn\u00e1 d\u00e1vka se nezapomene ani nezdvoj\u00ed.<\/li>\n\n\n\n<li><strong>Zv\u00fd\u0161it bezpe\u010dnost pacienta<\/strong> \u2013 minimalizuje riziko chyb p\u0159i u\u017e\u00edv\u00e1n\u00ed v\u00edce l\u00e9k\u016f najednou.<\/li>\n\n\n\n<li><strong>Zjednodu\u0161it p\u00e9\u010di<\/strong> \u2013 pe\u010dovatel\u00e9 i rodinn\u00ed p\u0159\u00edslu\u0161n\u00edci maj\u00ed jasn\u00fd p\u0159ehled o tom, co bylo pod\u00e1no.<\/li>\n\n\n\n<li><strong>Udr\u017eet po\u0159\u00e1dek<\/strong> \u2013 tabulka m\u016f\u017ee b\u00fdt um\u00edst\u011bna na viditeln\u00e9m m\u00edst\u011b, nap\u0159\u00edklad na lednici.<\/li>\n<\/ul>\n\n\n\n<hr class=\"wp-block-separator has-alpha-channel-opacity\"\/>\n\n\n\n<h2 class=\"wp-block-heading\">Jak tabulku pou\u017e\u00edvat<\/h2>\n\n\n\n<h3 class=\"wp-block-heading\">1. St\u00e1hn\u011bte si \u0161ablonu<\/h3>\n\n\n\n<p class=\"wp-block-paragraph\">Na str\u00e1nce jsou k dispozici dv\u011b verze:<\/p>\n\n\n\n<ul class=\"wp-block-list\">\n<li><strong>DOCX<\/strong> \u2013 vhodn\u00e1 pro \u00fapravy ve Wordu,<\/li>\n\n\n\n<li><strong>PDF<\/strong> \u2013 p\u0159ipraven\u00e1 rovnou k tisku.<\/li>\n<\/ul>\n\n\n\n<h3 class=\"wp-block-heading\">2. Upravte si ji podle pot\u0159eby<\/h3>\n\n\n\n<p class=\"wp-block-paragraph\">V editoru m\u016f\u017eete doplnit dal\u0161\u00ed kolonky, zm\u011bnit n\u00e1zvy l\u00e9k\u016f, p\u0159idat \u010dasov\u00e9 intervaly nebo pozn\u00e1mky pro konkr\u00e9tn\u00edho pacienta.<\/p>\n\n\n\n<h3 class=\"wp-block-heading\">3. Vytiskn\u011bte a pou\u017e\u00edvejte<\/h3>\n\n\n\n<p class=\"wp-block-paragraph\">Pokud nepot\u0159ebujete \u017e\u00e1dn\u00e9 \u00fapravy, sta\u010d\u00ed vytisknout PDF a za\u010d\u00edt tabulku pou\u017e\u00edvat okam\u017eit\u011b.<\/p>\n\n\n\n<hr class=\"wp-block-separator has-alpha-channel-opacity\"\/>\n\n\n\n<h2 class=\"wp-block-heading\">V\u00fdhody t\u00e9to \u0161ablony<\/h2>\n\n\n\n<ul class=\"wp-block-list\">\n<li><strong>P\u0159ehlednost<\/strong> \u2013 jasn\u00e9 \u0159\u00e1dky a sloupce pro ka\u017ed\u00fd l\u00e9k i \u010das pod\u00e1n\u00ed.<\/li>\n\n\n\n<li><strong>Snadn\u00e1 dostupnost<\/strong> \u2013 tabulka je v\u017edy po ruce a viditeln\u00e1 pro v\u0161echny, kdo se o pacienta staraj\u00ed.<\/li>\n\n\n\n<li><strong>Prakti\u010dnost<\/strong> \u2013 vhodn\u00e1 pro dom\u00e1c\u00ed pou\u017eit\u00ed, zdravotn\u00ed p\u00e9\u010di i dlouhodob\u00e9 sledov\u00e1n\u00ed l\u00e9\u010dby.<\/li>\n<\/ul>\n\n\n\n<hr class=\"wp-block-separator has-alpha-channel-opacity\"\/>\n\n\n\n<div class=\"wp-block-group is-layout-grid wp-container-core-group-is-layout-7d05cc0d wp-block-group-is-layout-grid\">\n<div class=\"wp-block-group has-global-padding is-layout-constrained wp-block-group-is-layout-constrained\">\n<center><figure><img loading=\"lazy\" decoding=\"async\" class=\"alignnone size-full wp-image-1377\" src=\"https:\/\/kalendare365.eu\/wp-content\/uploads\/2023\/12\/tabulku-prijmu-leku-01.webp\" alt=\"\" width=\"500\" height=\"354\"><\/figure><\/center>\n\n\n\n<p class=\"has-text-align-center wp-block-paragraph\"><a href=\"https:\/\/kalendare365.eu\/wp-content\/uploads\/2023\/12\/tabulku-prijmu-leku-01.pdf\" target=\"_blank\" rel=\"noopener\">PDF<\/a> | <a href=\"https:\/\/kalendare365.eu\/wp-content\/uploads\/2023\/12\/tabulku-prijmu-leku-01.docx\" target=\"_blank\" rel=\"noopener\">WORD<\/a><\/p>\n<\/div>\n\n\n\n<div class=\"wp-block-group has-global-padding is-layout-constrained wp-block-group-is-layout-constrained\">\n<center><figure><img loading=\"lazy\" decoding=\"async\" class=\"alignnone size-full wp-image-1377\" src=\"https:\/\/kalendare365.eu\/wp-content\/uploads\/2023\/12\/tabulku-prijmu-leku-02.webp\" alt=\"\" width=\"500\" height=\"354\"><\/figure><\/center>\n\n\n\n<p class=\"has-text-align-center wp-block-paragraph\"><a href=\"https:\/\/kalendare365.eu\/wp-content\/uploads\/2023\/12\/tabulku-prijmu-leku-02.pdf\" target=\"_blank\" rel=\"noopener\">PDF<\/a> | <a href=\"https:\/\/kalendare365.eu\/wp-content\/uploads\/2023\/12\/tabulku-prijmu-leku-02.docx\" target=\"_blank\" rel=\"noopener\">WORD<\/a><\/p>\n<\/div>\n<\/div>\n\n\n\n<h2 class=\"wp-block-heading\">Z\u00e1v\u011br<\/h2>\n\n\n\n<p class=\"wp-block-paragraph\">Tabulka pro sledov\u00e1n\u00ed u\u017e\u00edv\u00e1n\u00ed l\u00e9k\u016f je jednoduch\u00fd, ale velmi \u00fa\u010dinn\u00fd n\u00e1stroj, kter\u00fd pom\u00e1h\u00e1 udr\u017eet po\u0159\u00e1dek v l\u00e9\u010db\u011b a zvy\u0161uje bezpe\u010dnost pacienta. Sta\u010d\u00ed si st\u00e1hnout \u0161ablonu, p\u0159\u00edpadn\u011b ji upravit podle sv\u00fdch pot\u0159eb, a m\u016f\u017eete ji za\u010d\u00edt pou\u017e\u00edvat ka\u017ed\u00fd den. D\u00edky n\u00ed budete m\u00edt jistotu, \u017ee je l\u00e9\u010dba spr\u00e1vn\u011b dodr\u017eov\u00e1na a nic d\u016fle\u017eit\u00e9ho neunikne pozornosti.<\/p>\n","protected":false},"excerpt":{"rendered":"<p>Spr\u00e1vn\u00e9 a pravideln\u00e9 u\u017e\u00edv\u00e1n\u00ed l\u00e9k\u016f je z\u00e1sadn\u00ed pro zdrav\u00ed ka\u017ed\u00e9ho pacienta. A\u0165 u\u017e se star\u00e1te o sebe, o d\u00edt\u011b, nebo o seniora v rodin\u011b, p\u0159ehledn\u00e1 tabulka dok\u00e1\u017ee v\u00fdrazn\u011b usnadnit kontrolu nad d\u00e1vkov\u00e1n\u00edm. D\u00edky jednoduch\u00e9mu z\u00e1znamu m\u00e1te v\u017edy jasno v tom, kter\u00e9 l\u00e9ky byly u\u017eity, kdy a v jak\u00e9m mno\u017estv\u00ed. P\u0159ipravili jsme proto praktickou \u0161ablonu, kterou [&hellip;]<\/p>\n","protected":false},"author":1,"featured_media":0,"comment_status":"open","ping_status":"closed","sticky":false,"template":"","format":"standard","meta":{"footnotes":""},"categories":[30],"tags":[],"class_list":["post-1375","post","type-post","status-publish","format-standard","hentry","category-stahnout-a-vytisknout"],"_links":{"self":[{"href":"https:\/\/kalendare365.eu\/index.php?rest_route=\/wp\/v2\/posts\/1375","targetHints":{"allow":["GET"]}}],"collection":[{"href":"https:\/\/kalendare365.eu\/index.php?rest_route=\/wp\/v2\/posts"}],"about":[{"href":"https:\/\/kalendare365.eu\/index.php?rest_route=\/wp\/v2\/types\/post"}],"author":[{"embeddable":true,"href":"https:\/\/kalendare365.eu\/index.php?rest_route=\/wp\/v2\/users\/1"}],"replies":[{"embeddable":true,"href":"https:\/\/kalendare365.eu\/index.php?rest_route=%2Fwp%2Fv2%2Fcomments&post=1375"}],"version-history":[{"count":3,"href":"https:\/\/kalendare365.eu\/index.php?rest_route=\/wp\/v2\/posts\/1375\/revisions"}],"predecessor-version":[{"id":3551,"href":"https:\/\/kalendare365.eu\/index.php?rest_route=\/wp\/v2\/posts\/1375\/revisions\/3551"}],"wp:attachment":[{"href":"https:\/\/kalendare365.eu\/index.php?rest_route=%2Fwp%2Fv2%2Fmedia&parent=1375"}],"wp:term":[{"taxonomy":"category","embeddable":true,"href":"https:\/\/kalendare365.eu\/index.php?rest_route=%2Fwp%2Fv2%2Fcategories&post=1375"},{"taxonomy":"post_tag","embeddable":true,"href":"https:\/\/kalendare365.eu\/index.php?rest_route=%2Fwp%2Fv2%2Ftags&post=1375"}],"curies":[{"name":"wp","href":"https:\/\/api.w.org\/{rel}","templated":true}]}}