{"id":138,"date":"2023-02-21T01:10:23","date_gmt":"2023-02-20T22:10:23","guid":{"rendered":"https:\/\/kalendare365.eu\/?p=138"},"modified":"2026-08-03T09:52:38","modified_gmt":"2026-08-03T06:52:38","slug":"stahnete-si-kalendar-zari-2023","status":"publish","type":"post","link":"https:\/\/kalendare365.eu\/?p=138","title":{"rendered":"St\u00e1hn\u011bte si kalend\u00e1\u0159 z\u00e1\u0159\u00ed 2023"},"content":{"rendered":"\n<p class=\"wp-block-paragraph\">Pl\u00e1nov\u00e1n\u00ed m\u011bs\u00edce je mnohem jednodu\u0161\u0161\u00ed, kdy\u017e m\u00e1te po ruce p\u0159ehledn\u00fd a esteticky zpracovan\u00fd kalend\u00e1\u0159. Z\u00e1\u0159\u00ed 2023 p\u0159in\u00e1\u0161\u00ed nov\u00e9 v\u00fdzvy, za\u010d\u00e1tek \u0161koln\u00edho roku, n\u00e1vrat do pracovn\u00edho tempa a \u0159adu osobn\u00edch i profesn\u00edch \u00fakol\u016f. Proto jsme p\u0159ipravili <strong>kompletn\u00ed v\u00fdb\u011br nejlep\u0161\u00edch \u0161ablon kalend\u00e1\u0159\u016f<\/strong>, kter\u00e9 si m\u016f\u017eete snadno st\u00e1hnout, upravit nebo vytisknout.<\/p>\n\n\n\n<p class=\"wp-block-paragraph\">Ka\u017ed\u00e1 \u0161ablona je navr\u017eena tak, aby spl\u0148ovala r\u016fzn\u00e9 pot\u0159eby \u2014 od minimalistick\u00e9ho designu a\u017e po fotokalend\u00e1\u0159e. Vyber si tu, kter\u00e1 ti nejv\u00edce vyhovuje.<\/p>\n\n\n\n<h2 class=\"wp-block-heading\">\ud83d\udda8\ufe0f <strong>Kalend\u00e1\u0159 Z\u00e1\u0159\u00ed 2023 s Velk\u00fdmi \u010c\u00edsly<\/strong><\/h2>\n\n\n\n<h3 class=\"wp-block-heading\">\ud83d\udd0d <strong>Maxim\u00e1ln\u00ed \u010ditelnost a p\u0159ehlednost<\/strong><\/h3>\n\n\n\n<p class=\"wp-block-paragraph\">Tato \u0161ablona je ide\u00e1ln\u00ed pro ka\u017ed\u00e9ho, kdo preferuje <strong>jasn\u00e9, v\u00fdrazn\u00e9 a snadno \u010diteln\u00e9 datumy<\/strong>. Velk\u00e1 \u010d\u00edsla umo\u017e\u0148uj\u00ed rychlou orientaci, a proto je tento typ kalend\u00e1\u0159e skv\u011bl\u00fd pro kancel\u00e1\u0159e, dom\u00e1cnosti i seniory.<\/p>\n\n\n\n<h2 class=\"wp-block-heading\">\ud83d\udccb <strong>Vertik\u00e1ln\u00ed Pl\u00e1nova\u010d na Z\u00e1\u0159\u00ed 2023<\/strong><\/h2>\n\n\n\n<h3 class=\"wp-block-heading\">\ud83d\udccc <strong>Pro milovn\u00edky vertik\u00e1ln\u00edho rozlo\u017een\u00ed<\/strong><\/h3>\n\n\n\n<p class=\"wp-block-paragraph\">Vertik\u00e1ln\u00ed pl\u00e1nova\u010d nab\u00edz\u00ed <strong>dostatek prostoru pro denn\u00ed pozn\u00e1mky<\/strong>, \u00fakoly a osobn\u00ed pl\u00e1nov\u00e1n\u00ed. Je vhodn\u00fd pro studenty, mana\u017eery i ka\u017ed\u00e9ho, kdo si r\u00e1d zapisuje detailn\u00ed denn\u00ed harmonogram.<\/p>\n\n\n\n<h2 class=\"wp-block-heading\">\ud83d\udd04 <strong>Kalend\u00e1\u0159 Z\u00e1\u0159\u00ed 2023 s P\u0159edchoz\u00edm a N\u00e1sleduj\u00edc\u00edm M\u011bs\u00edcem<\/strong><\/h2>\n\n\n\n<h3 class=\"wp-block-heading\">\ud83d\uddc2\ufe0f <strong>Ide\u00e1ln\u00ed pro dlouhodob\u00e9 pl\u00e1nov\u00e1n\u00ed<\/strong><\/h3>\n\n\n\n<p class=\"wp-block-paragraph\">Tato \u0161ablona zobrazuje nejen z\u00e1\u0159\u00ed, ale tak\u00e9 <strong>srpen a \u0159\u00edjen<\/strong>, co\u017e umo\u017e\u0148uje snadn\u00e9 pl\u00e1nov\u00e1n\u00ed p\u0159esahuj\u00edc\u00ed jeden m\u011bs\u00edc. Perfektn\u00ed pro projektov\u00e9 \u0159\u00edzen\u00ed, rodinn\u00e9 pl\u00e1nov\u00e1n\u00ed nebo pracovn\u00ed rozvrhy.<\/p>\n\n\n\n<h2 class=\"wp-block-heading\">\ud83c\udfa8 <strong>Kr\u00e1sn\u00fd Estetick\u00fd Kalend\u00e1\u0159 Z\u00e1\u0159\u00ed 2023<\/strong><\/h2>\n\n\n\n<h3 class=\"wp-block-heading\">\ud83c\udf38 <strong>Stylov\u00fd design pro radost z pl\u00e1nov\u00e1n\u00ed<\/strong><\/h3>\n\n\n\n<p class=\"wp-block-paragraph\">Pokud chce\u0161, aby tv\u016fj kalend\u00e1\u0159 byl nejen praktick\u00fd, ale i vizu\u00e1ln\u011b atraktivn\u00ed, tato \u0161ablona je p\u0159esn\u011b pro tebe. Elegantn\u00ed grafika dod\u00e1 tv\u00e9mu pracovn\u00edmu stolu nebo n\u00e1st\u011bnce <strong>p\u0159\u00edjemnou atmosf\u00e9ru<\/strong>.<\/p>\n\n\n\n<h2 class=\"wp-block-heading\">\ud83d\udcf7 <strong>Fotokalend\u00e1\u0159 Z\u00e1\u0159\u00ed 2023<\/strong><\/h2>\n\n\n\n<h3 class=\"wp-block-heading\">\ud83d\uddbc\ufe0f <strong>Spojen\u00ed u\u017eite\u010dnosti a kr\u00e1sy<\/strong><\/h3>\n\n\n\n<p class=\"wp-block-paragraph\">Fotokalend\u00e1\u0159 kombinuje <strong>kvalitn\u00ed fotografie<\/strong> s p\u0159ehledn\u00fdm rozlo\u017een\u00edm. Skv\u011bl\u00e1 volba pro milovn\u00edky vizu\u00e1ln\u00edho obsahu, kreativn\u00ed du\u0161e nebo jako d\u00e1rek.<\/p>\n\n\n\n<h2 class=\"wp-block-heading\">\u270f\ufe0f <strong>Kalend\u00e1\u0159 Z\u00e1\u0159\u00ed 2023 s Prostorem pro Pozn\u00e1mky<\/strong><\/h2>\n\n\n\n<h3 class=\"wp-block-heading\">\ud83d\udcdd <strong>Pro detailn\u00ed pl\u00e1nov\u00e1n\u00ed a organizaci<\/strong><\/h3>\n\n\n\n<p class=\"wp-block-paragraph\">Tato \u0161ablona nab\u00edz\u00ed <strong>roz\u0161\u00ed\u0159en\u00fd prostor pro pozn\u00e1mky<\/strong>, \u00fakoly, p\u0159ipom\u00ednky a denn\u00ed z\u00e1znamy. Ide\u00e1ln\u00ed pro ty, kte\u0159\u00ed pot\u0159ebuj\u00ed m\u00edt v\u0161e na jednom m\u00edst\u011b \u2014 od pracovn\u00edch \u00fakol\u016f po osobn\u00ed c\u00edle.<\/p>\n\n\n\n<h3 class=\"wp-block-heading\">Pl\u00e1nova\u010d kalend\u00e1\u0159e zari 2023<\/h3>\n\n\n\n<center><figure><img decoding=\"async\" class=\"alignnone size-full wp-image-32\" src=\"https:\/\/kalendare365.eu\/wp-content\/uploads\/2023\/02\/planovac-kalendare-zari-2023.webp\" alt=\"\" width=\"500\" height=\"100%\"><\/figure><\/center>\n\n\n\n<p class=\"wp-block-paragraph\"><a href=\"https:\/\/kalendare365.eu\/wp-content\/uploads\/2023\/02\/planovac-kalendare-zari-2023.pdf\" target=\"_blank\" rel=\"noopener\">PDF<\/a> &#8212; <a href=\"https:\/\/kalendare365.eu\/wp-content\/uploads\/2023\/02\/planovac-kalendare-zari-2023.docx\" target=\"_blank\" rel=\"noopener\">DOCx<\/a> &#8212; <a href=\"https:\/\/kalendare365.eu\/wp-content\/uploads\/2023\/02\/planovac-kalendare-zari-2023.png\" target=\"_blank\" rel=\"noopener\">PNG<\/a><\/p>\n\n\n\n<h3 class=\"wp-block-heading\">Kalend\u00e1\u0159 zari 2023 s velk\u00fdmi \u010d\u00edsly<\/h3>\n\n\n\n<center><figure><img decoding=\"async\" class=\"alignnone size-full wp-image-32\" src=\"https:\/\/kalendare365.eu\/wp-content\/uploads\/2023\/02\/kalendar-zari-2023-s-velkymi-cisly.webp\" alt=\"\" width=\"500\" height=\"100%\"><\/figure><\/center>\n\n\n\n<p class=\"wp-block-paragraph\"><a href=\"https:\/\/kalendare365.eu\/wp-content\/uploads\/2023\/02\/kalendar-zari-2023-s-velkymi-cisly.pdf\" target=\"_blank\" rel=\"noopener\">PDF<\/a> &#8212; <a href=\"https:\/\/kalendare365.eu\/wp-content\/uploads\/2023\/02\/kalendar-zari-2023-s-velkymi-cisly.docx\" target=\"_blank\" rel=\"noopener\">DOCx<\/a> &#8212; <a href=\"https:\/\/kalendare365.eu\/wp-content\/uploads\/2023\/02\/kalendar-zari-2023-s-velkymi-cisly.png\" target=\"_blank\" rel=\"noopener\">PNG<\/a><\/p>\n\n\n\n<h3 class=\"wp-block-heading\">Vertik\u00e1ln\u00ed pl\u00e1nova\u010d kalend\u00e1\u0159e na zari 2023<\/h3>\n\n\n\n<center><figure><img decoding=\"async\" class=\"alignnone size-full wp-image-32\" src=\"https:\/\/kalendare365.eu\/wp-content\/uploads\/2023\/02\/vertikalni-planovac-kalendare-na-zari-2023.webp\" alt=\"\" width=\"500\" height=\"100%\"><\/figure><\/center>\n\n\n\n<p class=\"wp-block-paragraph\"><a href=\"https:\/\/kalendare365.eu\/wp-content\/uploads\/2023\/02\/vertikalni-planovac-kalendare-na-zari-2023.pdf\" target=\"_blank\" rel=\"noopener\">PDF<\/a> &#8212; <a href=\"https:\/\/kalendare365.eu\/wp-content\/uploads\/2023\/02\/vertikalni-planovac-kalendare-na-zari-2023.docx\" target=\"_blank\" rel=\"noopener\">DOCx<\/a> &#8212; <a href=\"https:\/\/kalendare365.eu\/wp-content\/uploads\/2023\/02\/vertikalni-planovac-kalendare-na-zari-2023.png\" target=\"_blank\" rel=\"noopener\">PNG<\/a><\/p>\n\n\n\n<h3 class=\"wp-block-heading\">Kalend\u00e1\u0159 zari 2023 s p\u0159edchoz\u00edm a p\u0159\u00ed\u0161t\u00edm m\u011bs\u00edcem<\/h3>\n\n\n\n<center><figure><img decoding=\"async\" class=\"alignnone size-full wp-image-32\" src=\"https:\/\/kalendare365.eu\/wp-content\/uploads\/2023\/02\/kalendar-zari-2023-s-predchozim-a-pristim-mesicem.webp\" alt=\"\" width=\"500\" height=\"100%\"><\/figure><\/center>\n\n\n\n<p class=\"wp-block-paragraph\"><a href=\"https:\/\/kalendare365.eu\/wp-content\/uploads\/2023\/02\/kalendar-zari-2023-s-predchozim-a-pristim-mesicem.pdf\" target=\"_blank\" rel=\"noopener\">PDF<\/a> &#8212; <a href=\"https:\/\/kalendare365.eu\/wp-content\/uploads\/2023\/02\/kalendar-zari-2023-s-predchozim-a-pristim-mesicem.docx\" target=\"_blank\" rel=\"noopener\">DOCx<\/a> &#8212; <a href=\"https:\/\/kalendare365.eu\/wp-content\/uploads\/2023\/02\/kalendar-zari-2023-s-predchozim-a-pristim-mesicem.png\" target=\"_blank\" rel=\"noopener\">PNG<\/a><\/p>\n\n\n\n<h3 class=\"wp-block-heading\">Kr\u00e1sn\u00fd kalend\u00e1\u0159 zari 2023<\/h3>\n\n\n\n<center><figure><img decoding=\"async\" class=\"alignnone size-full wp-image-32\" src=\"https:\/\/kalendare365.eu\/wp-content\/uploads\/2023\/02\/krasny-kalendar-zari-2023.webp\" alt=\"\" width=\"500\" height=\"100%\"><\/figure><\/center>\n\n\n\n<p class=\"wp-block-paragraph\"><a href=\"https:\/\/kalendare365.eu\/wp-content\/uploads\/2023\/02\/krasny-kalendar-zari-2023.pdf\" target=\"_blank\" rel=\"noopener\">PDF<\/a> &#8212; <a href=\"https:\/\/kalendare365.eu\/wp-content\/uploads\/2023\/02\/krasny-kalendar-zari-2023.docx\" target=\"_blank\" rel=\"noopener\">DOCx<\/a> &#8212; <a href=\"https:\/\/kalendare365.eu\/wp-content\/uploads\/2023\/02\/krasny-kalendar-zari-2023.png\" target=\"_blank\" rel=\"noopener\">PNG<\/a><\/p>\n\n\n\n<h3 class=\"wp-block-heading\">Fotokalend\u00e1\u0159 zari 2023<\/h3>\n\n\n\n<center><figure><img decoding=\"async\" class=\"alignnone size-full wp-image-32\" src=\"https:\/\/kalendare365.eu\/wp-content\/uploads\/2023\/02\/fotokalendar-zari-2023.webp\" alt=\"\" width=\"500\" height=\"100%\"><\/figure><\/center>\n\n\n\n<p class=\"wp-block-paragraph\"><a href=\"https:\/\/kalendare365.eu\/wp-content\/uploads\/2023\/02\/fotokalendar-zari-2023.pdf\" target=\"_blank\" rel=\"noopener\">PDF<\/a> &#8212; <a href=\"https:\/\/kalendare365.eu\/wp-content\/uploads\/2023\/02\/fotokalendar-zari-2023.docx\" target=\"_blank\" rel=\"noopener\">DOCx<\/a> &#8212; <a href=\"https:\/\/kalendare365.eu\/wp-content\/uploads\/2023\/02\/fotokalendar-zari-2023.png\" target=\"_blank\" rel=\"noopener\">PNG<\/a><\/p>\n\n\n\n<h3 class=\"wp-block-heading\">Kr\u00e1sn\u00fd pl\u00e1nova\u010d kalend\u00e1\u0159e zari 2023<\/h3>\n\n\n\n<center><figure><img decoding=\"async\" class=\"alignnone size-full wp-image-32\" src=\"https:\/\/kalendare365.eu\/wp-content\/uploads\/2023\/02\/krasny-planovac-kalendare-zari-2023.webp\" alt=\"\" width=\"500\" height=\"100%\"><\/figure><\/center>\n\n\n\n<p class=\"wp-block-paragraph\"><a href=\"https:\/\/kalendare365.eu\/wp-content\/uploads\/2023\/02\/krasny-planovac-kalendare-zari-2023.pdf\" target=\"_blank\" rel=\"noopener\">PDF<\/a> &#8212; <a href=\"https:\/\/kalendare365.eu\/wp-content\/uploads\/2023\/02\/krasny-planovac-kalendare-zari-2023.docx\" target=\"_blank\" rel=\"noopener\">DOCx<\/a> &#8212; <a href=\"https:\/\/kalendare365.eu\/wp-content\/uploads\/2023\/02\/krasny-planovac-kalendare-zari-2023.png\" target=\"_blank\" rel=\"noopener\">PNG<\/a><\/p>\n\n\n\n<h3 class=\"wp-block-heading\">Kalend\u00e1\u0159 zari 2023 s pozn\u00e1mkami<\/h3>\n\n\n\n<center><figure><img decoding=\"async\" class=\"alignnone size-full wp-image-32\" src=\"https:\/\/kalendare365.eu\/wp-content\/uploads\/2023\/02\/kalendar-zari-2023-s-poznamkami.webp\" alt=\"\" width=\"500\" height=\"100%\"><\/figure><\/center>\n\n\n\n<p class=\"wp-block-paragraph\"><a href=\"https:\/\/kalendare365.eu\/wp-content\/uploads\/2023\/02\/kalendar-zari-2023-s-poznamkami.pdf\" target=\"_blank\" rel=\"noopener\">PDF<\/a> &#8212; <a href=\"https:\/\/kalendare365.eu\/wp-content\/uploads\/2023\/02\/kalendar-zari-2023-s-poznamkami.docx\" target=\"_blank\" rel=\"noopener\">DOCx<\/a> &#8212; <a href=\"https:\/\/kalendare365.eu\/wp-content\/uploads\/2023\/02\/kalendar-zari-2023-s-poznamkami.png\" target=\"_blank\" rel=\"noopener\">PNG<\/a><\/p>\n\n\n\n<h2 class=\"wp-block-heading\">\ud83e\uddfe <strong>Z\u00e1v\u011br \u2014 Vyberte si Sv\u016fj Ide\u00e1ln\u00ed Kalend\u00e1\u0159 na Z\u00e1\u0159\u00ed 2023<\/strong><\/h2>\n\n\n\n<p class=\"wp-block-paragraph\">Ka\u017ed\u00e1 z uveden\u00fdch \u0161ablon p\u0159in\u00e1\u0161\u00ed n\u011bco jedine\u010dn\u00e9ho. A\u0165 u\u017e hled\u00e1te <strong>maxim\u00e1ln\u00ed p\u0159ehlednost<\/strong>, <strong>stylov\u00fd design<\/strong>, <strong>fotografick\u00e9 prvky<\/strong> nebo <strong>prostor pro pozn\u00e1mky<\/strong>, ur\u010dit\u011b si vyberete.<\/p>\n","protected":false},"excerpt":{"rendered":"<p>Pl\u00e1nov\u00e1n\u00ed m\u011bs\u00edce je mnohem jednodu\u0161\u0161\u00ed, kdy\u017e m\u00e1te po ruce p\u0159ehledn\u00fd a esteticky zpracovan\u00fd kalend\u00e1\u0159. Z\u00e1\u0159\u00ed 2023 p\u0159in\u00e1\u0161\u00ed nov\u00e9 v\u00fdzvy, za\u010d\u00e1tek \u0161koln\u00edho roku, n\u00e1vrat do pracovn\u00edho tempa a \u0159adu osobn\u00edch i profesn\u00edch \u00fakol\u016f. Proto jsme p\u0159ipravili kompletn\u00ed v\u00fdb\u011br nejlep\u0161\u00edch \u0161ablon kalend\u00e1\u0159\u016f, kter\u00e9 si m\u016f\u017eete snadno st\u00e1hnout, upravit nebo vytisknout. Ka\u017ed\u00e1 \u0161ablona je navr\u017eena tak, aby spl\u0148ovala [&hellip;]<\/p>\n","protected":false},"author":1,"featured_media":0,"comment_status":"open","ping_status":"closed","sticky":false,"template":"","format":"standard","meta":{"footnotes":""},"categories":[13],"tags":[20],"class_list":["post-138","post","type-post","status-publish","format-standard","hentry","category-zari","tag-20"],"_links":{"self":[{"href":"https:\/\/kalendare365.eu\/index.php?rest_route=\/wp\/v2\/posts\/138","targetHints":{"allow":["GET"]}}],"collection":[{"href":"https:\/\/kalendare365.eu\/index.php?rest_route=\/wp\/v2\/posts"}],"about":[{"href":"https:\/\/kalendare365.eu\/index.php?rest_route=\/wp\/v2\/types\/post"}],"author":[{"embeddable":true,"href":"https:\/\/kalendare365.eu\/index.php?rest_route=\/wp\/v2\/users\/1"}],"replies":[{"embeddable":true,"href":"https:\/\/kalendare365.eu\/index.php?rest_route=%2Fwp%2Fv2%2Fcomments&post=138"}],"version-history":[{"count":4,"href":"https:\/\/kalendare365.eu\/index.php?rest_route=\/wp\/v2\/posts\/138\/revisions"}],"predecessor-version":[{"id":3786,"href":"https:\/\/kalendare365.eu\/index.php?rest_route=\/wp\/v2\/posts\/138\/revisions\/3786"}],"wp:attachment":[{"href":"https:\/\/kalendare365.eu\/index.php?rest_route=%2Fwp%2Fv2%2Fmedia&parent=138"}],"wp:term":[{"taxonomy":"category","embeddable":true,"href":"https:\/\/kalendare365.eu\/index.php?rest_route=%2Fwp%2Fv2%2Fcategories&post=138"},{"taxonomy":"post_tag","embeddable":true,"href":"https:\/\/kalendare365.eu\/index.php?rest_route=%2Fwp%2Fv2%2Ftags&post=138"}],"curies":[{"name":"wp","href":"https:\/\/api.w.org\/{rel}","templated":true}]}}