{"id":140,"date":"2023-02-21T01:10:50","date_gmt":"2023-02-20T22:10:50","guid":{"rendered":"https:\/\/kalendare365.eu\/?p=140"},"modified":"2026-08-03T09:47:18","modified_gmt":"2026-08-03T06:47:18","slug":"stahnete-si-kalendar-zari-2024","status":"publish","type":"post","link":"https:\/\/kalendare365.eu\/?p=140","title":{"rendered":"St\u00e1hn\u011bte si kalend\u00e1\u0159 z\u00e1\u0159\u00ed 2024"},"content":{"rendered":"\n<p class=\"wp-block-paragraph\">Kalend\u00e1\u0159 na <strong>z\u00e1\u0159\u00ed 2024<\/strong> je ide\u00e1ln\u00edm pomocn\u00edkem pro ka\u017ed\u00e9ho, kdo chce m\u00edt sv\u00e9 \u00fakoly, sch\u016fzky a osobn\u00ed pl\u00e1ny pod kontrolou. A\u0165 u\u017e pot\u0159ebujete p\u0159ehledn\u00fd m\u011bs\u00ed\u010dn\u00ed pl\u00e1n na pracovn\u00ed st\u016fl, prostor pro pozn\u00e1mky nebo minimalistick\u00fd design, spr\u00e1vn\u011b zvolen\u00fd kalend\u00e1\u0159 v\u00e1m dok\u00e1\u017ee v\u00fdrazn\u011b usnadnit organizaci \u010dasu. V tomto \u010dl\u00e1nku najdete <strong>kompletn\u00ed p\u0159ehled form\u00e1t\u016f, barevn\u00fdch variant, v\u00fdhod a doporu\u010den\u00ed<\/strong>, aby byl v\u00e1\u0161 kalend\u00e1\u0159 p\u0159esn\u011b takov\u00fd, jak\u00fd pot\u0159ebujete.<\/p>\n\n\n\n<h2 class=\"wp-block-heading\"><strong>\ud83d\uddc2\ufe0f Form\u00e1ty kalend\u00e1\u0159e z\u00e1\u0159\u00ed 2024<\/strong><\/h2>\n\n\n\n<h3 class=\"wp-block-heading\"><strong>A4 \u2013 praktick\u00fd m\u011bs\u00ed\u010dn\u00ed p\u0159ehled<\/strong><\/h3>\n\n\n\n<p class=\"wp-block-paragraph\">Form\u00e1t A4 je ide\u00e1ln\u00ed pro ty, kte\u0159\u00ed cht\u011bj\u00ed m\u00edt cel\u00fd m\u011bs\u00edc na jednom listu. Nab\u00edz\u00ed:<\/p>\n\n\n\n<ul class=\"wp-block-list\">\n<li><strong>P\u0159ehled v\u0161ech dn\u00ed<\/strong><\/li>\n\n\n\n<li><strong>Dostatek prostoru<\/strong> pro z\u00e1kladn\u00ed pozn\u00e1mky<\/li>\n\n\n\n<li>Mo\u017enost snadn\u00e9ho tisku doma i v kancel\u00e1\u0159i<\/li>\n<\/ul>\n\n\n\n<h3 class=\"wp-block-heading\"><strong>Vertik\u00e1ln\u00ed form\u00e1t \u2013 klasika pro pozn\u00e1mky<\/strong><\/h3>\n\n\n\n<p class=\"wp-block-paragraph\">Vertik\u00e1ln\u00ed rozlo\u017een\u00ed je vhodn\u00e9 pro u\u017eivatele, kte\u0159\u00ed si r\u00e1di zapisuj\u00ed:<\/p>\n\n\n\n<ul class=\"wp-block-list\">\n<li>denn\u00ed \u00fakoly<\/li>\n\n\n\n<li>sch\u016fzky<\/li>\n\n\n\n<li>kr\u00e1tk\u00e9 pozn\u00e1mky<\/li>\n<\/ul>\n\n\n\n<h3 class=\"wp-block-heading\"><strong>Horizont\u00e1ln\u00ed form\u00e1t \u2013 modern\u00ed a p\u0159ehledn\u00fd<\/strong><\/h3>\n\n\n\n<p class=\"wp-block-paragraph\">Horizont\u00e1ln\u00ed varianta nab\u00edz\u00ed:<\/p>\n\n\n\n<ul class=\"wp-block-list\">\n<li>\u010dist\u00e9 a vzdu\u0161n\u00e9 rozlo\u017een\u00ed<\/li>\n\n\n\n<li>lep\u0161\u00ed vyu\u017eit\u00ed prostoru na st\u011bn\u011b<\/li>\n\n\n\n<li>ide\u00e1ln\u00ed pro vizu\u00e1ln\u00ed typy<\/li>\n<\/ul>\n\n\n\n<h2 class=\"wp-block-heading\"><strong>\ud83c\udfa8 Barevn\u00e9 varianty<\/strong><\/h2>\n\n\n\n<h3 class=\"wp-block-heading\"><strong>Barevn\u00fd design<\/strong><\/h3>\n\n\n\n<ul class=\"wp-block-list\">\n<li>P\u016fsob\u00ed \u017eiv\u011b a energicky<\/li>\n\n\n\n<li>Skv\u011ble se hod\u00ed do dom\u00e1c\u00ed kancel\u00e1\u0159e<\/li>\n\n\n\n<li>Pom\u00e1h\u00e1 vizu\u00e1ln\u011b odli\u0161it t\u00fddny a v\u00edkendy<\/li>\n<\/ul>\n\n\n\n<h3 class=\"wp-block-heading\"><strong>\u010cernob\u00edl\u00fd design<\/strong><\/h3>\n\n\n\n<ul class=\"wp-block-list\">\n<li>Minimalistick\u00fd a elegantn\u00ed<\/li>\n\n\n\n<li>\u00dasporn\u00fd p\u0159i tisku<\/li>\n\n\n\n<li>Perfektn\u00ed pro profesion\u00e1ln\u00ed prost\u0159ed\u00ed<\/li>\n<\/ul>\n\n\n\n<h2 class=\"wp-block-heading\"><strong>\ud83d\udcc1 Dostupn\u00e9 soubory<\/strong><\/h2>\n\n\n\n<h3 class=\"wp-block-heading\"><strong>PNG<\/strong><\/h3>\n\n\n\n<ul class=\"wp-block-list\">\n<li>Vhodn\u00e9 pro online pou\u017eit\u00ed<\/li>\n\n\n\n<li>Snadn\u00e9 vlo\u017een\u00ed do prezentac\u00ed nebo dokument\u016f<\/li>\n<\/ul>\n\n\n\n<h3 class=\"wp-block-heading\"><strong>PDF<\/strong><\/h3>\n\n\n\n<ul class=\"wp-block-list\">\n<li>Univerz\u00e1ln\u00ed form\u00e1t<\/li>\n\n\n\n<li>Ide\u00e1ln\u00ed pro tisk ve vysok\u00e9 kvalit\u011b<\/li>\n<\/ul>\n\n\n\n<h3 class=\"wp-block-heading\"><strong>DOCX<\/strong><\/h3>\n\n\n\n<ul class=\"wp-block-list\">\n<li>Mo\u017enost \u00faprav p\u0159\u00edmo ve Wordu<\/li>\n\n\n\n<li>P\u0159id\u00e1n\u00ed vlastn\u00edch pozn\u00e1mek, barev \u010di grafiky<\/li>\n<\/ul>\n\n\n\n<h2 class=\"wp-block-heading\"><strong>\ud83d\udd0d U\u017eite\u010dn\u00e9 funkce kalend\u00e1\u0159e<\/strong><\/h2>\n\n\n\n<h3 class=\"wp-block-heading\"><strong>Velk\u00e9 \u010d\u00edslice<\/strong><\/h3>\n\n\n\n<ul class=\"wp-block-list\">\n<li>Perfektn\u00ed pro seniory<\/li>\n\n\n\n<li>Vhodn\u00e9 pro osoby se zrakov\u00fdm omezen\u00edm<\/li>\n\n\n\n<li>P\u0159ehledn\u00e9 i z v\u011bt\u0161\u00ed vzd\u00e1lenosti<\/li>\n<\/ul>\n\n\n\n<h3 class=\"wp-block-heading\"><strong>M\u00edsto pro pozn\u00e1mky<\/strong><\/h3>\n\n\n\n<ul class=\"wp-block-list\">\n<li>Ka\u017ed\u00fd den m\u00e1 prostor pro z\u00e1pis<\/li>\n\n\n\n<li>Ide\u00e1ln\u00ed pro pl\u00e1nov\u00e1n\u00ed sch\u016fzek, \u00fakol\u016f a term\u00edn\u016f<\/li>\n\n\n\n<li>Podporuje lep\u0161\u00ed organizaci<\/li>\n<\/ul>\n\n\n\n<h2 class=\"wp-block-heading\"><strong>\ud83d\udcdd Tipy, jak kalend\u00e1\u0159 efektivn\u011b vyu\u017e\u00edt<\/strong><\/h2>\n\n\n\n<ul class=\"wp-block-list\">\n<li><strong>Vytiskn\u011bte kalend\u00e1\u0159<\/strong> na kvalitn\u00ed pap\u00edr pro del\u0161\u00ed \u017eivotnost<\/li>\n\n\n\n<li><strong>Pou\u017e\u00edvejte barevn\u00e9 zv\u00fdraz\u0148ova\u010de<\/strong> pro odli\u0161en\u00ed typ\u016f \u00fakol\u016f<\/li>\n\n\n\n<li><strong>Zapisujte si d\u016fle\u017eit\u00e9 term\u00edny<\/strong> ihned, abyste na nic nezapomn\u011bli<\/li>\n\n\n\n<li><strong>Um\u00edst\u011bte kalend\u00e1\u0159 na viditeln\u00e9 m\u00edsto<\/strong>, nap\u0159\u00edklad na lednici nebo pracovn\u00ed st\u016fl<\/li>\n<\/ul>\n\n\n\n<h2 class=\"wp-block-heading has-text-align-center\">Pl\u00e1nova\u010d kalend\u00e1\u0159e zari 2024<\/h2>\n\n\n\n<center><img decoding=\"async\" class=\"alignnone size-full wp-image-32\" src=\"https:\/\/kalendare365.eu\/wp-content\/uploads\/2023\/02\/planovac-kalendare-zari-2024.webp\" alt=\"\" width=\"500\" height=\"100%\"><\/center>\n\n\n\n<p class=\"has-text-align-center wp-block-paragraph\"><a href=\"https:\/\/kalendare365.eu\/wp-content\/uploads\/2023\/02\/planovac-kalendare-zari-2024.pdf\" target=\"_blank\" rel=\"noopener\">PDF<\/a> &#8212; <a href=\"https:\/\/kalendare365.eu\/wp-content\/uploads\/2023\/02\/planovac-kalendare-zari-2024.docx\" target=\"_blank\" rel=\"noopener\">DOCx<\/a> &#8212; <a href=\"https:\/\/kalendare365.eu\/wp-content\/uploads\/2023\/02\/planovac-kalendare-zari-2024.png\" target=\"_blank\" rel=\"noopener\">PNG<\/a><\/p>\n\n\n\n<h2 class=\"wp-block-heading has-text-align-center\">Kalend\u00e1\u0159 zari 2024 s velk\u00fdmi \u010d\u00edsly<\/h2>\n\n\n\n<center><img decoding=\"async\" class=\"alignnone size-full wp-image-32\" src=\"https:\/\/kalendare365.eu\/wp-content\/uploads\/2023\/02\/kalendar-zari-2024-s-velkymi-cisly.webp\" alt=\"\" width=\"500\" height=\"100%\"><\/center>\n\n\n\n<p class=\"has-text-align-center wp-block-paragraph\"><a href=\"https:\/\/kalendare365.eu\/wp-content\/uploads\/2023\/02\/kalendar-zari-2024-s-velkymi-cisly.pdf\" target=\"_blank\" rel=\"noopener\">PDF<\/a> &#8212; <a href=\"https:\/\/kalendare365.eu\/wp-content\/uploads\/2023\/02\/kalendar-zari-2024-s-velkymi-cisly.docx\" target=\"_blank\" rel=\"noopener\">DOCx<\/a> &#8212; <a href=\"https:\/\/kalendare365.eu\/wp-content\/uploads\/2023\/02\/kalendar-zari-2024-s-velkymi-cisly.png\" target=\"_blank\" rel=\"noopener\">PNG<\/a><\/p>\n\n\n\n<h2 class=\"wp-block-heading has-text-align-center\">Vertik\u00e1ln\u00ed pl\u00e1nova\u010d kalend\u00e1\u0159e na zari 2024<\/h2>\n\n\n\n<center><img decoding=\"async\" class=\"alignnone size-full wp-image-32\" src=\"https:\/\/kalendare365.eu\/wp-content\/uploads\/2023\/02\/vertikalni-planovac-kalendare-na-zari-2024.webp\" alt=\"\" width=\"500\" height=\"100%\"><\/center>\n\n\n\n<p class=\"has-text-align-center wp-block-paragraph\"><a href=\"https:\/\/kalendare365.eu\/wp-content\/uploads\/2023\/02\/vertikalni-planovac-kalendare-na-zari-2024.pdf\" target=\"_blank\" rel=\"noopener\">PDF<\/a> &#8212; <a href=\"https:\/\/kalendare365.eu\/wp-content\/uploads\/2023\/02\/vertikalni-planovac-kalendare-na-zari-2024.docx\" target=\"_blank\" rel=\"noopener\">DOCx<\/a> &#8212; <a href=\"https:\/\/kalendare365.eu\/wp-content\/uploads\/2023\/02\/vertikalni-planovac-kalendare-na-zari-2024.png\" target=\"_blank\" rel=\"noopener\">PNG<\/a><\/p>\n\n\n\n<h2 class=\"wp-block-heading has-text-align-center\">Kalend\u00e1\u0159 zari 2024 s p\u0159edchoz\u00edm a p\u0159\u00ed\u0161t\u00edm m\u011bs\u00edcem<\/h2>\n\n\n\n<center><img decoding=\"async\" class=\"alignnone size-full wp-image-32\" src=\"https:\/\/kalendare365.eu\/wp-content\/uploads\/2023\/02\/kalendar-zari-2024-s-predchozim-a-pristim-mesicem.webp\" alt=\"\" width=\"500\" height=\"100%\"><\/center>\n\n\n\n<p class=\"has-text-align-center wp-block-paragraph\"><a href=\"https:\/\/kalendare365.eu\/wp-content\/uploads\/2023\/02\/kalendar-zari-2024-s-predchozim-a-pristim-mesicem.pdf\" target=\"_blank\" rel=\"noopener\">PDF<\/a> &#8212; <a href=\"https:\/\/kalendare365.eu\/wp-content\/uploads\/2023\/02\/kalendar-zari-2024-s-predchozim-a-pristim-mesicem.docx\" target=\"_blank\" rel=\"noopener\">DOCx<\/a> &#8212; <a href=\"https:\/\/kalendare365.eu\/wp-content\/uploads\/2023\/02\/kalendar-zari-2024-s-predchozim-a-pristim-mesicem.png\" target=\"_blank\" rel=\"noopener\">PNG<\/a><\/p>\n\n\n\n<h2 class=\"wp-block-heading has-text-align-center\">Kr\u00e1sn\u00fd kalend\u00e1\u0159 zari 2024<\/h2>\n\n\n\n<center><img decoding=\"async\" class=\"alignnone size-full wp-image-32\" src=\"https:\/\/kalendare365.eu\/wp-content\/uploads\/2023\/02\/krasny-kalendar-zari-2024.webp\" alt=\"\" width=\"500\" height=\"100%\"><\/center>\n\n\n\n<p class=\"has-text-align-center wp-block-paragraph\"><a href=\"https:\/\/kalendare365.eu\/wp-content\/uploads\/2023\/02\/krasny-kalendar-zari-2024.pdf\" target=\"_blank\" rel=\"noopener\">PDF<\/a> &#8212; <a href=\"https:\/\/kalendare365.eu\/wp-content\/uploads\/2023\/02\/krasny-kalendar-zari-2024.docx\" target=\"_blank\" rel=\"noopener\">DOCx<\/a> &#8212; <a href=\"https:\/\/kalendare365.eu\/wp-content\/uploads\/2023\/02\/krasny-kalendar-zari-2024.png\" target=\"_blank\" rel=\"noopener\">PNG<\/a><\/p>\n\n\n\n<h2 class=\"wp-block-heading has-text-align-center\">Fotokalend\u00e1\u0159 zari 2024<\/h2>\n\n\n\n<center><img decoding=\"async\" class=\"alignnone size-full wp-image-32\" src=\"https:\/\/kalendare365.eu\/wp-content\/uploads\/2023\/02\/fotokalendar-zari-2024.webp\" alt=\"\" width=\"500\" height=\"100%\"><\/center>\n\n\n\n<p class=\"has-text-align-center wp-block-paragraph\"><a href=\"https:\/\/kalendare365.eu\/wp-content\/uploads\/2023\/02\/fotokalendar-zari-2024.pdf\" target=\"_blank\" rel=\"noopener\">PDF<\/a> &#8212; <a href=\"https:\/\/kalendare365.eu\/wp-content\/uploads\/2023\/02\/fotokalendar-zari-2024.docx\" target=\"_blank\" rel=\"noopener\">DOCx<\/a> &#8212; <a href=\"https:\/\/kalendare365.eu\/wp-content\/uploads\/2023\/02\/fotokalendar-zari-2024.png\" target=\"_blank\" rel=\"noopener\">PNG<\/a><\/p>\n\n\n\n<h2 class=\"wp-block-heading has-text-align-center\">Kr\u00e1sn\u00fd pl\u00e1nova\u010d kalend\u00e1\u0159e zari 2024<\/h2>\n\n\n\n<center><img decoding=\"async\" class=\"alignnone size-full wp-image-32\" src=\"https:\/\/kalendare365.eu\/wp-content\/uploads\/2023\/02\/krasny-planovac-kalendare-zari-2024.webp\" alt=\"\" width=\"500\" height=\"100%\"><\/center>\n\n\n\n<p class=\"has-text-align-center wp-block-paragraph\"><a href=\"https:\/\/kalendare365.eu\/wp-content\/uploads\/2023\/02\/krasny-planovac-kalendare-zari-2024.pdf\" target=\"_blank\" rel=\"noopener\">PDF<\/a> &#8212; <a href=\"https:\/\/kalendare365.eu\/wp-content\/uploads\/2023\/02\/krasny-planovac-kalendare-zari-2024.docx\" target=\"_blank\" rel=\"noopener\">DOCx<\/a> &#8212; <a href=\"https:\/\/kalendare365.eu\/wp-content\/uploads\/2023\/02\/krasny-planovac-kalendare-zari-2024.png\" target=\"_blank\" rel=\"noopener\">PNG<\/a><\/p>\n\n\n\n<h2 class=\"wp-block-heading has-text-align-center\">Kalend\u00e1\u0159 zari 2024 s pozn\u00e1mkami<\/h2>\n\n\n\n<center><img decoding=\"async\" class=\"alignnone size-full wp-image-32\" src=\"https:\/\/kalendare365.eu\/wp-content\/uploads\/2023\/02\/kalendar-zari-2024-s-poznamkami.webp\" alt=\"\" width=\"500\" height=\"100%\"><\/center>\n\n\n\n<p class=\"has-text-align-center wp-block-paragraph\"><a href=\"https:\/\/kalendare365.eu\/wp-content\/uploads\/2023\/02\/kalendar-zari-2024-s-poznamkami.pdf\" target=\"_blank\" rel=\"noopener\">PDF<\/a> &#8212; <a href=\"https:\/\/kalendare365.eu\/wp-content\/uploads\/2023\/02\/kalendar-zari-2024-s-poznamkami.docx\" target=\"_blank\" rel=\"noopener\">DOCx<\/a> &#8212; <a href=\"https:\/\/kalendare365.eu\/wp-content\/uploads\/2023\/02\/kalendar-zari-2024-s-poznamkami.png\" target=\"_blank\" rel=\"noopener\">PNG<\/a><\/p>\n\n\n\n<h2 class=\"wp-block-heading\"><strong>Z\u00e1v\u011br<\/strong><\/h2>\n\n\n\n<p class=\"wp-block-paragraph\">Kalend\u00e1\u0159 na <strong>z\u00e1\u0159\u00ed 2024<\/strong> v\u00e1m m\u016f\u017ee v\u00fdrazn\u011b pomoci s organizac\u00ed \u010dasu, pl\u00e1nov\u00e1n\u00edm a p\u0159ehledem o d\u016fle\u017eit\u00fdch ud\u00e1lostech. D\u00edky r\u016fzn\u00fdm form\u00e1t\u016fm, barevn\u00fdm variant\u00e1m a mo\u017enostem \u00faprav si m\u016f\u017eete vybrat p\u0159esn\u011b takov\u00fd, kter\u00fd odpov\u00edd\u00e1 va\u0161emu stylu i pot\u0159eb\u00e1m. A\u0165 u\u017e preferujete minimalistick\u00fd design, prostor pro pozn\u00e1mky nebo barevn\u00e9 rozli\u0161en\u00ed, spr\u00e1vn\u011b zvolen\u00fd kalend\u00e1\u0159 v\u00e1m pom\u016f\u017ee l\u00e9pe zvl\u00e1dnout cel\u00fd m\u011bs\u00edc.<\/p>\n","protected":false},"excerpt":{"rendered":"<p>Kalend\u00e1\u0159 na z\u00e1\u0159\u00ed 2024 je ide\u00e1ln\u00edm pomocn\u00edkem pro ka\u017ed\u00e9ho, kdo chce m\u00edt sv\u00e9 \u00fakoly, sch\u016fzky a osobn\u00ed pl\u00e1ny pod kontrolou. A\u0165 u\u017e pot\u0159ebujete p\u0159ehledn\u00fd m\u011bs\u00ed\u010dn\u00ed pl\u00e1n na pracovn\u00ed st\u016fl, prostor pro pozn\u00e1mky nebo minimalistick\u00fd design, spr\u00e1vn\u011b zvolen\u00fd kalend\u00e1\u0159 v\u00e1m dok\u00e1\u017ee v\u00fdrazn\u011b usnadnit organizaci \u010dasu. V tomto \u010dl\u00e1nku najdete kompletn\u00ed p\u0159ehled form\u00e1t\u016f, barevn\u00fdch variant, v\u00fdhod a [&hellip;]<\/p>\n","protected":false},"author":1,"featured_media":0,"comment_status":"open","ping_status":"closed","sticky":false,"template":"","format":"standard","meta":{"footnotes":""},"categories":[13],"tags":[21],"class_list":["post-140","post","type-post","status-publish","format-standard","hentry","category-zari","tag-21"],"_links":{"self":[{"href":"https:\/\/kalendare365.eu\/index.php?rest_route=\/wp\/v2\/posts\/140","targetHints":{"allow":["GET"]}}],"collection":[{"href":"https:\/\/kalendare365.eu\/index.php?rest_route=\/wp\/v2\/posts"}],"about":[{"href":"https:\/\/kalendare365.eu\/index.php?rest_route=\/wp\/v2\/types\/post"}],"author":[{"embeddable":true,"href":"https:\/\/kalendare365.eu\/index.php?rest_route=\/wp\/v2\/users\/1"}],"replies":[{"embeddable":true,"href":"https:\/\/kalendare365.eu\/index.php?rest_route=%2Fwp%2Fv2%2Fcomments&post=140"}],"version-history":[{"count":4,"href":"https:\/\/kalendare365.eu\/index.php?rest_route=\/wp\/v2\/posts\/140\/revisions"}],"predecessor-version":[{"id":3783,"href":"https:\/\/kalendare365.eu\/index.php?rest_route=\/wp\/v2\/posts\/140\/revisions\/3783"}],"wp:attachment":[{"href":"https:\/\/kalendare365.eu\/index.php?rest_route=%2Fwp%2Fv2%2Fmedia&parent=140"}],"wp:term":[{"taxonomy":"category","embeddable":true,"href":"https:\/\/kalendare365.eu\/index.php?rest_route=%2Fwp%2Fv2%2Fcategories&post=140"},{"taxonomy":"post_tag","embeddable":true,"href":"https:\/\/kalendare365.eu\/index.php?rest_route=%2Fwp%2Fv2%2Ftags&post=140"}],"curies":[{"name":"wp","href":"https:\/\/api.w.org\/{rel}","templated":true}]}}