{"id":148,"date":"2023-02-21T01:13:08","date_gmt":"2023-02-20T22:13:08","guid":{"rendered":"https:\/\/kalendare365.eu\/?p=148"},"modified":"2026-04-12T16:19:32","modified_gmt":"2026-04-12T13:19:32","slug":"stahnete-si-kalendar-rijen-2024","status":"publish","type":"post","link":"https:\/\/kalendare365.eu\/?p=148","title":{"rendered":"St\u00e1hn\u011bte si kalend\u00e1\u0159 \u0159\u00edjen 2024"},"content":{"rendered":"\n<p class=\"wp-block-paragraph\">\u0158\u00edjen je m\u011bs\u00edc pln\u00fd barev, zm\u011bn a nov\u00fdch pl\u00e1n\u016f. A\u0165 u\u017e pot\u0159ebuje\u0161 sladit pracovn\u00ed povinnosti, rodinn\u00e9 aktivity nebo osobn\u00ed c\u00edle, p\u0159ehledn\u00fd kalend\u00e1\u0159 ti pom\u016f\u017ee udr\u017eet si po\u0159\u00e1dek. P\u0159ipravili jsme proto n\u011bkolik praktick\u00fdch \u0161ablon kalend\u00e1\u0159e na \u0159\u00edjen 2024, kter\u00e9 si m\u016f\u017ee\u0161 zdarma st\u00e1hnout, upravit nebo rovnou vytisknout.<\/p>\n\n\n\n<hr class=\"wp-block-separator has-alpha-channel-opacity\"\/>\n\n\n\n<h2 class=\"wp-block-heading\"><strong>Dostupn\u00e9 form\u00e1ty kalend\u00e1\u0159\u016f<\/strong><\/h2>\n\n\n\n<p class=\"wp-block-paragraph\">Nab\u00edzen\u00e9 \u0161ablony jsou p\u0159ipraven\u00e9 ve dvou univerz\u00e1ln\u00edch form\u00e1tech:<\/p>\n\n\n\n<ul class=\"wp-block-list\">\n<li><strong>Word (DOCX)<\/strong> \u2014 ide\u00e1ln\u00ed pro ty, kte\u0159\u00ed cht\u011bj\u00ed kalend\u00e1\u0159 upravit podle sebe. M\u016f\u017ee\u0161 m\u011bnit barvy, p\u00edsma, rozlo\u017een\u00ed i grafick\u00e9 prvky.<\/li>\n\n\n\n<li><strong>PNG<\/strong> \u2014 obr\u00e1zkov\u00fd form\u00e1t vhodn\u00fd pro rychl\u00fd tisk nebo pou\u017eit\u00ed v digit\u00e1ln\u00edch materi\u00e1lech.<\/li>\n<\/ul>\n\n\n\n<hr class=\"wp-block-separator has-alpha-channel-opacity\"\/>\n\n\n\n<h2 class=\"wp-block-heading\"><strong>Typy kalend\u00e1\u0159\u016f na \u0159\u00edjen 2024<\/strong><\/h2>\n\n\n\n<p class=\"wp-block-paragraph\">Vybrat si m\u016f\u017ee\u0161 z n\u011bkolika variant podle toho, jak pl\u00e1nuje\u0161 sv\u016fj \u010das:<\/p>\n\n\n\n<ul class=\"wp-block-list\">\n<li><strong>M\u011bs\u00ed\u010dn\u00ed kalend\u00e1\u0159<\/strong> \u2014 klasick\u00e1 m\u011bs\u00ed\u010dn\u00ed m\u0159\u00ed\u017eka na jednom listu, skv\u011bl\u00e1 pro rychl\u00fd p\u0159ehled.<\/li>\n\n\n\n<li><strong>T\u00fddenn\u00ed pl\u00e1nova\u010d<\/strong> \u2014 ka\u017ed\u00fd t\u00fdden na samostatn\u00e9 str\u00e1nce, vhodn\u00e9 pro detailn\u00ed pl\u00e1nov\u00e1n\u00ed.<\/li>\n\n\n\n<li><strong>Kalend\u00e1\u0159 s pozn\u00e1mkami<\/strong> \u2014 dopln\u011bn\u00fd o prostor pro \u00fakoly, sch\u016fzky a osobn\u00ed pozn\u00e1mky.<\/li>\n<\/ul>\n\n\n\n<hr class=\"wp-block-separator has-alpha-channel-opacity\"\/>\n\n\n\n<h2 class=\"wp-block-heading\"><strong>V\u00fdhody pou\u017eit\u00ed \u0161ablon<\/strong><\/h2>\n\n\n\n<ul class=\"wp-block-list\">\n<li><strong>P\u0159izp\u016fsobitelnost<\/strong> \u2014 uprav\u00ed\u0161 si je p\u0159esn\u011b podle sv\u00fdch pot\u0159eb.<\/li>\n\n\n\n<li><strong>Jednoduch\u00e9 pou\u017eit\u00ed<\/strong> \u2014 i bez zku\u0161enost\u00ed s Wordem zvl\u00e1dne\u0161 kalend\u00e1\u0159 upravit a vytisknout.<\/li>\n\n\n\n<li><strong>R\u016fzn\u00e9 styly a form\u00e1ty<\/strong> \u2014 najde\u0161 variantu pro dom\u00e1cnost, kancel\u00e1\u0159 i studium.<\/li>\n\n\n\n<li><strong>\u00daspora \u010dasu<\/strong> \u2014 nemus\u00ed\u0161 tvo\u0159it kalend\u00e1\u0159 od nuly.<\/li>\n\n\n\n<li><strong>Profesion\u00e1ln\u00ed vzhled<\/strong> \u2014 \u010dist\u00e9, modern\u00ed a p\u0159ehledn\u00e9 rozlo\u017een\u00ed.<\/li>\n<\/ul>\n\n\n\n<hr class=\"wp-block-separator has-alpha-channel-opacity\"\/>\n\n\n\n<h2 class=\"wp-block-heading\"><strong>Jak st\u00e1hnout a pou\u017e\u00edvat \u0161ablony<\/strong><\/h2>\n\n\n\n<ol class=\"wp-block-list\">\n<li>Vyber si typ kalend\u00e1\u0159e a form\u00e1t.<\/li>\n\n\n\n<li>Klikni na tla\u010d\u00edtko pro sta\u017een\u00ed.<\/li>\n\n\n\n<li>Otev\u0159i soubor ve Wordu nebo v prohl\u00ed\u017ee\u010di obr\u00e1zk\u016f.<\/li>\n\n\n\n<li>Uprav podle pot\u0159eby nebo rovnou vytiskni na pap\u00edr form\u00e1tu A4.<\/li>\n<\/ol>\n\n\n\n<hr class=\"wp-block-separator has-alpha-channel-opacity\"\/>\n\n\n\n<h2 class=\"wp-block-heading\"><strong>Tipy pro je\u0161t\u011b lep\u0161\u00ed vyu\u017eit\u00ed<\/strong><\/h2>\n\n\n\n<ul class=\"wp-block-list\">\n<li>Vytiskni si v\u00edce kopi\u00ed a rozm\u00edsti je doma, v kancel\u00e1\u0159i nebo ve \u0161kole.<\/li>\n\n\n\n<li>Pou\u017eij barevn\u00fd pap\u00edr pro origin\u00e1ln\u00ed vzhled.<\/li>\n\n\n\n<li>Ozdob kalend\u00e1\u0159 samolepkami, washi p\u00e1skou nebo vlastn\u00edmi kresbami.<\/li>\n\n\n\n<li>Laminuj kalend\u00e1\u0159 pro del\u0161\u00ed \u017eivotnost a mo\u017enost ps\u00e1t fixem na b\u00edl\u00e9 tabule.<\/li>\n<\/ul>\n\n\n\n<hr class=\"wp-block-separator has-alpha-channel-opacity\"\/>\n\n\n\n<h2 class=\"wp-block-heading has-text-align-center\">Pl\u00e1nova\u010d kalend\u00e1\u0159e rijen 2024<\/h2>\n\n\n\n<center><img decoding=\"async\" class=\"alignnone size-full wp-image-32\" src=\"https:\/\/kalendare365.eu\/wp-content\/uploads\/2023\/02\/planovac-kalendare-rijen-2024.webp\" alt=\"\" width=\"500\" height=\"100%\"><\/center>\n\n\n\n<p class=\"has-text-align-center wp-block-paragraph\"><a href=\"https:\/\/kalendare365.eu\/wp-content\/uploads\/2023\/02\/planovac-kalendare-rijen-2024.pdf\" target=\"_blank\" rel=\"noopener\">PDF<\/a> &#8212; <a href=\"https:\/\/kalendare365.eu\/wp-content\/uploads\/2023\/02\/planovac-kalendare-rijen-2024.docx\" target=\"_blank\" rel=\"noopener\">DOCx<\/a> &#8212; <a href=\"https:\/\/kalendare365.eu\/wp-content\/uploads\/2023\/02\/planovac-kalendare-rijen-2024.png\" target=\"_blank\" rel=\"noopener\">PNG<\/a><\/p>\n\n\n\n<h2 class=\"wp-block-heading has-text-align-center\">Kalend\u00e1\u0159 rijen 2024 s velk\u00fdmi \u010d\u00edsly<\/h2>\n\n\n\n<center><img decoding=\"async\" class=\"alignnone size-full wp-image-32\" src=\"https:\/\/kalendare365.eu\/wp-content\/uploads\/2023\/02\/kalendar-rijen-2024-s-velkymi-cisly.webp\" alt=\"\" width=\"500\" height=\"100%\"><\/center>\n\n\n\n<p class=\"has-text-align-center wp-block-paragraph\"><a href=\"https:\/\/kalendare365.eu\/wp-content\/uploads\/2023\/02\/kalendar-rijen-2024-s-velkymi-cisly.pdf\" target=\"_blank\" rel=\"noopener\">PDF<\/a> &#8212; <a href=\"https:\/\/kalendare365.eu\/wp-content\/uploads\/2023\/02\/kalendar-rijen-2024-s-velkymi-cisly.docx\" target=\"_blank\" rel=\"noopener\">DOCx<\/a> &#8212; <a href=\"https:\/\/kalendare365.eu\/wp-content\/uploads\/2023\/02\/kalendar-rijen-2024-s-velkymi-cisly.png\" target=\"_blank\" rel=\"noopener\">PNG<\/a><\/p>\n\n\n\n<h2 class=\"wp-block-heading has-text-align-center\">Vertik\u00e1ln\u00ed pl\u00e1nova\u010d kalend\u00e1\u0159e na rijen 2024<\/h2>\n\n\n\n<center><img decoding=\"async\" class=\"alignnone size-full wp-image-32\" src=\"https:\/\/kalendare365.eu\/wp-content\/uploads\/2023\/02\/vertikalni-planovac-kalendare-na-rijen-2024.webp\" alt=\"\" width=\"500\" height=\"100%\"><\/center>\n\n\n\n<p class=\"has-text-align-center wp-block-paragraph\"><a href=\"https:\/\/kalendare365.eu\/wp-content\/uploads\/2023\/02\/vertikalni-planovac-kalendare-na-rijen-2024.pdf\" target=\"_blank\" rel=\"noopener\">PDF<\/a> &#8212; <a href=\"https:\/\/kalendare365.eu\/wp-content\/uploads\/2023\/02\/vertikalni-planovac-kalendare-na-rijen-2024.docx\" target=\"_blank\" rel=\"noopener\">DOCx<\/a> &#8212; <a href=\"https:\/\/kalendare365.eu\/wp-content\/uploads\/2023\/02\/vertikalni-planovac-kalendare-na-rijen-2024.png\" target=\"_blank\" rel=\"noopener\">PNG<\/a><\/p>\n\n\n\n<h2 class=\"wp-block-heading has-text-align-center\">Kalend\u00e1\u0159 rijen 2024 s p\u0159edchoz\u00edm a p\u0159\u00ed\u0161t\u00edm m\u011bs\u00edcem<\/h2>\n\n\n\n<figure class=\"wp-block-image size-full\"><img loading=\"lazy\" decoding=\"async\" width=\"800\" height=\"566\" src=\"https:\/\/kalendare365.eu\/wp-content\/uploads\/2023\/02\/kalendar-rijen-2024-s-predchozim-a-pristim-mesicem.webp\" alt=\"\" class=\"wp-image-2472\" srcset=\"https:\/\/kalendare365.eu\/wp-content\/uploads\/2023\/02\/kalendar-rijen-2024-s-predchozim-a-pristim-mesicem.webp 800w, https:\/\/kalendare365.eu\/wp-content\/uploads\/2023\/02\/kalendar-rijen-2024-s-predchozim-a-pristim-mesicem-300x212.webp 300w, https:\/\/kalendare365.eu\/wp-content\/uploads\/2023\/02\/kalendar-rijen-2024-s-predchozim-a-pristim-mesicem-768x543.webp 768w\" sizes=\"auto, (max-width: 800px) 100vw, 800px\" \/><\/figure>\n\n\n\n<p class=\"has-text-align-center wp-block-paragraph\"><a href=\"https:\/\/kalendare365.eu\/wp-content\/uploads\/2025\/04\/kalendar-rijen-2024-s-predchozim-a-pristim-mesicem.pdf\" target=\"_blank\" rel=\"noreferrer noopener nofollow\">PDF<\/a> &#8212; <a href=\"https:\/\/kalendare365.eu\/wp-content\/uploads\/2025\/04\/kalendar-rijen-2024-s-predchozim-a-pristim-mesicem.docx\" target=\"_blank\" rel=\"noreferrer noopener\">DOCx<\/a><\/p>\n\n\n\n<h2 class=\"wp-block-heading has-text-align-center\">Kr\u00e1sn\u00fd kalend\u00e1\u0159 rijen 2024<\/h2>\n\n\n\n<center><img decoding=\"async\" class=\"alignnone size-full wp-image-32\" src=\"https:\/\/kalendare365.eu\/wp-content\/uploads\/2023\/02\/krasny-kalendar-rijen-2024.webp\" alt=\"\" width=\"500\" height=\"100%\"><\/center>\n\n\n\n<p class=\"has-text-align-center wp-block-paragraph\"><a href=\"https:\/\/kalendare365.eu\/wp-content\/uploads\/2023\/02\/krasny-kalendar-rijen-2024.pdf\" target=\"_blank\" rel=\"noopener\">PDF<\/a> &#8212; <a href=\"https:\/\/kalendare365.eu\/wp-content\/uploads\/2023\/02\/krasny-kalendar-rijen-2024.docx\" target=\"_blank\" rel=\"noopener\">DOCx<\/a> &#8212; <a href=\"https:\/\/kalendare365.eu\/wp-content\/uploads\/2023\/02\/krasny-kalendar-rijen-2024.png\" target=\"_blank\" rel=\"noopener\">PNG<\/a><\/p>\n\n\n\n<h2 class=\"wp-block-heading has-text-align-center\">Fotokalend\u00e1\u0159 rijen 2024<\/h2>\n\n\n\n<center><img decoding=\"async\" class=\"alignnone size-full wp-image-32\" src=\"https:\/\/kalendare365.eu\/wp-content\/uploads\/2023\/02\/fotokalendar-rijen-2024.webp\" alt=\"\" width=\"500\" height=\"100%\"><\/center>\n\n\n\n<p class=\"has-text-align-center wp-block-paragraph\"><a href=\"https:\/\/kalendare365.eu\/wp-content\/uploads\/2023\/02\/fotokalendar-rijen-2024.pdf\" target=\"_blank\" rel=\"noopener\">PDF<\/a> &#8212; <a href=\"https:\/\/kalendare365.eu\/wp-content\/uploads\/2023\/02\/fotokalendar-rijen-2024.docx\" target=\"_blank\" rel=\"noopener\">DOCx<\/a> &#8212; <a href=\"https:\/\/kalendare365.eu\/wp-content\/uploads\/2023\/02\/fotokalendar-rijen-2024.png\" target=\"_blank\" rel=\"noopener\">PNG<\/a><\/p>\n\n\n\n<h2 class=\"wp-block-heading has-text-align-center\">Kr\u00e1sn\u00fd pl\u00e1nova\u010d kalend\u00e1\u0159e rijen 2024<\/h2>\n\n\n\n<center><img decoding=\"async\" class=\"alignnone size-full wp-image-32\" src=\"https:\/\/kalendare365.eu\/wp-content\/uploads\/2023\/02\/krasny-planovac-kalendare-rijen-2024.webp\" alt=\"\" width=\"500\" height=\"100%\"><\/center>\n\n\n\n<p class=\"has-text-align-center wp-block-paragraph\"><a href=\"https:\/\/kalendare365.eu\/wp-content\/uploads\/2023\/02\/krasny-planovac-kalendare-rijen-2024.pdf\" target=\"_blank\" rel=\"noopener\">PDF<\/a> &#8212; <a href=\"https:\/\/kalendare365.eu\/wp-content\/uploads\/2023\/02\/krasny-planovac-kalendare-rijen-2024.docx\" target=\"_blank\" rel=\"noopener\">DOCx<\/a> &#8212; <a href=\"https:\/\/kalendare365.eu\/wp-content\/uploads\/2023\/02\/krasny-planovac-kalendare-rijen-2024.png\" target=\"_blank\" rel=\"noopener\">PNG<\/a><\/p>\n\n\n\n<h2 class=\"wp-block-heading has-text-align-center\">Kalend\u00e1\u0159 rijen 2024 s pozn\u00e1mkami<\/h2>\n\n\n\n<center><img decoding=\"async\" class=\"alignnone size-full wp-image-32\" src=\"https:\/\/kalendare365.eu\/wp-content\/uploads\/2023\/02\/kalendar-rijen-2024-s-poznamkami.webp\" alt=\"\" width=\"500\" height=\"100%\"><\/center>\n\n\n\n<p class=\"has-text-align-center wp-block-paragraph\"><a href=\"https:\/\/kalendare365.eu\/wp-content\/uploads\/2023\/02\/kalendar-rijen-2024-s-poznamkami.pdf\" target=\"_blank\" rel=\"noopener\">PDF<\/a> &#8212; <a href=\"https:\/\/kalendare365.eu\/wp-content\/uploads\/2023\/02\/kalendar-rijen-2024-s-poznamkami.docx\" target=\"_blank\" rel=\"noopener\">DOCx<\/a> &#8212; <a href=\"https:\/\/kalendare365.eu\/wp-content\/uploads\/2023\/02\/kalendar-rijen-2024-s-poznamkami.png\" target=\"_blank\" rel=\"noopener\">PNG<\/a><\/p>\n\n\n\n<h2 class=\"wp-block-heading\"><strong>Z\u00e1v\u011br<\/strong><\/h2>\n\n\n\n<p class=\"wp-block-paragraph\">Kalend\u00e1\u0159e na \u0159\u00edjen 2024 ti pomohou m\u00edt v\u0161echny povinnosti i radosti p\u0159ehledn\u011b na jednom m\u00edst\u011b. Vyber si \u0161ablonu, kter\u00e1 ti nejv\u00edce vyhovuje, st\u00e1hni si ji a za\u010dni pl\u00e1novat s lehkost\u00ed. Praktick\u00e9, p\u0159ehledn\u00e9 a p\u0159ipraven\u00e9 k okam\u017eit\u00e9mu pou\u017eit\u00ed \u2014 p\u0159esn\u011b takov\u00e9, jak\u00e9 pot\u0159ebuje\u0161.<\/p>\n","protected":false},"excerpt":{"rendered":"<p>\u0158\u00edjen je m\u011bs\u00edc pln\u00fd barev, zm\u011bn a nov\u00fdch pl\u00e1n\u016f. A\u0165 u\u017e pot\u0159ebuje\u0161 sladit pracovn\u00ed povinnosti, rodinn\u00e9 aktivity nebo osobn\u00ed c\u00edle, p\u0159ehledn\u00fd kalend\u00e1\u0159 ti pom\u016f\u017ee udr\u017eet si po\u0159\u00e1dek. P\u0159ipravili jsme proto n\u011bkolik praktick\u00fdch \u0161ablon kalend\u00e1\u0159e na \u0159\u00edjen 2024, kter\u00e9 si m\u016f\u017ee\u0161 zdarma st\u00e1hnout, upravit nebo rovnou vytisknout. Dostupn\u00e9 form\u00e1ty kalend\u00e1\u0159\u016f Nab\u00edzen\u00e9 \u0161ablony jsou p\u0159ipraven\u00e9 ve dvou [&hellip;]<\/p>\n","protected":false},"author":1,"featured_media":0,"comment_status":"open","ping_status":"closed","sticky":false,"template":"","format":"standard","meta":{"footnotes":""},"categories":[14],"tags":[21],"class_list":["post-148","post","type-post","status-publish","format-standard","hentry","category-rijen","tag-21"],"_links":{"self":[{"href":"https:\/\/kalendare365.eu\/index.php?rest_route=\/wp\/v2\/posts\/148","targetHints":{"allow":["GET"]}}],"collection":[{"href":"https:\/\/kalendare365.eu\/index.php?rest_route=\/wp\/v2\/posts"}],"about":[{"href":"https:\/\/kalendare365.eu\/index.php?rest_route=\/wp\/v2\/types\/post"}],"author":[{"embeddable":true,"href":"https:\/\/kalendare365.eu\/index.php?rest_route=\/wp\/v2\/users\/1"}],"replies":[{"embeddable":true,"href":"https:\/\/kalendare365.eu\/index.php?rest_route=%2Fwp%2Fv2%2Fcomments&post=148"}],"version-history":[{"count":4,"href":"https:\/\/kalendare365.eu\/index.php?rest_route=\/wp\/v2\/posts\/148\/revisions"}],"predecessor-version":[{"id":3586,"href":"https:\/\/kalendare365.eu\/index.php?rest_route=\/wp\/v2\/posts\/148\/revisions\/3586"}],"wp:attachment":[{"href":"https:\/\/kalendare365.eu\/index.php?rest_route=%2Fwp%2Fv2%2Fmedia&parent=148"}],"wp:term":[{"taxonomy":"category","embeddable":true,"href":"https:\/\/kalendare365.eu\/index.php?rest_route=%2Fwp%2Fv2%2Fcategories&post=148"},{"taxonomy":"post_tag","embeddable":true,"href":"https:\/\/kalendare365.eu\/index.php?rest_route=%2Fwp%2Fv2%2Ftags&post=148"}],"curies":[{"name":"wp","href":"https:\/\/api.w.org\/{rel}","templated":true}]}}