{"id":164,"date":"2023-02-21T01:17:24","date_gmt":"2023-02-20T22:17:24","guid":{"rendered":"https:\/\/kalendare365.eu\/?p=164"},"modified":"2026-03-30T12:47:32","modified_gmt":"2026-03-30T09:47:32","slug":"stahnete-si-kalendar-prosinec-2024","status":"publish","type":"post","link":"https:\/\/kalendare365.eu\/?p=164","title":{"rendered":"St\u00e1hn\u011bte si kalend\u00e1\u0159 prosinec 2024"},"content":{"rendered":"\n<p class=\"wp-block-paragraph\">Prosinec b\u00fdv\u00e1 jedn\u00edm z\u202fnejru\u0161n\u011bj\u0161\u00edch m\u011bs\u00edc\u016f roku \u2013 pln\u00fd sv\u00e1te\u010dn\u00edch p\u0159\u00edprav, pracovn\u00edch uz\u00e1v\u011brek i rodinn\u00fdch setk\u00e1n\u00ed. P\u0159ehledn\u00fd kalend\u00e1\u0159 proto dok\u00e1\u017ee u\u0161et\u0159it spoustu \u010dasu i nerv\u016f. P\u0159ipravili jsme pro v\u00e1s sadu praktick\u00fdch \u0161ablon kalend\u00e1\u0159e na prosinec 2024, kter\u00e9 si m\u016f\u017eete zdarma st\u00e1hnout, upravit nebo rovnou vytisknout. Sta\u010d\u00ed si vybrat styl, kter\u00fd v\u00e1m nejv\u00edce vyhovuje.<\/p>\n\n\n\n<hr class=\"wp-block-separator has-alpha-channel-opacity\"\/>\n\n\n\n<h2 class=\"wp-block-heading\">? Dostupn\u00e9 form\u00e1ty<\/h2>\n\n\n\n<p class=\"wp-block-paragraph\">Nab\u00edzen\u00e9 \u0161ablony najdete ve dvou univerz\u00e1ln\u00edch form\u00e1tech:<\/p>\n\n\n\n<ul class=\"wp-block-list\">\n<li><strong>Word (DOCX)<\/strong> \u2013 pln\u011b upraviteln\u00e9 \u0161ablony, kde m\u016f\u017eete m\u011bnit barvy, p\u00edsma, grafiku i rozvr\u017een\u00ed.<\/li>\n\n\n\n<li><strong>PNG<\/strong> \u2013 obr\u00e1zkov\u00e9 verze vhodn\u00e9 pro rychl\u00fd tisk nebo pou\u017eit\u00ed v digit\u00e1ln\u00edch materi\u00e1lech.<\/li>\n<\/ul>\n\n\n\n<hr class=\"wp-block-separator has-alpha-channel-opacity\"\/>\n\n\n\n<h2 class=\"wp-block-heading\">? Typy kalend\u00e1\u0159\u016f na prosinec 2024<\/h2>\n\n\n\n<p class=\"wp-block-paragraph\">Vyberte si variantu, kter\u00e1 nejl\u00e9pe odpov\u00edd\u00e1 va\u0161emu stylu pl\u00e1nov\u00e1n\u00ed:<\/p>\n\n\n\n<ul class=\"wp-block-list\">\n<li><strong>M\u011bs\u00ed\u010dn\u00ed kalend\u00e1\u0159<\/strong> \u2013 klasick\u00e1 m\u011bs\u00ed\u010dn\u00ed m\u0159\u00ed\u017eka na jednom listu.<\/li>\n\n\n\n<li><strong>Kalend\u00e1\u0159 s pozn\u00e1mkami<\/strong> \u2013 dopln\u011bn\u00fd o prostor pro \u00fakoly, sch\u016fzky a osobn\u00ed pozn\u00e1mky.<\/li>\n\n\n\n<li><strong>Kalend\u00e1\u0159 s p\u0159edchoz\u00edm a n\u00e1sleduj\u00edc\u00edm m\u011bs\u00edcem<\/strong> \u2013 ide\u00e1ln\u00ed pro dlouhodob\u011bj\u0161\u00ed pl\u00e1nov\u00e1n\u00ed.<\/li>\n\n\n\n<li><strong>Fotokalend\u00e1\u0159<\/strong> \u2013 elegantn\u00ed varianta s obr\u00e1zkem.<\/li>\n\n\n\n<li><strong>Kalend\u00e1\u0159 s velk\u00fdmi \u010d\u00edsly<\/strong> \u2013 dob\u0159e \u010diteln\u00fd i z v\u011bt\u0161\u00ed vzd\u00e1lenosti.<\/li>\n\n\n\n<li><strong>Vertik\u00e1ln\u00ed pl\u00e1nova\u010d<\/strong> \u2013 p\u0159ehledn\u00e9 sloupce pro ka\u017ed\u00fd den.<\/li>\n<\/ul>\n\n\n\n<hr class=\"wp-block-separator has-alpha-channel-opacity\"\/>\n\n\n\n<h2 class=\"wp-block-heading\">\u2b50 V\u00fdhody pou\u017eit\u00ed \u0161ablon<\/h2>\n\n\n\n<ul class=\"wp-block-list\">\n<li><strong>P\u0159izp\u016fsobitelnost<\/strong> \u2013 uprav\u00edte si vzhled p\u0159esn\u011b podle sv\u00fdch pot\u0159eb.<\/li>\n\n\n\n<li><strong>Snadn\u00e9 pou\u017eit\u00ed<\/strong> \u2013 i za\u010d\u00e1te\u010dn\u00edk zvl\u00e1dne \u0161ablonu otev\u0159\u00edt a upravit.<\/li>\n\n\n\n<li><strong>\u0160irok\u00fd v\u00fdb\u011br styl\u016f<\/strong> \u2013 minimalistick\u00e9, dekorativn\u00ed i praktick\u00e9 varianty.<\/li>\n\n\n\n<li><strong>\u00daspora \u010dasu<\/strong> \u2013 nemus\u00edte tvo\u0159it kalend\u00e1\u0159 od nuly.<\/li>\n\n\n\n<li><strong>Profesion\u00e1ln\u00ed vzhled<\/strong> \u2013 bez nutnosti grafick\u00fdch dovednost\u00ed.<\/li>\n<\/ul>\n\n\n\n<hr class=\"wp-block-separator has-alpha-channel-opacity\"\/>\n\n\n\n<h2 class=\"wp-block-heading\">? Jak st\u00e1hnout a pou\u017e\u00edvat \u0161ablony<\/h2>\n\n\n\n<ol class=\"wp-block-list\">\n<li>Vyberte si typ kalend\u00e1\u0159e a form\u00e1t.<\/li>\n\n\n\n<li>Klikn\u011bte na tla\u010d\u00edtko <strong>\u201eSt\u00e1hnout \u0161ablonu\u201c<\/strong>.<\/li>\n\n\n\n<li>Otev\u0159ete soubor ve Wordu nebo v prohl\u00ed\u017ee\u010di obr\u00e1zk\u016f.<\/li>\n\n\n\n<li>Upravte si kalend\u00e1\u0159 podle pot\u0159eby a vytiskn\u011bte na pap\u00edr A4.<\/li>\n<\/ol>\n\n\n\n<hr class=\"wp-block-separator has-alpha-channel-opacity\"\/>\n\n\n\n<h2 class=\"wp-block-heading\">? Tipy pro je\u0161t\u011b lep\u0161\u00ed vyu\u017eit\u00ed<\/h2>\n\n\n\n<ul class=\"wp-block-list\">\n<li>Vytiskn\u011bte si v\u00edce kopi\u00ed a rozm\u00edst\u011bte je doma i v kancel\u00e1\u0159i.<\/li>\n\n\n\n<li>Pou\u017eijte barevn\u00fd pap\u00edr pro sv\u00e1te\u010dn\u00ed vzhled.<\/li>\n\n\n\n<li>Ozdobte kalend\u00e1\u0159 samolepkami, washi p\u00e1skou nebo vlastn\u00edmi obr\u00e1zky.<\/li>\n\n\n\n<li>Laminujte vyti\u0161t\u011bn\u00fd kalend\u00e1\u0159 pro del\u0161\u00ed \u017eivotnost.<\/li>\n<\/ul>\n\n\n\n<hr class=\"wp-block-separator has-alpha-channel-opacity\"\/>\n\n\n\n<h2 class=\"wp-block-heading\">? P\u0159ehled dostupn\u00fdch \u0161ablon<\/h2>\n\n\n\n<ul class=\"wp-block-list\">\n<li>Kalend\u00e1\u0159 prosinec 2024 \u2013 <strong>PDF \/ DOCX \/ PNG<\/strong><\/li>\n\n\n\n<li>Kalend\u00e1\u0159 s velk\u00fdmi \u010d\u00edsly \u2013 <strong>PDF \/ DOCX \/ PNG<\/strong><\/li>\n\n\n\n<li>Vertik\u00e1ln\u00ed pl\u00e1nova\u010d \u2013 <strong>PDF \/ DOCX \/ PNG<\/strong><\/li>\n\n\n\n<li>Kalend\u00e1\u0159 s p\u0159edchoz\u00edm a n\u00e1sleduj\u00edc\u00edm m\u011bs\u00edcem \u2013 <strong>PDF \/ DOCX \/ PNG<\/strong><\/li>\n\n\n\n<li>Kr\u00e1sn\u00fd dekorativn\u00ed kalend\u00e1\u0159 \u2013 <strong>PDF \/ DOCX \/ PNG<\/strong><\/li>\n\n\n\n<li>Fotokalend\u00e1\u0159 \u2013 <strong>PDF \/ DOCX \/ PNG<\/strong><\/li>\n\n\n\n<li>Kalend\u00e1\u0159 s pozn\u00e1mkami \u2013 <strong>PDF \/ DOCX \/ PNG<\/strong><\/li>\n<\/ul>\n\n\n\n<hr class=\"wp-block-separator has-alpha-channel-opacity\"\/>\n\n\n\n<h2 class=\"wp-block-heading has-text-align-center\">Pl\u00e1nova\u010d kalend\u00e1\u0159e prosinec 2024<\/h2>\n\n\n\n<center><img decoding=\"async\" class=\"alignnone size-full wp-image-32\" src=\"https:\/\/kalendare365.eu\/wp-content\/uploads\/2023\/02\/planovac-kalendare-prosinec-2024.webp\" alt=\"\" width=\"500\" height=\"100%\"><\/center>\n\n\n\n<p class=\"has-text-align-center wp-block-paragraph\"><a href=\"https:\/\/kalendare365.eu\/wp-content\/uploads\/2023\/02\/planovac-kalendare-prosinec-2024.pdf\" target=\"_blank\" rel=\"noopener\">PDF<\/a> &#8212; <a href=\"https:\/\/kalendare365.eu\/wp-content\/uploads\/2023\/02\/planovac-kalendare-prosinec-2024.docx\" target=\"_blank\" rel=\"noopener\">DOCx<\/a> &#8212; <a href=\"https:\/\/kalendare365.eu\/wp-content\/uploads\/2023\/02\/planovac-kalendare-prosinec-2024.png\" target=\"_blank\" rel=\"noopener\">PNG<\/a><\/p>\n\n\n\n<h2 class=\"wp-block-heading has-text-align-center\">Kalend\u00e1\u0159 prosinec 2024 s velk\u00fdmi \u010d\u00edsly<\/h2>\n\n\n\n<center><img decoding=\"async\" class=\"alignnone size-full wp-image-32\" src=\"https:\/\/kalendare365.eu\/wp-content\/uploads\/2023\/02\/kalendar-prosinec-2024-s-velkymi-cisly.webp\" alt=\"\" width=\"500\" height=\"100%\"><\/center>\n\n\n\n<p class=\"has-text-align-center wp-block-paragraph\"><a href=\"https:\/\/kalendare365.eu\/wp-content\/uploads\/2023\/02\/kalendar-prosinec-2024-s-velkymi-cisly.pdf\" target=\"_blank\" rel=\"noopener\">PDF<\/a> &#8212; <a href=\"https:\/\/kalendare365.eu\/wp-content\/uploads\/2023\/02\/kalendar-prosinec-2024-s-velkymi-cisly.docx\" target=\"_blank\" rel=\"noopener\">DOCx<\/a> &#8212; <a href=\"https:\/\/kalendare365.eu\/wp-content\/uploads\/2023\/02\/kalendar-prosinec-2024-s-velkymi-cisly.png\" target=\"_blank\" rel=\"noopener\">PNG<\/a><\/p>\n\n\n\n<h2 class=\"wp-block-heading has-text-align-center\">Vertik\u00e1ln\u00ed pl\u00e1nova\u010d kalend\u00e1\u0159e na prosinec 2024<\/h2>\n\n\n\n<center><img decoding=\"async\" class=\"alignnone size-full wp-image-32\" src=\"https:\/\/kalendare365.eu\/wp-content\/uploads\/2023\/02\/vertikalni-planovac-kalendare-na-prosinec-2024.webp\" alt=\"\" width=\"500\" height=\"100%\"><\/center>\n\n\n\n<p class=\"has-text-align-center wp-block-paragraph\"><a href=\"https:\/\/kalendare365.eu\/wp-content\/uploads\/2023\/02\/vertikalni-planovac-kalendare-na-prosinec-2024.pdf\" target=\"_blank\" rel=\"noopener\">PDF<\/a> &#8212; <a href=\"https:\/\/kalendare365.eu\/wp-content\/uploads\/2023\/02\/vertikalni-planovac-kalendare-na-prosinec-2024.docx\" target=\"_blank\" rel=\"noopener\">DOCx<\/a> &#8212; <a href=\"https:\/\/kalendare365.eu\/wp-content\/uploads\/2023\/02\/vertikalni-planovac-kalendare-na-prosinec-2024.png\" target=\"_blank\" rel=\"noopener\">PNG<\/a><\/p>\n\n\n\n<h2 class=\"wp-block-heading has-text-align-center\">Kalend\u00e1\u0159 prosinec 2024 s p\u0159edchoz\u00edm a p\u0159\u00ed\u0161t\u00edm m\u011bs\u00edcem<\/h2>\n\n\n\n<center><img decoding=\"async\" class=\"alignnone size-full wp-image-32\" src=\"https:\/\/kalendare365.eu\/wp-content\/uploads\/2023\/02\/kalendar-prosinec-2024-s-predchozim-a-pristim-mesicem.webp\" alt=\"\" width=\"500\" height=\"100%\"><\/center>\n\n\n\n<p class=\"has-text-align-center wp-block-paragraph\"><a href=\"https:\/\/kalendare365.eu\/wp-content\/uploads\/2023\/02\/kalendar-prosinec-2024-s-predchozim-a-pristim-mesicem.pdf\" target=\"_blank\" rel=\"noopener\">PDF<\/a> &#8212; <a href=\"https:\/\/kalendare365.eu\/wp-content\/uploads\/2023\/02\/kalendar-prosinec-2024-s-predchozim-a-pristim-mesicem.docx\" target=\"_blank\" rel=\"noopener\">DOCx<\/a> &#8212; <a href=\"https:\/\/kalendare365.eu\/wp-content\/uploads\/2023\/02\/kalendar-prosinec-2024-s-predchozim-a-pristim-mesicem.png\" target=\"_blank\" rel=\"noopener\">PNG<\/a><\/p>\n\n\n\n<h2 class=\"wp-block-heading has-text-align-center\">Kr\u00e1sn\u00fd kalend\u00e1\u0159 prosinec 2024<\/h2>\n\n\n\n<center><img decoding=\"async\" class=\"alignnone size-full wp-image-32\" src=\"https:\/\/kalendare365.eu\/wp-content\/uploads\/2023\/02\/krasny-kalendar-prosinec-2024.webp\" alt=\"\" width=\"500\" height=\"100%\"><\/center>\n\n\n\n<p class=\"has-text-align-center wp-block-paragraph\"><a href=\"https:\/\/kalendare365.eu\/wp-content\/uploads\/2023\/02\/krasny-kalendar-prosinec-2024.pdf\" target=\"_blank\" rel=\"noopener\">PDF<\/a> &#8212; <a href=\"https:\/\/kalendare365.eu\/wp-content\/uploads\/2023\/02\/krasny-kalendar-prosinec-2024.docx\" target=\"_blank\" rel=\"noopener\">DOCx<\/a> &#8212; <a href=\"https:\/\/kalendare365.eu\/wp-content\/uploads\/2023\/02\/krasny-kalendar-prosinec-2024.png\" target=\"_blank\" rel=\"noopener\">PNG<\/a><\/p>\n\n\n\n<h2 class=\"wp-block-heading has-text-align-center\">Fotokalend\u00e1\u0159 prosinec 2024<\/h2>\n\n\n\n<center><img decoding=\"async\" class=\"alignnone size-full wp-image-32\" src=\"https:\/\/kalendare365.eu\/wp-content\/uploads\/2023\/02\/fotokalendar-prosinec-2024.webp\" alt=\"\" width=\"500\" height=\"100%\"><\/center>\n\n\n\n<p class=\"has-text-align-center wp-block-paragraph\"><a href=\"https:\/\/kalendare365.eu\/wp-content\/uploads\/2023\/02\/fotokalendar-prosinec-2024.pdf\" target=\"_blank\" rel=\"noopener\">PDF<\/a> &#8212; <a href=\"https:\/\/kalendare365.eu\/wp-content\/uploads\/2023\/02\/fotokalendar-prosinec-2024.docx\" target=\"_blank\" rel=\"noopener\">DOCx<\/a> &#8212; <a href=\"https:\/\/kalendare365.eu\/wp-content\/uploads\/2023\/02\/fotokalendar-prosinec-2024.png\" target=\"_blank\" rel=\"noopener\">PNG<\/a><\/p>\n\n\n\n<h2 class=\"wp-block-heading has-text-align-center\">Kr\u00e1sn\u00fd pl\u00e1nova\u010d kalend\u00e1\u0159e prosinec 2024<\/h2>\n\n\n\n<center><img decoding=\"async\" class=\"alignnone size-full wp-image-32\" src=\"https:\/\/kalendare365.eu\/wp-content\/uploads\/2023\/02\/krasny-planovac-kalendare-prosinec-2024.webp\" alt=\"\" width=\"500\" height=\"100%\"><\/center>\n\n\n\n<p class=\"has-text-align-center wp-block-paragraph\"><a href=\"https:\/\/kalendare365.eu\/wp-content\/uploads\/2023\/02\/krasny-planovac-kalendare-prosinec-2024.pdf\" target=\"_blank\" rel=\"noopener\">PDF<\/a> &#8212; <a href=\"https:\/\/kalendare365.eu\/wp-content\/uploads\/2023\/02\/krasny-planovac-kalendare-prosinec-2024.docx\" target=\"_blank\" rel=\"noopener\">DOCx<\/a> &#8212; <a href=\"https:\/\/kalendare365.eu\/wp-content\/uploads\/2023\/02\/krasny-planovac-kalendare-prosinec-2024.png\" target=\"_blank\" rel=\"noopener\">PNG<\/a><\/p>\n\n\n\n<h2 class=\"wp-block-heading has-text-align-center\">Kalend\u00e1\u0159 prosinec 2024 s pozn\u00e1mkami<\/h2>\n\n\n\n<center><img decoding=\"async\" class=\"alignnone size-full wp-image-32\" src=\"https:\/\/kalendare365.eu\/wp-content\/uploads\/2023\/02\/kalendar-prosinec-2024-s-poznamkami.webp\" alt=\"\" width=\"500\" height=\"100%\"><\/center>\n\n\n\n<p class=\"has-text-align-center wp-block-paragraph\"><a href=\"https:\/\/kalendare365.eu\/wp-content\/uploads\/2023\/02\/kalendar-prosinec-2024-s-poznamkami.pdf\" target=\"_blank\" rel=\"noopener\">PDF<\/a> &#8212; <a href=\"https:\/\/kalendare365.eu\/wp-content\/uploads\/2023\/02\/kalendar-prosinec-2024-s-poznamkami.docx\" target=\"_blank\" rel=\"noopener\">DOCx<\/a> &#8212; <a href=\"https:\/\/kalendare365.eu\/wp-content\/uploads\/2023\/02\/kalendar-prosinec-2024-s-poznamkami.png\" target=\"_blank\" rel=\"noopener\">PNG<\/a><\/p>\n\n\n\n<h2 class=\"wp-block-heading\">? Z\u00e1v\u011br<\/h2>\n\n\n\n<p class=\"wp-block-paragraph\">A\u0165 u\u017e pl\u00e1nujete v\u00e1no\u010dn\u00ed p\u0159\u00edpravy, pracovn\u00ed povinnosti nebo rodinn\u00e9 aktivity, dob\u0159e uspo\u0159\u00e1dan\u00fd kalend\u00e1\u0159 v\u00e1m pom\u016f\u017ee zvl\u00e1dnout prosinec s v\u011bt\u0161\u00edm klidem. Vyberte si \u0161ablonu, kter\u00e1 v\u00e1m sedne, a u\u017eijte si pohodov\u00fd z\u00e1v\u011br roku 2024.<\/p>\n","protected":false},"excerpt":{"rendered":"<p>Prosinec b\u00fdv\u00e1 jedn\u00edm z\u202fnejru\u0161n\u011bj\u0161\u00edch m\u011bs\u00edc\u016f roku \u2013 pln\u00fd sv\u00e1te\u010dn\u00edch p\u0159\u00edprav, pracovn\u00edch uz\u00e1v\u011brek i rodinn\u00fdch setk\u00e1n\u00ed. P\u0159ehledn\u00fd kalend\u00e1\u0159 proto dok\u00e1\u017ee u\u0161et\u0159it spoustu \u010dasu i nerv\u016f. P\u0159ipravili jsme pro v\u00e1s sadu praktick\u00fdch \u0161ablon kalend\u00e1\u0159e na prosinec 2024, kter\u00e9 si m\u016f\u017eete zdarma st\u00e1hnout, upravit nebo rovnou vytisknout. Sta\u010d\u00ed si vybrat styl, kter\u00fd v\u00e1m nejv\u00edce vyhovuje. ? Dostupn\u00e9 form\u00e1ty [&hellip;]<\/p>\n","protected":false},"author":1,"featured_media":0,"comment_status":"open","ping_status":"closed","sticky":false,"template":"","format":"standard","meta":{"footnotes":""},"categories":[16],"tags":[21],"class_list":["post-164","post","type-post","status-publish","format-standard","hentry","category-prosinec","tag-21"],"_links":{"self":[{"href":"https:\/\/kalendare365.eu\/index.php?rest_route=\/wp\/v2\/posts\/164","targetHints":{"allow":["GET"]}}],"collection":[{"href":"https:\/\/kalendare365.eu\/index.php?rest_route=\/wp\/v2\/posts"}],"about":[{"href":"https:\/\/kalendare365.eu\/index.php?rest_route=\/wp\/v2\/types\/post"}],"author":[{"embeddable":true,"href":"https:\/\/kalendare365.eu\/index.php?rest_route=\/wp\/v2\/users\/1"}],"replies":[{"embeddable":true,"href":"https:\/\/kalendare365.eu\/index.php?rest_route=%2Fwp%2Fv2%2Fcomments&post=164"}],"version-history":[{"count":3,"href":"https:\/\/kalendare365.eu\/index.php?rest_route=\/wp\/v2\/posts\/164\/revisions"}],"predecessor-version":[{"id":3533,"href":"https:\/\/kalendare365.eu\/index.php?rest_route=\/wp\/v2\/posts\/164\/revisions\/3533"}],"wp:attachment":[{"href":"https:\/\/kalendare365.eu\/index.php?rest_route=%2Fwp%2Fv2%2Fmedia&parent=164"}],"wp:term":[{"taxonomy":"category","embeddable":true,"href":"https:\/\/kalendare365.eu\/index.php?rest_route=%2Fwp%2Fv2%2Fcategories&post=164"},{"taxonomy":"post_tag","embeddable":true,"href":"https:\/\/kalendare365.eu\/index.php?rest_route=%2Fwp%2Fv2%2Ftags&post=164"}],"curies":[{"name":"wp","href":"https:\/\/api.w.org\/{rel}","templated":true}]}}