{"id":2254,"date":"2024-09-30T09:22:43","date_gmt":"2024-09-30T06:22:43","guid":{"rendered":"https:\/\/kalendare365.eu\/?p=2254"},"modified":"2026-04-09T11:34:40","modified_gmt":"2026-04-09T08:34:40","slug":"stahnete-si-kalendar-listopad-2025","status":"publish","type":"post","link":"https:\/\/kalendare365.eu\/?p=2254","title":{"rendered":"St\u00e1hn\u011bte si kalend\u00e1\u0159 listopad 2025"},"content":{"rendered":"\n<p class=\"wp-block-paragraph\">Listopad b\u00fdv\u00e1 m\u011bs\u00edcem, kdy se tempo roku zpomaluje, ale povinnost\u00ed rozhodn\u011b neub\u00fdv\u00e1. Pr\u00e1v\u011b proto se dob\u0159e uspo\u0159\u00e1dan\u00fd kalend\u00e1\u0159 st\u00e1v\u00e1 neoceniteln\u00fdm pomocn\u00edkem \u2013 pom\u016f\u017ee udr\u017eet p\u0159ehled, pl\u00e1novat dop\u0159edu a zvl\u00e1dnout z\u00e1v\u011br roku s v\u011bt\u0161\u00edm klidem. Pokud hled\u00e1te praktick\u00fd kalend\u00e1\u0159 na listopad 2025, kter\u00fd si m\u016f\u017eete snadno upravit nebo vytisknout, jste na spr\u00e1vn\u00e9m m\u00edst\u011b.<\/p>\n\n\n\n<hr class=\"wp-block-separator has-alpha-channel-opacity\"\/>\n\n\n\n<h2 class=\"wp-block-heading\"><strong>Kalend\u00e1\u0159 na listopad 2025 ke sta\u017een\u00ed<\/strong><\/h2>\n\n\n\n<p class=\"wp-block-paragraph\">Dob\u0159e navr\u017een\u00fd kalend\u00e1\u0159 dok\u00e1\u017ee v\u00fdrazn\u011b zjednodu\u0161it ka\u017edodenn\u00ed organizaci. A\u0165 u\u017e pl\u00e1nujete pracovn\u00ed \u00fakoly, rodinn\u00e9 aktivity nebo osobn\u00ed c\u00edle, p\u0159ehledn\u00e9 rozvr\u017een\u00ed v\u00e1m umo\u017en\u00ed m\u00edt v\u0161e d\u016fle\u017eit\u00e9 na jednom m\u00edst\u011b.<\/p>\n\n\n\n<h3 class=\"wp-block-heading\"><strong>Pro\u010d pou\u017e\u00edvat kalend\u00e1\u0159?<\/strong><\/h3>\n\n\n\n<ul class=\"wp-block-list\">\n<li><strong>P\u0159ehlednost<\/strong> \u2014 Jedin\u00fdm pohledem vid\u00edte v\u0161echny ud\u00e1losti, term\u00edny a \u00fakoly.<\/li>\n\n\n\n<li><strong>Lep\u0161\u00ed organizace<\/strong> \u2014 Pom\u00e1h\u00e1 udr\u017eet po\u0159\u00e1dek v \u010dase i priorit\u00e1ch.<\/li>\n\n\n\n<li><strong>M\u00e9n\u011b stresu<\/strong> \u2014 Kdy\u017e m\u00e1te v\u0161e zapsan\u00e9, nemus\u00edte si nic slo\u017eit\u011b pamatovat.<\/li>\n\n\n\n<li><strong>Vy\u0161\u0161\u00ed produktivita<\/strong> \u2014 D\u00edky jasn\u00e9mu pl\u00e1nu zvl\u00e1dnete v\u00edce pr\u00e1ce i odpo\u010dinku.<\/li>\n<\/ul>\n\n\n\n<hr class=\"wp-block-separator has-alpha-channel-opacity\"\/>\n\n\n\n<h2 class=\"wp-block-heading\"><strong>Jak vybrat ide\u00e1ln\u00ed kalend\u00e1\u0159?<\/strong><\/h2>\n\n\n\n<ul class=\"wp-block-list\">\n<li><strong>Form\u00e1t<\/strong> \u2014 Digit\u00e1ln\u00ed nebo pap\u00edrov\u00fd? Digit\u00e1ln\u00ed nab\u00edz\u00ed flexibilitu, pap\u00edrov\u00fd zase p\u0159\u00edjemn\u00fd fyzick\u00fd kontakt a mo\u017enost rychl\u00fdch pozn\u00e1mek.<\/li>\n\n\n\n<li><strong>Design<\/strong> \u2014 Vyberte si styl, kter\u00fd v\u00e1s motivuje a lad\u00ed s va\u0161\u00edm pracovn\u00edm nebo dom\u00e1c\u00edm prost\u0159ed\u00edm.<\/li>\n\n\n\n<li><strong>Funkce<\/strong> \u2014 Pot\u0159ebujete jen z\u00e1kladn\u00ed m\u011bs\u00ed\u010dn\u00ed p\u0159ehled, nebo ocen\u00edte i prostor na pozn\u00e1mky, \u00fakoly \u010di propojen\u00ed s aplikacemi?<\/li>\n<\/ul>\n\n\n\n<hr class=\"wp-block-separator has-alpha-channel-opacity\"\/>\n\n\n\n<h2 class=\"wp-block-heading\"><strong>Jak si vytvo\u0159it vlastn\u00ed kalend\u00e1\u0159 na listopad 2025<\/strong><\/h2>\n\n\n\n<ol class=\"wp-block-list\">\n<li><strong>Vyberte \u0161ablonu<\/strong> \u2014 Na internetu najdete mnoho voln\u011b dostupn\u00fdch \u0161ablon, kter\u00e9 lze snadno upravit.<\/li>\n\n\n\n<li><strong>P\u0159izp\u016fsobte vzhled<\/strong> \u2014 Zm\u011b\u0148te barvy, p\u00edsmo, dopl\u0148te obr\u00e1zky nebo grafick\u00e9 prvky.<\/li>\n\n\n\n<li><strong>Dopl\u0148te d\u016fle\u017eit\u00e9 informace<\/strong> \u2014 Zapi\u0161te si kl\u00ed\u010dov\u00e9 term\u00edny, ud\u00e1losti a osobn\u00ed c\u00edle.<\/li>\n\n\n\n<li><strong>Ulo\u017ete nebo vytiskn\u011bte<\/strong> \u2014 Pap\u00edrov\u00fd kalend\u00e1\u0159 si vytisknete, digit\u00e1ln\u00ed m\u016f\u017eete ulo\u017eit do po\u010d\u00edta\u010de \u010di synchronizovat s telefonem.<\/li>\n<\/ol>\n\n\n\n<hr class=\"wp-block-separator has-alpha-channel-opacity\"\/>\n\n\n\n<h2 class=\"wp-block-heading\"><strong>Tipy pro efektivn\u00ed pou\u017e\u00edv\u00e1n\u00ed kalend\u00e1\u0159e<\/strong><\/h2>\n\n\n\n<ul class=\"wp-block-list\">\n<li><strong>Bu\u010fte konkr\u00e9tn\u00ed<\/strong> \u2014 Zapisujte p\u0159esn\u00e9 \u00fakoly a term\u00edny.<\/li>\n\n\n\n<li><strong>Pl\u00e1nujte dop\u0159edu<\/strong> \u2014 Ud\u00e1losti si zapisujte s p\u0159edstihem.<\/li>\n\n\n\n<li><strong>Aktualizujte pravideln\u011b<\/strong> \u2014 Ka\u017ed\u00fd den si kalend\u00e1\u0159 projd\u011bte a dopl\u0148te.<\/li>\n\n\n\n<li><strong>Zachovejte flexibilitu<\/strong> \u2014 Pl\u00e1ny se mohou zm\u011bnit, proto je dobr\u00e9 m\u00edt prostor pro \u00fapravy.<\/li>\n<\/ul>\n\n\n\n<hr class=\"wp-block-separator has-alpha-channel-opacity\"\/>\n\n\n\n<h2 class=\"wp-block-heading\"><strong>Dostupn\u00e9 \u0161ablony kalend\u00e1\u0159e listopad 2025 (PDF \/ Word)<\/strong><\/h2>\n\n\n\n<ul class=\"wp-block-list\">\n<li>Pl\u00e1novac\u00ed kalend\u00e1\u0159 listopad 2025<\/li>\n\n\n\n<li>Kalend\u00e1\u0159 s velk\u00fdmi \u010d\u00edsly<\/li>\n\n\n\n<li>Vertik\u00e1ln\u00ed pl\u00e1nova\u010d<\/li>\n\n\n\n<li>Kalend\u00e1\u0159 s p\u0159edchoz\u00edm a n\u00e1sleduj\u00edc\u00edm m\u011bs\u00edcem<\/li>\n\n\n\n<li>Elegantn\u00ed kalend\u00e1\u0159 listopad 2025<\/li>\n\n\n\n<li>Fotokalend\u00e1\u0159<\/li>\n\n\n\n<li>Pl\u00e1nova\u010d s m\u00edstem na pozn\u00e1mky<\/li>\n<\/ul>\n\n\n\n<hr class=\"wp-block-separator has-alpha-channel-opacity\"\/>\n\n\n\n<h2 class=\"wp-block-heading has-text-align-center\">Pl\u00e1nova\u010d kalend\u00e1\u0159e listopad 2025<\/h2>\n\n\n\n<figure class=\"wp-block-image size-full\"><img loading=\"lazy\" decoding=\"async\" width=\"800\" height=\"566\" src=\"https:\/\/kalendare365.eu\/wp-content\/uploads\/2024\/09\/planovac-kalendare-listopad-2025.webp\" alt=\"\" class=\"wp-image-2255\" srcset=\"https:\/\/kalendare365.eu\/wp-content\/uploads\/2024\/09\/planovac-kalendare-listopad-2025.webp 800w, https:\/\/kalendare365.eu\/wp-content\/uploads\/2024\/09\/planovac-kalendare-listopad-2025-300x212.webp 300w, https:\/\/kalendare365.eu\/wp-content\/uploads\/2024\/09\/planovac-kalendare-listopad-2025-768x543.webp 768w\" sizes=\"auto, (max-width: 800px) 100vw, 800px\" \/><\/figure>\n\n\n\n<p class=\"has-text-align-center wp-block-paragraph\"><a href=\"https:\/\/kalendare365.eu\/wp-content\/uploads\/2024\/09\/planovac-kalendare-listopad-2025.pdf\" target=\"_blank\" rel=\"noreferrer noopener nofollow\">PDF<\/a> | <a href=\"https:\/\/kalendare365.eu\/wp-content\/uploads\/2024\/09\/planovac-kalendare-listopad-2025.docx\" target=\"_blank\" rel=\"noreferrer noopener nofollow\">WORD<\/a><\/p>\n\n\n\n<h2 class=\"wp-block-heading has-text-align-center\">Kalend\u00e1\u0159 listopad 2025 s velk\u00fdmi \u010d\u00edsly<\/h2>\n\n\n\n<figure class=\"wp-block-image size-full\"><img loading=\"lazy\" decoding=\"async\" width=\"800\" height=\"566\" src=\"https:\/\/kalendare365.eu\/wp-content\/uploads\/2024\/09\/kalendar-listopad-2025-s-velkymi-cisly.webp\" alt=\"\" class=\"wp-image-2259\" srcset=\"https:\/\/kalendare365.eu\/wp-content\/uploads\/2024\/09\/kalendar-listopad-2025-s-velkymi-cisly.webp 800w, https:\/\/kalendare365.eu\/wp-content\/uploads\/2024\/09\/kalendar-listopad-2025-s-velkymi-cisly-300x212.webp 300w, https:\/\/kalendare365.eu\/wp-content\/uploads\/2024\/09\/kalendar-listopad-2025-s-velkymi-cisly-768x543.webp 768w\" sizes=\"auto, (max-width: 800px) 100vw, 800px\" \/><\/figure>\n\n\n\n<p class=\"has-text-align-center wp-block-paragraph\"><a href=\"https:\/\/kalendare365.eu\/wp-content\/uploads\/2024\/09\/kalendar-listopad-2025-s-velkymi-cisly.pdf\" target=\"_blank\" rel=\"noreferrer noopener nofollow\">PDF<\/a> | <a href=\"https:\/\/kalendare365.eu\/wp-content\/uploads\/2024\/09\/kalendar-listopad-2025-s-velkymi-cisly.docx\" target=\"_blank\" rel=\"noreferrer noopener nofollow\">WORD<\/a><\/p>\n\n\n\n<h2 class=\"wp-block-heading has-text-align-center\">Vertik\u00e1ln\u00ed pl\u00e1nova\u010d kalend\u00e1\u0159e na listopad 2025<\/h2>\n\n\n\n<figure class=\"wp-block-image size-large\"><img loading=\"lazy\" decoding=\"async\" width=\"724\" height=\"1024\" src=\"https:\/\/kalendare365.eu\/wp-content\/uploads\/2024\/09\/vertikalni-planovac-kalendare-na-listopad-2025-724x1024.webp\" alt=\"\" class=\"wp-image-2263\" srcset=\"https:\/\/kalendare365.eu\/wp-content\/uploads\/2024\/09\/vertikalni-planovac-kalendare-na-listopad-2025-724x1024.webp 724w, https:\/\/kalendare365.eu\/wp-content\/uploads\/2024\/09\/vertikalni-planovac-kalendare-na-listopad-2025-212x300.webp 212w, https:\/\/kalendare365.eu\/wp-content\/uploads\/2024\/09\/vertikalni-planovac-kalendare-na-listopad-2025-768x1086.webp 768w, https:\/\/kalendare365.eu\/wp-content\/uploads\/2024\/09\/vertikalni-planovac-kalendare-na-listopad-2025.webp 800w\" sizes=\"auto, (max-width: 724px) 100vw, 724px\" \/><\/figure>\n\n\n\n<p class=\"has-text-align-center wp-block-paragraph\"><a href=\"https:\/\/kalendare365.eu\/wp-content\/uploads\/2024\/09\/vertikalni-planovac-kalendare-na-listopad-2025.pdf\" target=\"_blank\" rel=\"noreferrer noopener nofollow\">PDF<\/a> | <a href=\"https:\/\/kalendare365.eu\/wp-content\/uploads\/2024\/09\/vertikalni-planovac-kalendare-na-listopad-2025.docx\" target=\"_blank\" rel=\"noreferrer noopener nofollow\">WORD<\/a><\/p>\n\n\n\n<h2 class=\"wp-block-heading has-text-align-center\">Kalend\u00e1\u0159 listopad 2025 s p\u0159edchoz\u00edm a p\u0159\u00ed\u0161t\u00edm m\u011bs\u00edcem<\/h2>\n\n\n\n<figure class=\"wp-block-image size-full\"><img loading=\"lazy\" decoding=\"async\" width=\"800\" height=\"566\" src=\"https:\/\/kalendare365.eu\/wp-content\/uploads\/2024\/09\/kalendar-listopad-2025-s-predchozim-a-pristim-mesicem.webp\" alt=\"\" class=\"wp-image-2267\" srcset=\"https:\/\/kalendare365.eu\/wp-content\/uploads\/2024\/09\/kalendar-listopad-2025-s-predchozim-a-pristim-mesicem.webp 800w, https:\/\/kalendare365.eu\/wp-content\/uploads\/2024\/09\/kalendar-listopad-2025-s-predchozim-a-pristim-mesicem-300x212.webp 300w, https:\/\/kalendare365.eu\/wp-content\/uploads\/2024\/09\/kalendar-listopad-2025-s-predchozim-a-pristim-mesicem-768x543.webp 768w\" sizes=\"auto, (max-width: 800px) 100vw, 800px\" \/><\/figure>\n\n\n\n<p class=\"has-text-align-center wp-block-paragraph\"><a href=\"https:\/\/kalendare365.eu\/wp-content\/uploads\/2024\/09\/kalendar-listopad-2025-s-predchozim-a-pristim-mesicem.pdf\" target=\"_blank\" rel=\"noreferrer noopener nofollow\">PDF<\/a> | <a href=\"https:\/\/kalendare365.eu\/wp-content\/uploads\/2024\/09\/kalendar-listopad-2025-s-predchozim-a-pristim-mesicem.docx\" target=\"_blank\" rel=\"noreferrer noopener nofollow\">WORD<\/a><\/p>\n\n\n\n<h2 class=\"wp-block-heading has-text-align-center\">Kr\u00e1sn\u00fd kalend\u00e1\u0159 listopad 2025<\/h2>\n\n\n\n<figure class=\"wp-block-image size-full\"><img loading=\"lazy\" decoding=\"async\" width=\"800\" height=\"566\" src=\"https:\/\/kalendare365.eu\/wp-content\/uploads\/2024\/09\/krasny-kalendar-listopad-2025.webp\" alt=\"\" class=\"wp-image-2271\" srcset=\"https:\/\/kalendare365.eu\/wp-content\/uploads\/2024\/09\/krasny-kalendar-listopad-2025.webp 800w, https:\/\/kalendare365.eu\/wp-content\/uploads\/2024\/09\/krasny-kalendar-listopad-2025-300x212.webp 300w, https:\/\/kalendare365.eu\/wp-content\/uploads\/2024\/09\/krasny-kalendar-listopad-2025-768x543.webp 768w\" sizes=\"auto, (max-width: 800px) 100vw, 800px\" \/><\/figure>\n\n\n\n<p class=\"has-text-align-center wp-block-paragraph\"><a href=\"https:\/\/kalendare365.eu\/wp-content\/uploads\/2024\/09\/krasny-kalendar-listopad-2025.pdf\" target=\"_blank\" rel=\"noreferrer noopener nofollow\">PDF<\/a> | <a href=\"https:\/\/kalendare365.eu\/wp-content\/uploads\/2024\/09\/krasny-kalendar-listopad-2025.docx\" target=\"_blank\" rel=\"noreferrer noopener nofollow\">WORD<\/a><\/p>\n\n\n\n<h2 class=\"wp-block-heading has-text-align-center\">Fotokalend\u00e1\u0159 listopad 2025<\/h2>\n\n\n\n<figure class=\"wp-block-image size-large\"><img loading=\"lazy\" decoding=\"async\" width=\"724\" height=\"1024\" src=\"https:\/\/kalendare365.eu\/wp-content\/uploads\/2024\/09\/fotokalendar-listopad-2025-724x1024.webp\" alt=\"\" class=\"wp-image-2274\" srcset=\"https:\/\/kalendare365.eu\/wp-content\/uploads\/2024\/09\/fotokalendar-listopad-2025-724x1024.webp 724w, https:\/\/kalendare365.eu\/wp-content\/uploads\/2024\/09\/fotokalendar-listopad-2025-212x300.webp 212w, https:\/\/kalendare365.eu\/wp-content\/uploads\/2024\/09\/fotokalendar-listopad-2025-768x1086.webp 768w, https:\/\/kalendare365.eu\/wp-content\/uploads\/2024\/09\/fotokalendar-listopad-2025.webp 800w\" sizes=\"auto, (max-width: 724px) 100vw, 724px\" \/><\/figure>\n\n\n\n<p class=\"has-text-align-center wp-block-paragraph\"><a href=\"https:\/\/kalendare365.eu\/wp-content\/uploads\/2024\/09\/fotokalendar-listopad-2025.pdf\" target=\"_blank\" rel=\"noreferrer noopener nofollow\">PDF<\/a> | <a href=\"https:\/\/kalendare365.eu\/wp-content\/uploads\/2024\/09\/fotokalendar-listopad-2025.docx\" target=\"_blank\" rel=\"noreferrer noopener nofollow\">WORD<\/a><\/p>\n\n\n\n<h2 class=\"wp-block-heading has-text-align-center\">Kr\u00e1sn\u00fd pl\u00e1nova\u010d kalend\u00e1\u0159e listopad 2025<\/h2>\n\n\n\n<figure class=\"wp-block-image size-large\"><img loading=\"lazy\" decoding=\"async\" width=\"724\" height=\"1024\" src=\"https:\/\/kalendare365.eu\/wp-content\/uploads\/2024\/09\/krasny-planovac-kalendare-listopad-2025-724x1024.webp\" alt=\"\" class=\"wp-image-2279\" srcset=\"https:\/\/kalendare365.eu\/wp-content\/uploads\/2024\/09\/krasny-planovac-kalendare-listopad-2025-724x1024.webp 724w, https:\/\/kalendare365.eu\/wp-content\/uploads\/2024\/09\/krasny-planovac-kalendare-listopad-2025-212x300.webp 212w, https:\/\/kalendare365.eu\/wp-content\/uploads\/2024\/09\/krasny-planovac-kalendare-listopad-2025-768x1086.webp 768w, https:\/\/kalendare365.eu\/wp-content\/uploads\/2024\/09\/krasny-planovac-kalendare-listopad-2025.webp 800w\" sizes=\"auto, (max-width: 724px) 100vw, 724px\" \/><\/figure>\n\n\n\n<p class=\"has-text-align-center wp-block-paragraph\"><a href=\"https:\/\/kalendare365.eu\/wp-content\/uploads\/2024\/09\/krasny-planovac-kalendare-listopad-2025.pdf\" target=\"_blank\" rel=\"noreferrer noopener nofollow\">PDF<\/a> | <a href=\"https:\/\/kalendare365.eu\/wp-content\/uploads\/2024\/09\/krasny-planovac-kalendare-listopad-2025.docx\" target=\"_blank\" rel=\"noreferrer noopener nofollow\">WORD<\/a><\/p>\n\n\n\n<h2 class=\"wp-block-heading has-text-align-center\">Kalend\u00e1\u0159 listopad 2025 s pozn\u00e1mkami<\/h2>\n\n\n\n<figure class=\"wp-block-image size-full\"><img loading=\"lazy\" decoding=\"async\" width=\"800\" height=\"566\" src=\"https:\/\/kalendare365.eu\/wp-content\/uploads\/2024\/09\/kalendar-listopad-2025-s-poznamkami.webp\" alt=\"\" class=\"wp-image-2283\" srcset=\"https:\/\/kalendare365.eu\/wp-content\/uploads\/2024\/09\/kalendar-listopad-2025-s-poznamkami.webp 800w, https:\/\/kalendare365.eu\/wp-content\/uploads\/2024\/09\/kalendar-listopad-2025-s-poznamkami-300x212.webp 300w, https:\/\/kalendare365.eu\/wp-content\/uploads\/2024\/09\/kalendar-listopad-2025-s-poznamkami-768x543.webp 768w\" sizes=\"auto, (max-width: 800px) 100vw, 800px\" \/><\/figure>\n\n\n\n<p class=\"has-text-align-center wp-block-paragraph\"><a href=\"https:\/\/kalendare365.eu\/wp-content\/uploads\/2024\/09\/kalendar-listopad-2025-s-poznamkami.pdf\" target=\"_blank\" rel=\"noreferrer noopener nofollow\">PDF<\/a> | <a href=\"https:\/\/kalendare365.eu\/wp-content\/uploads\/2024\/09\/kalendar-listopad-2025-s-poznamkami.docx\" target=\"_blank\" rel=\"noreferrer noopener nofollow\">WORD<\/a><\/p>\n\n\n\n<h3 class=\"wp-block-heading\"><strong>Z\u00e1v\u011br<\/strong><\/h3>\n\n\n\n<p class=\"wp-block-paragraph\">Kalend\u00e1\u0159 na listopad 2025 v\u00e1m m\u016f\u017ee v\u00fdrazn\u011b usnadnit ka\u017edodenn\u00ed \u017eivot \u2013 pom\u016f\u017ee v\u00e1m l\u00e9pe pl\u00e1novat, udr\u017eet si p\u0159ehled a zvl\u00e1dnout v\u0161echny povinnosti bez zbyte\u010dn\u00e9ho stresu. D\u00edky \u0161irok\u00e9 nab\u00eddce \u0161ablon si ka\u017ed\u00fd m\u016f\u017ee naj\u00edt takov\u00fd styl, kter\u00fd mu vyhovuje. Sta\u010d\u00ed si vybrat, upravit a za\u010d\u00edt pl\u00e1novat podle sv\u00fdch p\u0159edstav.<\/p>\n","protected":false},"excerpt":{"rendered":"<p>Listopad b\u00fdv\u00e1 m\u011bs\u00edcem, kdy se tempo roku zpomaluje, ale povinnost\u00ed rozhodn\u011b neub\u00fdv\u00e1. Pr\u00e1v\u011b proto se dob\u0159e uspo\u0159\u00e1dan\u00fd kalend\u00e1\u0159 st\u00e1v\u00e1 neoceniteln\u00fdm pomocn\u00edkem \u2013 pom\u016f\u017ee udr\u017eet p\u0159ehled, pl\u00e1novat dop\u0159edu a zvl\u00e1dnout z\u00e1v\u011br roku s v\u011bt\u0161\u00edm klidem. Pokud hled\u00e1te praktick\u00fd kalend\u00e1\u0159 na listopad 2025, kter\u00fd si m\u016f\u017eete snadno upravit nebo vytisknout, jste na spr\u00e1vn\u00e9m m\u00edst\u011b. Kalend\u00e1\u0159 na listopad [&hellip;]<\/p>\n","protected":false},"author":1,"featured_media":0,"comment_status":"open","ping_status":"closed","sticky":false,"template":"","format":"standard","meta":{"footnotes":""},"categories":[15],"tags":[28],"class_list":["post-2254","post","type-post","status-publish","format-standard","hentry","category-listopad","tag-28"],"_links":{"self":[{"href":"https:\/\/kalendare365.eu\/index.php?rest_route=\/wp\/v2\/posts\/2254","targetHints":{"allow":["GET"]}}],"collection":[{"href":"https:\/\/kalendare365.eu\/index.php?rest_route=\/wp\/v2\/posts"}],"about":[{"href":"https:\/\/kalendare365.eu\/index.php?rest_route=\/wp\/v2\/types\/post"}],"author":[{"embeddable":true,"href":"https:\/\/kalendare365.eu\/index.php?rest_route=\/wp\/v2\/users\/1"}],"replies":[{"embeddable":true,"href":"https:\/\/kalendare365.eu\/index.php?rest_route=%2Fwp%2Fv2%2Fcomments&post=2254"}],"version-history":[{"count":8,"href":"https:\/\/kalendare365.eu\/index.php?rest_route=\/wp\/v2\/posts\/2254\/revisions"}],"predecessor-version":[{"id":3567,"href":"https:\/\/kalendare365.eu\/index.php?rest_route=\/wp\/v2\/posts\/2254\/revisions\/3567"}],"wp:attachment":[{"href":"https:\/\/kalendare365.eu\/index.php?rest_route=%2Fwp%2Fv2%2Fmedia&parent=2254"}],"wp:term":[{"taxonomy":"category","embeddable":true,"href":"https:\/\/kalendare365.eu\/index.php?rest_route=%2Fwp%2Fv2%2Fcategories&post=2254"},{"taxonomy":"post_tag","embeddable":true,"href":"https:\/\/kalendare365.eu\/index.php?rest_route=%2Fwp%2Fv2%2Ftags&post=2254"}],"curies":[{"name":"wp","href":"https:\/\/api.w.org\/{rel}","templated":true}]}}