{"id":2287,"date":"2024-09-30T12:08:59","date_gmt":"2024-09-30T09:08:59","guid":{"rendered":"https:\/\/kalendare365.eu\/?p=2287"},"modified":"2026-03-30T13:07:43","modified_gmt":"2026-03-30T10:07:43","slug":"stahnete-si-kalendar-prosinec-2025","status":"publish","type":"post","link":"https:\/\/kalendare365.eu\/?p=2287","title":{"rendered":"St\u00e1hn\u011bte si kalend\u00e1\u0159 prosinec 2025"},"content":{"rendered":"\n<p class=\"wp-block-paragraph\">Prosinec b\u00fdv\u00e1 jedn\u00edm z\u202fnejru\u0161n\u011bj\u0161\u00edch m\u011bs\u00edc\u016f roku \u2013 mezi v\u00e1no\u010dn\u00edmi p\u0159\u00edpravami, pracovn\u00edm fini\u0161em a rodinn\u00fdmi setk\u00e1n\u00edmi je snadn\u00e9 ztratit p\u0159ehled. Pr\u00e1v\u011b proto se vyplat\u00ed m\u00edt po ruce dob\u0159e uspo\u0159\u00e1dan\u00fd kalend\u00e1\u0159, kter\u00fd v\u00e1m pom\u016f\u017ee pl\u00e1novat s\u202fklidem a bez stresu. P\u0159ipravili jsme pro v\u00e1s r\u016fzn\u00e9 \u0161ablony kalend\u00e1\u0159e na prosinec 2025, kter\u00e9 si m\u016f\u017eete zdarma st\u00e1hnout, upravit a pou\u017e\u00edvat p\u0159esn\u011b tak, jak pot\u0159ebujete.<\/p>\n\n\n\n<hr class=\"wp-block-separator has-alpha-channel-opacity\"\/>\n\n\n\n<h2 class=\"wp-block-heading\"><strong>Pro\u010d se v\u00e1m bude kalend\u00e1\u0159 na prosinec 2025 hodit<\/strong><\/h2>\n\n\n\n<ul class=\"wp-block-list\">\n<li><strong>Snadn\u00e1 organizace<\/strong> \u2013 napl\u00e1nujete si n\u00e1kupy, pe\u010den\u00ed, n\u00e1v\u0161t\u011bvy i pracovn\u00ed \u00fakoly.<\/li>\n\n\n\n<li><strong>M\u00e9n\u011b stresu<\/strong> \u2013 jasn\u00fd p\u0159ehled v\u00e1m umo\u017en\u00ed u\u017e\u00edt si adventn\u00ed atmosf\u00e9ru bez chaosu.<\/li>\n\n\n\n<li><strong>Mo\u017enost \u00faprav<\/strong> \u2013 barvy, pozn\u00e1mky, obr\u00e1zky\u2026 v\u0161e si p\u0159izp\u016fsob\u00edte podle sebe.<\/li>\n\n\n\n<li><strong>R\u016fzn\u00e9 form\u00e1ty<\/strong> \u2013 m\u011bs\u00ed\u010dn\u00ed p\u0159ehled, kalend\u00e1\u0159 s pozn\u00e1mkami, vertik\u00e1ln\u00ed pl\u00e1nova\u010d a dal\u0161\u00ed.<\/li>\n<\/ul>\n\n\n\n<hr class=\"wp-block-separator has-alpha-channel-opacity\"\/>\n\n\n\n<h2 class=\"wp-block-heading\"><strong>Jak kalend\u00e1\u0159 pou\u017e\u00edvat<\/strong><\/h2>\n\n\n\n<ol class=\"wp-block-list\">\n<li><strong>Vyberte si \u0161ablonu<\/strong> \u2013 nab\u00edz\u00edme form\u00e1ty PDF i Word, v r\u016fzn\u00fdch stylech a rozlo\u017een\u00edch.<\/li>\n\n\n\n<li><strong>Upravte si ji<\/strong> \u2013 dopl\u0148te d\u016fle\u017eit\u00e9 term\u00edny, \u00fakoly, rodinn\u00e9 akce nebo pracovn\u00ed c\u00edle.<\/li>\n\n\n\n<li><strong>Vytiskn\u011bte nebo pou\u017e\u00edvejte digit\u00e1ln\u011b<\/strong> \u2013 kalend\u00e1\u0159 m\u016f\u017eete m\u00edt na lednici, v di\u00e1\u0159i nebo v po\u010d\u00edta\u010di.<\/li>\n<\/ol>\n\n\n\n<hr class=\"wp-block-separator has-alpha-channel-opacity\"\/>\n\n\n\n<h2 class=\"wp-block-heading\"><strong>Tipy pro efektivn\u00ed pl\u00e1nov\u00e1n\u00ed prosince<\/strong><\/h2>\n\n\n\n<ul class=\"wp-block-list\">\n<li><strong>Za\u010dn\u011bte v\u010das<\/strong> \u2013 advent ute\u010de rychleji, ne\u017e se zd\u00e1.<\/li>\n\n\n\n<li><strong>Bu\u010fte realisti\u010dt\u00ed<\/strong> \u2013 nep\u0159epl\u0148ujte si dny \u00fakoly, kter\u00e9 nestihnete.<\/li>\n\n\n\n<li><strong>Zapojte rodinu<\/strong> \u2013 rozd\u011blte si povinnosti, a\u0165 v\u0161e nele\u017e\u00ed jen na v\u00e1s.<\/li>\n\n\n\n<li><strong>Nezapome\u0148te na odpo\u010dinek<\/strong> \u2013 i b\u011bhem p\u0159\u00edprav si dop\u0159ejte chv\u00edle klidu.<\/li>\n<\/ul>\n\n\n\n<hr class=\"wp-block-separator has-alpha-channel-opacity\"\/>\n\n\n\n<h2 class=\"wp-block-heading\"><strong>Co najdete mezi \u0161ablonami<\/strong><\/h2>\n\n\n\n<ul class=\"wp-block-list\">\n<li>Kalend\u00e1\u0159 prosinec 2025 s velk\u00fdmi \u010d\u00edsly<\/li>\n\n\n\n<li>Pl\u00e1nova\u010d s m\u00edstem na pozn\u00e1mky<\/li>\n\n\n\n<li>Vertik\u00e1ln\u00ed m\u011bs\u00ed\u010dn\u00ed pl\u00e1nova\u010d<\/li>\n\n\n\n<li>Kalend\u00e1\u0159 s p\u0159edchoz\u00edm a n\u00e1sleduj\u00edc\u00edm m\u011bs\u00edcem<\/li>\n\n\n\n<li>Elegantn\u00ed i minimalistick\u00e9 designy<\/li>\n\n\n\n<li>Fotokalend\u00e1\u0159ov\u00e9 \u0161ablony<\/li>\n<\/ul>\n\n\n\n<p class=\"wp-block-paragraph\">V\u0161echny varianty jsou dostupn\u00e9 ve form\u00e1tech <strong>PDF<\/strong> a <strong>Word<\/strong>, tak\u017ee si je m\u016f\u017eete snadno upravit nebo rovnou vytisknout.<\/p>\n\n\n\n<hr class=\"wp-block-separator has-alpha-channel-opacity\"\/>\n\n\n\n<h2 class=\"wp-block-heading has-text-align-center\">Pl\u00e1nova\u010d kalend\u00e1\u0159e prosinec 2025<\/h2>\n\n\n\n<figure class=\"wp-block-image size-full\"><img loading=\"lazy\" decoding=\"async\" width=\"800\" height=\"566\" src=\"https:\/\/kalendare365.eu\/wp-content\/uploads\/2024\/09\/planovac-kalendare-prosinec-2025.webp\" alt=\"\" class=\"wp-image-2288\" srcset=\"https:\/\/kalendare365.eu\/wp-content\/uploads\/2024\/09\/planovac-kalendare-prosinec-2025.webp 800w, https:\/\/kalendare365.eu\/wp-content\/uploads\/2024\/09\/planovac-kalendare-prosinec-2025-300x212.webp 300w, https:\/\/kalendare365.eu\/wp-content\/uploads\/2024\/09\/planovac-kalendare-prosinec-2025-768x543.webp 768w\" sizes=\"auto, (max-width: 800px) 100vw, 800px\" \/><\/figure>\n\n\n\n<p class=\"has-text-align-center wp-block-paragraph\"><a href=\"https:\/\/kalendare365.eu\/wp-content\/uploads\/2024\/09\/planovac-kalendare-prosinec-2025.pdf\" target=\"_blank\" rel=\"noreferrer noopener nofollow\">PDF<\/a> | <a href=\"https:\/\/kalendare365.eu\/wp-content\/uploads\/2024\/09\/planovac-kalendare-prosinec-2025.docx\" target=\"_blank\" rel=\"noreferrer noopener nofollow\">WORD<\/a><\/p>\n\n\n\n<h2 class=\"wp-block-heading has-text-align-center\">Kalend\u00e1\u0159 prosinec 2025 s velk\u00fdmi \u010d\u00edsly<\/h2>\n\n\n\n<figure class=\"wp-block-image size-full\"><img loading=\"lazy\" decoding=\"async\" width=\"800\" height=\"566\" src=\"https:\/\/kalendare365.eu\/wp-content\/uploads\/2024\/09\/kalendar-prosinec-2025-s-velkymi-cisly.webp\" alt=\"\" class=\"wp-image-2292\" srcset=\"https:\/\/kalendare365.eu\/wp-content\/uploads\/2024\/09\/kalendar-prosinec-2025-s-velkymi-cisly.webp 800w, https:\/\/kalendare365.eu\/wp-content\/uploads\/2024\/09\/kalendar-prosinec-2025-s-velkymi-cisly-300x212.webp 300w, https:\/\/kalendare365.eu\/wp-content\/uploads\/2024\/09\/kalendar-prosinec-2025-s-velkymi-cisly-768x543.webp 768w\" sizes=\"auto, (max-width: 800px) 100vw, 800px\" \/><\/figure>\n\n\n\n<p class=\"has-text-align-center wp-block-paragraph\"><a href=\"https:\/\/kalendare365.eu\/wp-content\/uploads\/2024\/09\/kalendar-prosinec-2025-s-velkymi-cisly.pdf\" target=\"_blank\" rel=\"noreferrer noopener nofollow\">PDF<\/a> | <a href=\"https:\/\/kalendare365.eu\/wp-content\/uploads\/2024\/09\/kalendar-prosinec-2025-s-velkymi-cisly.docx\" target=\"_blank\" rel=\"noreferrer noopener nofollow\">WORD<\/a><\/p>\n\n\n\n<h2 class=\"wp-block-heading has-text-align-center\">Vertik\u00e1ln\u00ed pl\u00e1nova\u010d kalend\u00e1\u0159e na prosinec 2025<\/h2>\n\n\n\n<figure class=\"wp-block-image size-large\"><img loading=\"lazy\" decoding=\"async\" width=\"724\" height=\"1024\" src=\"https:\/\/kalendare365.eu\/wp-content\/uploads\/2024\/09\/vertikalni-planovac-kalendare-na-prosinec-2025-724x1024.webp\" alt=\"\" class=\"wp-image-2296\" srcset=\"https:\/\/kalendare365.eu\/wp-content\/uploads\/2024\/09\/vertikalni-planovac-kalendare-na-prosinec-2025-724x1024.webp 724w, https:\/\/kalendare365.eu\/wp-content\/uploads\/2024\/09\/vertikalni-planovac-kalendare-na-prosinec-2025-212x300.webp 212w, https:\/\/kalendare365.eu\/wp-content\/uploads\/2024\/09\/vertikalni-planovac-kalendare-na-prosinec-2025-768x1086.webp 768w, https:\/\/kalendare365.eu\/wp-content\/uploads\/2024\/09\/vertikalni-planovac-kalendare-na-prosinec-2025.webp 800w\" sizes=\"auto, (max-width: 724px) 100vw, 724px\" \/><\/figure>\n\n\n\n<p class=\"has-text-align-center wp-block-paragraph\"><a href=\"https:\/\/kalendare365.eu\/wp-content\/uploads\/2024\/09\/vertikalni-planovac-kalendare-na-prosinec-2025.pdf\" target=\"_blank\" rel=\"noreferrer noopener nofollow\">PDF<\/a> | <a href=\"https:\/\/kalendare365.eu\/wp-content\/uploads\/2024\/09\/vertikalni-planovac-kalendare-na-prosinec-2025.docx\" target=\"_blank\" rel=\"noreferrer noopener nofollow\">WORD<\/a><\/p>\n\n\n\n<h2 class=\"wp-block-heading has-text-align-center\">Kalend\u00e1\u0159 prosinec 2025 s p\u0159edchoz\u00edm a p\u0159\u00ed\u0161t\u00edm m\u011bs\u00edcem<\/h2>\n\n\n\n<figure class=\"wp-block-image size-full\"><img loading=\"lazy\" decoding=\"async\" width=\"800\" height=\"566\" src=\"https:\/\/kalendare365.eu\/wp-content\/uploads\/2024\/09\/kalendar-prosinec-2025-s-predchozim-a-pristim-mesicem.webp\" alt=\"\" class=\"wp-image-2300\" srcset=\"https:\/\/kalendare365.eu\/wp-content\/uploads\/2024\/09\/kalendar-prosinec-2025-s-predchozim-a-pristim-mesicem.webp 800w, https:\/\/kalendare365.eu\/wp-content\/uploads\/2024\/09\/kalendar-prosinec-2025-s-predchozim-a-pristim-mesicem-300x212.webp 300w, https:\/\/kalendare365.eu\/wp-content\/uploads\/2024\/09\/kalendar-prosinec-2025-s-predchozim-a-pristim-mesicem-768x543.webp 768w\" sizes=\"auto, (max-width: 800px) 100vw, 800px\" \/><\/figure>\n\n\n\n<p class=\"has-text-align-center wp-block-paragraph\"><a href=\"https:\/\/kalendare365.eu\/wp-content\/uploads\/2024\/09\/kalendar-prosinec-2025-s-predchozim-a-pristim-mesicem.pdf\" target=\"_blank\" rel=\"noreferrer noopener nofollow\">PDF<\/a> | <a href=\"https:\/\/kalendare365.eu\/wp-content\/uploads\/2024\/09\/kalendar-prosinec-2025-s-predchozim-a-pristim-mesicem.docx\" target=\"_blank\" rel=\"noreferrer noopener nofollow\">WORD<\/a><\/p>\n\n\n\n<h2 class=\"wp-block-heading has-text-align-center\">Kr\u00e1sn\u00fd kalend\u00e1\u0159 prosinec 2025<\/h2>\n\n\n\n<figure class=\"wp-block-image size-full\"><img loading=\"lazy\" decoding=\"async\" width=\"800\" height=\"566\" src=\"https:\/\/kalendare365.eu\/wp-content\/uploads\/2024\/09\/krasny-kalendar-prosinec-2025.webp\" alt=\"\" class=\"wp-image-2304\" srcset=\"https:\/\/kalendare365.eu\/wp-content\/uploads\/2024\/09\/krasny-kalendar-prosinec-2025.webp 800w, https:\/\/kalendare365.eu\/wp-content\/uploads\/2024\/09\/krasny-kalendar-prosinec-2025-300x212.webp 300w, https:\/\/kalendare365.eu\/wp-content\/uploads\/2024\/09\/krasny-kalendar-prosinec-2025-768x543.webp 768w\" sizes=\"auto, (max-width: 800px) 100vw, 800px\" \/><\/figure>\n\n\n\n<p class=\"has-text-align-center wp-block-paragraph\"><a href=\"https:\/\/kalendare365.eu\/wp-content\/uploads\/2024\/09\/krasny-kalendar-prosinec-2025.pdf\" target=\"_blank\" rel=\"noreferrer noopener nofollow\">PDF<\/a> | <a href=\"https:\/\/kalendare365.eu\/wp-content\/uploads\/2024\/09\/krasny-kalendar-prosinec-2025.docx\" target=\"_blank\" rel=\"noreferrer noopener nofollow\">WORD<\/a><\/p>\n\n\n\n<h2 class=\"wp-block-heading has-text-align-center\">Fotokalend\u00e1\u0159 prosinec 2025<\/h2>\n\n\n\n<figure class=\"wp-block-image size-large\"><img loading=\"lazy\" decoding=\"async\" width=\"724\" height=\"1024\" src=\"https:\/\/kalendare365.eu\/wp-content\/uploads\/2024\/09\/fotokalendar-prosinec-2025-724x1024.webp\" alt=\"\" class=\"wp-image-2308\" srcset=\"https:\/\/kalendare365.eu\/wp-content\/uploads\/2024\/09\/fotokalendar-prosinec-2025-724x1024.webp 724w, https:\/\/kalendare365.eu\/wp-content\/uploads\/2024\/09\/fotokalendar-prosinec-2025-212x300.webp 212w, https:\/\/kalendare365.eu\/wp-content\/uploads\/2024\/09\/fotokalendar-prosinec-2025-768x1086.webp 768w, https:\/\/kalendare365.eu\/wp-content\/uploads\/2024\/09\/fotokalendar-prosinec-2025.webp 800w\" sizes=\"auto, (max-width: 724px) 100vw, 724px\" \/><\/figure>\n\n\n\n<p class=\"has-text-align-center wp-block-paragraph\"><a href=\"https:\/\/kalendare365.eu\/wp-content\/uploads\/2024\/09\/fotokalendar-prosinec-2025.pdf\" target=\"_blank\" rel=\"noreferrer noopener nofollow\">PDF<\/a> | <a href=\"https:\/\/kalendare365.eu\/wp-content\/uploads\/2024\/09\/fotokalendar-prosinec-2025.docx\" target=\"_blank\" rel=\"noreferrer noopener nofollow\">WORD<\/a><\/p>\n\n\n\n<h2 class=\"wp-block-heading has-text-align-center\">Kr\u00e1sn\u00fd pl\u00e1nova\u010d kalend\u00e1\u0159e prosinec 2025<\/h2>\n\n\n\n<figure class=\"wp-block-image size-large\"><img loading=\"lazy\" decoding=\"async\" width=\"724\" height=\"1024\" src=\"https:\/\/kalendare365.eu\/wp-content\/uploads\/2024\/09\/krasny-planovac-kalendare-prosinec-2025-724x1024.webp\" alt=\"\" class=\"wp-image-2312\" srcset=\"https:\/\/kalendare365.eu\/wp-content\/uploads\/2024\/09\/krasny-planovac-kalendare-prosinec-2025-724x1024.webp 724w, https:\/\/kalendare365.eu\/wp-content\/uploads\/2024\/09\/krasny-planovac-kalendare-prosinec-2025-212x300.webp 212w, https:\/\/kalendare365.eu\/wp-content\/uploads\/2024\/09\/krasny-planovac-kalendare-prosinec-2025-768x1086.webp 768w, https:\/\/kalendare365.eu\/wp-content\/uploads\/2024\/09\/krasny-planovac-kalendare-prosinec-2025.webp 800w\" sizes=\"auto, (max-width: 724px) 100vw, 724px\" \/><\/figure>\n\n\n\n<p class=\"has-text-align-center wp-block-paragraph\"><a href=\"https:\/\/kalendare365.eu\/wp-content\/uploads\/2024\/09\/krasny-planovac-kalendare-prosinec-2025.pdf\" target=\"_blank\" rel=\"noreferrer noopener nofollow\">PDF<\/a> | <a href=\"https:\/\/kalendare365.eu\/wp-content\/uploads\/2024\/09\/krasny-planovac-kalendare-prosinec-2025.docx\" target=\"_blank\" rel=\"noreferrer noopener nofollow\">WORD<\/a><\/p>\n\n\n\n<h2 class=\"wp-block-heading has-text-align-center\">Kalend\u00e1\u0159 prosinec 2025 s pozn\u00e1mkami<\/h2>\n\n\n\n<figure class=\"wp-block-image size-full\"><img loading=\"lazy\" decoding=\"async\" width=\"800\" height=\"566\" src=\"https:\/\/kalendare365.eu\/wp-content\/uploads\/2024\/09\/kalendar-prosinec-2025-s-poznamkami.webp\" alt=\"\" class=\"wp-image-2316\" srcset=\"https:\/\/kalendare365.eu\/wp-content\/uploads\/2024\/09\/kalendar-prosinec-2025-s-poznamkami.webp 800w, https:\/\/kalendare365.eu\/wp-content\/uploads\/2024\/09\/kalendar-prosinec-2025-s-poznamkami-300x212.webp 300w, https:\/\/kalendare365.eu\/wp-content\/uploads\/2024\/09\/kalendar-prosinec-2025-s-poznamkami-768x543.webp 768w\" sizes=\"auto, (max-width: 800px) 100vw, 800px\" \/><\/figure>\n\n\n\n<p class=\"has-text-align-center wp-block-paragraph\"><a href=\"https:\/\/kalendare365.eu\/wp-content\/uploads\/2024\/09\/kalendar-prosinec-2025-s-poznamkami.pdf\" target=\"_blank\" rel=\"noreferrer noopener nofollow\">PDF<\/a> | <a href=\"https:\/\/kalendare365.eu\/wp-content\/uploads\/2024\/09\/kalendar-prosinec-2025-s-poznamkami.docx\" target=\"_blank\" rel=\"noreferrer noopener nofollow\">WORD<\/a><\/p>\n\n\n\n<h2 class=\"wp-block-heading\"><strong>Z\u00e1v\u011br<\/strong><\/h2>\n\n\n\n<p class=\"wp-block-paragraph\">A\u0165 u\u017e pl\u00e1nujete v\u00e1no\u010dn\u00ed sv\u00e1tky, pracovn\u00ed povinnosti nebo osobn\u00ed c\u00edle, dob\u0159e uspo\u0159\u00e1dan\u00fd kalend\u00e1\u0159 v\u00e1m pom\u016f\u017ee zvl\u00e1dnout prosinec 2025 s p\u0159ehledem a bez zbyte\u010dn\u00e9ho stresu. Vyberte si \u0161ablonu, kter\u00e1 v\u00e1m nejv\u00edce vyhovuje, st\u00e1hn\u011bte si ji zdarma a u\u017eijte si klidn\u011bj\u0161\u00ed a l\u00e9pe organizovan\u00fd z\u00e1v\u011br roku.<\/p>\n","protected":false},"excerpt":{"rendered":"<p>Prosinec b\u00fdv\u00e1 jedn\u00edm z\u202fnejru\u0161n\u011bj\u0161\u00edch m\u011bs\u00edc\u016f roku \u2013 mezi v\u00e1no\u010dn\u00edmi p\u0159\u00edpravami, pracovn\u00edm fini\u0161em a rodinn\u00fdmi setk\u00e1n\u00edmi je snadn\u00e9 ztratit p\u0159ehled. Pr\u00e1v\u011b proto se vyplat\u00ed m\u00edt po ruce dob\u0159e uspo\u0159\u00e1dan\u00fd kalend\u00e1\u0159, kter\u00fd v\u00e1m pom\u016f\u017ee pl\u00e1novat s\u202fklidem a bez stresu. P\u0159ipravili jsme pro v\u00e1s r\u016fzn\u00e9 \u0161ablony kalend\u00e1\u0159e na prosinec 2025, kter\u00e9 si m\u016f\u017eete zdarma st\u00e1hnout, upravit a pou\u017e\u00edvat [&hellip;]<\/p>\n","protected":false},"author":1,"featured_media":0,"comment_status":"open","ping_status":"closed","sticky":false,"template":"","format":"standard","meta":{"footnotes":""},"categories":[16],"tags":[28],"class_list":["post-2287","post","type-post","status-publish","format-standard","hentry","category-prosinec","tag-28"],"_links":{"self":[{"href":"https:\/\/kalendare365.eu\/index.php?rest_route=\/wp\/v2\/posts\/2287","targetHints":{"allow":["GET"]}}],"collection":[{"href":"https:\/\/kalendare365.eu\/index.php?rest_route=\/wp\/v2\/posts"}],"about":[{"href":"https:\/\/kalendare365.eu\/index.php?rest_route=\/wp\/v2\/types\/post"}],"author":[{"embeddable":true,"href":"https:\/\/kalendare365.eu\/index.php?rest_route=\/wp\/v2\/users\/1"}],"replies":[{"embeddable":true,"href":"https:\/\/kalendare365.eu\/index.php?rest_route=%2Fwp%2Fv2%2Fcomments&post=2287"}],"version-history":[{"count":9,"href":"https:\/\/kalendare365.eu\/index.php?rest_route=\/wp\/v2\/posts\/2287\/revisions"}],"predecessor-version":[{"id":3540,"href":"https:\/\/kalendare365.eu\/index.php?rest_route=\/wp\/v2\/posts\/2287\/revisions\/3540"}],"wp:attachment":[{"href":"https:\/\/kalendare365.eu\/index.php?rest_route=%2Fwp%2Fv2%2Fmedia&parent=2287"}],"wp:term":[{"taxonomy":"category","embeddable":true,"href":"https:\/\/kalendare365.eu\/index.php?rest_route=%2Fwp%2Fv2%2Fcategories&post=2287"},{"taxonomy":"post_tag","embeddable":true,"href":"https:\/\/kalendare365.eu\/index.php?rest_route=%2Fwp%2Fv2%2Ftags&post=2287"}],"curies":[{"name":"wp","href":"https:\/\/api.w.org\/{rel}","templated":true}]}}