{"id":2389,"date":"2025-02-15T12:09:04","date_gmt":"2025-02-15T09:09:04","guid":{"rendered":"https:\/\/kalendare365.eu\/?p=2389"},"modified":"2026-03-18T00:02:05","modified_gmt":"2026-03-17T21:02:05","slug":"kalendar-2026","status":"publish","type":"post","link":"https:\/\/kalendare365.eu\/?p=2389","title":{"rendered":"Kalend\u00e1\u0159 2026"},"content":{"rendered":"\n<p class=\"wp-block-paragraph\">Pl\u00e1nov\u00e1n\u00ed roku je mnohem snaz\u0161\u00ed, kdy\u017e m\u00e1te po ruce p\u0159ehledn\u00fd a praktick\u00fd kalend\u00e1\u0159. Proto jsme p\u0159ipravili kolekci kvalitn\u00edch \u0161ablon kalend\u00e1\u0159\u016f na rok 2026, kter\u00e9 si m\u016f\u017eete zdarma st\u00e1hnout a upravit podle sv\u00fdch pot\u0159eb. A\u0165 u\u017e hled\u00e1te jednoduch\u00fd ro\u010dn\u00ed p\u0159ehled, nebo kalend\u00e1\u0159 s m\u00edstem pro pozn\u00e1mky, zde najdete v\u0161e na jednom m\u00edst\u011b.<\/p>\n\n\n\n<hr class=\"wp-block-separator has-alpha-channel-opacity\"\/>\n\n\n\n<h2 class=\"wp-block-heading\"><strong>Dostupn\u00e9 \u0161ablony<\/strong><\/h2>\n\n\n\n<h3 class=\"wp-block-heading\"><strong>Klasick\u00fd ro\u010dn\u00ed kalend\u00e1\u0159<\/strong><\/h3>\n\n\n\n<p class=\"wp-block-paragraph\">Tradi\u010dn\u00ed p\u0159ehled cel\u00e9ho roku na jednom listu.<\/p>\n\n\n\n<ul class=\"wp-block-list\">\n<li>Jasn\u00e9 m\u011bs\u00ed\u010dn\u00ed bloky<\/li>\n\n\n\n<li>Dobr\u00e1 \u010ditelnost<\/li>\n\n\n\n<li>Ide\u00e1ln\u00ed pro tisk na form\u00e1t <strong>A4 nebo A3<\/strong><\/li>\n<\/ul>\n\n\n\n<h3 class=\"wp-block-heading\"><strong>Kalend\u00e1\u0159 s m\u00edstem pro pozn\u00e1mky<\/strong><\/h3>\n\n\n\n<p class=\"wp-block-paragraph\">Praktick\u00e1 varianta pro ty, kte\u0159\u00ed si r\u00e1di zapisuj\u00ed \u00fakoly, sch\u016fzky nebo osobn\u00ed pozn\u00e1mky.<\/p>\n\n\n\n<ul class=\"wp-block-list\">\n<li>Prostor pro vlastn\u00ed text<\/li>\n\n\n\n<li>Vhodn\u00fd pro dom\u00e1c\u00ed i pracovn\u00ed pl\u00e1nov\u00e1n\u00ed<\/li>\n<\/ul>\n\n\n\n<hr class=\"wp-block-separator has-alpha-channel-opacity\"\/>\n\n\n\n<h2 class=\"wp-block-heading\"><strong>Form\u00e1ty ke sta\u017een\u00ed<\/strong><\/h2>\n\n\n\n<p class=\"wp-block-paragraph\">V\u0161echny \u0161ablony jsou dostupn\u00e9 ve dvou univerz\u00e1ln\u00edch form\u00e1tech:<\/p>\n\n\n\n<ul class=\"wp-block-list\">\n<li><strong>PDF<\/strong> \u2013 ide\u00e1ln\u00ed pro rychl\u00e9 prohl\u00ed\u017een\u00ed a tisk<\/li>\n\n\n\n<li><strong>DOCX (Word)<\/strong> \u2013 umo\u017e\u0148uje libovoln\u00e9 \u00fapravy, zm\u011bnu barev, text\u016f \u010di grafiky<\/li>\n<\/ul>\n\n\n\n<hr class=\"wp-block-separator has-alpha-channel-opacity\"\/>\n\n\n\n<h2 class=\"wp-block-heading\"><strong>Jak st\u00e1hnout a vytisknout kalend\u00e1\u0159<\/strong><\/h2>\n\n\n\n<ol class=\"wp-block-list\">\n<li><strong>Vyberte si \u0161ablonu<\/strong> \u2013 kliknut\u00edm na obr\u00e1zek otev\u0159ete n\u00e1hled.<\/li>\n\n\n\n<li><strong>Zvolte form\u00e1t<\/strong> \u2013 PDF nebo DOCX.<\/li>\n\n\n\n<li><strong>Ulo\u017ete soubor<\/strong> do po\u010d\u00edta\u010de.<\/li>\n\n\n\n<li><strong>Upravte (voliteln\u00e9)<\/strong> \u2013 u DOCX m\u016f\u017eete m\u011bnit barvy, p\u00edsmo, obr\u00e1zky \u010di rozlo\u017een\u00ed.<\/li>\n\n\n\n<li><strong>Nastavte tisk<\/strong> \u2013 vyberte form\u00e1t pap\u00edru (A4, A3 apod.) a vytiskn\u011bte.<\/li>\n<\/ol>\n\n\n\n<hr class=\"wp-block-separator has-alpha-channel-opacity\"\/>\n\n\n\n<h2 class=\"wp-block-heading\"><strong>Tipy pro \u00fapravu \u0161ablon<\/strong><\/h2>\n\n\n\n<ul class=\"wp-block-list\">\n<li><strong>Zm\u011bna barev a font\u016f<\/strong> \u2013 p\u0159izp\u016fsobte vzhled firemn\u00edmu stylu nebo osobn\u00edmu vkusu.<\/li>\n\n\n\n<li><strong>Vlo\u017een\u00ed vlastn\u00edch fotografi\u00ed<\/strong> \u2013 vytvo\u0159te si origin\u00e1ln\u00ed kalend\u00e1\u0159 s rodinn\u00fdmi sn\u00edmky.<\/li>\n\n\n\n<li><strong>Dopln\u011bn\u00ed pozn\u00e1mek a \u00fakol\u016f<\/strong> \u2013 ide\u00e1ln\u00ed pro pl\u00e1nov\u00e1n\u00ed projekt\u016f \u010di dom\u00e1c\u00edch povinnost\u00ed.<\/li>\n\n\n\n<li><strong>\u00daprava rozlo\u017een\u00ed<\/strong> \u2013 snadno si nastav\u00edte podobu kalend\u00e1\u0159e p\u0159esn\u011b podle sv\u00fdch pot\u0159eb.<\/li>\n<\/ul>\n\n\n\n<hr class=\"wp-block-separator has-alpha-channel-opacity\"\/>\n\n\n\n<h2 class=\"wp-block-heading has-text-align-center\">St\u00e1hn\u011bte si a vytiskn\u011bte \u0161ablonu kalend\u00e1\u0159e na rok 2026<\/h2>\n\n\n\n<div class=\"wp-block-group is-layout-grid wp-container-core-group-is-layout-7d05cc0d wp-block-group-is-layout-grid\">\n<div class=\"wp-block-group has-global-padding is-layout-constrained wp-block-group-is-layout-constrained\">\n<figure class=\"wp-block-image size-large\"><img loading=\"lazy\" decoding=\"async\" width=\"724\" height=\"1024\" src=\"https:\/\/kalendare365.eu\/wp-content\/uploads\/2025\/02\/kalendar-2026-jednoduchy-724x1024.webp\" alt=\"\" class=\"wp-image-2390\" srcset=\"https:\/\/kalendare365.eu\/wp-content\/uploads\/2025\/02\/kalendar-2026-jednoduchy-724x1024.webp 724w, https:\/\/kalendare365.eu\/wp-content\/uploads\/2025\/02\/kalendar-2026-jednoduchy-212x300.webp 212w, https:\/\/kalendare365.eu\/wp-content\/uploads\/2025\/02\/kalendar-2026-jednoduchy-768x1086.webp 768w, https:\/\/kalendare365.eu\/wp-content\/uploads\/2025\/02\/kalendar-2026-jednoduchy.webp 800w\" sizes=\"auto, (max-width: 724px) 100vw, 724px\" \/><\/figure>\n\n\n\n<p class=\"has-text-align-center wp-block-paragraph\"><a href=\"https:\/\/kalendare365.eu\/wp-content\/uploads\/2025\/02\/kalendar-2026-jednoduchy.pdf\" target=\"_blank\" rel=\"noreferrer noopener nofollow\">PDF<\/a> | <a href=\"https:\/\/kalendare365.eu\/wp-content\/uploads\/2025\/02\/kalendar-2026-jednoduchy.docx\" target=\"_blank\" rel=\"noreferrer noopener nofollow\">WORD<\/a><\/p>\n<\/div>\n\n\n\n<div class=\"wp-block-group has-global-padding is-layout-constrained wp-block-group-is-layout-constrained\">\n<figure class=\"wp-block-image size-full\"><img loading=\"lazy\" decoding=\"async\" width=\"800\" height=\"566\" src=\"https:\/\/kalendare365.eu\/wp-content\/uploads\/2025\/02\/kalendar-2026-tydny.webp\" alt=\"\" class=\"wp-image-2393\" srcset=\"https:\/\/kalendare365.eu\/wp-content\/uploads\/2025\/02\/kalendar-2026-tydny.webp 800w, https:\/\/kalendare365.eu\/wp-content\/uploads\/2025\/02\/kalendar-2026-tydny-300x212.webp 300w, https:\/\/kalendare365.eu\/wp-content\/uploads\/2025\/02\/kalendar-2026-tydny-768x543.webp 768w\" sizes=\"auto, (max-width: 800px) 100vw, 800px\" \/><\/figure>\n\n\n\n<p class=\"has-text-align-center wp-block-paragraph\"><a href=\"https:\/\/kalendare365.eu\/wp-content\/uploads\/2025\/02\/kalendar-2026-tydny.pdf\" target=\"_blank\" rel=\"noreferrer noopener nofollow\">PDF<\/a> | <a href=\"https:\/\/kalendare365.eu\/wp-content\/uploads\/2025\/02\/kalendar-2026-tydny.docx\" target=\"_blank\" rel=\"noreferrer noopener nofollow\">WORD<\/a><\/p>\n<\/div>\n\n\n\n<div class=\"wp-block-group has-global-padding is-layout-constrained wp-block-group-is-layout-constrained\">\n<figure class=\"wp-block-image size-full\"><img loading=\"lazy\" decoding=\"async\" width=\"800\" height=\"566\" src=\"https:\/\/kalendare365.eu\/wp-content\/uploads\/2025\/02\/kalendar-2026-na-poznamky.webp\" alt=\"\" class=\"wp-image-2397\" srcset=\"https:\/\/kalendare365.eu\/wp-content\/uploads\/2025\/02\/kalendar-2026-na-poznamky.webp 800w, https:\/\/kalendare365.eu\/wp-content\/uploads\/2025\/02\/kalendar-2026-na-poznamky-300x212.webp 300w, https:\/\/kalendare365.eu\/wp-content\/uploads\/2025\/02\/kalendar-2026-na-poznamky-768x543.webp 768w\" sizes=\"auto, (max-width: 800px) 100vw, 800px\" \/><\/figure>\n\n\n\n<p class=\"has-text-align-center wp-block-paragraph\"><a href=\"https:\/\/kalendare365.eu\/wp-content\/uploads\/2025\/02\/kalendar-2026-na-poznamky.pdf\" target=\"_blank\" rel=\"noreferrer noopener nofollow\">PDF<\/a> | <a href=\"https:\/\/kalendare365.eu\/wp-content\/uploads\/2025\/02\/kalendar-2026-na-poznamky.docx\" target=\"_blank\" rel=\"noreferrer noopener nofollow\">WORD<\/a><\/p>\n<\/div>\n\n\n\n<div class=\"wp-block-group has-global-padding is-layout-constrained wp-block-group-is-layout-constrained\">\n<figure class=\"wp-block-image size-full\"><img loading=\"lazy\" decoding=\"async\" width=\"800\" height=\"566\" src=\"https:\/\/kalendare365.eu\/wp-content\/uploads\/2025\/02\/fotokalendar-2026.webp\" alt=\"\" class=\"wp-image-2401\" srcset=\"https:\/\/kalendare365.eu\/wp-content\/uploads\/2025\/02\/fotokalendar-2026.webp 800w, https:\/\/kalendare365.eu\/wp-content\/uploads\/2025\/02\/fotokalendar-2026-300x212.webp 300w, https:\/\/kalendare365.eu\/wp-content\/uploads\/2025\/02\/fotokalendar-2026-768x543.webp 768w\" sizes=\"auto, (max-width: 800px) 100vw, 800px\" \/><\/figure>\n\n\n\n<p class=\"has-text-align-center wp-block-paragraph\"><a href=\"https:\/\/kalendare365.eu\/wp-content\/uploads\/2025\/02\/fotokalendar-2026.pdf\" target=\"_blank\" rel=\"noreferrer noopener nofollow\">PDF<\/a> | <a href=\"https:\/\/kalendare365.eu\/wp-content\/uploads\/2025\/02\/fotokalendar-2026.docx\" target=\"_blank\" rel=\"noreferrer noopener nofollow\">WORD<\/a><\/p>\n<\/div>\n\n\n\n<div class=\"wp-block-group has-global-padding is-layout-constrained wp-block-group-is-layout-constrained\">\n<figure class=\"wp-block-image size-large\"><img loading=\"lazy\" decoding=\"async\" width=\"724\" height=\"1024\" src=\"https:\/\/kalendare365.eu\/wp-content\/uploads\/2025\/02\/kalendar-2026-pro-vyrocni-poznamky-724x1024.webp\" alt=\"\" class=\"wp-image-2406\" srcset=\"https:\/\/kalendare365.eu\/wp-content\/uploads\/2025\/02\/kalendar-2026-pro-vyrocni-poznamky-724x1024.webp 724w, https:\/\/kalendare365.eu\/wp-content\/uploads\/2025\/02\/kalendar-2026-pro-vyrocni-poznamky-212x300.webp 212w, https:\/\/kalendare365.eu\/wp-content\/uploads\/2025\/02\/kalendar-2026-pro-vyrocni-poznamky-768x1086.webp 768w, https:\/\/kalendare365.eu\/wp-content\/uploads\/2025\/02\/kalendar-2026-pro-vyrocni-poznamky.webp 800w\" sizes=\"auto, (max-width: 724px) 100vw, 724px\" \/><\/figure>\n\n\n\n<p class=\"has-text-align-center wp-block-paragraph\"><a href=\"https:\/\/kalendare365.eu\/wp-content\/uploads\/2025\/02\/kalendar-2026-pro-vyrocni-poznamky.pdf\" target=\"_blank\" rel=\"noreferrer noopener nofollow\">PDF<\/a> | <a href=\"https:\/\/kalendare365.eu\/wp-content\/uploads\/2025\/02\/kalendar-2026-pro-vyrocni-poznamky.docx\" target=\"_blank\" rel=\"noreferrer noopener nofollow\">WORD<\/a><\/p>\n<\/div>\n\n\n\n<div class=\"wp-block-group has-global-padding is-layout-constrained wp-block-group-is-layout-constrained\">\n<figure class=\"wp-block-image size-full\"><img loading=\"lazy\" decoding=\"async\" width=\"800\" height=\"566\" src=\"https:\/\/kalendare365.eu\/wp-content\/uploads\/2025\/02\/krasny-kalendar-2026.webp\" alt=\"\" class=\"wp-image-2412\" srcset=\"https:\/\/kalendare365.eu\/wp-content\/uploads\/2025\/02\/krasny-kalendar-2026.webp 800w, https:\/\/kalendare365.eu\/wp-content\/uploads\/2025\/02\/krasny-kalendar-2026-300x212.webp 300w, https:\/\/kalendare365.eu\/wp-content\/uploads\/2025\/02\/krasny-kalendar-2026-768x543.webp 768w\" sizes=\"auto, (max-width: 800px) 100vw, 800px\" \/><\/figure>\n\n\n\n<p class=\"has-text-align-center wp-block-paragraph\"><a href=\"https:\/\/kalendare365.eu\/wp-content\/uploads\/2025\/02\/krasny-kalendar-2026.pdf\" target=\"_blank\" rel=\"noreferrer noopener nofollow\">PDF<\/a> | <a href=\"https:\/\/kalendare365.eu\/wp-content\/uploads\/2025\/02\/krasny-kalendar-2026.docx\" target=\"_blank\" rel=\"noreferrer noopener nofollow\">WORD<\/a><\/p>\n<\/div>\n\n\n\n<div class=\"wp-block-group has-global-padding is-layout-constrained wp-block-group-is-layout-constrained\">\n<figure class=\"wp-block-image size-full\"><img loading=\"lazy\" decoding=\"async\" width=\"800\" height=\"566\" src=\"https:\/\/kalendare365.eu\/wp-content\/uploads\/2025\/02\/vicebarevny-kalendar-2026.webp\" alt=\"\" class=\"wp-image-2409\" srcset=\"https:\/\/kalendare365.eu\/wp-content\/uploads\/2025\/02\/vicebarevny-kalendar-2026.webp 800w, https:\/\/kalendare365.eu\/wp-content\/uploads\/2025\/02\/vicebarevny-kalendar-2026-300x212.webp 300w, https:\/\/kalendare365.eu\/wp-content\/uploads\/2025\/02\/vicebarevny-kalendar-2026-768x543.webp 768w\" sizes=\"auto, (max-width: 800px) 100vw, 800px\" \/><\/figure>\n\n\n\n<p class=\"has-text-align-center wp-block-paragraph\"><a href=\"https:\/\/kalendare365.eu\/wp-content\/uploads\/2025\/02\/vicebarevny-kalendar-2026.pdf\" target=\"_blank\" rel=\"noreferrer noopener nofollow\">PDF<\/a> | <a href=\"https:\/\/kalendare365.eu\/wp-content\/uploads\/2025\/02\/vicebarevny-kalendar-2026.docx\" target=\"_blank\" rel=\"noreferrer noopener nofollow\">WORD<\/a><\/p>\n<\/div>\n\n\n\n<div class=\"wp-block-group has-global-padding is-layout-constrained wp-block-group-is-layout-constrained\">\n<figure class=\"wp-block-image size-large\"><img loading=\"lazy\" decoding=\"async\" width=\"724\" height=\"1024\" src=\"https:\/\/kalendare365.eu\/wp-content\/uploads\/2025\/02\/kapesni-kalendar-2026-724x1024.webp\" alt=\"\" class=\"wp-image-2415\" srcset=\"https:\/\/kalendare365.eu\/wp-content\/uploads\/2025\/02\/kapesni-kalendar-2026-724x1024.webp 724w, https:\/\/kalendare365.eu\/wp-content\/uploads\/2025\/02\/kapesni-kalendar-2026-212x300.webp 212w, https:\/\/kalendare365.eu\/wp-content\/uploads\/2025\/02\/kapesni-kalendar-2026-768x1086.webp 768w, https:\/\/kalendare365.eu\/wp-content\/uploads\/2025\/02\/kapesni-kalendar-2026.webp 800w\" sizes=\"auto, (max-width: 724px) 100vw, 724px\" \/><\/figure>\n\n\n\n<p class=\"has-text-align-center wp-block-paragraph\"><a href=\"https:\/\/kalendare365.eu\/wp-content\/uploads\/2025\/02\/kapesni-kalendar-2026.pdf\" target=\"_blank\" rel=\"noreferrer noopener nofollow\">PDF<\/a> | <a href=\"https:\/\/kalendare365.eu\/wp-content\/uploads\/2025\/02\/kapesni-kalendar-2026.docx\" target=\"_blank\" rel=\"noreferrer noopener nofollow\">WORD<\/a><\/p>\n<\/div>\n\n\n\n<div class=\"wp-block-group has-global-padding is-layout-constrained wp-block-group-is-layout-constrained\">\n<figure class=\"wp-block-image size-large\"><img loading=\"lazy\" decoding=\"async\" width=\"724\" height=\"1024\" src=\"https:\/\/kalendare365.eu\/wp-content\/uploads\/2025\/02\/nastenny-kalendar-2026-724x1024.webp\" alt=\"\" class=\"wp-image-2418\" srcset=\"https:\/\/kalendare365.eu\/wp-content\/uploads\/2025\/02\/nastenny-kalendar-2026-724x1024.webp 724w, https:\/\/kalendare365.eu\/wp-content\/uploads\/2025\/02\/nastenny-kalendar-2026-212x300.webp 212w, https:\/\/kalendare365.eu\/wp-content\/uploads\/2025\/02\/nastenny-kalendar-2026-768x1086.webp 768w, https:\/\/kalendare365.eu\/wp-content\/uploads\/2025\/02\/nastenny-kalendar-2026.webp 800w\" sizes=\"auto, (max-width: 724px) 100vw, 724px\" \/><\/figure>\n\n\n\n<p class=\"has-text-align-center wp-block-paragraph\"><a href=\"https:\/\/kalendare365.eu\/wp-content\/uploads\/2025\/02\/nastenny-kalendar-2026.pdf\" target=\"_blank\" rel=\"noreferrer noopener nofollow\">PDF<\/a> | <a href=\"https:\/\/kalendare365.eu\/wp-content\/uploads\/2025\/02\/nastenny-kalendar-2026.docx\" target=\"_blank\" rel=\"noreferrer noopener nofollow\">WORD<\/a><\/p>\n<\/div>\n<\/div>\n\n\n\n<h2 class=\"wp-block-heading\"><strong>Z\u00e1v\u011br<\/strong><\/h2>\n\n\n\n<p class=\"wp-block-paragraph\">S na\u0161imi \u0161ablonami kalend\u00e1\u0159\u016f pro rok 2026 budete m\u00edt sv\u00e9 pl\u00e1ny v\u017edy pod kontrolou. Sta\u010d\u00ed si vybrat styl, kter\u00fd v\u00e1m nejv\u00edce vyhovuje, st\u00e1hnout jej a za\u010d\u00edt pou\u017e\u00edvat. A\u0165 u\u017e pot\u0159ebujete jednoduch\u00fd p\u0159ehled nebo prostor pro detailn\u00ed pl\u00e1nov\u00e1n\u00ed, tyto \u0161ablony v\u00e1m pomohou proj\u00edt cel\u00fdm rokem s p\u0159ehledem a pohodou.<\/p>\n","protected":false},"excerpt":{"rendered":"<p>Pl\u00e1nov\u00e1n\u00ed roku je mnohem snaz\u0161\u00ed, kdy\u017e m\u00e1te po ruce p\u0159ehledn\u00fd a praktick\u00fd kalend\u00e1\u0159. Proto jsme p\u0159ipravili kolekci kvalitn\u00edch \u0161ablon kalend\u00e1\u0159\u016f na rok 2026, kter\u00e9 si m\u016f\u017eete zdarma st\u00e1hnout a upravit podle sv\u00fdch pot\u0159eb. A\u0165 u\u017e hled\u00e1te jednoduch\u00fd ro\u010dn\u00ed p\u0159ehled, nebo kalend\u00e1\u0159 s m\u00edstem pro pozn\u00e1mky, zde najdete v\u0161e na jednom m\u00edst\u011b. Dostupn\u00e9 \u0161ablony Klasick\u00fd ro\u010dn\u00ed [&hellip;]<\/p>\n","protected":false},"author":1,"featured_media":0,"comment_status":"open","ping_status":"closed","sticky":false,"template":"","format":"standard","meta":{"footnotes":""},"categories":[1],"tags":[33],"class_list":["post-2389","post","type-post","status-publish","format-standard","hentry","category-vyrocni","tag-33"],"_links":{"self":[{"href":"https:\/\/kalendare365.eu\/index.php?rest_route=\/wp\/v2\/posts\/2389","targetHints":{"allow":["GET"]}}],"collection":[{"href":"https:\/\/kalendare365.eu\/index.php?rest_route=\/wp\/v2\/posts"}],"about":[{"href":"https:\/\/kalendare365.eu\/index.php?rest_route=\/wp\/v2\/types\/post"}],"author":[{"embeddable":true,"href":"https:\/\/kalendare365.eu\/index.php?rest_route=\/wp\/v2\/users\/1"}],"replies":[{"embeddable":true,"href":"https:\/\/kalendare365.eu\/index.php?rest_route=%2Fwp%2Fv2%2Fcomments&post=2389"}],"version-history":[{"count":7,"href":"https:\/\/kalendare365.eu\/index.php?rest_route=\/wp\/v2\/posts\/2389\/revisions"}],"predecessor-version":[{"id":3505,"href":"https:\/\/kalendare365.eu\/index.php?rest_route=\/wp\/v2\/posts\/2389\/revisions\/3505"}],"wp:attachment":[{"href":"https:\/\/kalendare365.eu\/index.php?rest_route=%2Fwp%2Fv2%2Fmedia&parent=2389"}],"wp:term":[{"taxonomy":"category","embeddable":true,"href":"https:\/\/kalendare365.eu\/index.php?rest_route=%2Fwp%2Fv2%2Fcategories&post=2389"},{"taxonomy":"post_tag","embeddable":true,"href":"https:\/\/kalendare365.eu\/index.php?rest_route=%2Fwp%2Fv2%2Ftags&post=2389"}],"curies":[{"name":"wp","href":"https:\/\/api.w.org\/{rel}","templated":true}]}}