{"id":2428,"date":"2025-02-15T13:17:27","date_gmt":"2025-02-15T10:17:27","guid":{"rendered":"https:\/\/kalendare365.eu\/?p=2428"},"modified":"2026-03-26T12:58:40","modified_gmt":"2026-03-26T09:58:40","slug":"kalendar-2026-s-cislovanymi-tydny","status":"publish","type":"post","link":"https:\/\/kalendare365.eu\/?p=2428","title":{"rendered":"Kalend\u00e1\u0159 2026 s \u010d\u00edslovan\u00fdmi t\u00fddny"},"content":{"rendered":"\n<p class=\"wp-block-paragraph\">Pl\u00e1nov\u00e1n\u00ed roku je mnohem snaz\u0161\u00ed, kdy\u017e m\u00e1te v\u0161echny d\u016fle\u017eit\u00e9 informace na jednom m\u00edst\u011b. Kalend\u00e1\u0159 na rok 2026 s \u010d\u00edslovan\u00fdmi t\u00fddny je ide\u00e1ln\u00ed volbou pro ka\u017ed\u00e9ho, kdo pot\u0159ebuje rychlou orientaci, jasnou strukturu a mo\u017enost si kalend\u00e1\u0159 jednodu\u0161e st\u00e1hnout a vytisknout. A\u0165 u\u017e pl\u00e1nujete pracovn\u00ed projekty, \u0161koln\u00ed povinnosti nebo rodinn\u00e9 ud\u00e1losti, tento kalend\u00e1\u0159 v\u00e1m pom\u016f\u017ee udr\u017eet si po\u0159\u00e1dek po cel\u00fd rok.<\/p>\n\n\n\n<hr class=\"wp-block-separator has-alpha-channel-opacity\"\/>\n\n\n\n<h2 class=\"wp-block-heading\">? Hlavn\u00ed vlastnosti kalend\u00e1\u0159e 2026<\/h2>\n\n\n\n<ul class=\"wp-block-list\">\n<li><strong>Cel\u00fd rok na jednom listu<\/strong> \u2013 kompaktn\u00ed ro\u010dn\u00ed p\u0159ehled na form\u00e1tu A4.<\/li>\n\n\n\n<li><strong>\u010c\u00edslov\u00e1n\u00ed t\u00fddn\u016f 1\u201353<\/strong> \u2013 ide\u00e1ln\u00ed pro pracovn\u00ed pl\u00e1nov\u00e1n\u00ed, \u0161koln\u00ed rozvrhy i dlouhodob\u00e9 projekty.<\/li>\n\n\n\n<li><strong>\u010cist\u00e9 a p\u0159ehledn\u00e9 rozlo\u017een\u00ed<\/strong> \u2013 dostatek prostoru pro vlastn\u00ed pozn\u00e1mky.<\/li>\n\n\n\n<li><strong>Minimalistick\u00fd design<\/strong> \u2013 univerz\u00e1ln\u00ed vzhled vhodn\u00fd do kancel\u00e1\u0159e, dom\u00e1cnosti i \u0161koly.<\/li>\n\n\n\n<li><strong>Kvalitn\u00ed zpracov\u00e1n\u00ed<\/strong> \u2013 ostr\u00fd tisk a jasn\u00e1 typografie pro maxim\u00e1ln\u00ed \u010ditelnost.<\/li>\n<\/ul>\n\n\n\n<hr class=\"wp-block-separator has-alpha-channel-opacity\"\/>\n\n\n\n<h2 class=\"wp-block-heading\">? Dostupn\u00e9 form\u00e1ty ke sta\u017een\u00ed<\/h2>\n\n\n\n<p class=\"wp-block-paragraph\">Kalend\u00e1\u0159 je p\u0159ipraven ve dvou nejpou\u017e\u00edvan\u011bj\u0161\u00edch form\u00e1tech:<\/p>\n\n\n\n<h3 class=\"wp-block-heading\"><strong>PDF<\/strong><\/h3>\n\n\n\n<ul class=\"wp-block-list\">\n<li>Ide\u00e1ln\u00ed pro okam\u017eit\u00fd tisk.<\/li>\n\n\n\n<li>Otev\u0159ete v libovoln\u00e9m prohl\u00ed\u017ee\u010di PDF.<\/li>\n<\/ul>\n\n\n\n<h3 class=\"wp-block-heading\"><strong>DOCX (Microsoft Word)<\/strong><\/h3>\n\n\n\n<ul class=\"wp-block-list\">\n<li>Vhodn\u00e9 pro \u00fapravy, dopln\u011bn\u00ed barev, zv\u00fdrazn\u011bn\u00ed nebo vlastn\u00ed pozn\u00e1mky.<\/li>\n\n\n\n<li>Snadn\u00e1 personalizace podle va\u0161ich pot\u0159eb.<\/li>\n<\/ul>\n\n\n\n<hr class=\"wp-block-separator has-alpha-channel-opacity\"\/>\n\n\n\n<h2 class=\"wp-block-heading\">? Jak kalend\u00e1\u0159 st\u00e1hnout a pou\u017e\u00edvat<\/h2>\n\n\n\n<ol class=\"wp-block-list\">\n<li>Klikn\u011bte na tla\u010d\u00edtko pro sta\u017een\u00ed kalend\u00e1\u0159e 2026.<\/li>\n\n\n\n<li>Vyberte form\u00e1t <strong>PDF<\/strong> nebo <strong>DOCX<\/strong>.<\/li>\n\n\n\n<li>Soubor se ulo\u017e\u00ed do va\u0161eho za\u0159\u00edzen\u00ed.\n<ul class=\"wp-block-list\">\n<li><strong>PDF<\/strong>: otev\u0159ete a vytiskn\u011bte na pap\u00edr A4.<\/li>\n\n\n\n<li><strong>DOCX<\/strong>: otev\u0159ete ve Wordu a upravte podle sv\u00fdch p\u0159edstav.<\/li>\n<\/ul>\n<\/li>\n<\/ol>\n\n\n\n<hr class=\"wp-block-separator has-alpha-channel-opacity\"\/>\n\n\n\n<h2 class=\"wp-block-heading\">? Tipy pro efektivn\u00ed pou\u017e\u00edv\u00e1n\u00ed kalend\u00e1\u0159e<\/h2>\n\n\n\n<ul class=\"wp-block-list\">\n<li><strong>Barevn\u00e9 zv\u00fdrazn\u011bn\u00ed<\/strong> \u2013 odli\u0161te si d\u016fle\u017eit\u00e9 t\u00fddny, pr\u00e1zdniny nebo pracovn\u00ed term\u00edny.<\/li>\n\n\n\n<li><strong>Ozna\u010den\u00ed sv\u00e1tk\u016f a ud\u00e1lost\u00ed<\/strong> \u2013 dopl\u0148te si st\u00e1tn\u00ed sv\u00e1tky, narozeniny nebo firemn\u00ed akce.<\/li>\n\n\n\n<li><strong>Samolepic\u00ed l\u00edstky<\/strong> \u2013 skv\u011bl\u00e9 pro rychl\u00e9 pozn\u00e1mky, kter\u00e9 lze snadno p\u0159esouvat.<\/li>\n\n\n\n<li><strong>Laminace<\/strong> \u2013 prodlou\u017e\u00ed \u017eivotnost kalend\u00e1\u0159e a umo\u017en\u00ed ps\u00e1t fixem a mazat.<\/li>\n<\/ul>\n\n\n\n<hr class=\"wp-block-separator has-alpha-channel-opacity\"\/>\n\n\n\n<h2 class=\"wp-block-heading\">?\ufe0f Tisk kalend\u00e1\u0159e 2026<\/h2>\n\n\n\n<p class=\"wp-block-paragraph\">Po sta\u017een\u00ed m\u016f\u017eete kalend\u00e1\u0159 okam\u017eit\u011b vytisknout. D\u00edky p\u0159ehledn\u00e9mu rozlo\u017een\u00ed a \u010d\u00edslovan\u00fdm t\u00fddn\u016fm z\u00edsk\u00e1te praktick\u00fd n\u00e1stroj, kter\u00fd v\u00e1m pom\u016f\u017ee l\u00e9pe pl\u00e1novat a m\u00edt cel\u00fd rok st\u00e1le na o\u010d\u00edch.<\/p>\n\n\n\n<hr class=\"wp-block-separator has-alpha-channel-opacity\"\/>\n\n\n\n<h2 class=\"wp-block-heading has-text-align-center\">Tisk kalend\u00e1\u0159e na rok 2026 s \u010d\u00edsly t\u00fddn\u016f<\/h2>\n\n\n\n<figure class=\"wp-block-image size-large\"><img loading=\"lazy\" decoding=\"async\" width=\"724\" height=\"1024\" src=\"https:\/\/kalendare365.eu\/wp-content\/uploads\/2025\/02\/Kalendar-2026-s-cislovanymi-tydny-724x1024.webp\" alt=\"\" class=\"wp-image-2429\" srcset=\"https:\/\/kalendare365.eu\/wp-content\/uploads\/2025\/02\/Kalendar-2026-s-cislovanymi-tydny-724x1024.webp 724w, https:\/\/kalendare365.eu\/wp-content\/uploads\/2025\/02\/Kalendar-2026-s-cislovanymi-tydny-212x300.webp 212w, https:\/\/kalendare365.eu\/wp-content\/uploads\/2025\/02\/Kalendar-2026-s-cislovanymi-tydny-768x1086.webp 768w, https:\/\/kalendare365.eu\/wp-content\/uploads\/2025\/02\/Kalendar-2026-s-cislovanymi-tydny.webp 800w\" sizes=\"auto, (max-width: 724px) 100vw, 724px\" \/><\/figure>\n\n\n\n<p class=\"has-text-align-center wp-block-paragraph\"><a href=\"https:\/\/kalendare365.eu\/wp-content\/uploads\/2025\/02\/Kalendar-2026-s-cislovanymi-tydny.pdf\" target=\"_blank\" rel=\"noreferrer noopener nofollow\">PDF<\/a> | <a href=\"https:\/\/kalendare365.eu\/wp-content\/uploads\/2025\/02\/Kalendar-2026-s-cislovanymi-tydny.docx\" target=\"_blank\" rel=\"noreferrer noopener nofollow\">WORD<\/a><\/p>\n\n\n\n<h2 class=\"wp-block-heading\">? Z\u00e1v\u011br<\/h2>\n\n\n\n<p class=\"wp-block-paragraph\">Kalend\u00e1\u0159 2026 s \u010d\u00edslovan\u00fdmi t\u00fddny je jednoduch\u00fd, funk\u010dn\u00ed a p\u0159ipraven\u00fd k okam\u017eit\u00e9mu pou\u017eit\u00ed. A\u0165 u\u017e jej vyu\u017eijete doma, ve \u0161kole nebo v pr\u00e1ci, poskytne v\u00e1m jasn\u00fd p\u0159ehled a pom\u016f\u017ee v\u00e1m organizovat \u010das efektivn\u011bji. St\u00e1hn\u011bte si jej, vytiskn\u011bte a za\u010dn\u011bte pl\u00e1novat rok 2026 s lehkost\u00ed a p\u0159ehledem.<\/p>\n","protected":false},"excerpt":{"rendered":"<p>Pl\u00e1nov\u00e1n\u00ed roku je mnohem snaz\u0161\u00ed, kdy\u017e m\u00e1te v\u0161echny d\u016fle\u017eit\u00e9 informace na jednom m\u00edst\u011b. Kalend\u00e1\u0159 na rok 2026 s \u010d\u00edslovan\u00fdmi t\u00fddny je ide\u00e1ln\u00ed volbou pro ka\u017ed\u00e9ho, kdo pot\u0159ebuje rychlou orientaci, jasnou strukturu a mo\u017enost si kalend\u00e1\u0159 jednodu\u0161e st\u00e1hnout a vytisknout. A\u0165 u\u017e pl\u00e1nujete pracovn\u00ed projekty, \u0161koln\u00ed povinnosti nebo rodinn\u00e9 ud\u00e1losti, tento kalend\u00e1\u0159 v\u00e1m pom\u016f\u017ee udr\u017eet si [&hellip;]<\/p>\n","protected":false},"author":1,"featured_media":0,"comment_status":"open","ping_status":"closed","sticky":false,"template":"","format":"standard","meta":{"footnotes":""},"categories":[1],"tags":[33],"class_list":["post-2428","post","type-post","status-publish","format-standard","hentry","category-vyrocni","tag-33"],"_links":{"self":[{"href":"https:\/\/kalendare365.eu\/index.php?rest_route=\/wp\/v2\/posts\/2428","targetHints":{"allow":["GET"]}}],"collection":[{"href":"https:\/\/kalendare365.eu\/index.php?rest_route=\/wp\/v2\/posts"}],"about":[{"href":"https:\/\/kalendare365.eu\/index.php?rest_route=\/wp\/v2\/types\/post"}],"author":[{"embeddable":true,"href":"https:\/\/kalendare365.eu\/index.php?rest_route=\/wp\/v2\/users\/1"}],"replies":[{"embeddable":true,"href":"https:\/\/kalendare365.eu\/index.php?rest_route=%2Fwp%2Fv2%2Fcomments&post=2428"}],"version-history":[{"count":2,"href":"https:\/\/kalendare365.eu\/index.php?rest_route=\/wp\/v2\/posts\/2428\/revisions"}],"predecessor-version":[{"id":3512,"href":"https:\/\/kalendare365.eu\/index.php?rest_route=\/wp\/v2\/posts\/2428\/revisions\/3512"}],"wp:attachment":[{"href":"https:\/\/kalendare365.eu\/index.php?rest_route=%2Fwp%2Fv2%2Fmedia&parent=2428"}],"wp:term":[{"taxonomy":"category","embeddable":true,"href":"https:\/\/kalendare365.eu\/index.php?rest_route=%2Fwp%2Fv2%2Fcategories&post=2428"},{"taxonomy":"post_tag","embeddable":true,"href":"https:\/\/kalendare365.eu\/index.php?rest_route=%2Fwp%2Fv2%2Ftags&post=2428"}],"curies":[{"name":"wp","href":"https:\/\/api.w.org\/{rel}","templated":true}]}}