{"id":2433,"date":"2025-02-15T18:23:30","date_gmt":"2025-02-15T15:23:30","guid":{"rendered":"https:\/\/kalendare365.eu\/?p=2433"},"modified":"2026-07-15T08:36:37","modified_gmt":"2026-07-15T05:36:37","slug":"kalendar-cerven-cervenec-srpen-2025","status":"publish","type":"post","link":"https:\/\/kalendare365.eu\/?p=2433","title":{"rendered":"Kalend\u00e1\u0159 \u010derven, \u010dervenec, srpen 2025"},"content":{"rendered":"\n<p class=\"wp-block-paragraph\">Letn\u00ed obdob\u00ed je \u010dasem v\u00fdlet\u016f, dovolen\u00fdch, rodinn\u00fdch setk\u00e1n\u00ed i pracovn\u00edch projekt\u016f. Aby bylo pl\u00e1nov\u00e1n\u00ed p\u0159ehledn\u00e9 a bez stresu, je ide\u00e1ln\u00ed m\u00edt v\u0161echny d\u016fle\u017eit\u00e9 term\u00edny na jednom m\u00edst\u011b. P\u0159esn\u011b k tomu slou\u017e\u00ed kalend\u00e1\u0159 na \u010derven, \u010dervenec a srpen 2025 \u2013 jednoduch\u00e1, \u010dist\u00e1 a praktick\u00e1 \u0161ablona, kterou si m\u016f\u017eete zdarma st\u00e1hnout a vytisknout. Jeden list pokryje cel\u00e9 l\u00e9to, tak\u017ee sv\u00e9 pl\u00e1ny uvid\u00edte v\u017edy na prvn\u00ed pohled.<\/p>\n\n\n\n<h2 class=\"wp-block-heading\">\u2728 Vlastnosti letn\u00ed kalend\u00e1\u0159ov\u00e9 \u0161ablony<\/h2>\n\n\n\n<h3 class=\"wp-block-heading\">\ud83d\udcc4 Form\u00e1t A4<\/h3>\n\n\n\n<p class=\"wp-block-paragraph\">Kalend\u00e1\u0159 je navr\u017een tak, aby se dal snadno tisknout na b\u011b\u017en\u00fd pap\u00edr A4. Hod\u00ed se do di\u00e1\u0159e, na n\u00e1st\u011bnku, na lednici nebo na pracovn\u00ed st\u016fl.<\/p>\n\n\n\n<h3 class=\"wp-block-heading\">\ud83d\uddd3\ufe0f T\u0159i m\u011bs\u00edce na jednom listu<\/h3>\n\n\n\n<p class=\"wp-block-paragraph\">\u010cerven, \u010dervenec a srpen jsou p\u0159ehledn\u011b uspo\u0159\u00e1d\u00e1ny na jedn\u00e9 str\u00e1nce. D\u00edky tomu m\u016f\u017eete pl\u00e1novat dovolenou, letn\u00ed aktivity i pracovn\u00ed \u00fakoly bez nutnosti listovat mezi r\u016fzn\u00fdmi dokumenty.<\/p>\n\n\n\n<h3 class=\"wp-block-heading\">\u270d\ufe0f Velk\u00e9 a \u010diteln\u00e9 datumovky<\/h3>\n\n\n\n<p class=\"wp-block-paragraph\">Ka\u017ed\u00fd den m\u00e1 dostatek prostoru pro vlastn\u00ed pozn\u00e1mky, \u00fakoly nebo p\u0159ipom\u00ednky. \u0160ablona je vhodn\u00e1 pro rodiny, studenty i profesion\u00e1ly.<\/p>\n\n\n\n<h3 class=\"wp-block-heading\">\ud83c\udf3f Minimalistick\u00fd design<\/h3>\n\n\n\n<p class=\"wp-block-paragraph\">\u010cist\u00fd a jednoduch\u00fd vzhled neru\u0161\u00ed p\u0159i ka\u017edodenn\u00edm pou\u017e\u00edv\u00e1n\u00ed a hod\u00ed se do jak\u00e9hokoli interi\u00e9ru. Kalend\u00e1\u0159 p\u016fsob\u00ed elegantn\u011b a p\u0159ehledn\u011b.<\/p>\n\n\n\n<h3 class=\"wp-block-heading\">\ud83d\udda8\ufe0f Vysok\u00e1 kvalita tisku<\/h3>\n\n\n\n<p class=\"wp-block-paragraph\">PDF je p\u0159ipraven\u00e9 ve vysok\u00e9m rozli\u0161en\u00ed, tak\u017ee tisk je ostr\u00fd a profesion\u00e1ln\u00ed \u2013 ide\u00e1ln\u00ed pro dom\u00e1c\u00ed i kancel\u00e1\u0159sk\u00e9 pou\u017eit\u00ed.<\/p>\n\n\n\n<h2 class=\"wp-block-heading\">\ud83d\udce5 Jak kalend\u00e1\u0159 st\u00e1hnout a pou\u017e\u00edvat<\/h2>\n\n\n\n<h3 class=\"wp-block-heading\">\ud83d\udd3d Sta\u017een\u00ed souboru<\/h3>\n\n\n\n<p class=\"wp-block-paragraph\">Vyberte si form\u00e1t PDF nebo Word a st\u00e1hn\u011bte \u0161ablonu do sv\u00e9ho za\u0159\u00edzen\u00ed.<\/p>\n\n\n\n<h3 class=\"wp-block-heading\">\ud83d\udcc2 Otev\u0159en\u00ed dokumentu<\/h3>\n\n\n\n<p class=\"wp-block-paragraph\">PDF otev\u0159ete v libovoln\u00e9m prohl\u00ed\u017ee\u010di \u2013 nap\u0159\u00edklad Adobe Reader nebo vestav\u011bn\u00e9m prohl\u00ed\u017ee\u010di ve va\u0161em syst\u00e9mu. Word lze upravovat podle vlastn\u00edch pot\u0159eb.<\/p>\n\n\n\n<h3 class=\"wp-block-heading\">\ud83d\udda8\ufe0f Nastaven\u00ed tisku<\/h3>\n\n\n\n<p class=\"wp-block-paragraph\">Zvolte tisk na form\u00e1t A4. Kalend\u00e1\u0159 lze tisknout \u010dernob\u00edle i barevn\u011b, podle toho, jak\u00fd styl preferujete.<\/p>\n\n\n\n<h3 class=\"wp-block-heading\">\ud83d\udccc Um\u00edst\u011bn\u00ed kalend\u00e1\u0159e<\/h3>\n\n\n\n<p class=\"wp-block-paragraph\">P\u0159ipn\u011bte si jej na n\u00e1st\u011bnku, vlo\u017ete do di\u00e1\u0159e, polo\u017ete na pracovn\u00ed st\u016fl nebo p\u0159ipevn\u011bte na lednici. D\u00edky tomu budete m\u00edt sv\u00e9 pl\u00e1ny st\u00e1le na o\u010d\u00edch.<\/p>\n\n\n\n<h2 class=\"wp-block-heading\">\ud83d\udca1 Tipy pro je\u0161t\u011b lep\u0161\u00ed vyu\u017eit\u00ed<\/h2>\n\n\n\n<h3 class=\"wp-block-heading\">\ud83c\udfa8 Barevn\u00e9 zv\u00fdrazn\u011bn\u00ed<\/h3>\n\n\n\n<p class=\"wp-block-paragraph\">Pou\u017eijte r\u016fzn\u00e9 barvy pro odli\u0161en\u00ed pracovn\u00edch \u00fakol\u016f, rodinn\u00fdch aktivit nebo osobn\u00edch pl\u00e1n\u016f.<\/p>\n\n\n\n<h3 class=\"wp-block-heading\">\ud83d\uddd2\ufe0f Samolepic\u00ed pap\u00edrky<\/h3>\n\n\n\n<p class=\"wp-block-paragraph\">Skv\u011bl\u00e9 pro rychl\u00e9 pozn\u00e1mky, kter\u00e9 m\u016f\u017eete kdykoli p\u0159esunout nebo odstranit.<\/p>\n\n\n\n<h3 class=\"wp-block-heading\">\ud83c\udf3c Dekorace<\/h3>\n\n\n\n<p class=\"wp-block-paragraph\">Ozdobte kalend\u00e1\u0159 samolepkami, obr\u00e1zky nebo washi p\u00e1skou a vytvo\u0159te si vlastn\u00ed styl.<\/p>\n\n\n\n<h3 class=\"wp-block-heading\">\ud83d\udd12 Laminace<\/h3>\n\n\n\n<p class=\"wp-block-paragraph\">Pokud chcete kalend\u00e1\u0159 pou\u017e\u00edvat cel\u00e9 l\u00e9to, laminace prodlou\u017e\u00ed jeho \u017eivotnost a umo\u017en\u00ed ps\u00e1t fixem na b\u00edl\u00e9 tabule.<\/p>\n\n\n\n<h2 class=\"wp-block-heading\">\ud83d\udcce Dostupn\u00e9 form\u00e1ty<\/h2>\n\n\n\n<figure class=\"wp-block-image size-large\"><img loading=\"lazy\" decoding=\"async\" width=\"724\" height=\"1024\" src=\"https:\/\/kalendare365.eu\/wp-content\/uploads\/2025\/02\/kalendar-cerven-cervenec-srpen-2025-724x1024.webp\" alt=\"\" class=\"wp-image-2434\" srcset=\"https:\/\/kalendare365.eu\/wp-content\/uploads\/2025\/02\/kalendar-cerven-cervenec-srpen-2025-724x1024.webp 724w, https:\/\/kalendare365.eu\/wp-content\/uploads\/2025\/02\/kalendar-cerven-cervenec-srpen-2025-212x300.webp 212w, https:\/\/kalendare365.eu\/wp-content\/uploads\/2025\/02\/kalendar-cerven-cervenec-srpen-2025-768x1086.webp 768w, https:\/\/kalendare365.eu\/wp-content\/uploads\/2025\/02\/kalendar-cerven-cervenec-srpen-2025.webp 800w\" sizes=\"auto, (max-width: 724px) 100vw, 724px\" \/><\/figure>\n\n\n\n<p class=\"has-text-align-center wp-block-paragraph\"><a href=\"https:\/\/kalendare365.eu\/wp-content\/uploads\/2025\/02\/kalendar-cerven-cervenec-srpen-2025.pdf\" target=\"_blank\" rel=\"noreferrer noopener nofollow\">PDF<\/a> | <a href=\"https:\/\/kalendare365.eu\/wp-content\/uploads\/2025\/02\/kalendar-cerven-cervenec-srpen-2025.docx\" target=\"_blank\" rel=\"noreferrer noopener nofollow\">WORD<\/a><\/p>\n\n\n\n<h1 class=\"wp-block-heading\">Z\u00e1v\u011br<\/h1>\n\n\n\n<p class=\"wp-block-paragraph\">Letn\u00ed kalend\u00e1\u0159 na \u010derven, \u010dervenec a srpen 2025 je ide\u00e1ln\u00edm pomocn\u00edkem pro ka\u017ed\u00e9ho, kdo chce m\u00edt sv\u00e9 pl\u00e1ny p\u0159ehledn\u011b uspo\u0159\u00e1dan\u00e9. D\u00edky minimalistick\u00e9mu designu, vysok\u00e9 kvalit\u011b tisku a praktick\u00e9mu rozlo\u017een\u00ed t\u0159\u00ed m\u011bs\u00edc\u016f na jednom listu v\u00e1m pom\u016f\u017ee u\u017e\u00edt si l\u00e9to bez chaosu a zbyte\u010dn\u00e9ho stresu. Sta\u010d\u00ed jej st\u00e1hnout, vytisknout a za\u010d\u00edt pl\u00e1novat sv\u00e9 aktivity s maxim\u00e1ln\u00ed pohodlnost\u00ed.<\/p>\n","protected":false},"excerpt":{"rendered":"<p>Letn\u00ed obdob\u00ed je \u010dasem v\u00fdlet\u016f, dovolen\u00fdch, rodinn\u00fdch setk\u00e1n\u00ed i pracovn\u00edch projekt\u016f. Aby bylo pl\u00e1nov\u00e1n\u00ed p\u0159ehledn\u00e9 a bez stresu, je ide\u00e1ln\u00ed m\u00edt v\u0161echny d\u016fle\u017eit\u00e9 term\u00edny na jednom m\u00edst\u011b. P\u0159esn\u011b k tomu slou\u017e\u00ed kalend\u00e1\u0159 na \u010derven, \u010dervenec a srpen 2025 \u2013 jednoduch\u00e1, \u010dist\u00e1 a praktick\u00e1 \u0161ablona, kterou si m\u016f\u017eete zdarma st\u00e1hnout a vytisknout. Jeden list pokryje cel\u00e9 [&hellip;]<\/p>\n","protected":false},"author":1,"featured_media":0,"comment_status":"open","ping_status":"closed","sticky":false,"template":"","format":"standard","meta":{"footnotes":""},"categories":[10],"tags":[28],"class_list":["post-2433","post","type-post","status-publish","format-standard","hentry","category-cerven","tag-28"],"_links":{"self":[{"href":"https:\/\/kalendare365.eu\/index.php?rest_route=\/wp\/v2\/posts\/2433","targetHints":{"allow":["GET"]}}],"collection":[{"href":"https:\/\/kalendare365.eu\/index.php?rest_route=\/wp\/v2\/posts"}],"about":[{"href":"https:\/\/kalendare365.eu\/index.php?rest_route=\/wp\/v2\/types\/post"}],"author":[{"embeddable":true,"href":"https:\/\/kalendare365.eu\/index.php?rest_route=\/wp\/v2\/users\/1"}],"replies":[{"embeddable":true,"href":"https:\/\/kalendare365.eu\/index.php?rest_route=%2Fwp%2Fv2%2Fcomments&post=2433"}],"version-history":[{"count":3,"href":"https:\/\/kalendare365.eu\/index.php?rest_route=\/wp\/v2\/posts\/2433\/revisions"}],"predecessor-version":[{"id":3768,"href":"https:\/\/kalendare365.eu\/index.php?rest_route=\/wp\/v2\/posts\/2433\/revisions\/3768"}],"wp:attachment":[{"href":"https:\/\/kalendare365.eu\/index.php?rest_route=%2Fwp%2Fv2%2Fmedia&parent=2433"}],"wp:term":[{"taxonomy":"category","embeddable":true,"href":"https:\/\/kalendare365.eu\/index.php?rest_route=%2Fwp%2Fv2%2Fcategories&post=2433"},{"taxonomy":"post_tag","embeddable":true,"href":"https:\/\/kalendare365.eu\/index.php?rest_route=%2Fwp%2Fv2%2Ftags&post=2433"}],"curies":[{"name":"wp","href":"https:\/\/api.w.org\/{rel}","templated":true}]}}