{"id":2493,"date":"2025-04-18T09:04:08","date_gmt":"2025-04-18T06:04:08","guid":{"rendered":"https:\/\/kalendare365.eu\/?p=2493"},"modified":"2026-03-17T23:22:15","modified_gmt":"2026-03-17T20:22:15","slug":"kalendar-leden-2026","status":"publish","type":"post","link":"https:\/\/kalendare365.eu\/?p=2493","title":{"rendered":"Kalend\u00e1\u0159 leden 2026"},"content":{"rendered":"\n<p class=\"wp-block-paragraph\">Leden b\u00fdv\u00e1 m\u011bs\u00edcem nov\u00fdch za\u010d\u00e1tk\u016f, pl\u00e1n\u016f a p\u0159edsevzet\u00ed. Aby se v\u00e1m poda\u0159ilo udr\u017eet si po\u0159\u00e1dek v pracovn\u00edch povinnostech i osobn\u00edm \u017eivot\u011b, m\u016f\u017ee b\u00fdt kvalitn\u00ed m\u011bs\u00ed\u010dn\u00ed kalend\u00e1\u0159 neoceniteln\u00fdm pomocn\u00edkem. P\u0159ipravili jsme proto p\u0159ehlednou a snadno pou\u017eitelnou \u0161ablonu kalend\u00e1\u0159e na <strong>leden 2026<\/strong>, kterou si m\u016f\u017eete zdarma st\u00e1hnout a p\u0159izp\u016fsobit podle sv\u00fdch pot\u0159eb.<\/p>\n\n\n\n<hr class=\"wp-block-separator has-alpha-channel-opacity\"\/>\n\n\n\n<h2 class=\"wp-block-heading\">Elegantn\u00ed a funk\u010dn\u00ed design<\/h2>\n\n\n\n<p class=\"wp-block-paragraph\">Kalend\u00e1\u0159 je vytvo\u0159en v minimalistick\u00e9m \u010dernob\u00edl\u00e9m stylu, kter\u00fd zaji\u0161\u0165uje maxim\u00e1ln\u00ed p\u0159ehlednost. D\u00edky \u010dist\u00e9mu rozlo\u017een\u00ed se m\u016f\u017eete soust\u0159edit na to nejd\u016fle\u017eit\u011bj\u0161\u00ed \u2013 va\u0161e \u00fakoly, term\u00edny a pozn\u00e1mky. Jednoduch\u00fd vzhled z\u00e1rove\u0148 p\u016fsob\u00ed profesion\u00e1ln\u011b a hod\u00ed se jak do kancel\u00e1\u0159e, tak pro dom\u00e1c\u00ed pou\u017eit\u00ed.<\/p>\n\n\n\n<hr class=\"wp-block-separator has-alpha-channel-opacity\"\/>\n\n\n\n<h2 class=\"wp-block-heading\">Jak v\u00e1m m\u016f\u017ee pomoci<\/h2>\n\n\n\n<p class=\"wp-block-paragraph\">Dob\u0159e strukturovan\u00fd ti\u0161t\u011bn\u00fd kalend\u00e1\u0159 je st\u00e1le jedn\u00edm z nejprakti\u010dt\u011bj\u0161\u00edch n\u00e1stroj\u016f pro pl\u00e1nov\u00e1n\u00ed. Umo\u017en\u00ed v\u00e1m:<\/p>\n\n\n\n<ul class=\"wp-block-list\">\n<li>zapisovat sch\u016fzky a pracovn\u00ed term\u00edny<\/li>\n\n\n\n<li>sledovat osobn\u00ed c\u00edle a ka\u017edodenn\u00ed \u00fakoly<\/li>\n\n\n\n<li>pl\u00e1novat aktivity s rodinou<\/li>\n\n\n\n<li>m\u00edt v\u0161e d\u016fle\u017eit\u00e9 na jednom m\u00edst\u011b a na o\u010d\u00edch<\/li>\n<\/ul>\n\n\n\n<p class=\"wp-block-paragraph\">D\u00edky prostoru pro pozn\u00e1mky si m\u016f\u017eete ka\u017ed\u00fd den p\u0159izp\u016fsobit podle sv\u00fdch pot\u0159eb.<\/p>\n\n\n\n<hr class=\"wp-block-separator has-alpha-channel-opacity\"\/>\n\n\n\n<h2 class=\"wp-block-heading\">Form\u00e1ty ke sta\u017een\u00ed<\/h2>\n\n\n\n<p class=\"wp-block-paragraph\">Kalend\u00e1\u0159 nab\u00edz\u00edme ve dvou obl\u00edben\u00fdch form\u00e1tech:<\/p>\n\n\n\n<ul class=\"wp-block-list\">\n<li><strong>PDF<\/strong> \u2013 ide\u00e1ln\u00ed pro rychl\u00fd tisk a zachov\u00e1n\u00ed \u010dist\u00e9ho vzhledu<\/li>\n\n\n\n<li><strong>Word (DOCX)<\/strong> \u2013 vhodn\u00fd pro \u00fapravy, dopln\u011bn\u00ed barev, text\u016f \u010di vlastn\u00edch prvk\u016f<\/li>\n<\/ul>\n\n\n\n<p class=\"wp-block-paragraph\">Tato flexibilita v\u00e1m umo\u017en\u00ed vytvo\u0159it si p\u0159esn\u011b takovou verzi, kter\u00e1 v\u00e1m nejl\u00e9pe vyhovuje.<\/p>\n\n\n\n<hr class=\"wp-block-separator has-alpha-channel-opacity\"\/>\n\n\n\n<h2 class=\"wp-block-heading\">R\u016fzn\u00e9 typy \u0161ablon<\/h2>\n\n\n\n<p class=\"wp-block-paragraph\">Na str\u00e1nk\u00e1ch najdete n\u011bkolik variant, aby si ka\u017ed\u00fd mohl vybrat tu pravou:<\/p>\n\n\n\n<ul class=\"wp-block-list\">\n<li>jednoduch\u00fd denn\u00ed pl\u00e1nova\u010d<\/li>\n\n\n\n<li>kalend\u00e1\u0159 s velk\u00fdmi \u010d\u00edsly<\/li>\n\n\n\n<li>vertik\u00e1ln\u00ed rozlo\u017een\u00ed se sloupci pro ka\u017ed\u00fd den<\/li>\n\n\n\n<li>\u0161ablona s n\u00e1hledem p\u0159edchoz\u00edho a n\u00e1sleduj\u00edc\u00edho m\u011bs\u00edce<\/li>\n\n\n\n<li>barevn\u00fd kalend\u00e1\u0159 pro kreativn\u00ed pl\u00e1nov\u00e1n\u00ed<\/li>\n\n\n\n<li>varianta s m\u00edstem pro vlastn\u00ed fotografii<\/li>\n\n\n\n<li>stylov\u00fd vertik\u00e1ln\u00ed kalend\u00e1\u0159 se vzorem<\/li>\n\n\n\n<li>horizont\u00e1ln\u00ed kalend\u00e1\u0159 s grafick\u00fdmi prvky<\/li>\n<\/ul>\n\n\n\n<p class=\"wp-block-paragraph\">Ka\u017ed\u00e1 \u0161ablona je navr\u017eena tak, aby byla praktick\u00e1 a z\u00e1rove\u0148 vizu\u00e1ln\u011b p\u0159\u00edjemn\u00e1.<\/p>\n\n\n\n<hr class=\"wp-block-separator has-alpha-channel-opacity\"\/>\n\n\n\n<h2 class=\"wp-block-heading has-text-align-center\">St\u00e1hn\u011bte si a vytiskn\u011bte kalend\u00e1\u0159 na leden 2026<\/h2>\n\n\n\n<div class=\"wp-block-group is-layout-grid wp-container-core-group-is-layout-7d05cc0d wp-block-group-is-layout-grid\">\n<div class=\"wp-block-group has-global-padding is-layout-constrained wp-block-group-is-layout-constrained\">\n<figure class=\"wp-block-image size-full\"><img loading=\"lazy\" decoding=\"async\" width=\"800\" height=\"566\" src=\"https:\/\/kalendare365.eu\/wp-content\/uploads\/2025\/04\/kalendar-leden-2026-s-velkymi-cisly.webp\" alt=\"\" class=\"wp-image-2497\" srcset=\"https:\/\/kalendare365.eu\/wp-content\/uploads\/2025\/04\/kalendar-leden-2026-s-velkymi-cisly.webp 800w, https:\/\/kalendare365.eu\/wp-content\/uploads\/2025\/04\/kalendar-leden-2026-s-velkymi-cisly-300x212.webp 300w, https:\/\/kalendare365.eu\/wp-content\/uploads\/2025\/04\/kalendar-leden-2026-s-velkymi-cisly-768x543.webp 768w\" sizes=\"auto, (max-width: 800px) 100vw, 800px\" \/><\/figure>\n\n\n\n<p class=\"has-text-align-center wp-block-paragraph\"><a href=\"https:\/\/kalendare365.eu\/wp-content\/uploads\/2025\/04\/kalendar-leden-2026-s-velkymi-cisly.pdf\" target=\"_blank\" rel=\"noreferrer noopener nofollow\">PDF<\/a> | <a href=\"https:\/\/kalendare365.eu\/wp-content\/uploads\/2025\/04\/kalendar-leden-2026-s-velkymi-cisly.docx\" target=\"_blank\" rel=\"noreferrer noopener nofollow\">WORD<\/a><\/p>\n<\/div>\n\n\n\n<div class=\"wp-block-group has-global-padding is-layout-constrained wp-block-group-is-layout-constrained\">\n<figure class=\"wp-block-image size-full\"><img loading=\"lazy\" decoding=\"async\" width=\"800\" height=\"566\" src=\"https:\/\/kalendare365.eu\/wp-content\/uploads\/2025\/04\/planovac-kalendare-leden-2026.webp\" alt=\"\" class=\"wp-image-2494\" srcset=\"https:\/\/kalendare365.eu\/wp-content\/uploads\/2025\/04\/planovac-kalendare-leden-2026.webp 800w, https:\/\/kalendare365.eu\/wp-content\/uploads\/2025\/04\/planovac-kalendare-leden-2026-300x212.webp 300w, https:\/\/kalendare365.eu\/wp-content\/uploads\/2025\/04\/planovac-kalendare-leden-2026-768x543.webp 768w\" sizes=\"auto, (max-width: 800px) 100vw, 800px\" \/><\/figure>\n\n\n\n<p class=\"has-text-align-center wp-block-paragraph\"><a href=\"https:\/\/kalendare365.eu\/wp-content\/uploads\/2025\/04\/planovac-kalendare-leden-2026.pdf\" target=\"_blank\" rel=\"noreferrer noopener nofollow\">PDF<\/a> | <a href=\"https:\/\/kalendare365.eu\/wp-content\/uploads\/2025\/04\/planovac-kalendare-leden-2026.docx\" target=\"_blank\" rel=\"noreferrer noopener nofollow\">WORD<\/a><\/p>\n<\/div>\n\n\n\n<div class=\"wp-block-group has-global-padding is-layout-constrained wp-block-group-is-layout-constrained\">\n<figure class=\"wp-block-image size-full\"><img loading=\"lazy\" decoding=\"async\" width=\"800\" height=\"566\" src=\"https:\/\/kalendare365.eu\/wp-content\/uploads\/2025\/04\/krasny-kalendar-leden-2026.webp\" alt=\"\" class=\"wp-image-2506\" srcset=\"https:\/\/kalendare365.eu\/wp-content\/uploads\/2025\/04\/krasny-kalendar-leden-2026.webp 800w, https:\/\/kalendare365.eu\/wp-content\/uploads\/2025\/04\/krasny-kalendar-leden-2026-300x212.webp 300w, https:\/\/kalendare365.eu\/wp-content\/uploads\/2025\/04\/krasny-kalendar-leden-2026-768x543.webp 768w\" sizes=\"auto, (max-width: 800px) 100vw, 800px\" \/><\/figure>\n\n\n\n<p class=\"has-text-align-center wp-block-paragraph\"><a href=\"https:\/\/kalendare365.eu\/wp-content\/uploads\/2025\/04\/krasny-kalendar-leden-2026.pdf\" target=\"_blank\" rel=\"noreferrer noopener nofollow\">PDF<\/a> | <a href=\"https:\/\/kalendare365.eu\/wp-content\/uploads\/2025\/04\/krasny-kalendar-leden-2026.docx\" target=\"_blank\" rel=\"noreferrer noopener nofollow\">WORD<\/a><\/p>\n<\/div>\n\n\n\n<div class=\"wp-block-group has-global-padding is-layout-constrained wp-block-group-is-layout-constrained\">\n<figure class=\"wp-block-image size-full\"><img loading=\"lazy\" decoding=\"async\" width=\"800\" height=\"566\" src=\"https:\/\/kalendare365.eu\/wp-content\/uploads\/2025\/04\/kalendar-leden-2026-s-predchozim-a-pristim-mesicem.webp\" alt=\"\" class=\"wp-image-2503\" srcset=\"https:\/\/kalendare365.eu\/wp-content\/uploads\/2025\/04\/kalendar-leden-2026-s-predchozim-a-pristim-mesicem.webp 800w, https:\/\/kalendare365.eu\/wp-content\/uploads\/2025\/04\/kalendar-leden-2026-s-predchozim-a-pristim-mesicem-300x212.webp 300w, https:\/\/kalendare365.eu\/wp-content\/uploads\/2025\/04\/kalendar-leden-2026-s-predchozim-a-pristim-mesicem-768x543.webp 768w\" sizes=\"auto, (max-width: 800px) 100vw, 800px\" \/><\/figure>\n\n\n\n<p class=\"has-text-align-center wp-block-paragraph\"><a href=\"https:\/\/kalendare365.eu\/wp-content\/uploads\/2025\/04\/kalendar-leden-2026-s-predchozim-a-pristim-mesicem.pdf\" target=\"_blank\" rel=\"noreferrer noopener nofollow\">PDF<\/a> | <a href=\"https:\/\/kalendare365.eu\/wp-content\/uploads\/2025\/04\/kalendar-leden-2026-s-predchozim-a-pristim-mesicem.docx\" target=\"_blank\" rel=\"noreferrer noopener nofollow\">WORD<\/a><\/p>\n<\/div>\n\n\n\n<div class=\"wp-block-group has-global-padding is-layout-constrained wp-block-group-is-layout-constrained\">\n<figure class=\"wp-block-image size-large\"><img loading=\"lazy\" decoding=\"async\" width=\"724\" height=\"1024\" src=\"https:\/\/kalendare365.eu\/wp-content\/uploads\/2025\/04\/vertikalni-planovac-kalendare-na-leden-2026-724x1024.webp\" alt=\"\" class=\"wp-image-2500\" srcset=\"https:\/\/kalendare365.eu\/wp-content\/uploads\/2025\/04\/vertikalni-planovac-kalendare-na-leden-2026-724x1024.webp 724w, https:\/\/kalendare365.eu\/wp-content\/uploads\/2025\/04\/vertikalni-planovac-kalendare-na-leden-2026-212x300.webp 212w, https:\/\/kalendare365.eu\/wp-content\/uploads\/2025\/04\/vertikalni-planovac-kalendare-na-leden-2026-768x1086.webp 768w, https:\/\/kalendare365.eu\/wp-content\/uploads\/2025\/04\/vertikalni-planovac-kalendare-na-leden-2026.webp 800w\" sizes=\"auto, (max-width: 724px) 100vw, 724px\" \/><\/figure>\n\n\n\n<p class=\"has-text-align-center wp-block-paragraph\"><a href=\"https:\/\/kalendare365.eu\/wp-content\/uploads\/2025\/04\/vertikalni-planovac-kalendare-na-leden-2026.pdf\" target=\"_blank\" rel=\"noreferrer noopener nofollow\">PDF<\/a> | <a href=\"https:\/\/kalendare365.eu\/wp-content\/uploads\/2025\/04\/vertikalni-planovac-kalendare-na-leden-2026.docx\" target=\"_blank\" rel=\"noreferrer noopener nofollow\">WORD<\/a><\/p>\n<\/div>\n\n\n\n<div class=\"wp-block-group has-global-padding is-layout-constrained wp-block-group-is-layout-constrained\">\n<figure class=\"wp-block-image size-large\"><img loading=\"lazy\" decoding=\"async\" width=\"724\" height=\"1024\" src=\"https:\/\/kalendare365.eu\/wp-content\/uploads\/2025\/04\/krasny-planovac-kalendare-leden-2026-724x1024.webp\" alt=\"\" class=\"wp-image-2512\" srcset=\"https:\/\/kalendare365.eu\/wp-content\/uploads\/2025\/04\/krasny-planovac-kalendare-leden-2026-724x1024.webp 724w, https:\/\/kalendare365.eu\/wp-content\/uploads\/2025\/04\/krasny-planovac-kalendare-leden-2026-212x300.webp 212w, https:\/\/kalendare365.eu\/wp-content\/uploads\/2025\/04\/krasny-planovac-kalendare-leden-2026-768x1086.webp 768w, https:\/\/kalendare365.eu\/wp-content\/uploads\/2025\/04\/krasny-planovac-kalendare-leden-2026.webp 800w\" sizes=\"auto, (max-width: 724px) 100vw, 724px\" \/><\/figure>\n\n\n\n<p class=\"has-text-align-center wp-block-paragraph\"><a href=\"https:\/\/kalendare365.eu\/wp-content\/uploads\/2025\/04\/krasny-planovac-kalendare-leden-2026.pdf\" target=\"_blank\" rel=\"noreferrer noopener nofollow\">PDF<\/a> | <a href=\"https:\/\/kalendare365.eu\/wp-content\/uploads\/2025\/04\/krasny-planovac-kalendare-leden-2026.docx\" target=\"_blank\" rel=\"noreferrer noopener nofollow\">WORD<\/a><\/p>\n<\/div>\n\n\n\n<div class=\"wp-block-group has-global-padding is-layout-constrained wp-block-group-is-layout-constrained\">\n<figure class=\"wp-block-image size-large\"><img loading=\"lazy\" decoding=\"async\" width=\"724\" height=\"1024\" src=\"https:\/\/kalendare365.eu\/wp-content\/uploads\/2025\/04\/fotokalendar-leden-2026-724x1024.webp\" alt=\"\" class=\"wp-image-2509\" srcset=\"https:\/\/kalendare365.eu\/wp-content\/uploads\/2025\/04\/fotokalendar-leden-2026-724x1024.webp 724w, https:\/\/kalendare365.eu\/wp-content\/uploads\/2025\/04\/fotokalendar-leden-2026-212x300.webp 212w, https:\/\/kalendare365.eu\/wp-content\/uploads\/2025\/04\/fotokalendar-leden-2026-768x1086.webp 768w, https:\/\/kalendare365.eu\/wp-content\/uploads\/2025\/04\/fotokalendar-leden-2026.webp 800w\" sizes=\"auto, (max-width: 724px) 100vw, 724px\" \/><\/figure>\n\n\n\n<p class=\"has-text-align-center wp-block-paragraph\"><a href=\"https:\/\/kalendare365.eu\/wp-content\/uploads\/2025\/04\/fotokalendar-leden-2026.pdf\" target=\"_blank\" rel=\"noreferrer noopener nofollow\">PDF<\/a> | <a href=\"https:\/\/kalendare365.eu\/wp-content\/uploads\/2025\/04\/fotokalendar-leden-2026.docx\" target=\"_blank\" rel=\"noreferrer noopener nofollow\">WORD<\/a><\/p>\n<\/div>\n\n\n\n<div class=\"wp-block-group has-global-padding is-layout-constrained wp-block-group-is-layout-constrained\">\n<figure class=\"wp-block-image size-full\"><img loading=\"lazy\" decoding=\"async\" width=\"800\" height=\"566\" src=\"https:\/\/kalendare365.eu\/wp-content\/uploads\/2025\/04\/kalendar-leden-2026-s-poznamkami.webp\" alt=\"\" class=\"wp-image-2516\" srcset=\"https:\/\/kalendare365.eu\/wp-content\/uploads\/2025\/04\/kalendar-leden-2026-s-poznamkami.webp 800w, https:\/\/kalendare365.eu\/wp-content\/uploads\/2025\/04\/kalendar-leden-2026-s-poznamkami-300x212.webp 300w, https:\/\/kalendare365.eu\/wp-content\/uploads\/2025\/04\/kalendar-leden-2026-s-poznamkami-768x543.webp 768w\" sizes=\"auto, (max-width: 800px) 100vw, 800px\" \/><\/figure>\n\n\n\n<p class=\"has-text-align-center wp-block-paragraph\"><a href=\"https:\/\/kalendare365.eu\/wp-content\/uploads\/2025\/04\/kalendar-leden-2026-s-poznamkami.pdf\" target=\"_blank\" rel=\"noreferrer noopener nofollow\">PDF<\/a> | <a href=\"https:\/\/kalendare365.eu\/wp-content\/uploads\/2025\/04\/kalendar-leden-2026-s-poznamkami.docx\" target=\"_blank\" rel=\"noreferrer noopener nofollow\">WORD<\/a><\/p>\n<\/div>\n<\/div>\n\n\n\n<h2 class=\"wp-block-heading\">Z\u00e1v\u011br<\/h2>\n\n\n\n<p class=\"wp-block-paragraph\">Kalend\u00e1\u0159 na leden 2026 v\u00e1m pom\u016f\u017ee za\u010d\u00edt nov\u00fd rok s jasn\u00fdm pl\u00e1nem a lep\u0161\u00ed organizac\u00ed \u010dasu. Vyberte si \u0161ablonu, kter\u00e1 v\u00e1m nejv\u00edce vyhovuje, st\u00e1hn\u011bte si ji a za\u010dn\u011bte pl\u00e1novat sv\u00e9 c\u00edle, povinnosti i radosti. S dob\u0159e uspo\u0159\u00e1dan\u00fdm m\u011bs\u00edcem bude vstup do roku 2026 mnohem jednodu\u0161\u0161\u00ed a p\u0159\u00edjemn\u011bj\u0161\u00ed.<\/p>\n","protected":false},"excerpt":{"rendered":"<p>Leden b\u00fdv\u00e1 m\u011bs\u00edcem nov\u00fdch za\u010d\u00e1tk\u016f, pl\u00e1n\u016f a p\u0159edsevzet\u00ed. Aby se v\u00e1m poda\u0159ilo udr\u017eet si po\u0159\u00e1dek v pracovn\u00edch povinnostech i osobn\u00edm \u017eivot\u011b, m\u016f\u017ee b\u00fdt kvalitn\u00ed m\u011bs\u00ed\u010dn\u00ed kalend\u00e1\u0159 neoceniteln\u00fdm pomocn\u00edkem. P\u0159ipravili jsme proto p\u0159ehlednou a snadno pou\u017eitelnou \u0161ablonu kalend\u00e1\u0159e na leden 2026, kterou si m\u016f\u017eete zdarma st\u00e1hnout a p\u0159izp\u016fsobit podle sv\u00fdch pot\u0159eb. Elegantn\u00ed a funk\u010dn\u00ed design Kalend\u00e1\u0159 [&hellip;]<\/p>\n","protected":false},"author":1,"featured_media":0,"comment_status":"open","ping_status":"closed","sticky":false,"template":"","format":"standard","meta":{"footnotes":""},"categories":[5],"tags":[33],"class_list":["post-2493","post","type-post","status-publish","format-standard","hentry","category-leden","tag-33"],"_links":{"self":[{"href":"https:\/\/kalendare365.eu\/index.php?rest_route=\/wp\/v2\/posts\/2493","targetHints":{"allow":["GET"]}}],"collection":[{"href":"https:\/\/kalendare365.eu\/index.php?rest_route=\/wp\/v2\/posts"}],"about":[{"href":"https:\/\/kalendare365.eu\/index.php?rest_route=\/wp\/v2\/types\/post"}],"author":[{"embeddable":true,"href":"https:\/\/kalendare365.eu\/index.php?rest_route=\/wp\/v2\/users\/1"}],"replies":[{"embeddable":true,"href":"https:\/\/kalendare365.eu\/index.php?rest_route=%2Fwp%2Fv2%2Fcomments&post=2493"}],"version-history":[{"count":2,"href":"https:\/\/kalendare365.eu\/index.php?rest_route=\/wp\/v2\/posts\/2493\/revisions"}],"predecessor-version":[{"id":3502,"href":"https:\/\/kalendare365.eu\/index.php?rest_route=\/wp\/v2\/posts\/2493\/revisions\/3502"}],"wp:attachment":[{"href":"https:\/\/kalendare365.eu\/index.php?rest_route=%2Fwp%2Fv2%2Fmedia&parent=2493"}],"wp:term":[{"taxonomy":"category","embeddable":true,"href":"https:\/\/kalendare365.eu\/index.php?rest_route=%2Fwp%2Fv2%2Fcategories&post=2493"},{"taxonomy":"post_tag","embeddable":true,"href":"https:\/\/kalendare365.eu\/index.php?rest_route=%2Fwp%2Fv2%2Ftags&post=2493"}],"curies":[{"name":"wp","href":"https:\/\/api.w.org\/{rel}","templated":true}]}}