{"id":2521,"date":"2025-04-18T15:05:32","date_gmt":"2025-04-18T12:05:32","guid":{"rendered":"https:\/\/kalendare365.eu\/?p=2521"},"modified":"2026-04-01T21:18:22","modified_gmt":"2026-04-01T18:18:22","slug":"kalendar-unor-2026","status":"publish","type":"post","link":"https:\/\/kalendare365.eu\/?p=2521","title":{"rendered":"Kalend\u00e1\u0159 \u00fanor 2026"},"content":{"rendered":"\n<p class=\"wp-block-paragraph\">\u00danor b\u00fdv\u00e1 kr\u00e1tk\u00fd, ale \u010dasto velmi nabit\u00fd m\u011bs\u00edc \u2013 a pr\u00e1v\u011b proto se vyplat\u00ed m\u00edt po ruce kalend\u00e1\u0159, kter\u00fd v\u00e1m pom\u016f\u017ee udr\u017eet po\u0159\u00e1dek v povinnostech, sch\u016fzk\u00e1ch i osobn\u00edch pl\u00e1nech. P\u0159ehledn\u00e1 \u0161ablona kalend\u00e1\u0159e na \u00fanor 2026 v\u00e1m umo\u017en\u00ed l\u00e9pe organizovat \u010das, pl\u00e1novat projekty a m\u00edt jasnou p\u0159edstavu o tom, co v\u00e1s \u010dek\u00e1. A\u0165 u\u017e preferujete tisknutelnou verzi nebo dokument, kter\u00fd si m\u016f\u017eete upravit podle sebe, spr\u00e1vn\u011b zvolen\u00fd kalend\u00e1\u0159 dok\u00e1\u017ee v\u00fdrazn\u011b zjednodu\u0161it ka\u017edodenn\u00ed \u017eivot.<\/p>\n\n\n\n<hr class=\"wp-block-separator has-alpha-channel-opacity\"\/>\n\n\n\n<h2 class=\"wp-block-heading\">\u2728 Design a p\u0159ehlednost<\/h2>\n\n\n\n<p class=\"wp-block-paragraph\">Kalend\u00e1\u0159 na \u00fanor 2026 je vytvo\u0159en s d\u016frazem na jednoduchost, \u010dist\u00e9 linie a snadnou orientaci. D\u00edky v\u00fdrazn\u00e9 typografii a logick\u00e9mu rozlo\u017een\u00ed dn\u016f rychle najdete pot\u0159ebn\u00e9 informace a m\u00e1te dostatek prostoru pro vlastn\u00ed pozn\u00e1mky. Minimalistick\u00fd \u010dernob\u00edl\u00fd styl p\u016fsob\u00ed profesion\u00e1ln\u011b a hod\u00ed se jak do kancel\u00e1\u0159e, tak do dom\u00e1c\u00edho prost\u0159ed\u00ed.<\/p>\n\n\n\n<hr class=\"wp-block-separator has-alpha-channel-opacity\"\/>\n\n\n\n<h2 class=\"wp-block-heading\">? Pro\u010d se vyplat\u00ed kalend\u00e1\u0159 pou\u017e\u00edvat<\/h2>\n\n\n\n<p class=\"wp-block-paragraph\">Pravideln\u00e9 pou\u017e\u00edv\u00e1n\u00ed kalend\u00e1\u0159e p\u0159in\u00e1\u0161\u00ed n\u011bkolik v\u00fdhod:<\/p>\n\n\n\n<ul class=\"wp-block-list\">\n<li>lep\u0161\u00ed p\u0159ehled o \u00fakolech a term\u00ednech<\/li>\n\n\n\n<li>snaz\u0161\u00ed pl\u00e1nov\u00e1n\u00ed pracovn\u00edch i osobn\u00edch aktivit<\/li>\n\n\n\n<li>mo\u017enost efektivn\u011b rozvrhnout dlouhodob\u00e9 projekty<\/li>\n\n\n\n<li>prevence zapomenut\u00fdch sch\u016fzek \u010di zme\u0161kan\u00fdch term\u00edn\u016f<\/li>\n<\/ul>\n\n\n\n<p class=\"wp-block-paragraph\">Kalend\u00e1\u0159 na \u00fanor 2026 v\u00e1m pom\u016f\u017ee udr\u017eet rytmus a vyhnout se zbyte\u010dn\u00e9mu stresu spojen\u00e9mu s chaotick\u00fdm pl\u00e1nov\u00e1n\u00edm.<\/p>\n\n\n\n<hr class=\"wp-block-separator has-alpha-channel-opacity\"\/>\n\n\n\n<h2 class=\"wp-block-heading\">? Form\u00e1ty ke sta\u017een\u00ed a \u00fapravy<\/h2>\n\n\n\n<p class=\"wp-block-paragraph\">Kalend\u00e1\u0159 je dostupn\u00fd ve dvou praktick\u00fdch verz\u00edch:<\/p>\n\n\n\n<ul class=\"wp-block-list\">\n<li><strong>PDF<\/strong> \u2013 ide\u00e1ln\u00ed pro rychl\u00fd tisk, zachov\u00e1v\u00e1 \u010dist\u00fd a profesion\u00e1ln\u00ed vzhled<\/li>\n\n\n\n<li><strong>Word (DOCX)<\/strong> \u2013 vhodn\u00fd pro ty, kte\u0159\u00ed cht\u011bj\u00ed kalend\u00e1\u0159 upravit, doplnit vlastn\u00ed texty, zm\u011bnit fonty nebo p\u0159izp\u016fsobit velikost bun\u011bk<\/li>\n<\/ul>\n\n\n\n<p class=\"wp-block-paragraph\">D\u00edky tomu si m\u016f\u017eete vytvo\u0159it p\u0159esn\u011b takovou podobu, kter\u00e1 v\u00e1m nejl\u00e9pe vyhovuje.<\/p>\n\n\n\n<hr class=\"wp-block-separator has-alpha-channel-opacity\"\/>\n\n\n\n<h2 class=\"wp-block-heading\">?\ufe0f R\u016fzn\u00e9 \u0161ablony pro r\u016fzn\u00e9 pot\u0159eby<\/h2>\n\n\n\n<p class=\"wp-block-paragraph\">Na str\u00e1nk\u00e1ch najdete \u0161irok\u00fd v\u00fdb\u011br \u0161ablon, nap\u0159\u00edklad:<\/p>\n\n\n\n<ul class=\"wp-block-list\">\n<li>jednoduch\u00fd kalend\u00e1\u0159 s m\u00edstem pro pozn\u00e1mky<\/li>\n\n\n\n<li>kalend\u00e1\u0159 s velk\u00fdmi \u010d\u00edsly<\/li>\n\n\n\n<li>vertik\u00e1ln\u00ed rozlo\u017een\u00ed se sloupci pro ka\u017ed\u00fd den<\/li>\n\n\n\n<li>\u0161ablona s n\u00e1hledem p\u0159edchoz\u00edho a n\u00e1sleduj\u00edc\u00edho m\u011bs\u00edce<\/li>\n\n\n\n<li>barevn\u00fd kalend\u00e1\u0159 pro kreativn\u00ed pl\u00e1nov\u00e1n\u00ed<\/li>\n\n\n\n<li>\u0161ablona s mo\u017enost\u00ed vlo\u017eit vlastn\u00ed fotografii<\/li>\n\n\n\n<li>stylov\u00fd vertik\u00e1ln\u00ed kalend\u00e1\u0159 se vzorem<\/li>\n\n\n\n<li>horizont\u00e1ln\u00ed kalend\u00e1\u0159 s grafick\u00fdmi prvky<\/li>\n<\/ul>\n\n\n\n<p class=\"wp-block-paragraph\">Ka\u017ed\u00fd si tak m\u016f\u017ee vybrat design, kter\u00fd odpov\u00edd\u00e1 jeho vkusu i \u00fa\u010delu.<\/p>\n\n\n\n<hr class=\"wp-block-separator has-alpha-channel-opacity\"\/>\n\n\n\n<h2 class=\"wp-block-heading\">? Sta\u017een\u00ed kalend\u00e1\u0159e \u00fanor 2026<\/h2>\n\n\n\n<p class=\"wp-block-paragraph\">Kalend\u00e1\u0159 je dostupn\u00fd ke sta\u017een\u00ed ve form\u00e1tu <strong>PDF<\/strong> i <strong>Word<\/strong>, tak\u017ee si m\u016f\u017eete zvolit variantu, kter\u00e1 v\u00e1m nejl\u00e9pe vyhovuje \u2013 a\u0165 u\u017e chcete tisknout, nebo upravovat.<\/p>\n\n\n\n<hr class=\"wp-block-separator has-alpha-channel-opacity\"\/>\n\n\n\n<h2 class=\"wp-block-heading has-text-align-center\">St\u00e1hn\u011bte si a vytiskn\u011bte kalend\u00e1\u0159 \u00fanor 2026<\/h2>\n\n\n\n<div class=\"wp-block-group is-layout-grid wp-container-core-group-is-layout-7d05cc0d wp-block-group-is-layout-grid\">\n<div class=\"wp-block-group has-global-padding is-layout-constrained wp-block-group-is-layout-constrained\">\n<figure class=\"wp-block-image size-full\"><img loading=\"lazy\" decoding=\"async\" width=\"800\" height=\"566\" src=\"https:\/\/kalendare365.eu\/wp-content\/uploads\/2025\/04\/planovac-kalendare-unor-2026.webp\" alt=\"\" class=\"wp-image-2522\" srcset=\"https:\/\/kalendare365.eu\/wp-content\/uploads\/2025\/04\/planovac-kalendare-unor-2026.webp 800w, https:\/\/kalendare365.eu\/wp-content\/uploads\/2025\/04\/planovac-kalendare-unor-2026-300x212.webp 300w, https:\/\/kalendare365.eu\/wp-content\/uploads\/2025\/04\/planovac-kalendare-unor-2026-768x543.webp 768w\" sizes=\"auto, (max-width: 800px) 100vw, 800px\" \/><\/figure>\n\n\n\n<p class=\"has-text-align-center wp-block-paragraph\"><a href=\"https:\/\/kalendare365.eu\/wp-content\/uploads\/2025\/04\/planovac-kalendare-unor-2026.pdf\" target=\"_blank\" rel=\"noreferrer noopener nofollow\">PDF<\/a> | <a href=\"https:\/\/kalendare365.eu\/wp-content\/uploads\/2025\/04\/planovac-kalendare-unor-2026.docx\" target=\"_blank\" rel=\"noreferrer noopener nofollow\">WORD<\/a><\/p>\n<\/div>\n\n\n\n<div class=\"wp-block-group has-global-padding is-layout-constrained wp-block-group-is-layout-constrained\">\n<figure class=\"wp-block-image size-full\"><img loading=\"lazy\" decoding=\"async\" width=\"800\" height=\"566\" src=\"https:\/\/kalendare365.eu\/wp-content\/uploads\/2025\/04\/kalendar-unor-2026-s-velkymi-cisly.webp\" alt=\"\" class=\"wp-image-2525\" srcset=\"https:\/\/kalendare365.eu\/wp-content\/uploads\/2025\/04\/kalendar-unor-2026-s-velkymi-cisly.webp 800w, https:\/\/kalendare365.eu\/wp-content\/uploads\/2025\/04\/kalendar-unor-2026-s-velkymi-cisly-300x212.webp 300w, https:\/\/kalendare365.eu\/wp-content\/uploads\/2025\/04\/kalendar-unor-2026-s-velkymi-cisly-768x543.webp 768w\" sizes=\"auto, (max-width: 800px) 100vw, 800px\" \/><\/figure>\n\n\n\n<p class=\"has-text-align-center wp-block-paragraph\"><a href=\"https:\/\/kalendare365.eu\/wp-content\/uploads\/2025\/04\/kalendar-unor-2026-s-velkymi-cisly.pdf\" target=\"_blank\" rel=\"noreferrer noopener nofollow\">PDF<\/a> | <a href=\"https:\/\/kalendare365.eu\/wp-content\/uploads\/2025\/04\/kalendar-unor-2026-s-velkymi-cisly.docx\" target=\"_blank\" rel=\"noreferrer noopener nofollow\">WORD<\/a><\/p>\n<\/div>\n\n\n\n<div class=\"wp-block-group has-global-padding is-layout-constrained wp-block-group-is-layout-constrained\">\n<figure class=\"wp-block-image size-full\"><img loading=\"lazy\" decoding=\"async\" width=\"800\" height=\"566\" src=\"https:\/\/kalendare365.eu\/wp-content\/uploads\/2025\/04\/kalendar-unor-2026-s-predchozim-a-pristim-mesicem.webp\" alt=\"\" class=\"wp-image-2531\" srcset=\"https:\/\/kalendare365.eu\/wp-content\/uploads\/2025\/04\/kalendar-unor-2026-s-predchozim-a-pristim-mesicem.webp 800w, https:\/\/kalendare365.eu\/wp-content\/uploads\/2025\/04\/kalendar-unor-2026-s-predchozim-a-pristim-mesicem-300x212.webp 300w, https:\/\/kalendare365.eu\/wp-content\/uploads\/2025\/04\/kalendar-unor-2026-s-predchozim-a-pristim-mesicem-768x543.webp 768w\" sizes=\"auto, (max-width: 800px) 100vw, 800px\" \/><\/figure>\n\n\n\n<p class=\"has-text-align-center wp-block-paragraph\"><a href=\"https:\/\/kalendare365.eu\/wp-content\/uploads\/2025\/04\/kalendar-unor-2026-s-predchozim-a-pristim-mesicem.pdf\" target=\"_blank\" rel=\"noreferrer noopener nofollow\">PDF<\/a> | <a href=\"https:\/\/kalendare365.eu\/wp-content\/uploads\/2025\/04\/kalendar-unor-2026-s-predchozim-a-pristim-mesicem.docx\" target=\"_blank\" rel=\"noreferrer noopener nofollow\">WORD<\/a><\/p>\n<\/div>\n\n\n\n<div class=\"wp-block-group has-global-padding is-layout-constrained wp-block-group-is-layout-constrained\">\n<figure class=\"wp-block-image size-large\"><img loading=\"lazy\" decoding=\"async\" width=\"724\" height=\"1024\" src=\"https:\/\/kalendare365.eu\/wp-content\/uploads\/2025\/04\/vertikalni-planovac-kalendare-na-unor-2026-724x1024.webp\" alt=\"\" class=\"wp-image-2528\" srcset=\"https:\/\/kalendare365.eu\/wp-content\/uploads\/2025\/04\/vertikalni-planovac-kalendare-na-unor-2026-724x1024.webp 724w, https:\/\/kalendare365.eu\/wp-content\/uploads\/2025\/04\/vertikalni-planovac-kalendare-na-unor-2026-212x300.webp 212w, https:\/\/kalendare365.eu\/wp-content\/uploads\/2025\/04\/vertikalni-planovac-kalendare-na-unor-2026-768x1086.webp 768w, https:\/\/kalendare365.eu\/wp-content\/uploads\/2025\/04\/vertikalni-planovac-kalendare-na-unor-2026.webp 800w\" sizes=\"auto, (max-width: 724px) 100vw, 724px\" \/><\/figure>\n\n\n\n<p class=\"has-text-align-center wp-block-paragraph\"><a href=\"https:\/\/kalendare365.eu\/wp-content\/uploads\/2025\/04\/vertikalni-planovac-kalendare-na-unor-2026.pdf\" target=\"_blank\" rel=\"noreferrer noopener nofollow\">PDF<\/a> | <a href=\"https:\/\/kalendare365.eu\/wp-content\/uploads\/2025\/04\/vertikalni-planovac-kalendare-na-unor-2026.docx\" target=\"_blank\" rel=\"noreferrer noopener nofollow\">WORD<\/a><\/p>\n<\/div>\n\n\n\n<div class=\"wp-block-group has-global-padding is-layout-constrained wp-block-group-is-layout-constrained\">\n<figure class=\"wp-block-image size-large\"><img loading=\"lazy\" decoding=\"async\" width=\"724\" height=\"1024\" src=\"https:\/\/kalendare365.eu\/wp-content\/uploads\/2025\/04\/fotokalendar-unor-2026-724x1024.webp\" alt=\"\" class=\"wp-image-2538\" srcset=\"https:\/\/kalendare365.eu\/wp-content\/uploads\/2025\/04\/fotokalendar-unor-2026-724x1024.webp 724w, https:\/\/kalendare365.eu\/wp-content\/uploads\/2025\/04\/fotokalendar-unor-2026-212x300.webp 212w, https:\/\/kalendare365.eu\/wp-content\/uploads\/2025\/04\/fotokalendar-unor-2026-768x1086.webp 768w, https:\/\/kalendare365.eu\/wp-content\/uploads\/2025\/04\/fotokalendar-unor-2026.webp 800w\" sizes=\"auto, (max-width: 724px) 100vw, 724px\" \/><\/figure>\n\n\n\n<p class=\"has-text-align-center wp-block-paragraph\"><a href=\"https:\/\/kalendare365.eu\/wp-content\/uploads\/2025\/04\/fotokalendar-unor-2026.pdf\" target=\"_blank\" rel=\"noreferrer noopener nofollow\">PDF<\/a> | <a href=\"https:\/\/kalendare365.eu\/wp-content\/uploads\/2025\/04\/fotokalendar-unor-2026.docx\" target=\"_blank\" rel=\"noreferrer noopener nofollow\">WORD<\/a><\/p>\n<\/div>\n\n\n\n<div class=\"wp-block-group has-global-padding is-layout-constrained wp-block-group-is-layout-constrained\">\n<figure class=\"wp-block-image size-large\"><img loading=\"lazy\" decoding=\"async\" width=\"724\" height=\"1024\" src=\"https:\/\/kalendare365.eu\/wp-content\/uploads\/2025\/04\/krasny-planovac-kalendare-unor-2026-724x1024.webp\" alt=\"\" class=\"wp-image-2541\" srcset=\"https:\/\/kalendare365.eu\/wp-content\/uploads\/2025\/04\/krasny-planovac-kalendare-unor-2026-724x1024.webp 724w, https:\/\/kalendare365.eu\/wp-content\/uploads\/2025\/04\/krasny-planovac-kalendare-unor-2026-212x300.webp 212w, https:\/\/kalendare365.eu\/wp-content\/uploads\/2025\/04\/krasny-planovac-kalendare-unor-2026-768x1086.webp 768w, https:\/\/kalendare365.eu\/wp-content\/uploads\/2025\/04\/krasny-planovac-kalendare-unor-2026.webp 800w\" sizes=\"auto, (max-width: 724px) 100vw, 724px\" \/><\/figure>\n\n\n\n<p class=\"has-text-align-center wp-block-paragraph\"><a href=\"https:\/\/kalendare365.eu\/wp-content\/uploads\/2025\/04\/krasny-planovac-kalendare-unor-2026.pdf\" target=\"_blank\" rel=\"noreferrer noopener nofollow\">PDF<\/a> | <a href=\"https:\/\/kalendare365.eu\/wp-content\/uploads\/2025\/04\/krasny-planovac-kalendare-unor-2026.docx\" target=\"_blank\" rel=\"noreferrer noopener nofollow\">WORD<\/a><\/p>\n<\/div>\n\n\n\n<div class=\"wp-block-group has-global-padding is-layout-constrained wp-block-group-is-layout-constrained\">\n<figure class=\"wp-block-image size-full\"><img loading=\"lazy\" decoding=\"async\" width=\"800\" height=\"566\" src=\"https:\/\/kalendare365.eu\/wp-content\/uploads\/2025\/04\/krasny-kalendar-unor-2026.webp\" alt=\"\" class=\"wp-image-2534\" srcset=\"https:\/\/kalendare365.eu\/wp-content\/uploads\/2025\/04\/krasny-kalendar-unor-2026.webp 800w, https:\/\/kalendare365.eu\/wp-content\/uploads\/2025\/04\/krasny-kalendar-unor-2026-300x212.webp 300w, https:\/\/kalendare365.eu\/wp-content\/uploads\/2025\/04\/krasny-kalendar-unor-2026-768x543.webp 768w\" sizes=\"auto, (max-width: 800px) 100vw, 800px\" \/><\/figure>\n\n\n\n<p class=\"has-text-align-center wp-block-paragraph\"><a href=\"https:\/\/kalendare365.eu\/wp-content\/uploads\/2025\/04\/krasny-kalendar-unor-2026.pdf\" target=\"_blank\" rel=\"noreferrer noopener nofollow\">PDF<\/a> | <a href=\"https:\/\/kalendare365.eu\/wp-content\/uploads\/2025\/04\/krasny-kalendar-unor-2026.docx\" target=\"_blank\" rel=\"noreferrer noopener nofollow\">WORD<\/a><\/p>\n<\/div>\n\n\n\n<div class=\"wp-block-group has-global-padding is-layout-constrained wp-block-group-is-layout-constrained\">\n<figure class=\"wp-block-image size-full\"><img loading=\"lazy\" decoding=\"async\" width=\"800\" height=\"566\" src=\"https:\/\/kalendare365.eu\/wp-content\/uploads\/2025\/04\/kalendar-unor-2026-s-poznamkami.webp\" alt=\"\" class=\"wp-image-2544\" srcset=\"https:\/\/kalendare365.eu\/wp-content\/uploads\/2025\/04\/kalendar-unor-2026-s-poznamkami.webp 800w, https:\/\/kalendare365.eu\/wp-content\/uploads\/2025\/04\/kalendar-unor-2026-s-poznamkami-300x212.webp 300w, https:\/\/kalendare365.eu\/wp-content\/uploads\/2025\/04\/kalendar-unor-2026-s-poznamkami-768x543.webp 768w\" sizes=\"auto, (max-width: 800px) 100vw, 800px\" \/><\/figure>\n\n\n\n<p class=\"has-text-align-center wp-block-paragraph\"><a href=\"https:\/\/kalendare365.eu\/wp-content\/uploads\/2025\/04\/kalendar-unor-2026-s-poznamkami.pdf\" target=\"_blank\" rel=\"noreferrer noopener nofollow\">PDF<\/a> | <a href=\"https:\/\/kalendare365.eu\/wp-content\/uploads\/2025\/04\/kalendar-unor-2026-s-poznamkami.docx\" target=\"_blank\" rel=\"noreferrer noopener nofollow\">WORD<\/a><\/p>\n<\/div>\n<\/div>\n\n\n\n<h1 class=\"wp-block-heading\">? Z\u00e1v\u011br<\/h1>\n\n\n\n<p class=\"wp-block-paragraph\">Kalend\u00e1\u0159 na \u00fanor 2026 je praktick\u00fdm n\u00e1strojem, kter\u00fd v\u00e1m pom\u016f\u017ee l\u00e9pe organizovat \u010das a udr\u017eet si p\u0159ehled o v\u0161ech d\u016fle\u017eit\u00fdch aktivit\u00e1ch. D\u00edky r\u016fzn\u00fdm \u0161ablon\u00e1m, \u010dist\u00e9mu designu a mo\u017enosti \u00faprav si snadno vytvo\u0159\u00edte verzi, kter\u00e1 bude p\u0159esn\u011b odpov\u00eddat va\u0161im pot\u0159eb\u00e1m. Sta\u010d\u00ed si vybrat form\u00e1t, st\u00e1hnout a za\u010d\u00edt pl\u00e1novat efektivn\u011bji a bez stresu.<\/p>\n","protected":false},"excerpt":{"rendered":"<p>\u00danor b\u00fdv\u00e1 kr\u00e1tk\u00fd, ale \u010dasto velmi nabit\u00fd m\u011bs\u00edc \u2013 a pr\u00e1v\u011b proto se vyplat\u00ed m\u00edt po ruce kalend\u00e1\u0159, kter\u00fd v\u00e1m pom\u016f\u017ee udr\u017eet po\u0159\u00e1dek v povinnostech, sch\u016fzk\u00e1ch i osobn\u00edch pl\u00e1nech. P\u0159ehledn\u00e1 \u0161ablona kalend\u00e1\u0159e na \u00fanor 2026 v\u00e1m umo\u017en\u00ed l\u00e9pe organizovat \u010das, pl\u00e1novat projekty a m\u00edt jasnou p\u0159edstavu o tom, co v\u00e1s \u010dek\u00e1. A\u0165 u\u017e preferujete tisknutelnou [&hellip;]<\/p>\n","protected":false},"author":1,"featured_media":0,"comment_status":"open","ping_status":"closed","sticky":false,"template":"","format":"standard","meta":{"footnotes":""},"categories":[6],"tags":[33],"class_list":["post-2521","post","type-post","status-publish","format-standard","hentry","category-unor","tag-33"],"_links":{"self":[{"href":"https:\/\/kalendare365.eu\/index.php?rest_route=\/wp\/v2\/posts\/2521","targetHints":{"allow":["GET"]}}],"collection":[{"href":"https:\/\/kalendare365.eu\/index.php?rest_route=\/wp\/v2\/posts"}],"about":[{"href":"https:\/\/kalendare365.eu\/index.php?rest_route=\/wp\/v2\/types\/post"}],"author":[{"embeddable":true,"href":"https:\/\/kalendare365.eu\/index.php?rest_route=\/wp\/v2\/users\/1"}],"replies":[{"embeddable":true,"href":"https:\/\/kalendare365.eu\/index.php?rest_route=%2Fwp%2Fv2%2Fcomments&post=2521"}],"version-history":[{"count":3,"href":"https:\/\/kalendare365.eu\/index.php?rest_route=\/wp\/v2\/posts\/2521\/revisions"}],"predecessor-version":[{"id":3558,"href":"https:\/\/kalendare365.eu\/index.php?rest_route=\/wp\/v2\/posts\/2521\/revisions\/3558"}],"wp:attachment":[{"href":"https:\/\/kalendare365.eu\/index.php?rest_route=%2Fwp%2Fv2%2Fmedia&parent=2521"}],"wp:term":[{"taxonomy":"category","embeddable":true,"href":"https:\/\/kalendare365.eu\/index.php?rest_route=%2Fwp%2Fv2%2Fcategories&post=2521"},{"taxonomy":"post_tag","embeddable":true,"href":"https:\/\/kalendare365.eu\/index.php?rest_route=%2Fwp%2Fv2%2Ftags&post=2521"}],"curies":[{"name":"wp","href":"https:\/\/api.w.org\/{rel}","templated":true}]}}