{"id":2549,"date":"2025-04-19T09:19:43","date_gmt":"2025-04-19T06:19:43","guid":{"rendered":"https:\/\/kalendare365.eu\/?p=2549"},"modified":"2026-03-26T13:21:47","modified_gmt":"2026-03-26T10:21:47","slug":"kalendar-brezen-2026","status":"publish","type":"post","link":"https:\/\/kalendare365.eu\/?p=2549","title":{"rendered":"Kalend\u00e1\u0159 b\u0159ezen 2026"},"content":{"rendered":"\n<p class=\"wp-block-paragraph\">B\u0159ezen je m\u011bs\u00edcem, kdy se pomalu probouz\u00ed jaro a s\u202fn\u00edm i nov\u00e9 pl\u00e1ny, projekty a povinnosti. Pr\u00e1v\u011b proto se vyplat\u00ed m\u00edt po ruce kalend\u00e1\u0159, kter\u00fd v\u00e1m pom\u016f\u017ee udr\u017eet si po\u0159\u00e1dek v\u202f\u010dase a l\u00e9pe si zorganizovat pracovn\u00ed i osobn\u00ed \u017eivot. P\u0159ipravili jsme pro v\u00e1s r\u016fzn\u00e9 \u0161ablony kalend\u00e1\u0159e na b\u0159ezen 2026, kter\u00e9 si m\u016f\u017eete st\u00e1hnout ve form\u00e1tu <strong>PDF<\/strong> nebo <strong>Word<\/strong> a p\u0159izp\u016fsobit je sv\u00fdm pot\u0159eb\u00e1m.<\/p>\n\n\n\n<hr class=\"wp-block-separator has-alpha-channel-opacity\"\/>\n\n\n\n<h2 class=\"wp-block-heading\">Pro\u010d se vyplat\u00ed pou\u017e\u00edvat ti\u0161t\u011bn\u00fd kalend\u00e1\u0159<\/h2>\n\n\n\n<p class=\"wp-block-paragraph\">I kdy\u017e dnes v\u011bt\u0161ina lid\u00ed pou\u017e\u00edv\u00e1 digit\u00e1ln\u00ed aplikace, pap\u00edrov\u00fd kalend\u00e1\u0159 m\u00e1 st\u00e1le sv\u00e9 kouzlo i praktick\u00e9 v\u00fdhody:<\/p>\n\n\n\n<ul class=\"wp-block-list\">\n<li>umo\u017e\u0148uje rychl\u00fd vizu\u00e1ln\u00ed p\u0159ehled nad cel\u00fdm m\u011bs\u00edcem<\/li>\n\n\n\n<li>eliminuje rozptylov\u00e1n\u00ed notifikacemi<\/li>\n\n\n\n<li>m\u016f\u017eete jej um\u00edstit na viditeln\u00e9 m\u00edsto a m\u00edt d\u016fle\u017eit\u00e9 \u00fakoly st\u00e1le na o\u010d\u00edch<\/li>\n\n\n\n<li>podporuje lep\u0161\u00ed zapamatov\u00e1n\u00ed d\u00edky ru\u010dn\u00edmu zapisov\u00e1n\u00ed<\/li>\n<\/ul>\n\n\n\n<hr class=\"wp-block-separator has-alpha-channel-opacity\"\/>\n\n\n\n<h2 class=\"wp-block-heading\">Nab\u00eddka \u0161ablon pro b\u0159ezen 2026<\/h2>\n\n\n\n<h3 class=\"wp-block-heading\"><strong>1. Jednoduch\u00fd m\u011bs\u00ed\u010dn\u00ed pl\u00e1nova\u010d<\/strong><\/h3>\n\n\n\n<p class=\"wp-block-paragraph\">Minimalistick\u00e1 \u0161ablona vhodn\u00e1 pro ka\u017edodenn\u00ed pozn\u00e1mky, \u00fakoly a kr\u00e1tk\u00e9 z\u00e1pisy. Ide\u00e1ln\u00ed pro ty, kte\u0159\u00ed preferuj\u00ed \u010dist\u00fd a neru\u0161iv\u00fd design.<\/p>\n\n\n\n<h3 class=\"wp-block-heading\"><strong>2. Kalend\u00e1\u0159 s velk\u00fdmi \u010d\u00edsly<\/strong><\/h3>\n\n\n\n<p class=\"wp-block-paragraph\">Praktick\u00e1 varianta pro u\u017eivatele, kte\u0159\u00ed cht\u011bj\u00ed maxim\u00e1ln\u00ed \u010ditelnost. Zv\u00fdrazn\u011bn\u00e1 data usnad\u0148uj\u00ed rychlou orientaci.<\/p>\n\n\n\n<h3 class=\"wp-block-heading\"><strong>3. Vertik\u00e1ln\u00ed kalend\u00e1\u0159 se sloupci<\/strong><\/h3>\n\n\n\n<p class=\"wp-block-paragraph\">Ka\u017ed\u00fd den m\u00e1 vlastn\u00ed sloupec \u2013 skv\u011bl\u00e9 \u0159e\u0161en\u00ed pro detailn\u00ed pl\u00e1nov\u00e1n\u00ed celodenn\u00edch aktivit.<\/p>\n\n\n\n<h3 class=\"wp-block-heading\"><strong>4. Kalend\u00e1\u0159 s p\u0159edchoz\u00edm a n\u00e1sleduj\u00edc\u00edm m\u011bs\u00edcem<\/strong><\/h3>\n\n\n\n<p class=\"wp-block-paragraph\">U\u017eite\u010dn\u00fd pro ty, kte\u0159\u00ed pl\u00e1nuj\u00ed dlouhodob\u011b a pot\u0159ebuj\u00ed vid\u011bt \u0161ir\u0161\u00ed \u010dasov\u00fd kontext.<\/p>\n\n\n\n<h3 class=\"wp-block-heading\"><strong>5. Barevn\u00fd kalend\u00e1\u0159 na pozn\u00e1mky<\/strong><\/h3>\n\n\n\n<p class=\"wp-block-paragraph\">Vizu\u00e1ln\u011b atraktivn\u00ed \u0161ablona s modern\u00edm designem. Hod\u00ed se pro kreativn\u00ed u\u017eivatele, kte\u0159\u00ed cht\u011bj\u00ed spojit estetiku s prakti\u010dnost\u00ed.<\/p>\n\n\n\n<h3 class=\"wp-block-heading\"><strong>6. Kalend\u00e1\u0159 s vlastn\u00ed fotografi\u00ed<\/strong><\/h3>\n\n\n\n<p class=\"wp-block-paragraph\">Mo\u017enost vlo\u017eit vlastn\u00ed obr\u00e1zek nebo fotografii dod\u00e1 kalend\u00e1\u0159i osobn\u00ed charakter a motivaci.<\/p>\n\n\n\n<h3 class=\"wp-block-heading\"><strong>7. Stylov\u00fd vertik\u00e1ln\u00ed kalend\u00e1\u0159 se vzorem<\/strong><\/h3>\n\n\n\n<p class=\"wp-block-paragraph\">Elegantn\u00ed varianta pro ty, kte\u0159\u00ed hledaj\u00ed kombinaci funk\u010dnosti a dekorativn\u00edho vzhledu.<\/p>\n\n\n\n<h3 class=\"wp-block-heading\"><strong>8. Horizont\u00e1ln\u00ed kalend\u00e1\u0159 s grafick\u00fdmi prvky<\/strong><\/h3>\n\n\n\n<p class=\"wp-block-paragraph\">Vhodn\u00fd pro u\u017eivatele, kte\u0159\u00ed pracuj\u00ed s daty a cht\u011bj\u00ed sledovat trendy, statistiky nebo v\u00fdkonnostn\u00ed ukazatele.<\/p>\n\n\n\n<hr class=\"wp-block-separator has-alpha-channel-opacity\"\/>\n\n\n\n<h2 class=\"wp-block-heading\">Jak si vybrat tu spr\u00e1vnou \u0161ablonu<\/h2>\n\n\n\n<ul class=\"wp-block-list\">\n<li><strong>Pro dynamick\u00fd pracovn\u00ed re\u017eim:<\/strong> vertik\u00e1ln\u00ed kalend\u00e1\u0159 se sloupci<\/li>\n\n\n\n<li><strong>Pro kreativn\u00ed projekty:<\/strong> barevn\u00fd kalend\u00e1\u0159 nebo varianta s vlastn\u00ed fotografi\u00ed<\/li>\n\n\n\n<li><strong>Pro dlouhodob\u00e9 pl\u00e1nov\u00e1n\u00ed:<\/strong> kalend\u00e1\u0159 s p\u0159edchoz\u00edm a n\u00e1sleduj\u00edc\u00edm m\u011bs\u00edcem<\/li>\n\n\n\n<li><strong>Pro tisk a rychl\u00e9 pou\u017eit\u00ed:<\/strong> PDF verze<\/li>\n\n\n\n<li><strong>Pro \u00fapravy a personalizaci:<\/strong> Word verze<\/li>\n<\/ul>\n\n\n\n<hr class=\"wp-block-separator has-alpha-channel-opacity\"\/>\n\n\n\n<h2 class=\"wp-block-heading has-text-align-center\">St\u00e1hn\u011bte si a vytiskn\u011bte kalend\u00e1\u0159 b\u0159ezen 2026<\/h2>\n\n\n\n<div class=\"wp-block-group is-layout-grid wp-container-core-group-is-layout-7d05cc0d wp-block-group-is-layout-grid\">\n<div class=\"wp-block-group has-global-padding is-layout-constrained wp-block-group-is-layout-constrained\">\n<figure class=\"wp-block-image size-full\"><img loading=\"lazy\" decoding=\"async\" width=\"800\" height=\"566\" src=\"https:\/\/kalendare365.eu\/wp-content\/uploads\/2025\/04\/kalendar-brezen-2026-s-velkymi-cisly.webp\" alt=\"\" class=\"wp-image-2554\" srcset=\"https:\/\/kalendare365.eu\/wp-content\/uploads\/2025\/04\/kalendar-brezen-2026-s-velkymi-cisly.webp 800w, https:\/\/kalendare365.eu\/wp-content\/uploads\/2025\/04\/kalendar-brezen-2026-s-velkymi-cisly-300x212.webp 300w, https:\/\/kalendare365.eu\/wp-content\/uploads\/2025\/04\/kalendar-brezen-2026-s-velkymi-cisly-768x543.webp 768w\" sizes=\"auto, (max-width: 800px) 100vw, 800px\" \/><\/figure>\n\n\n\n<p class=\"has-text-align-center wp-block-paragraph\"><a href=\"https:\/\/kalendare365.eu\/wp-content\/uploads\/2025\/04\/kalendar-brezen-2026-s-velkymi-cisly.pdf\" target=\"_blank\" rel=\"noreferrer noopener nofollow\">PDF<\/a> | <a href=\"https:\/\/kalendare365.eu\/wp-content\/uploads\/2025\/04\/kalendar-brezen-2026-s-velkymi-cisly.docx\" target=\"_blank\" rel=\"noreferrer noopener nofollow\">WORD<\/a><\/p>\n<\/div>\n\n\n\n<div class=\"wp-block-group has-global-padding is-layout-constrained wp-block-group-is-layout-constrained\">\n<figure class=\"wp-block-image size-full\"><img loading=\"lazy\" decoding=\"async\" width=\"800\" height=\"566\" src=\"https:\/\/kalendare365.eu\/wp-content\/uploads\/2025\/04\/planovac-kalendare-brezen-2026.webp\" alt=\"\" class=\"wp-image-2550\" srcset=\"https:\/\/kalendare365.eu\/wp-content\/uploads\/2025\/04\/planovac-kalendare-brezen-2026.webp 800w, https:\/\/kalendare365.eu\/wp-content\/uploads\/2025\/04\/planovac-kalendare-brezen-2026-300x212.webp 300w, https:\/\/kalendare365.eu\/wp-content\/uploads\/2025\/04\/planovac-kalendare-brezen-2026-768x543.webp 768w\" sizes=\"auto, (max-width: 800px) 100vw, 800px\" \/><\/figure>\n\n\n\n<p class=\"has-text-align-center wp-block-paragraph\"><a href=\"https:\/\/kalendare365.eu\/wp-content\/uploads\/2025\/04\/planovac-kalendare-brezen-2026.pdf\" target=\"_blank\" rel=\"noreferrer noopener nofollow\">PDF<\/a> | <a href=\"https:\/\/kalendare365.eu\/wp-content\/uploads\/2025\/04\/planovac-kalendare-brezen-2026.docx\" target=\"_blank\" rel=\"noreferrer noopener nofollow\">WORD<\/a><\/p>\n<\/div>\n\n\n\n<div class=\"wp-block-group has-global-padding is-layout-constrained wp-block-group-is-layout-constrained\">\n<figure class=\"wp-block-image size-full\"><img loading=\"lazy\" decoding=\"async\" width=\"800\" height=\"566\" src=\"https:\/\/kalendare365.eu\/wp-content\/uploads\/2025\/04\/kalendar-brezen-2026-s-predchozim-a-pristim-mesicem.webp\" alt=\"\" class=\"wp-image-2562\" srcset=\"https:\/\/kalendare365.eu\/wp-content\/uploads\/2025\/04\/kalendar-brezen-2026-s-predchozim-a-pristim-mesicem.webp 800w, https:\/\/kalendare365.eu\/wp-content\/uploads\/2025\/04\/kalendar-brezen-2026-s-predchozim-a-pristim-mesicem-300x212.webp 300w, https:\/\/kalendare365.eu\/wp-content\/uploads\/2025\/04\/kalendar-brezen-2026-s-predchozim-a-pristim-mesicem-768x543.webp 768w\" sizes=\"auto, (max-width: 800px) 100vw, 800px\" \/><\/figure>\n\n\n\n<p class=\"has-text-align-center wp-block-paragraph\"><a href=\"https:\/\/kalendare365.eu\/wp-content\/uploads\/2025\/04\/kalendar-brezen-2026-s-predchozim-a-pristim-mesicem.pdf\" target=\"_blank\" rel=\"noreferrer noopener nofollow\">PDF<\/a> | <a href=\"https:\/\/kalendare365.eu\/wp-content\/uploads\/2025\/04\/kalendar-brezen-2026-s-predchozim-a-pristim-mesicem.docx\" target=\"_blank\" rel=\"noreferrer noopener nofollow\">WORD<\/a><\/p>\n<\/div>\n\n\n\n<div class=\"wp-block-group has-global-padding is-layout-constrained wp-block-group-is-layout-constrained\">\n<figure class=\"wp-block-image size-large\"><img loading=\"lazy\" decoding=\"async\" width=\"724\" height=\"1024\" src=\"https:\/\/kalendare365.eu\/wp-content\/uploads\/2025\/04\/vertikalni-planovac-kalendare-na-brezen-2026-724x1024.webp\" alt=\"\" class=\"wp-image-2558\" srcset=\"https:\/\/kalendare365.eu\/wp-content\/uploads\/2025\/04\/vertikalni-planovac-kalendare-na-brezen-2026-724x1024.webp 724w, https:\/\/kalendare365.eu\/wp-content\/uploads\/2025\/04\/vertikalni-planovac-kalendare-na-brezen-2026-212x300.webp 212w, https:\/\/kalendare365.eu\/wp-content\/uploads\/2025\/04\/vertikalni-planovac-kalendare-na-brezen-2026-768x1086.webp 768w, https:\/\/kalendare365.eu\/wp-content\/uploads\/2025\/04\/vertikalni-planovac-kalendare-na-brezen-2026.webp 800w\" sizes=\"auto, (max-width: 724px) 100vw, 724px\" \/><\/figure>\n\n\n\n<p class=\"has-text-align-center wp-block-paragraph\"><a href=\"https:\/\/kalendare365.eu\/wp-content\/uploads\/2025\/04\/vertikalni-planovac-kalendare-na-brezen-2026.pdf\" target=\"_blank\" rel=\"noreferrer noopener nofollow\">PDF<\/a> | <a href=\"https:\/\/kalendare365.eu\/wp-content\/uploads\/2025\/04\/vertikalni-planovac-kalendare-na-brezen-2026.docx\" target=\"_blank\" rel=\"noreferrer noopener nofollow\">WORD<\/a><\/p>\n<\/div>\n\n\n\n<div class=\"wp-block-group has-global-padding is-layout-constrained wp-block-group-is-layout-constrained\">\n<figure class=\"wp-block-image size-large\"><img loading=\"lazy\" decoding=\"async\" width=\"724\" height=\"1024\" src=\"https:\/\/kalendare365.eu\/wp-content\/uploads\/2025\/04\/fotokalendar-brezen-2026-724x1024.webp\" alt=\"\" class=\"wp-image-2568\" srcset=\"https:\/\/kalendare365.eu\/wp-content\/uploads\/2025\/04\/fotokalendar-brezen-2026-724x1024.webp 724w, https:\/\/kalendare365.eu\/wp-content\/uploads\/2025\/04\/fotokalendar-brezen-2026-212x300.webp 212w, https:\/\/kalendare365.eu\/wp-content\/uploads\/2025\/04\/fotokalendar-brezen-2026-768x1086.webp 768w, https:\/\/kalendare365.eu\/wp-content\/uploads\/2025\/04\/fotokalendar-brezen-2026.webp 800w\" sizes=\"auto, (max-width: 724px) 100vw, 724px\" \/><\/figure>\n\n\n\n<p class=\"has-text-align-center wp-block-paragraph\"><a href=\"https:\/\/kalendare365.eu\/wp-content\/uploads\/2025\/04\/fotokalendar-brezen-2026.pdf\" target=\"_blank\" rel=\"noreferrer noopener nofollow\">PDF<\/a> | <a href=\"https:\/\/kalendare365.eu\/wp-content\/uploads\/2025\/04\/fotokalendar-brezen-2026.docx\" target=\"_blank\" rel=\"noreferrer noopener nofollow\">WORD<\/a><\/p>\n<\/div>\n\n\n\n<div class=\"wp-block-group has-global-padding is-layout-constrained wp-block-group-is-layout-constrained\">\n<figure class=\"wp-block-image size-large\"><img loading=\"lazy\" decoding=\"async\" width=\"724\" height=\"1024\" src=\"https:\/\/kalendare365.eu\/wp-content\/uploads\/2025\/04\/krasny-planovac-kalendare-brezen-2026-724x1024.webp\" alt=\"\" class=\"wp-image-2571\" srcset=\"https:\/\/kalendare365.eu\/wp-content\/uploads\/2025\/04\/krasny-planovac-kalendare-brezen-2026-724x1024.webp 724w, https:\/\/kalendare365.eu\/wp-content\/uploads\/2025\/04\/krasny-planovac-kalendare-brezen-2026-212x300.webp 212w, https:\/\/kalendare365.eu\/wp-content\/uploads\/2025\/04\/krasny-planovac-kalendare-brezen-2026-768x1086.webp 768w, https:\/\/kalendare365.eu\/wp-content\/uploads\/2025\/04\/krasny-planovac-kalendare-brezen-2026.webp 800w\" sizes=\"auto, (max-width: 724px) 100vw, 724px\" \/><\/figure>\n\n\n\n<p class=\"has-text-align-center wp-block-paragraph\"><a href=\"https:\/\/kalendare365.eu\/wp-content\/uploads\/2025\/04\/krasny-planovac-kalendare-brezen-2026.pdf\" target=\"_blank\" rel=\"noreferrer noopener nofollow\">PDF<\/a> | <a href=\"https:\/\/kalendare365.eu\/wp-content\/uploads\/2025\/04\/krasny-planovac-kalendare-brezen-2026.docx\" target=\"_blank\" rel=\"noreferrer noopener nofollow\">WORD<\/a><\/p>\n<\/div>\n\n\n\n<div class=\"wp-block-group has-global-padding is-layout-constrained wp-block-group-is-layout-constrained\">\n<figure class=\"wp-block-image size-full\"><img loading=\"lazy\" decoding=\"async\" width=\"800\" height=\"566\" src=\"https:\/\/kalendare365.eu\/wp-content\/uploads\/2025\/04\/krasny-kalendar-brezen-2026.webp\" alt=\"\" class=\"wp-image-2565\" srcset=\"https:\/\/kalendare365.eu\/wp-content\/uploads\/2025\/04\/krasny-kalendar-brezen-2026.webp 800w, https:\/\/kalendare365.eu\/wp-content\/uploads\/2025\/04\/krasny-kalendar-brezen-2026-300x212.webp 300w, https:\/\/kalendare365.eu\/wp-content\/uploads\/2025\/04\/krasny-kalendar-brezen-2026-768x543.webp 768w\" sizes=\"auto, (max-width: 800px) 100vw, 800px\" \/><\/figure>\n\n\n\n<p class=\"has-text-align-center wp-block-paragraph\"><a href=\"https:\/\/kalendare365.eu\/wp-content\/uploads\/2025\/04\/krasny-kalendar-brezen-2026.pdf\" target=\"_blank\" rel=\"noreferrer noopener nofollow\">PDF<\/a> | <a href=\"https:\/\/kalendare365.eu\/wp-content\/uploads\/2025\/04\/krasny-kalendar-brezen-2026.docx\" target=\"_blank\" rel=\"noreferrer noopener nofollow\">WORD<\/a><\/p>\n<\/div>\n\n\n\n<div class=\"wp-block-group has-global-padding is-layout-constrained wp-block-group-is-layout-constrained\">\n<figure class=\"wp-block-image size-full\"><img loading=\"lazy\" decoding=\"async\" width=\"800\" height=\"566\" src=\"https:\/\/kalendare365.eu\/wp-content\/uploads\/2025\/04\/kalendar-brezen-2026-s-poznamkami.webp\" alt=\"\" class=\"wp-image-2574\" srcset=\"https:\/\/kalendare365.eu\/wp-content\/uploads\/2025\/04\/kalendar-brezen-2026-s-poznamkami.webp 800w, https:\/\/kalendare365.eu\/wp-content\/uploads\/2025\/04\/kalendar-brezen-2026-s-poznamkami-300x212.webp 300w, https:\/\/kalendare365.eu\/wp-content\/uploads\/2025\/04\/kalendar-brezen-2026-s-poznamkami-768x543.webp 768w\" sizes=\"auto, (max-width: 800px) 100vw, 800px\" \/><\/figure>\n\n\n\n<p class=\"has-text-align-center wp-block-paragraph\"><a href=\"https:\/\/kalendare365.eu\/wp-content\/uploads\/2025\/04\/kalendar-brezen-2026-s-poznamkami.pdf\" target=\"_blank\" rel=\"noreferrer noopener nofollow\">PDF<\/a> | <a href=\"https:\/\/kalendare365.eu\/wp-content\/uploads\/2025\/04\/kalendar-brezen-2026-s-poznamkami.docx\" target=\"_blank\" rel=\"noreferrer noopener nofollow\">WORD<\/a><\/p>\n<\/div>\n<\/div>\n\n\n\n<h2 class=\"wp-block-heading\">Z\u00e1v\u011br<\/h2>\n\n\n\n<p class=\"wp-block-paragraph\">Kalend\u00e1\u0159 na b\u0159ezen 2026 v\u00e1m m\u016f\u017ee v\u00fdrazn\u011b usnadnit organizaci \u010dasu \u2013 a\u0165 u\u017e preferujete jednoduchost, kreativn\u00ed vzhled nebo detailn\u00ed pl\u00e1nov\u00e1n\u00ed. Vyberte si \u0161ablonu, kter\u00e1 nejl\u00e9pe odpov\u00edd\u00e1 va\u0161emu stylu, st\u00e1hn\u011bte si ji a za\u010dn\u011bte pl\u00e1novat efektivn\u011bji. Dob\u0159e strukturovan\u00fd m\u011bs\u00edc znamen\u00e1 m\u00e9n\u011b stresu a v\u00edce prostoru pro to, na \u010dem skute\u010dn\u011b z\u00e1le\u017e\u00ed.<\/p>\n","protected":false},"excerpt":{"rendered":"<p>B\u0159ezen je m\u011bs\u00edcem, kdy se pomalu probouz\u00ed jaro a s\u202fn\u00edm i nov\u00e9 pl\u00e1ny, projekty a povinnosti. Pr\u00e1v\u011b proto se vyplat\u00ed m\u00edt po ruce kalend\u00e1\u0159, kter\u00fd v\u00e1m pom\u016f\u017ee udr\u017eet si po\u0159\u00e1dek v\u202f\u010dase a l\u00e9pe si zorganizovat pracovn\u00ed i osobn\u00ed \u017eivot. P\u0159ipravili jsme pro v\u00e1s r\u016fzn\u00e9 \u0161ablony kalend\u00e1\u0159e na b\u0159ezen 2026, kter\u00e9 si m\u016f\u017eete st\u00e1hnout ve form\u00e1tu [&hellip;]<\/p>\n","protected":false},"author":1,"featured_media":0,"comment_status":"open","ping_status":"closed","sticky":false,"template":"","format":"standard","meta":{"footnotes":""},"categories":[7],"tags":[33],"class_list":["post-2549","post","type-post","status-publish","format-standard","hentry","category-brezen","tag-33"],"_links":{"self":[{"href":"https:\/\/kalendare365.eu\/index.php?rest_route=\/wp\/v2\/posts\/2549","targetHints":{"allow":["GET"]}}],"collection":[{"href":"https:\/\/kalendare365.eu\/index.php?rest_route=\/wp\/v2\/posts"}],"about":[{"href":"https:\/\/kalendare365.eu\/index.php?rest_route=\/wp\/v2\/types\/post"}],"author":[{"embeddable":true,"href":"https:\/\/kalendare365.eu\/index.php?rest_route=\/wp\/v2\/users\/1"}],"replies":[{"embeddable":true,"href":"https:\/\/kalendare365.eu\/index.php?rest_route=%2Fwp%2Fv2%2Fcomments&post=2549"}],"version-history":[{"count":4,"href":"https:\/\/kalendare365.eu\/index.php?rest_route=\/wp\/v2\/posts\/2549\/revisions"}],"predecessor-version":[{"id":3518,"href":"https:\/\/kalendare365.eu\/index.php?rest_route=\/wp\/v2\/posts\/2549\/revisions\/3518"}],"wp:attachment":[{"href":"https:\/\/kalendare365.eu\/index.php?rest_route=%2Fwp%2Fv2%2Fmedia&parent=2549"}],"wp:term":[{"taxonomy":"category","embeddable":true,"href":"https:\/\/kalendare365.eu\/index.php?rest_route=%2Fwp%2Fv2%2Fcategories&post=2549"},{"taxonomy":"post_tag","embeddable":true,"href":"https:\/\/kalendare365.eu\/index.php?rest_route=%2Fwp%2Fv2%2Ftags&post=2549"}],"curies":[{"name":"wp","href":"https:\/\/api.w.org\/{rel}","templated":true}]}}