{"id":2579,"date":"2025-04-22T12:09:16","date_gmt":"2025-04-22T09:09:16","guid":{"rendered":"https:\/\/kalendare365.eu\/?p=2579"},"modified":"2026-03-26T13:23:59","modified_gmt":"2026-03-26T10:23:59","slug":"kalendar-duben-2026","status":"publish","type":"post","link":"https:\/\/kalendare365.eu\/?p=2579","title":{"rendered":"Kalend\u00e1\u0159 duben 2026"},"content":{"rendered":"\n<p class=\"wp-block-paragraph\">Pl\u00e1nov\u00e1n\u00ed povinnost\u00ed i voln\u00e9ho \u010dasu je mnohem jednodu\u0161\u0161\u00ed, kdy\u017e m\u00e1 \u010dlov\u011bk po ruce jasn\u00fd a p\u0159ehledn\u00fd kalend\u00e1\u0159. Duben 2026 p\u0159in\u00e1\u0161\u00ed \u0159adu p\u0159\u00edle\u017eitost\u00ed, sv\u00e1tk\u016f i pracovn\u00edch v\u00fdzev, a proto se vyplat\u00ed m\u00edt po ruce n\u00e1stroj, kter\u00fd v\u00e1m pom\u016f\u017ee udr\u017eet si po\u0159\u00e1dek v ka\u017edodenn\u00edch \u00fakolech. P\u0159ipravili jsme proto v\u00fdb\u011br r\u016fzn\u00fdch \u0161ablon kalend\u00e1\u0159\u016f, kter\u00e9 si m\u016f\u017eete zdarma st\u00e1hnout a vytisknout \u2013 a p\u0159izp\u016fsobit p\u0159esn\u011b podle sv\u00fdch pot\u0159eb.<\/p>\n\n\n\n<hr class=\"wp-block-separator has-alpha-channel-opacity\"\/>\n\n\n\n<h2 class=\"wp-block-heading\">Pro\u010d zvolit ti\u0161t\u011bn\u00fd kalend\u00e1\u0159<\/h2>\n\n\n\n<p class=\"wp-block-paragraph\">A\u010dkoli digit\u00e1ln\u00ed aplikace dnes pou\u017e\u00edv\u00e1 t\u00e9m\u011b\u0159 ka\u017ed\u00fd, pap\u00edrov\u00fd kalend\u00e1\u0159 m\u00e1 st\u00e1le sv\u00e9 jedine\u010dn\u00e9 v\u00fdhody:<\/p>\n\n\n\n<ul class=\"wp-block-list\">\n<li><strong>P\u0159ehlednost na prvn\u00ed pohled<\/strong> \u2013 vid\u00edte cel\u00fd m\u011bs\u00edc najednou, bez p\u0159ep\u00edn\u00e1n\u00ed mezi obrazovkami.<\/li>\n\n\n\n<li><strong>Vizu\u00e1ln\u00ed p\u0159ipom\u00ednka<\/strong> \u2013 kalend\u00e1\u0159 na stole nebo na zdi v\u00e1s ka\u017ed\u00fd den motivuje dr\u017eet se pl\u00e1n\u016f.<\/li>\n\n\n\n<li><strong>Mo\u017enost osobn\u00edch pozn\u00e1mek<\/strong> \u2013 rychl\u00e9 z\u00e1pisky, zv\u00fdrazn\u011bn\u00ed, barvy \u010di n\u00e1lepky dodaj\u00ed pl\u00e1nov\u00e1n\u00ed osobn\u00ed styl.<\/li>\n<\/ul>\n\n\n\n<p class=\"wp-block-paragraph\">Ti\u0161t\u011bn\u00fd kalend\u00e1\u0159 je tak ide\u00e1ln\u00ed volbou pro ty, kte\u0159\u00ed cht\u011bj\u00ed kombinovat jednoduchost, prakti\u010dnost a vizu\u00e1ln\u00ed p\u0159ehled.<\/p>\n\n\n\n<hr class=\"wp-block-separator has-alpha-channel-opacity\"\/>\n\n\n\n<h2 class=\"wp-block-heading\">Nab\u00eddka \u0161ablon pro duben 2026<\/h2>\n\n\n\n<p class=\"wp-block-paragraph\">P\u0159ipravili jsme n\u011bkolik typ\u016f kalend\u00e1\u0159\u016f, aby si ka\u017ed\u00fd mohl vybrat ten, kter\u00fd mu nejl\u00e9pe vyhovuje:<\/p>\n\n\n\n<h3 class=\"wp-block-heading\">\u2714\ufe0f Jednoduch\u00fd m\u011bs\u00ed\u010dn\u00ed pl\u00e1nova\u010d<\/h3>\n\n\n\n<p class=\"wp-block-paragraph\">Minimalistick\u00fd design vhodn\u00fd pro ka\u017edodenn\u00ed \u00fakoly bez ru\u0161iv\u00fdch prvk\u016f.<\/p>\n\n\n\n<h3 class=\"wp-block-heading\">\u2714\ufe0f Kalend\u00e1\u0159 s velk\u00fdmi \u010d\u00edsly<\/h3>\n\n\n\n<p class=\"wp-block-paragraph\">Ide\u00e1ln\u00ed pro ty, kte\u0159\u00ed ocen\u00ed maxim\u00e1ln\u00ed \u010ditelnost a rychlou orientaci v datech.<\/p>\n\n\n\n<h3 class=\"wp-block-heading\">\u2714\ufe0f Vertik\u00e1ln\u00ed kalend\u00e1\u0159 se sloupci<\/h3>\n\n\n\n<p class=\"wp-block-paragraph\">Ka\u017ed\u00fd den m\u00e1 vlastn\u00ed sloupec \u2013 skv\u011bl\u00e9 pro detailn\u00ed pl\u00e1nov\u00e1n\u00ed aktivit.<\/p>\n\n\n\n<h3 class=\"wp-block-heading\">\u2714\ufe0f Kalend\u00e1\u0159 s p\u0159edchoz\u00edm a n\u00e1sleduj\u00edc\u00edm m\u011bs\u00edcem<\/h3>\n\n\n\n<p class=\"wp-block-paragraph\">U\u017eite\u010dn\u00fd pro ty, kte\u0159\u00ed pot\u0159ebuj\u00ed \u0161ir\u0161\u00ed \u010dasov\u00fd kontext.<\/p>\n\n\n\n<h3 class=\"wp-block-heading\">\u2714\ufe0f Barevn\u00fd kalend\u00e1\u0159 na pozn\u00e1mky<\/h3>\n\n\n\n<p class=\"wp-block-paragraph\">Vhodn\u00fd pro kreativn\u00ed u\u017eivatele, kte\u0159\u00ed maj\u00ed r\u00e1di vizu\u00e1ln\u011b atraktivn\u00ed pl\u00e1nov\u00e1n\u00ed.<\/p>\n\n\n\n<h3 class=\"wp-block-heading\">\u2714\ufe0f \u0160ablona s vlastn\u00edm obr\u00e1zkem<\/h3>\n\n\n\n<p class=\"wp-block-paragraph\">Mo\u017enost vlo\u017eit vlastn\u00ed fotografii a vytvo\u0159it si tak osobn\u00ed kalend\u00e1\u0159.<\/p>\n\n\n\n<h3 class=\"wp-block-heading\">\u2714\ufe0f Stylov\u00fd vertik\u00e1ln\u00ed kalend\u00e1\u0159 se vzorem<\/h3>\n\n\n\n<p class=\"wp-block-paragraph\">Elegantn\u00ed varianta pro milovn\u00edky designu.<\/p>\n\n\n\n<h3 class=\"wp-block-heading\">\u2714\ufe0f Horizont\u00e1ln\u00ed kalend\u00e1\u0159 s grafick\u00fdmi prvky<\/h3>\n\n\n\n<p class=\"wp-block-paragraph\">Praktick\u00fd pro sledov\u00e1n\u00ed trend\u016f, statistik nebo pracovn\u00edch v\u00fdsledk\u016f.<\/p>\n\n\n\n<hr class=\"wp-block-separator has-alpha-channel-opacity\"\/>\n\n\n\n<h2 class=\"wp-block-heading\">Jak vybrat tu spr\u00e1vnou \u0161ablonu<\/h2>\n\n\n\n<p class=\"wp-block-paragraph\">P\u0159i v\u00fdb\u011bru kalend\u00e1\u0159e zva\u017ete:<\/p>\n\n\n\n<ul class=\"wp-block-list\">\n<li><strong>Jak moc detailn\u00ed pl\u00e1nov\u00e1n\u00ed pot\u0159ebujete<\/strong> \u2013 sta\u010d\u00ed p\u0159ehled, nebo zapisujete ka\u017ed\u00fd \u00fakol?<\/li>\n\n\n\n<li><strong>Preferovan\u00fd styl<\/strong> \u2013 minimalistick\u00fd, barevn\u00fd, nebo elegantn\u00ed?<\/li>\n\n\n\n<li><strong>Form\u00e1t<\/strong> \u2013 PDF pro tisk, nebo Word, pokud chcete kalend\u00e1\u0159 upravovat?<\/li>\n\n\n\n<li><strong>Pot\u0159ebu \u0161ir\u0161\u00edho kontextu<\/strong> \u2013 hod\u00ed se v\u00e1m vid\u011bt i okoln\u00ed m\u011bs\u00edce?<\/li>\n<\/ul>\n\n\n\n<p class=\"wp-block-paragraph\">D\u00edky \u0161irok\u00e9 nab\u00eddce si m\u016f\u017eete vybrat p\u0159esn\u011b takov\u00fd form\u00e1t, kter\u00fd odpov\u00edd\u00e1 va\u0161emu pracovn\u00edmu rytmu i osobn\u00edmu stylu.<\/p>\n\n\n\n<hr class=\"wp-block-separator has-alpha-channel-opacity\"\/>\n\n\n\n<h2 class=\"wp-block-heading has-text-align-center\">St\u00e1hn\u011bte si a vytiskn\u011bte kalend\u00e1\u0159 na duben 2026<\/h2>\n\n\n\n<div class=\"wp-block-group is-layout-grid wp-container-core-group-is-layout-7d05cc0d wp-block-group-is-layout-grid\">\n<div class=\"wp-block-group has-global-padding is-layout-constrained wp-block-group-is-layout-constrained\">\n<figure class=\"wp-block-image size-full\"><img loading=\"lazy\" decoding=\"async\" width=\"800\" height=\"566\" src=\"https:\/\/kalendare365.eu\/wp-content\/uploads\/2025\/04\/planovac-kalendare-duben-2026.webp\" alt=\"\" class=\"wp-image-2580\" srcset=\"https:\/\/kalendare365.eu\/wp-content\/uploads\/2025\/04\/planovac-kalendare-duben-2026.webp 800w, https:\/\/kalendare365.eu\/wp-content\/uploads\/2025\/04\/planovac-kalendare-duben-2026-300x212.webp 300w, https:\/\/kalendare365.eu\/wp-content\/uploads\/2025\/04\/planovac-kalendare-duben-2026-768x543.webp 768w\" sizes=\"auto, (max-width: 800px) 100vw, 800px\" \/><\/figure>\n\n\n\n<p class=\"has-text-align-center wp-block-paragraph\"><a href=\"https:\/\/kalendare365.eu\/wp-content\/uploads\/2025\/04\/planovac-kalendare-duben-2026.pdf\" target=\"_blank\" rel=\"noreferrer noopener nofollow\">PDF<\/a> | <a href=\"https:\/\/kalendare365.eu\/wp-content\/uploads\/2025\/04\/planovac-kalendare-duben-2026.docx\" target=\"_blank\" rel=\"noreferrer noopener nofollow\">WORD<\/a><\/p>\n<\/div>\n\n\n\n<div class=\"wp-block-group has-global-padding is-layout-constrained wp-block-group-is-layout-constrained\">\n<figure class=\"wp-block-image size-full\"><img loading=\"lazy\" decoding=\"async\" width=\"800\" height=\"566\" src=\"https:\/\/kalendare365.eu\/wp-content\/uploads\/2025\/04\/kalendar-duben-2026-s-velkymi-cisly.webp\" alt=\"\" class=\"wp-image-2583\" srcset=\"https:\/\/kalendare365.eu\/wp-content\/uploads\/2025\/04\/kalendar-duben-2026-s-velkymi-cisly.webp 800w, https:\/\/kalendare365.eu\/wp-content\/uploads\/2025\/04\/kalendar-duben-2026-s-velkymi-cisly-300x212.webp 300w, https:\/\/kalendare365.eu\/wp-content\/uploads\/2025\/04\/kalendar-duben-2026-s-velkymi-cisly-768x543.webp 768w\" sizes=\"auto, (max-width: 800px) 100vw, 800px\" \/><\/figure>\n\n\n\n<p class=\"has-text-align-center wp-block-paragraph\"><a href=\"https:\/\/kalendare365.eu\/wp-content\/uploads\/2025\/04\/kalendar-duben-2026-s-velkymi-cisly.pdf\" target=\"_blank\" rel=\"noreferrer noopener nofollow\">PDF<\/a> | <a href=\"https:\/\/kalendare365.eu\/wp-content\/uploads\/2025\/04\/kalendar-duben-2026-s-velkymi-cisly.docx\" target=\"_blank\" rel=\"noreferrer noopener nofollow\">WORD<\/a><\/p>\n<\/div>\n\n\n\n<div class=\"wp-block-group has-global-padding is-layout-constrained wp-block-group-is-layout-constrained\">\n<figure class=\"wp-block-image size-full\"><img loading=\"lazy\" decoding=\"async\" width=\"800\" height=\"566\" src=\"https:\/\/kalendare365.eu\/wp-content\/uploads\/2025\/04\/kalendar-duben-2026-s-predchozim-a-pristim-mesicem.webp\" alt=\"\" class=\"wp-image-2590\" srcset=\"https:\/\/kalendare365.eu\/wp-content\/uploads\/2025\/04\/kalendar-duben-2026-s-predchozim-a-pristim-mesicem.webp 800w, https:\/\/kalendare365.eu\/wp-content\/uploads\/2025\/04\/kalendar-duben-2026-s-predchozim-a-pristim-mesicem-300x212.webp 300w, https:\/\/kalendare365.eu\/wp-content\/uploads\/2025\/04\/kalendar-duben-2026-s-predchozim-a-pristim-mesicem-768x543.webp 768w\" sizes=\"auto, (max-width: 800px) 100vw, 800px\" \/><\/figure>\n\n\n\n<p class=\"has-text-align-center wp-block-paragraph\"><a href=\"https:\/\/kalendare365.eu\/wp-content\/uploads\/2025\/04\/kalendar-duben-2026-s-predchozim-a-pristim-mesicem.pdf\" target=\"_blank\" rel=\"noreferrer noopener nofollow\">PDF<\/a> | <a href=\"https:\/\/kalendare365.eu\/wp-content\/uploads\/2025\/04\/kalendar-duben-2026-s-predchozim-a-pristim-mesicem.docx\" target=\"_blank\" rel=\"noreferrer noopener nofollow\">WORD<\/a><\/p>\n<\/div>\n\n\n\n<div class=\"wp-block-group has-global-padding is-layout-constrained wp-block-group-is-layout-constrained\">\n<figure class=\"wp-block-image size-large\"><img loading=\"lazy\" decoding=\"async\" width=\"724\" height=\"1024\" src=\"https:\/\/kalendare365.eu\/wp-content\/uploads\/2025\/04\/vertikalni-planovac-kalendare-na-duben-2026-724x1024.webp\" alt=\"\" class=\"wp-image-2586\" srcset=\"https:\/\/kalendare365.eu\/wp-content\/uploads\/2025\/04\/vertikalni-planovac-kalendare-na-duben-2026-724x1024.webp 724w, https:\/\/kalendare365.eu\/wp-content\/uploads\/2025\/04\/vertikalni-planovac-kalendare-na-duben-2026-212x300.webp 212w, https:\/\/kalendare365.eu\/wp-content\/uploads\/2025\/04\/vertikalni-planovac-kalendare-na-duben-2026-768x1086.webp 768w, https:\/\/kalendare365.eu\/wp-content\/uploads\/2025\/04\/vertikalni-planovac-kalendare-na-duben-2026.webp 800w\" sizes=\"auto, (max-width: 724px) 100vw, 724px\" \/><\/figure>\n\n\n\n<p class=\"has-text-align-center wp-block-paragraph\"><a href=\"https:\/\/kalendare365.eu\/wp-content\/uploads\/2025\/04\/vertikalni-planovac-kalendare-na-duben-2026.pdf\" target=\"_blank\" rel=\"noreferrer noopener nofollow\">PDF<\/a> | <a href=\"https:\/\/kalendare365.eu\/wp-content\/uploads\/2025\/04\/vertikalni-planovac-kalendare-na-duben-2026.docx\" target=\"_blank\" rel=\"noreferrer noopener nofollow\">WORD<\/a><\/p>\n<\/div>\n\n\n\n<div class=\"wp-block-group has-global-padding is-layout-constrained wp-block-group-is-layout-constrained\">\n<figure class=\"wp-block-image size-large\"><img loading=\"lazy\" decoding=\"async\" width=\"724\" height=\"1024\" src=\"https:\/\/kalendare365.eu\/wp-content\/uploads\/2025\/04\/fotokalendar-duben-2026-724x1024.webp\" alt=\"\" class=\"wp-image-2596\" srcset=\"https:\/\/kalendare365.eu\/wp-content\/uploads\/2025\/04\/fotokalendar-duben-2026-724x1024.webp 724w, https:\/\/kalendare365.eu\/wp-content\/uploads\/2025\/04\/fotokalendar-duben-2026-212x300.webp 212w, https:\/\/kalendare365.eu\/wp-content\/uploads\/2025\/04\/fotokalendar-duben-2026-768x1086.webp 768w, https:\/\/kalendare365.eu\/wp-content\/uploads\/2025\/04\/fotokalendar-duben-2026.webp 800w\" sizes=\"auto, (max-width: 724px) 100vw, 724px\" \/><\/figure>\n\n\n\n<p class=\"has-text-align-center wp-block-paragraph\"><a href=\"https:\/\/kalendare365.eu\/wp-content\/uploads\/2025\/04\/fotokalendar-duben-2026.pdf\" target=\"_blank\" rel=\"noreferrer noopener nofollow\">PDF<\/a> | <a href=\"https:\/\/kalendare365.eu\/wp-content\/uploads\/2025\/04\/fotokalendar-duben-2026.docx\" target=\"_blank\" rel=\"noreferrer noopener nofollow\">WORD<\/a><\/p>\n<\/div>\n\n\n\n<div class=\"wp-block-group has-global-padding is-layout-constrained wp-block-group-is-layout-constrained\">\n<figure class=\"wp-block-image size-large\"><img loading=\"lazy\" decoding=\"async\" width=\"724\" height=\"1024\" src=\"https:\/\/kalendare365.eu\/wp-content\/uploads\/2025\/04\/krasny-planovac-kalendare-duben-2026-724x1024.webp\" alt=\"\" class=\"wp-image-2599\" srcset=\"https:\/\/kalendare365.eu\/wp-content\/uploads\/2025\/04\/krasny-planovac-kalendare-duben-2026-724x1024.webp 724w, https:\/\/kalendare365.eu\/wp-content\/uploads\/2025\/04\/krasny-planovac-kalendare-duben-2026-212x300.webp 212w, https:\/\/kalendare365.eu\/wp-content\/uploads\/2025\/04\/krasny-planovac-kalendare-duben-2026-768x1086.webp 768w, https:\/\/kalendare365.eu\/wp-content\/uploads\/2025\/04\/krasny-planovac-kalendare-duben-2026.webp 800w\" sizes=\"auto, (max-width: 724px) 100vw, 724px\" \/><\/figure>\n\n\n\n<p class=\"has-text-align-center wp-block-paragraph\"><a href=\"https:\/\/kalendare365.eu\/wp-content\/uploads\/2025\/04\/krasny-planovac-kalendare-duben-2026.pdf\" target=\"_blank\" rel=\"noreferrer noopener nofollow\">PDF<\/a> | <a href=\"https:\/\/kalendare365.eu\/wp-content\/uploads\/2025\/04\/krasny-planovac-kalendare-duben-2026.docx\" target=\"_blank\" rel=\"noreferrer noopener nofollow\">WORD<\/a><\/p>\n<\/div>\n\n\n\n<div class=\"wp-block-group has-global-padding is-layout-constrained wp-block-group-is-layout-constrained\">\n<figure class=\"wp-block-image size-full\"><img loading=\"lazy\" decoding=\"async\" width=\"800\" height=\"566\" src=\"https:\/\/kalendare365.eu\/wp-content\/uploads\/2025\/04\/krasny-kalendar-duben-2026.webp\" alt=\"\" class=\"wp-image-2593\" srcset=\"https:\/\/kalendare365.eu\/wp-content\/uploads\/2025\/04\/krasny-kalendar-duben-2026.webp 800w, https:\/\/kalendare365.eu\/wp-content\/uploads\/2025\/04\/krasny-kalendar-duben-2026-300x212.webp 300w, https:\/\/kalendare365.eu\/wp-content\/uploads\/2025\/04\/krasny-kalendar-duben-2026-768x543.webp 768w\" sizes=\"auto, (max-width: 800px) 100vw, 800px\" \/><\/figure>\n\n\n\n<p class=\"has-text-align-center wp-block-paragraph\"><a href=\"https:\/\/kalendare365.eu\/wp-content\/uploads\/2025\/04\/krasny-kalendar-duben-2026.pdf\" target=\"_blank\" rel=\"noreferrer noopener nofollow\">PDF<\/a> | <a href=\"https:\/\/kalendare365.eu\/wp-content\/uploads\/2025\/04\/krasny-kalendar-duben-2026.docx\" target=\"_blank\" rel=\"noreferrer noopener nofollow\">WORD<\/a><\/p>\n<\/div>\n\n\n\n<div class=\"wp-block-group has-global-padding is-layout-constrained wp-block-group-is-layout-constrained\">\n<figure class=\"wp-block-image size-full\"><img loading=\"lazy\" decoding=\"async\" width=\"800\" height=\"566\" src=\"https:\/\/kalendare365.eu\/wp-content\/uploads\/2025\/04\/kalendar-duben-2026-s-poznamkami.webp\" alt=\"\" class=\"wp-image-2604\" srcset=\"https:\/\/kalendare365.eu\/wp-content\/uploads\/2025\/04\/kalendar-duben-2026-s-poznamkami.webp 800w, https:\/\/kalendare365.eu\/wp-content\/uploads\/2025\/04\/kalendar-duben-2026-s-poznamkami-300x212.webp 300w, https:\/\/kalendare365.eu\/wp-content\/uploads\/2025\/04\/kalendar-duben-2026-s-poznamkami-768x543.webp 768w\" sizes=\"auto, (max-width: 800px) 100vw, 800px\" \/><\/figure>\n\n\n\n<p class=\"has-text-align-center wp-block-paragraph\"><a href=\"https:\/\/kalendare365.eu\/wp-content\/uploads\/2025\/04\/kalendar-duben-2026-s-poznamkami.pdf\" target=\"_blank\" rel=\"noreferrer noopener nofollow\">PDF<\/a> | <a href=\"https:\/\/kalendare365.eu\/wp-content\/uploads\/2025\/04\/kalendar-duben-2026-s-poznamkami.docx\" target=\"_blank\" rel=\"noreferrer noopener nofollow\">WORD<\/a><\/p>\n<\/div>\n<\/div>\n\n\n\n<h2 class=\"wp-block-heading\">Z\u00e1v\u011br<\/h2>\n\n\n\n<p class=\"wp-block-paragraph\">Kalend\u00e1\u0159 na duben 2026 je praktick\u00fdm pomocn\u00edkem, kter\u00fd v\u00e1m pom\u016f\u017ee l\u00e9pe organizovat \u010das, pl\u00e1novat \u00fakoly a udr\u017eet si p\u0159ehled o d\u016fle\u017eit\u00fdch ud\u00e1lostech. A\u0165 u\u017e preferujete jednoduch\u00fd design, kreativn\u00ed barevn\u00e9 proveden\u00ed nebo mo\u017enost vlo\u017eit vlastn\u00ed fotografii, najdete zde \u0161ablonu, kter\u00e1 v\u00e1m bude vyhovovat. Sta\u010d\u00ed si ji st\u00e1hnout, vytisknout a za\u010d\u00edt pl\u00e1novat s v\u011bt\u0161\u00ed lehkost\u00ed a p\u0159ehledem.<\/p>\n","protected":false},"excerpt":{"rendered":"<p>Pl\u00e1nov\u00e1n\u00ed povinnost\u00ed i voln\u00e9ho \u010dasu je mnohem jednodu\u0161\u0161\u00ed, kdy\u017e m\u00e1 \u010dlov\u011bk po ruce jasn\u00fd a p\u0159ehledn\u00fd kalend\u00e1\u0159. Duben 2026 p\u0159in\u00e1\u0161\u00ed \u0159adu p\u0159\u00edle\u017eitost\u00ed, sv\u00e1tk\u016f i pracovn\u00edch v\u00fdzev, a proto se vyplat\u00ed m\u00edt po ruce n\u00e1stroj, kter\u00fd v\u00e1m pom\u016f\u017ee udr\u017eet si po\u0159\u00e1dek v ka\u017edodenn\u00edch \u00fakolech. P\u0159ipravili jsme proto v\u00fdb\u011br r\u016fzn\u00fdch \u0161ablon kalend\u00e1\u0159\u016f, kter\u00e9 si m\u016f\u017eete zdarma st\u00e1hnout [&hellip;]<\/p>\n","protected":false},"author":1,"featured_media":0,"comment_status":"open","ping_status":"closed","sticky":false,"template":"","format":"standard","meta":{"footnotes":""},"categories":[8],"tags":[33],"class_list":["post-2579","post","type-post","status-publish","format-standard","hentry","category-duben","tag-33"],"_links":{"self":[{"href":"https:\/\/kalendare365.eu\/index.php?rest_route=\/wp\/v2\/posts\/2579","targetHints":{"allow":["GET"]}}],"collection":[{"href":"https:\/\/kalendare365.eu\/index.php?rest_route=\/wp\/v2\/posts"}],"about":[{"href":"https:\/\/kalendare365.eu\/index.php?rest_route=\/wp\/v2\/types\/post"}],"author":[{"embeddable":true,"href":"https:\/\/kalendare365.eu\/index.php?rest_route=\/wp\/v2\/users\/1"}],"replies":[{"embeddable":true,"href":"https:\/\/kalendare365.eu\/index.php?rest_route=%2Fwp%2Fv2%2Fcomments&post=2579"}],"version-history":[{"count":4,"href":"https:\/\/kalendare365.eu\/index.php?rest_route=\/wp\/v2\/posts\/2579\/revisions"}],"predecessor-version":[{"id":3519,"href":"https:\/\/kalendare365.eu\/index.php?rest_route=\/wp\/v2\/posts\/2579\/revisions\/3519"}],"wp:attachment":[{"href":"https:\/\/kalendare365.eu\/index.php?rest_route=%2Fwp%2Fv2%2Fmedia&parent=2579"}],"wp:term":[{"taxonomy":"category","embeddable":true,"href":"https:\/\/kalendare365.eu\/index.php?rest_route=%2Fwp%2Fv2%2Fcategories&post=2579"},{"taxonomy":"post_tag","embeddable":true,"href":"https:\/\/kalendare365.eu\/index.php?rest_route=%2Fwp%2Fv2%2Ftags&post=2579"}],"curies":[{"name":"wp","href":"https:\/\/api.w.org\/{rel}","templated":true}]}}