{"id":2610,"date":"2025-04-22T12:41:30","date_gmt":"2025-04-22T09:41:30","guid":{"rendered":"https:\/\/kalendare365.eu\/?p=2610"},"modified":"2026-04-09T11:24:15","modified_gmt":"2026-04-09T08:24:15","slug":"kalendar-kveten-2025","status":"publish","type":"post","link":"https:\/\/kalendare365.eu\/?p=2610","title":{"rendered":"Kalend\u00e1\u0159 kv\u011bten 2026"},"content":{"rendered":"\n<p class=\"wp-block-paragraph\">Kv\u011bten 2026 p\u0159in\u00e1\u0161\u00ed nejen sv\u011b\u017e\u00ed jarn\u00ed atmosf\u00e9ru, ale tak\u00e9 ide\u00e1ln\u00ed p\u0159\u00edle\u017eitost zorganizovat si \u010das efektivn\u011bji a s v\u011bt\u0161\u00edm p\u0159ehledem. Praktick\u00fd m\u011bs\u00ed\u010dn\u00ed kalend\u00e1\u0159 v\u00e1m m\u016f\u017ee v\u00fdrazn\u011b usnadnit pl\u00e1nov\u00e1n\u00ed pracovn\u00edch povinnost\u00ed, rodinn\u00fdch aktivit i osobn\u00edch c\u00edl\u016f. Na t\u00e9to str\u00e1nce najdete \u0161irokou nab\u00eddku \u0161ablon ke sta\u017een\u00ed, kter\u00e9 si m\u016f\u017eete vytisknout nebo upravit podle vlastn\u00edch pot\u0159eb.<\/p>\n\n\n\n<hr class=\"wp-block-separator has-alpha-channel-opacity\"\/>\n\n\n\n<h3 class=\"wp-block-heading\"><strong>Kalend\u00e1\u0159 na kv\u011bten 2026 \u2013 p\u0159ehled mo\u017enost\u00ed<\/strong><\/h3>\n\n\n\n<p class=\"wp-block-paragraph\">Kalend\u00e1\u0159 na kv\u011bten 2026 je dostupn\u00fd v n\u011bkolika variant\u00e1ch, aby si ka\u017ed\u00fd mohl vybrat form\u00e1t, kter\u00fd mu nejl\u00e9pe vyhovuje. Najdete zde jednoduch\u00e9 m\u011bs\u00ed\u010dn\u00ed p\u0159ehledy, kalend\u00e1\u0159e s velk\u00fdmi \u010d\u00edsly pro snadnou orientaci, vertik\u00e1ln\u00ed pl\u00e1nova\u010de se sloupci pro jednotliv\u00e9 dny i \u0161ablony zobrazuj\u00edc\u00ed p\u0159edchoz\u00ed a n\u00e1sleduj\u00edc\u00ed m\u011bs\u00edc.<\/p>\n\n\n\n<p class=\"wp-block-paragraph\">Pro ty, kdo cht\u011bj\u00ed v\u00edce prostoru pro pozn\u00e1mky, jsou p\u0159ipraveny \u0161ablony s roz\u0161\u00ed\u0159en\u00fdmi poli pro zapisov\u00e1n\u00ed \u00fakol\u016f, n\u00e1pad\u016f \u010di d\u016fle\u017eit\u00fdch ud\u00e1lost\u00ed. Pokud preferujete vizu\u00e1ln\u00ed styl, m\u016f\u017eete s\u00e1hnout po barevn\u00fdch nebo dekorativn\u00edch variant\u00e1ch, kter\u00e9 dodaj\u00ed pl\u00e1nov\u00e1n\u00ed p\u0159\u00edjemn\u00fd estetick\u00fd n\u00e1dech.<\/p>\n\n\n\n<hr class=\"wp-block-separator has-alpha-channel-opacity\"\/>\n\n\n\n<h3 class=\"wp-block-heading\"><strong>Kreativn\u00ed a osobn\u00ed p\u0159\u00edstup<\/strong><\/h3>\n\n\n\n<p class=\"wp-block-paragraph\">Mnoho u\u017eivatel\u016f ocen\u00ed mo\u017enost vlo\u017eit do kalend\u00e1\u0159e vlastn\u00ed fotografii nebo obr\u00e1zek. Tato funkce umo\u017e\u0148uje vytvo\u0159it si osobn\u00ed pl\u00e1nova\u010d, kter\u00fd v\u00e1s bude motivovat ka\u017ed\u00fd den. K dispozici jsou tak\u00e9 stylov\u00e9 vertik\u00e1ln\u00ed \u0161ablony se vzory nebo horizont\u00e1ln\u00ed kalend\u00e1\u0159e s grafick\u00fdmi prvky, kter\u00e9 pom\u00e1haj\u00ed sledovat statistiky \u010di dlouhodob\u00e9 c\u00edle.<\/p>\n\n\n\n<hr class=\"wp-block-separator has-alpha-channel-opacity\"\/>\n\n\n\n<h3 class=\"wp-block-heading\"><strong>V\u00fdhody ti\u0161t\u011bn\u00e9ho kalend\u00e1\u0159e<\/strong><\/h3>\n\n\n\n<p class=\"wp-block-paragraph\">Ti\u0161t\u011bn\u00fd kalend\u00e1\u0159 m\u00e1 sv\u00e9 kouzlo \u2013 poskytuje jasn\u00fd, fyzick\u00fd p\u0159ehled o va\u0161ich pl\u00e1nech a pom\u00e1h\u00e1 sn\u00ed\u017eit stres z digit\u00e1ln\u00edho zahlcen\u00ed. Mnoho lid\u00ed si d\u00edky n\u011bmu l\u00e9pe vizualizuje \u00fakoly a dok\u00e1\u017ee si vytvo\u0159it efektivn\u011bj\u0161\u00ed syst\u00e9m organizace. Nav\u00edc si m\u016f\u017eete vybrat design, kter\u00fd v\u00e1m bude p\u0159\u00edjemn\u00fd a bude v\u00e1s prov\u00e1zet cel\u00fdm m\u011bs\u00edcem.<\/p>\n\n\n\n<hr class=\"wp-block-separator has-alpha-channel-opacity\"\/>\n\n\n\n<h3 class=\"wp-block-heading\"><strong>Snadn\u00e9 sta\u017een\u00ed a \u00fapravy<\/strong><\/h3>\n\n\n\n<p class=\"wp-block-paragraph\">\u0160ablony jsou dostupn\u00e9 ve form\u00e1tu PDF pro rychl\u00fd tisk nebo ve form\u00e1tu Word, pokud si chcete kalend\u00e1\u0159 p\u0159izp\u016fsobit. M\u016f\u017eete m\u011bnit barvy, dopl\u0148ovat pozn\u00e1mky, upravovat rozvr\u017een\u00ed nebo p\u0159id\u00e1vat vlastn\u00ed grafick\u00e9 prvky. Flexibilita \u0161ablon umo\u017e\u0148uje vytvo\u0159it si p\u0159esn\u011b takov\u00fd kalend\u00e1\u0159, jak\u00fd pot\u0159ebujete.<\/p>\n\n\n\n<hr class=\"wp-block-separator has-alpha-channel-opacity\"\/>\n\n\n\n<h3 class=\"wp-block-heading\"><strong>Tipy pro efektivn\u00ed pl\u00e1nov\u00e1n\u00ed<\/strong><\/h3>\n\n\n\n<ul class=\"wp-block-list\">\n<li>Na za\u010d\u00e1tku m\u011bs\u00edce si stanovte hlavn\u00ed c\u00edle.<\/li>\n\n\n\n<li>Pou\u017e\u00edvejte barevn\u00e9 ozna\u010den\u00ed pro r\u016fzn\u00e9 typy aktivit.<\/li>\n\n\n\n<li>Kombinujte ti\u0161t\u011bn\u00fd kalend\u00e1\u0159 s digit\u00e1ln\u00edmi n\u00e1stroji, pokud v\u00e1m to vyhovuje.<\/li>\n\n\n\n<li>Pravideln\u011b si d\u011blejte kr\u00e1tkou rekapitulaci, abyste m\u011bli p\u0159ehled o tom, co v\u00e1s \u010dek\u00e1.<\/li>\n<\/ul>\n\n\n\n<hr class=\"wp-block-separator has-alpha-channel-opacity\"\/>\n\n\n\n<h2 class=\"wp-block-heading has-text-align-center\">St\u00e1hn\u011bte si a vytiskn\u011bte kalend\u00e1\u0159 kv\u011bten 2026<\/h2>\n\n\n\n<div class=\"wp-block-group is-layout-grid wp-container-core-group-is-layout-7d05cc0d wp-block-group-is-layout-grid\">\n<div class=\"wp-block-group has-global-padding is-layout-constrained wp-block-group-is-layout-constrained\">\n<figure class=\"wp-block-image size-full\"><img loading=\"lazy\" decoding=\"async\" width=\"800\" height=\"566\" src=\"https:\/\/kalendare365.eu\/wp-content\/uploads\/2025\/04\/kalendar-kveten-2026-s-velkymi-cisly.webp\" alt=\"\" class=\"wp-image-2614\" srcset=\"https:\/\/kalendare365.eu\/wp-content\/uploads\/2025\/04\/kalendar-kveten-2026-s-velkymi-cisly.webp 800w, https:\/\/kalendare365.eu\/wp-content\/uploads\/2025\/04\/kalendar-kveten-2026-s-velkymi-cisly-300x212.webp 300w, https:\/\/kalendare365.eu\/wp-content\/uploads\/2025\/04\/kalendar-kveten-2026-s-velkymi-cisly-768x543.webp 768w\" sizes=\"auto, (max-width: 800px) 100vw, 800px\" \/><\/figure>\n\n\n\n<p class=\"has-text-align-center wp-block-paragraph\"><a href=\"https:\/\/kalendare365.eu\/wp-content\/uploads\/2025\/04\/kalendar-kveten-2026-s-velkymi-cisly.pdf\" target=\"_blank\" rel=\"noreferrer noopener nofollow\">PDF<\/a> | <a href=\"https:\/\/kalendare365.eu\/wp-content\/uploads\/2025\/04\/kalendar-kveten-2026-s-velkymi-cisly.docx\" target=\"_blank\" rel=\"noreferrer noopener nofollow\">WORD<\/a><\/p>\n<\/div>\n\n\n\n<div class=\"wp-block-group has-global-padding is-layout-constrained wp-block-group-is-layout-constrained\">\n<figure class=\"wp-block-image size-full\"><img loading=\"lazy\" decoding=\"async\" width=\"800\" height=\"566\" src=\"https:\/\/kalendare365.eu\/wp-content\/uploads\/2025\/04\/planovac-kalendare-kveten-2026.webp\" alt=\"\" class=\"wp-image-2611\" srcset=\"https:\/\/kalendare365.eu\/wp-content\/uploads\/2025\/04\/planovac-kalendare-kveten-2026.webp 800w, https:\/\/kalendare365.eu\/wp-content\/uploads\/2025\/04\/planovac-kalendare-kveten-2026-300x212.webp 300w, https:\/\/kalendare365.eu\/wp-content\/uploads\/2025\/04\/planovac-kalendare-kveten-2026-768x543.webp 768w\" sizes=\"auto, (max-width: 800px) 100vw, 800px\" \/><\/figure>\n\n\n\n<p class=\"has-text-align-center wp-block-paragraph\"><a href=\"https:\/\/kalendare365.eu\/wp-content\/uploads\/2025\/04\/planovac-kalendare-kveten-2026.pdf\" target=\"_blank\" rel=\"noreferrer noopener nofollow\">PDF<\/a> | <a href=\"https:\/\/kalendare365.eu\/wp-content\/uploads\/2025\/04\/planovac-kalendare-kveten-2026.docx\" target=\"_blank\" rel=\"noreferrer noopener nofollow\">WORD<\/a><\/p>\n<\/div>\n\n\n\n<div class=\"wp-block-group has-global-padding is-layout-constrained wp-block-group-is-layout-constrained\">\n<figure class=\"wp-block-image size-full\"><img loading=\"lazy\" decoding=\"async\" width=\"800\" height=\"566\" src=\"https:\/\/kalendare365.eu\/wp-content\/uploads\/2025\/04\/kalendar-kveten-2026-s-predchozim-a-pristim-mesicem.webp\" alt=\"\" class=\"wp-image-2621\" srcset=\"https:\/\/kalendare365.eu\/wp-content\/uploads\/2025\/04\/kalendar-kveten-2026-s-predchozim-a-pristim-mesicem.webp 800w, https:\/\/kalendare365.eu\/wp-content\/uploads\/2025\/04\/kalendar-kveten-2026-s-predchozim-a-pristim-mesicem-300x212.webp 300w, https:\/\/kalendare365.eu\/wp-content\/uploads\/2025\/04\/kalendar-kveten-2026-s-predchozim-a-pristim-mesicem-768x543.webp 768w\" sizes=\"auto, (max-width: 800px) 100vw, 800px\" \/><\/figure>\n\n\n\n<p class=\"has-text-align-center wp-block-paragraph\"><a href=\"https:\/\/kalendare365.eu\/wp-content\/uploads\/2025\/04\/kalendar-kveten-2026-s-predchozim-a-pristim-mesicem.pdf\" target=\"_blank\" rel=\"noreferrer noopener nofollow\">PDF<\/a> | <a href=\"https:\/\/kalendare365.eu\/wp-content\/uploads\/2025\/04\/kalendar-kveten-2026-s-predchozim-a-pristim-mesicem.docx\" target=\"_blank\" rel=\"noreferrer noopener nofollow\">WORD<\/a><\/p>\n<\/div>\n\n\n\n<div class=\"wp-block-group has-global-padding is-layout-constrained wp-block-group-is-layout-constrained\">\n<figure class=\"wp-block-image size-large\"><img loading=\"lazy\" decoding=\"async\" width=\"724\" height=\"1024\" src=\"https:\/\/kalendare365.eu\/wp-content\/uploads\/2025\/04\/vertikalni-planovac-kalendare-na-kveten-2026-724x1024.webp\" alt=\"\" class=\"wp-image-2617\" srcset=\"https:\/\/kalendare365.eu\/wp-content\/uploads\/2025\/04\/vertikalni-planovac-kalendare-na-kveten-2026-724x1024.webp 724w, https:\/\/kalendare365.eu\/wp-content\/uploads\/2025\/04\/vertikalni-planovac-kalendare-na-kveten-2026-212x300.webp 212w, https:\/\/kalendare365.eu\/wp-content\/uploads\/2025\/04\/vertikalni-planovac-kalendare-na-kveten-2026-768x1086.webp 768w, https:\/\/kalendare365.eu\/wp-content\/uploads\/2025\/04\/vertikalni-planovac-kalendare-na-kveten-2026.webp 800w\" sizes=\"auto, (max-width: 724px) 100vw, 724px\" \/><\/figure>\n\n\n\n<p class=\"has-text-align-center wp-block-paragraph\"><a href=\"https:\/\/kalendare365.eu\/wp-content\/uploads\/2025\/04\/vertikalni-planovac-kalendare-na-kveten-2026.pdf\" target=\"_blank\" rel=\"noreferrer noopener nofollow\">PDF<\/a> | <a href=\"https:\/\/kalendare365.eu\/wp-content\/uploads\/2025\/04\/vertikalni-planovac-kalendare-na-kveten-2026.docx\" target=\"_blank\" rel=\"noreferrer noopener nofollow\">WORD<\/a><\/p>\n<\/div>\n\n\n\n<div class=\"wp-block-group has-global-padding is-layout-constrained wp-block-group-is-layout-constrained\">\n<figure class=\"wp-block-image size-large\"><img loading=\"lazy\" decoding=\"async\" width=\"724\" height=\"1024\" src=\"https:\/\/kalendare365.eu\/wp-content\/uploads\/2025\/04\/fotokalendar-kveten-2026-724x1024.webp\" alt=\"\" class=\"wp-image-2627\" srcset=\"https:\/\/kalendare365.eu\/wp-content\/uploads\/2025\/04\/fotokalendar-kveten-2026-724x1024.webp 724w, https:\/\/kalendare365.eu\/wp-content\/uploads\/2025\/04\/fotokalendar-kveten-2026-212x300.webp 212w, https:\/\/kalendare365.eu\/wp-content\/uploads\/2025\/04\/fotokalendar-kveten-2026-768x1086.webp 768w, https:\/\/kalendare365.eu\/wp-content\/uploads\/2025\/04\/fotokalendar-kveten-2026.webp 800w\" sizes=\"auto, (max-width: 724px) 100vw, 724px\" \/><\/figure>\n\n\n\n<p class=\"has-text-align-center wp-block-paragraph\"><a href=\"https:\/\/kalendare365.eu\/wp-content\/uploads\/2025\/04\/fotokalendar-kveten-2026.pdf\" target=\"_blank\" rel=\"noreferrer noopener nofollow\">PDF<\/a> | <a href=\"https:\/\/kalendare365.eu\/wp-content\/uploads\/2025\/04\/fotokalendar-kveten-2026.docx\" target=\"_blank\" rel=\"noreferrer noopener nofollow\">WORD<\/a><\/p>\n<\/div>\n\n\n\n<div class=\"wp-block-group has-global-padding is-layout-constrained wp-block-group-is-layout-constrained\">\n<figure class=\"wp-block-image size-large\"><img loading=\"lazy\" decoding=\"async\" width=\"724\" height=\"1024\" src=\"https:\/\/kalendare365.eu\/wp-content\/uploads\/2025\/04\/krasny-planovac-kalendare-kveten-2026-724x1024.webp\" alt=\"\" class=\"wp-image-2630\" srcset=\"https:\/\/kalendare365.eu\/wp-content\/uploads\/2025\/04\/krasny-planovac-kalendare-kveten-2026-724x1024.webp 724w, https:\/\/kalendare365.eu\/wp-content\/uploads\/2025\/04\/krasny-planovac-kalendare-kveten-2026-212x300.webp 212w, https:\/\/kalendare365.eu\/wp-content\/uploads\/2025\/04\/krasny-planovac-kalendare-kveten-2026-768x1086.webp 768w, https:\/\/kalendare365.eu\/wp-content\/uploads\/2025\/04\/krasny-planovac-kalendare-kveten-2026.webp 800w\" sizes=\"auto, (max-width: 724px) 100vw, 724px\" \/><\/figure>\n\n\n\n<p class=\"has-text-align-center wp-block-paragraph\"><a href=\"https:\/\/kalendare365.eu\/wp-content\/uploads\/2025\/04\/krasny-planovac-kalendare-kveten-2026.pdf\" target=\"_blank\" rel=\"noreferrer noopener nofollow\">PDF<\/a> | <a href=\"https:\/\/kalendare365.eu\/wp-content\/uploads\/2025\/04\/krasny-planovac-kalendare-kveten-2026.docx\" target=\"_blank\" rel=\"noreferrer noopener nofollow\">WORD<\/a><\/p>\n<\/div>\n\n\n\n<div class=\"wp-block-group has-global-padding is-layout-constrained wp-block-group-is-layout-constrained\">\n<figure class=\"wp-block-image size-full\"><img loading=\"lazy\" decoding=\"async\" width=\"800\" height=\"566\" src=\"https:\/\/kalendare365.eu\/wp-content\/uploads\/2025\/04\/krasny-kalendar-kveten-2026.webp\" alt=\"\" class=\"wp-image-2624\" srcset=\"https:\/\/kalendare365.eu\/wp-content\/uploads\/2025\/04\/krasny-kalendar-kveten-2026.webp 800w, https:\/\/kalendare365.eu\/wp-content\/uploads\/2025\/04\/krasny-kalendar-kveten-2026-300x212.webp 300w, https:\/\/kalendare365.eu\/wp-content\/uploads\/2025\/04\/krasny-kalendar-kveten-2026-768x543.webp 768w\" sizes=\"auto, (max-width: 800px) 100vw, 800px\" \/><\/figure>\n\n\n\n<p class=\"has-text-align-center wp-block-paragraph\"><a href=\"https:\/\/kalendare365.eu\/wp-content\/uploads\/2025\/04\/krasny-kalendar-kveten-2026.pdf\" target=\"_blank\" rel=\"noreferrer noopener nofollow\">PDF<\/a> | <a href=\"https:\/\/kalendare365.eu\/wp-content\/uploads\/2025\/04\/krasny-kalendar-kveten-2026.docx\" target=\"_blank\" rel=\"noreferrer noopener nofollow\">WORD<\/a><\/p>\n<\/div>\n\n\n\n<div class=\"wp-block-group has-global-padding is-layout-constrained wp-block-group-is-layout-constrained\">\n<figure class=\"wp-block-image size-full\"><img loading=\"lazy\" decoding=\"async\" width=\"800\" height=\"566\" src=\"https:\/\/kalendare365.eu\/wp-content\/uploads\/2025\/04\/kalendar-kveten-2026-s-poznamkami.webp\" alt=\"\" class=\"wp-image-2633\" srcset=\"https:\/\/kalendare365.eu\/wp-content\/uploads\/2025\/04\/kalendar-kveten-2026-s-poznamkami.webp 800w, https:\/\/kalendare365.eu\/wp-content\/uploads\/2025\/04\/kalendar-kveten-2026-s-poznamkami-300x212.webp 300w, https:\/\/kalendare365.eu\/wp-content\/uploads\/2025\/04\/kalendar-kveten-2026-s-poznamkami-768x543.webp 768w\" sizes=\"auto, (max-width: 800px) 100vw, 800px\" \/><\/figure>\n\n\n\n<p class=\"has-text-align-center wp-block-paragraph\"><a href=\"https:\/\/kalendare365.eu\/wp-content\/uploads\/2025\/04\/kalendar-kveten-2026-s-poznamkami.pdf\" target=\"_blank\" rel=\"noreferrer noopener nofollow\">PDF<\/a> | <a href=\"https:\/\/kalendare365.eu\/wp-content\/uploads\/2025\/04\/kalendar-kveten-2026-s-poznamkami.docx\" target=\"_blank\" rel=\"noreferrer noopener nofollow\">WORD<\/a><\/p>\n<\/div>\n<\/div>\n\n\n\n<h3 class=\"wp-block-heading\"><strong>Z\u00e1v\u011br<\/strong><\/h3>\n\n\n\n<p class=\"wp-block-paragraph\">Kalend\u00e1\u0159 na kv\u011bten 2026 je skv\u011bl\u00fdm pomocn\u00edkem pro ka\u017ed\u00e9ho, kdo chce m\u00edt sv\u00e9 povinnosti i voln\u00fd \u010das pod kontrolou. D\u00edky \u0161irok\u00e9 nab\u00eddce \u0161ablon si m\u016f\u017eete vybrat variantu, kter\u00e1 nejl\u00e9pe odpov\u00edd\u00e1 va\u0161emu stylu pl\u00e1nov\u00e1n\u00ed. St\u00e1hn\u011bte si svou obl\u00edbenou verzi, vytiskn\u011bte ji nebo upravte podle sebe a vytvo\u0159te si p\u0159ehledn\u00fd a inspirativn\u00ed pl\u00e1nova\u010d pro cel\u00fd m\u011bs\u00edc.<\/p>\n","protected":false},"excerpt":{"rendered":"<p>Kv\u011bten 2026 p\u0159in\u00e1\u0161\u00ed nejen sv\u011b\u017e\u00ed jarn\u00ed atmosf\u00e9ru, ale tak\u00e9 ide\u00e1ln\u00ed p\u0159\u00edle\u017eitost zorganizovat si \u010das efektivn\u011bji a s v\u011bt\u0161\u00edm p\u0159ehledem. Praktick\u00fd m\u011bs\u00ed\u010dn\u00ed kalend\u00e1\u0159 v\u00e1m m\u016f\u017ee v\u00fdrazn\u011b usnadnit pl\u00e1nov\u00e1n\u00ed pracovn\u00edch povinnost\u00ed, rodinn\u00fdch aktivit i osobn\u00edch c\u00edl\u016f. Na t\u00e9to str\u00e1nce najdete \u0161irokou nab\u00eddku \u0161ablon ke sta\u017een\u00ed, kter\u00e9 si m\u016f\u017eete vytisknout nebo upravit podle vlastn\u00edch pot\u0159eb. Kalend\u00e1\u0159 na kv\u011bten [&hellip;]<\/p>\n","protected":false},"author":1,"featured_media":0,"comment_status":"open","ping_status":"closed","sticky":false,"template":"","format":"standard","meta":{"footnotes":""},"categories":[9],"tags":[33],"class_list":["post-2610","post","type-post","status-publish","format-standard","hentry","category-kveten","tag-33"],"_links":{"self":[{"href":"https:\/\/kalendare365.eu\/index.php?rest_route=\/wp\/v2\/posts\/2610","targetHints":{"allow":["GET"]}}],"collection":[{"href":"https:\/\/kalendare365.eu\/index.php?rest_route=\/wp\/v2\/posts"}],"about":[{"href":"https:\/\/kalendare365.eu\/index.php?rest_route=\/wp\/v2\/types\/post"}],"author":[{"embeddable":true,"href":"https:\/\/kalendare365.eu\/index.php?rest_route=\/wp\/v2\/users\/1"}],"replies":[{"embeddable":true,"href":"https:\/\/kalendare365.eu\/index.php?rest_route=%2Fwp%2Fv2%2Fcomments&post=2610"}],"version-history":[{"count":4,"href":"https:\/\/kalendare365.eu\/index.php?rest_route=\/wp\/v2\/posts\/2610\/revisions"}],"predecessor-version":[{"id":3563,"href":"https:\/\/kalendare365.eu\/index.php?rest_route=\/wp\/v2\/posts\/2610\/revisions\/3563"}],"wp:attachment":[{"href":"https:\/\/kalendare365.eu\/index.php?rest_route=%2Fwp%2Fv2%2Fmedia&parent=2610"}],"wp:term":[{"taxonomy":"category","embeddable":true,"href":"https:\/\/kalendare365.eu\/index.php?rest_route=%2Fwp%2Fv2%2Fcategories&post=2610"},{"taxonomy":"post_tag","embeddable":true,"href":"https:\/\/kalendare365.eu\/index.php?rest_route=%2Fwp%2Fv2%2Ftags&post=2610"}],"curies":[{"name":"wp","href":"https:\/\/api.w.org\/{rel}","templated":true}]}}