{"id":2641,"date":"2025-04-22T14:27:12","date_gmt":"2025-04-22T11:27:12","guid":{"rendered":"https:\/\/kalendare365.eu\/?p=2641"},"modified":"2026-05-03T18:57:26","modified_gmt":"2026-05-03T15:57:26","slug":"kalendar-cerven-2026","status":"publish","type":"post","link":"https:\/\/kalendare365.eu\/?p=2641","title":{"rendered":"Kalend\u00e1\u0159 \u010derven 2026"},"content":{"rendered":"\n<p class=\"wp-block-paragraph\">Kalend\u00e1\u0159 na \u010derven 2026 p\u0159edstavuje praktick\u00fd n\u00e1stroj, kter\u00fd v\u00e1m pom\u016f\u017ee udr\u017eet po\u0159\u00e1dek v osobn\u00edm i pracovn\u00edm \u017eivot\u011b. D\u00edky mo\u017enosti st\u00e1hnout si jej zdarma ve form\u00e1tu PDF pro tisk nebo ve form\u00e1tu Word pro \u00fapravy z\u00edsk\u00e1te flexibiln\u00ed \u0159e\u0161en\u00ed, kter\u00e9 snadno p\u0159izp\u016fsob\u00edte sv\u00fdm pot\u0159eb\u00e1m. A\u0165 u\u017e pl\u00e1nujete pracovn\u00ed sch\u016fzky, rodinn\u00e9 aktivity nebo osobn\u00ed c\u00edle, ti\u0161t\u011bn\u00fd kalend\u00e1\u0159 v\u00e1m poskytne jasn\u00fd p\u0159ehled a prostor pro vlastn\u00ed pozn\u00e1mky.<\/p>\n\n\n\n<hr class=\"wp-block-separator has-alpha-channel-opacity\"\/>\n\n\n\n<h2 class=\"wp-block-heading\">\u0160irok\u00e1 nab\u00eddka \u0161ablon kalend\u00e1\u0159e na \u010derven 2026<\/h2>\n\n\n\n<h3 class=\"wp-block-heading\">Jednoduch\u00fd pl\u00e1nova\u010d pozn\u00e1mek<\/h3>\n\n\n\n<p class=\"wp-block-paragraph\">Minimalistick\u00e1 \u0161ablona vhodn\u00e1 pro rychl\u00e9 zapisov\u00e1n\u00ed \u00fakol\u016f, n\u00e1pad\u016f a ka\u017edodenn\u00edch pozn\u00e1mek. Ide\u00e1ln\u00ed pro ty, kte\u0159\u00ed preferuj\u00ed \u010dist\u00fd a neru\u0161en\u00fd vzhled.<\/p>\n\n\n\n<h3 class=\"wp-block-heading\">Kalend\u00e1\u0159 s velk\u00fdmi \u010d\u00edsly<\/h3>\n\n\n\n<p class=\"wp-block-paragraph\">Varianta s v\u00fdrazn\u00fdm datov\u00fdm ozna\u010den\u00edm, kter\u00e1 zaji\u0161\u0165uje maxim\u00e1ln\u00ed \u010ditelnost. Hod\u00ed se na n\u00e1st\u011bnku, do kancel\u00e1\u0159e i do dom\u00e1c\u00ed pracovny.<\/p>\n\n\n\n<h3 class=\"wp-block-heading\">Vertik\u00e1ln\u00ed kalend\u00e1\u0159 se sloupci pro ka\u017ed\u00fd den<\/h3>\n\n\n\n<p class=\"wp-block-paragraph\">Praktick\u00e9 \u0159e\u0161en\u00ed pro detailn\u00ed pl\u00e1nov\u00e1n\u00ed. Ka\u017ed\u00fd den m\u00e1 vlastn\u00ed sloupec, co\u017e usnad\u0148uje organizaci pracovn\u00edch \u00fakol\u016f, sm\u011bn nebo rodinn\u00fdch aktivit.<\/p>\n\n\n\n<h3 class=\"wp-block-heading\">Kalend\u00e1\u0159 s p\u0159edchoz\u00edmi a n\u00e1sleduj\u00edc\u00edmi m\u011bs\u00edci<\/h3>\n\n\n\n<p class=\"wp-block-paragraph\">\u0160ablona, kter\u00e1 umo\u017e\u0148uje rychlou orientaci v \u0161ir\u0161\u00edm \u010dasov\u00e9m kontextu. Pom\u00e1h\u00e1 p\u0159i dlouhodob\u00e9m pl\u00e1nov\u00e1n\u00ed a sledov\u00e1n\u00ed n\u00e1vaznost\u00ed.<\/p>\n\n\n\n<h3 class=\"wp-block-heading\">Barevn\u00fd kalend\u00e1\u0159 na pozn\u00e1mky<\/h3>\n\n\n\n<p class=\"wp-block-paragraph\">Esteticky p\u0159\u00edjemn\u00e1 varianta, kter\u00e1 o\u017eiv\u00ed pracovn\u00ed prostor. Kombinuje p\u0159ehlednost s kreativn\u00edm designem.<\/p>\n\n\n\n<h3 class=\"wp-block-heading\">\u0160ablona s m\u00edstem pro vlastn\u00ed fotografii<\/h3>\n\n\n\n<p class=\"wp-block-paragraph\">Mo\u017enost vlo\u017eit obl\u00edben\u00fd obr\u00e1zek nebo fotografii dod\u00e1 kalend\u00e1\u0159i osobn\u00ed charakter. Skv\u011bl\u00e1 volba pro dom\u00e1c\u00ed pou\u017eit\u00ed nebo jako d\u00e1rek.<\/p>\n\n\n\n<h3 class=\"wp-block-heading\">Stylov\u00fd vertik\u00e1ln\u00ed kalend\u00e1\u0159 se vzorem<\/h3>\n\n\n\n<p class=\"wp-block-paragraph\">Modern\u00ed vzhled spojen\u00fd s praktick\u00fdm uspo\u0159\u00e1d\u00e1n\u00edm. Hod\u00ed se pro ty, kte\u0159\u00ed cht\u011bj\u00ed funk\u010dn\u00ed, ale z\u00e1rove\u0148 vizu\u00e1ln\u011b zaj\u00edmav\u00fd kalend\u00e1\u0159.<\/p>\n\n\n\n<h3 class=\"wp-block-heading\">Horizont\u00e1ln\u00ed kalend\u00e1\u0159 s grafy<\/h3>\n\n\n\n<p class=\"wp-block-paragraph\">\u0160ablona vhodn\u00e1 pro sledov\u00e1n\u00ed statistik, trend\u016f nebo pracovn\u00edch v\u00fdsledk\u016f. Nab\u00edz\u00ed prostor pro vizu\u00e1ln\u00ed prvky a p\u0159ehledn\u00e9 rozlo\u017een\u00ed.<\/p>\n\n\n\n<hr class=\"wp-block-separator has-alpha-channel-opacity\"\/>\n\n\n\n<h2 class=\"wp-block-heading\">Pro\u010d zvolit ti\u0161t\u011bn\u00fd kalend\u00e1\u0159<\/h2>\n\n\n\n<h3 class=\"wp-block-heading\">Stabilita a p\u0159ehled na jednom m\u00edst\u011b<\/h3>\n\n\n\n<p class=\"wp-block-paragraph\">Digit\u00e1ln\u00ed aplikace jsou u\u017eite\u010dn\u00e9, ale ti\u0161t\u011bn\u00fd kalend\u00e1\u0159 m\u00e1 sv\u00e9 jedine\u010dn\u00e9 kouzlo. Je v\u017edy po ruce, nez\u00e1vis\u00ed na baterii ani p\u0159ipojen\u00ed k internetu a poskytuje jasn\u00fd, fyzick\u00fd p\u0159ehled o va\u0161ich pl\u00e1nech.<\/p>\n\n\n\n<h3 class=\"wp-block-heading\">Podpora produktivity a organizace<\/h3>\n\n\n\n<p class=\"wp-block-paragraph\">Kalend\u00e1\u0159 na \u010derven 2026 v\u00e1m pom\u016f\u017ee rozvrhnout si den, t\u00fdden i cel\u00fd m\u011bs\u00edc. Barevn\u00e9 zna\u010den\u00ed, pozn\u00e1mky nebo zv\u00fdrazn\u011bn\u00ed d\u016fle\u017eit\u00fdch term\u00edn\u016f v\u00e1m umo\u017en\u00ed l\u00e9pe \u0159\u00eddit \u010das a sni\u017eovat stres.<\/p>\n\n\n\n<hr class=\"wp-block-separator has-alpha-channel-opacity\"\/>\n\n\n\n<h2 class=\"wp-block-heading\">Jak st\u00e1hnout a upravit kalend\u00e1\u0159 na \u010derven 2026<\/h2>\n\n\n\n<h3 class=\"wp-block-heading\">Snadn\u00e9 sta\u017een\u00ed<\/h3>\n\n\n\n<p class=\"wp-block-paragraph\">Na webu si jednodu\u0161e vyberete \u0161ablonu, kter\u00e1 v\u00e1m vyhovuje. Ka\u017ed\u00e1 varianta je dostupn\u00e1 ve form\u00e1tu PDF pro okam\u017eit\u00fd tisk nebo ve form\u00e1tu Word, pokud chcete kalend\u00e1\u0159 d\u00e1le upravovat.<\/p>\n\n\n\n<h3 class=\"wp-block-heading\">Mo\u017enosti \u00faprav<\/h3>\n\n\n\n<p class=\"wp-block-paragraph\">Ve Wordu m\u016f\u017eete m\u011bnit barvy, p\u00edsmo, p\u0159id\u00e1vat pozn\u00e1mky, zv\u00fdraz\u0148ovat d\u016fle\u017eit\u00e9 dny nebo vkl\u00e1dat vlastn\u00ed obr\u00e1zky. D\u00edky tomu si vytvo\u0159\u00edte kalend\u00e1\u0159 p\u0159esn\u011b podle sv\u00fdch p\u0159edstav.<\/p>\n\n\n\n<hr class=\"wp-block-separator has-alpha-channel-opacity\"\/>\n\n\n\n<h2 class=\"wp-block-heading\">Pl\u00e1nov\u00e1n\u00ed osobn\u00edho i pracovn\u00edho \u017eivota<\/h2>\n\n\n\n<h3 class=\"wp-block-heading\">Efektivn\u00ed \u0159\u00edzen\u00ed \u010dasu<\/h3>\n\n\n\n<p class=\"wp-block-paragraph\">Kalend\u00e1\u0159 v\u00e1m pom\u016f\u017ee l\u00e9pe organizovat pracovn\u00ed sch\u016fzky, rodinn\u00e9 aktivity, volno\u010dasov\u00e9 pl\u00e1ny i osobn\u00ed c\u00edle. Jasn\u00e1 struktura podporuje produktivitu a pom\u00e1h\u00e1 udr\u017eet rovnov\u00e1hu mezi povinnostmi a odpo\u010dinkem.<\/p>\n\n\n\n<h3 class=\"wp-block-heading\">Vytvo\u0159en\u00ed vlastn\u00edho syst\u00e9mu<\/h3>\n\n\n\n<p class=\"wp-block-paragraph\">Pravideln\u00e9 zapisov\u00e1n\u00ed \u00fakol\u016f a pl\u00e1n\u016f vede k lep\u0161\u00ed orientaci v ka\u017edodenn\u00edch \u010dinnostech. D\u00edky tomu z\u00edsk\u00e1te v\u011bt\u0161\u00ed kontrolu nad sv\u00fdm \u010dasem a sn\u00e1ze zvl\u00e1dnete i n\u00e1ro\u010dn\u011bj\u0161\u00ed obdob\u00ed.<\/p>\n\n\n\n<hr class=\"wp-block-separator has-alpha-channel-opacity\"\/>\n\n\n\n<h2 class=\"wp-block-heading has-text-align-center\">St\u00e1hn\u011bte si a vytiskn\u011bte kalend\u00e1\u0159 na \u010derven 2026<\/h2>\n\n\n\n<div class=\"wp-block-group is-layout-grid wp-container-core-group-is-layout-7d05cc0d wp-block-group-is-layout-grid\">\n<div class=\"wp-block-group has-global-padding is-layout-constrained wp-block-group-is-layout-constrained\">\n<figure class=\"wp-block-image size-full\"><img loading=\"lazy\" decoding=\"async\" width=\"800\" height=\"566\" src=\"https:\/\/kalendare365.eu\/wp-content\/uploads\/2025\/04\/kalendar-cerven-2026-s-velkymi-cisly.webp\" alt=\"\" class=\"wp-image-2645\" srcset=\"https:\/\/kalendare365.eu\/wp-content\/uploads\/2025\/04\/kalendar-cerven-2026-s-velkymi-cisly.webp 800w, https:\/\/kalendare365.eu\/wp-content\/uploads\/2025\/04\/kalendar-cerven-2026-s-velkymi-cisly-300x212.webp 300w, https:\/\/kalendare365.eu\/wp-content\/uploads\/2025\/04\/kalendar-cerven-2026-s-velkymi-cisly-768x543.webp 768w\" sizes=\"auto, (max-width: 800px) 100vw, 800px\" \/><\/figure>\n\n\n\n<p class=\"has-text-align-center wp-block-paragraph\"><a href=\"https:\/\/kalendare365.eu\/wp-content\/uploads\/2025\/04\/kalendar-cerven-2026-s-velkymi-cisly.pdf\" target=\"_blank\" rel=\"noreferrer noopener nofollow\">PDF<\/a> | <a href=\"https:\/\/kalendare365.eu\/wp-content\/uploads\/2025\/04\/kalendar-cerven-2026-s-velkymi-cisly.docx\" target=\"_blank\" rel=\"noreferrer noopener nofollow\">WORD<\/a><\/p>\n<\/div>\n\n\n\n<div class=\"wp-block-group has-global-padding is-layout-constrained wp-block-group-is-layout-constrained\">\n<figure class=\"wp-block-image size-full\"><img loading=\"lazy\" decoding=\"async\" width=\"800\" height=\"566\" src=\"https:\/\/kalendare365.eu\/wp-content\/uploads\/2025\/04\/planovac-kalendare-cerven-2026.webp\" alt=\"\" class=\"wp-image-2642\" srcset=\"https:\/\/kalendare365.eu\/wp-content\/uploads\/2025\/04\/planovac-kalendare-cerven-2026.webp 800w, https:\/\/kalendare365.eu\/wp-content\/uploads\/2025\/04\/planovac-kalendare-cerven-2026-300x212.webp 300w, https:\/\/kalendare365.eu\/wp-content\/uploads\/2025\/04\/planovac-kalendare-cerven-2026-768x543.webp 768w\" sizes=\"auto, (max-width: 800px) 100vw, 800px\" \/><\/figure>\n\n\n\n<p class=\"has-text-align-center wp-block-paragraph\"><a href=\"https:\/\/kalendare365.eu\/wp-content\/uploads\/2025\/04\/planovac-kalendare-cerven-2026.pdf\" target=\"_blank\" rel=\"noreferrer noopener nofollow\">PDF<\/a> | <a href=\"https:\/\/kalendare365.eu\/wp-content\/uploads\/2025\/04\/planovac-kalendare-cerven-2026.docx\" target=\"_blank\" rel=\"noreferrer noopener nofollow\">WORD<\/a><\/p>\n<\/div>\n\n\n\n<div class=\"wp-block-group has-global-padding is-layout-constrained wp-block-group-is-layout-constrained\">\n<figure class=\"wp-block-image size-full\"><img loading=\"lazy\" decoding=\"async\" width=\"800\" height=\"566\" src=\"https:\/\/kalendare365.eu\/wp-content\/uploads\/2025\/04\/kalendar-cerven-2026-s-predchozim-a-pristim-mesicem.webp\" alt=\"\" class=\"wp-image-2652\" srcset=\"https:\/\/kalendare365.eu\/wp-content\/uploads\/2025\/04\/kalendar-cerven-2026-s-predchozim-a-pristim-mesicem.webp 800w, https:\/\/kalendare365.eu\/wp-content\/uploads\/2025\/04\/kalendar-cerven-2026-s-predchozim-a-pristim-mesicem-300x212.webp 300w, https:\/\/kalendare365.eu\/wp-content\/uploads\/2025\/04\/kalendar-cerven-2026-s-predchozim-a-pristim-mesicem-768x543.webp 768w\" sizes=\"auto, (max-width: 800px) 100vw, 800px\" \/><\/figure>\n\n\n\n<p class=\"has-text-align-center wp-block-paragraph\"><a href=\"https:\/\/kalendare365.eu\/wp-content\/uploads\/2025\/04\/kalendar-cerven-2026-s-predchozim-a-pristim-mesicem.pdf\" target=\"_blank\" rel=\"noreferrer noopener nofollow\">PDF<\/a> | <a href=\"https:\/\/kalendare365.eu\/wp-content\/uploads\/2025\/04\/kalendar-cerven-2026-s-predchozim-a-pristim-mesicem.docx\" target=\"_blank\" rel=\"noreferrer noopener nofollow\">WORD<\/a><\/p>\n<\/div>\n\n\n\n<div class=\"wp-block-group has-global-padding is-layout-constrained wp-block-group-is-layout-constrained\">\n<figure class=\"wp-block-image size-large\"><img loading=\"lazy\" decoding=\"async\" width=\"724\" height=\"1024\" src=\"https:\/\/kalendare365.eu\/wp-content\/uploads\/2025\/04\/vertikalni-planovac-kalendare-na-cerven-2026-724x1024.webp\" alt=\"\" class=\"wp-image-2648\" srcset=\"https:\/\/kalendare365.eu\/wp-content\/uploads\/2025\/04\/vertikalni-planovac-kalendare-na-cerven-2026-724x1024.webp 724w, https:\/\/kalendare365.eu\/wp-content\/uploads\/2025\/04\/vertikalni-planovac-kalendare-na-cerven-2026-212x300.webp 212w, https:\/\/kalendare365.eu\/wp-content\/uploads\/2025\/04\/vertikalni-planovac-kalendare-na-cerven-2026-768x1086.webp 768w, https:\/\/kalendare365.eu\/wp-content\/uploads\/2025\/04\/vertikalni-planovac-kalendare-na-cerven-2026.webp 800w\" sizes=\"auto, (max-width: 724px) 100vw, 724px\" \/><\/figure>\n\n\n\n<p class=\"has-text-align-center wp-block-paragraph\"><a href=\"https:\/\/kalendare365.eu\/wp-content\/uploads\/2025\/04\/vertikalni-planovac-kalendare-na-cerven-2026.pdf\" target=\"_blank\" rel=\"noreferrer noopener nofollow\">PDF<\/a> | <a href=\"https:\/\/kalendare365.eu\/wp-content\/uploads\/2025\/04\/vertikalni-planovac-kalendare-na-cerven-2026.docx\" target=\"_blank\" rel=\"noreferrer noopener nofollow\">WORD<\/a><\/p>\n<\/div>\n\n\n\n<div class=\"wp-block-group has-global-padding is-layout-constrained wp-block-group-is-layout-constrained\">\n<figure class=\"wp-block-image size-large\"><img loading=\"lazy\" decoding=\"async\" width=\"724\" height=\"1024\" src=\"https:\/\/kalendare365.eu\/wp-content\/uploads\/2025\/04\/fotokalendar-cerven-2026-724x1024.webp\" alt=\"\" class=\"wp-image-2658\" srcset=\"https:\/\/kalendare365.eu\/wp-content\/uploads\/2025\/04\/fotokalendar-cerven-2026-724x1024.webp 724w, https:\/\/kalendare365.eu\/wp-content\/uploads\/2025\/04\/fotokalendar-cerven-2026-212x300.webp 212w, https:\/\/kalendare365.eu\/wp-content\/uploads\/2025\/04\/fotokalendar-cerven-2026-768x1086.webp 768w, https:\/\/kalendare365.eu\/wp-content\/uploads\/2025\/04\/fotokalendar-cerven-2026.webp 800w\" sizes=\"auto, (max-width: 724px) 100vw, 724px\" \/><\/figure>\n\n\n\n<p class=\"has-text-align-center wp-block-paragraph\"><a href=\"https:\/\/kalendare365.eu\/wp-content\/uploads\/2025\/04\/fotokalendar-cerven-2026.pdf\" target=\"_blank\" rel=\"noreferrer noopener nofollow\">PDF<\/a> | <a href=\"https:\/\/kalendare365.eu\/wp-content\/uploads\/2025\/04\/fotokalendar-cerven-2026.docx\" target=\"_blank\" rel=\"noreferrer noopener nofollow\">WORD<\/a><\/p>\n<\/div>\n\n\n\n<div class=\"wp-block-group has-global-padding is-layout-constrained wp-block-group-is-layout-constrained\">\n<figure class=\"wp-block-image size-large\"><img loading=\"lazy\" decoding=\"async\" width=\"724\" height=\"1024\" src=\"https:\/\/kalendare365.eu\/wp-content\/uploads\/2025\/04\/krasny-planovac-kalendare-cerven-2026-724x1024.webp\" alt=\"\" class=\"wp-image-2661\" srcset=\"https:\/\/kalendare365.eu\/wp-content\/uploads\/2025\/04\/krasny-planovac-kalendare-cerven-2026-724x1024.webp 724w, https:\/\/kalendare365.eu\/wp-content\/uploads\/2025\/04\/krasny-planovac-kalendare-cerven-2026-212x300.webp 212w, https:\/\/kalendare365.eu\/wp-content\/uploads\/2025\/04\/krasny-planovac-kalendare-cerven-2026-768x1086.webp 768w, https:\/\/kalendare365.eu\/wp-content\/uploads\/2025\/04\/krasny-planovac-kalendare-cerven-2026.webp 800w\" sizes=\"auto, (max-width: 724px) 100vw, 724px\" \/><\/figure>\n\n\n\n<p class=\"has-text-align-center wp-block-paragraph\"><a href=\"https:\/\/kalendare365.eu\/wp-content\/uploads\/2025\/04\/krasny-planovac-kalendare-cerven-2026.pdf\" target=\"_blank\" rel=\"noreferrer noopener nofollow\">PDF<\/a> | <a href=\"https:\/\/kalendare365.eu\/wp-content\/uploads\/2025\/04\/krasny-planovac-kalendare-cerven-2026.docx\" target=\"_blank\" rel=\"noreferrer noopener nofollow\">WORD<\/a><\/p>\n<\/div>\n\n\n\n<div class=\"wp-block-group has-global-padding is-layout-constrained wp-block-group-is-layout-constrained\">\n<figure class=\"wp-block-image size-full\"><img loading=\"lazy\" decoding=\"async\" width=\"800\" height=\"566\" src=\"https:\/\/kalendare365.eu\/wp-content\/uploads\/2025\/04\/krasny-kalendar-cerven-2026.webp\" alt=\"\" class=\"wp-image-2655\" srcset=\"https:\/\/kalendare365.eu\/wp-content\/uploads\/2025\/04\/krasny-kalendar-cerven-2026.webp 800w, https:\/\/kalendare365.eu\/wp-content\/uploads\/2025\/04\/krasny-kalendar-cerven-2026-300x212.webp 300w, https:\/\/kalendare365.eu\/wp-content\/uploads\/2025\/04\/krasny-kalendar-cerven-2026-768x543.webp 768w\" sizes=\"auto, (max-width: 800px) 100vw, 800px\" \/><\/figure>\n\n\n\n<p class=\"has-text-align-center wp-block-paragraph\"><a href=\"https:\/\/kalendare365.eu\/wp-content\/uploads\/2025\/04\/krasny-kalendar-cerven-2026.pdf\" target=\"_blank\" rel=\"noreferrer noopener nofollow\">PDF<\/a> | <a href=\"https:\/\/kalendare365.eu\/wp-content\/uploads\/2025\/04\/krasny-kalendar-cerven-2026.docx\" target=\"_blank\" rel=\"noreferrer noopener nofollow\">WORD<\/a><\/p>\n<\/div>\n\n\n\n<div class=\"wp-block-group has-global-padding is-layout-constrained wp-block-group-is-layout-constrained\">\n<figure class=\"wp-block-image size-full\"><img loading=\"lazy\" decoding=\"async\" width=\"800\" height=\"566\" src=\"https:\/\/kalendare365.eu\/wp-content\/uploads\/2025\/04\/kalendar-cerven-2026-s-poznamkami.webp\" alt=\"\" class=\"wp-image-2664\" srcset=\"https:\/\/kalendare365.eu\/wp-content\/uploads\/2025\/04\/kalendar-cerven-2026-s-poznamkami.webp 800w, https:\/\/kalendare365.eu\/wp-content\/uploads\/2025\/04\/kalendar-cerven-2026-s-poznamkami-300x212.webp 300w, https:\/\/kalendare365.eu\/wp-content\/uploads\/2025\/04\/kalendar-cerven-2026-s-poznamkami-768x543.webp 768w\" sizes=\"auto, (max-width: 800px) 100vw, 800px\" \/><\/figure>\n\n\n\n<p class=\"has-text-align-center wp-block-paragraph\"><a href=\"https:\/\/kalendare365.eu\/wp-content\/uploads\/2025\/04\/kalendar-cerven-2026-s-poznamkami.pdf\" target=\"_blank\" rel=\"noreferrer noopener nofollow\">PDF<\/a> | <a href=\"https:\/\/kalendare365.eu\/wp-content\/uploads\/2025\/04\/kalendar-cerven-2026-s-poznamkami.docx\" target=\"_blank\" rel=\"noreferrer noopener nofollow\">WORD<\/a><\/p>\n<\/div>\n<\/div>\n\n\n\n<h2 class=\"wp-block-heading\">Z\u00e1v\u011br<\/h2>\n\n\n\n<p class=\"wp-block-paragraph\">Kalend\u00e1\u0159 na \u010derven 2026 nen\u00ed jen seznamem dat, ale u\u017eite\u010dn\u00fdm n\u00e1strojem, kter\u00fd podporuje p\u0159ehlednost, kreativitu a osobn\u00ed r\u016fst. D\u00edky \u0161irok\u00e9 nab\u00eddce \u0161ablon si m\u016f\u017eete vybrat styl, kter\u00fd v\u00e1m nejl\u00e9pe vyhovuje, a p\u0159izp\u016fsobit si jej podle sv\u00fdch pot\u0159eb. Vytiskn\u011bte si svou obl\u00edbenou verzi, za\u010dn\u011bte pl\u00e1novat a vytvo\u0159te si syst\u00e9m, kter\u00fd v\u00e1m pom\u016f\u017ee zvl\u00e1dat ka\u017edodenn\u00ed v\u00fdzvy s v\u011bt\u0161\u00ed lehkost\u00ed a jistotou.<\/p>\n","protected":false},"excerpt":{"rendered":"<p>Kalend\u00e1\u0159 na \u010derven 2026 p\u0159edstavuje praktick\u00fd n\u00e1stroj, kter\u00fd v\u00e1m pom\u016f\u017ee udr\u017eet po\u0159\u00e1dek v osobn\u00edm i pracovn\u00edm \u017eivot\u011b. D\u00edky mo\u017enosti st\u00e1hnout si jej zdarma ve form\u00e1tu PDF pro tisk nebo ve form\u00e1tu Word pro \u00fapravy z\u00edsk\u00e1te flexibiln\u00ed \u0159e\u0161en\u00ed, kter\u00e9 snadno p\u0159izp\u016fsob\u00edte sv\u00fdm pot\u0159eb\u00e1m. A\u0165 u\u017e pl\u00e1nujete pracovn\u00ed sch\u016fzky, rodinn\u00e9 aktivity nebo osobn\u00ed c\u00edle, ti\u0161t\u011bn\u00fd kalend\u00e1\u0159 v\u00e1m [&hellip;]<\/p>\n","protected":false},"author":1,"featured_media":0,"comment_status":"open","ping_status":"closed","sticky":false,"template":"","format":"standard","meta":{"footnotes":""},"categories":[10],"tags":[33],"class_list":["post-2641","post","type-post","status-publish","format-standard","hentry","category-cerven","tag-33"],"_links":{"self":[{"href":"https:\/\/kalendare365.eu\/index.php?rest_route=\/wp\/v2\/posts\/2641","targetHints":{"allow":["GET"]}}],"collection":[{"href":"https:\/\/kalendare365.eu\/index.php?rest_route=\/wp\/v2\/posts"}],"about":[{"href":"https:\/\/kalendare365.eu\/index.php?rest_route=\/wp\/v2\/types\/post"}],"author":[{"embeddable":true,"href":"https:\/\/kalendare365.eu\/index.php?rest_route=\/wp\/v2\/users\/1"}],"replies":[{"embeddable":true,"href":"https:\/\/kalendare365.eu\/index.php?rest_route=%2Fwp%2Fv2%2Fcomments&post=2641"}],"version-history":[{"count":3,"href":"https:\/\/kalendare365.eu\/index.php?rest_route=\/wp\/v2\/posts\/2641\/revisions"}],"predecessor-version":[{"id":3649,"href":"https:\/\/kalendare365.eu\/index.php?rest_route=\/wp\/v2\/posts\/2641\/revisions\/3649"}],"wp:attachment":[{"href":"https:\/\/kalendare365.eu\/index.php?rest_route=%2Fwp%2Fv2%2Fmedia&parent=2641"}],"wp:term":[{"taxonomy":"category","embeddable":true,"href":"https:\/\/kalendare365.eu\/index.php?rest_route=%2Fwp%2Fv2%2Fcategories&post=2641"},{"taxonomy":"post_tag","embeddable":true,"href":"https:\/\/kalendare365.eu\/index.php?rest_route=%2Fwp%2Fv2%2Ftags&post=2641"}],"curies":[{"name":"wp","href":"https:\/\/api.w.org\/{rel}","templated":true}]}}