{"id":2669,"date":"2025-04-22T17:38:38","date_gmt":"2025-04-22T14:38:38","guid":{"rendered":"https:\/\/kalendare365.eu\/?p=2669"},"modified":"2026-04-12T16:21:49","modified_gmt":"2026-04-12T13:21:49","slug":"kalendar-cervenec-2026","status":"publish","type":"post","link":"https:\/\/kalendare365.eu\/?p=2669","title":{"rendered":"Kalend\u00e1\u0159 \u010dervenec 2026"},"content":{"rendered":"\n<p class=\"wp-block-paragraph\">\u010cervenec je m\u011bs\u00edcem letn\u00edch pr\u00e1zdnin, dovolen\u00fdch a dlouh\u00fdch dn\u016f, kter\u00e9 p\u0159\u00edmo vyb\u00edzej\u00ed k lep\u0161\u00ed organizaci \u010dasu. A\u0165 u\u017e pl\u00e1nujete pracovn\u00ed projekty, rodinn\u00e9 v\u00fdlety nebo osobn\u00ed c\u00edle, dob\u0159e navr\u017een\u00fd kalend\u00e1\u0159 v\u00e1m pom\u016f\u017ee udr\u017eet si p\u0159ehled a klid v ka\u017edodenn\u00edm tempu. P\u0159ipravili jsme proto v\u00fdb\u011br praktick\u00fdch \u0161ablon pro \u010dervenec 2026, kter\u00e9 si m\u016f\u017eete snadno st\u00e1hnout a p\u0159izp\u016fsobit podle sv\u00fdch pot\u0159eb.<\/p>\n\n\n\n<hr class=\"wp-block-separator has-alpha-channel-opacity\"\/>\n\n\n\n<h2 class=\"wp-block-heading\"><strong>\u0160irok\u00e1 nab\u00eddka \u0161ablon pro \u010dervenec 2026<\/strong><\/h2>\n\n\n\n<p class=\"wp-block-paragraph\">Pro tento m\u011bs\u00edc je k dispozici n\u011bkolik typ\u016f kalend\u00e1\u0159\u016f, kter\u00e9 se li\u0161\u00ed stylem i zp\u016fsobem pou\u017eit\u00ed. Ka\u017ed\u00fd si tak m\u016f\u017ee vybrat variantu, kter\u00e1 nejl\u00e9pe odpov\u00edd\u00e1 jeho pracovn\u00edmu rytmu i osobn\u00edm preferenc\u00edm.<\/p>\n\n\n\n<ul class=\"wp-block-list\">\n<li><strong>Jednoduch\u00fd pozn\u00e1mkov\u00fd pl\u00e1nova\u010d<\/strong> \u2014 ide\u00e1ln\u00ed pro rychl\u00e9 zapisov\u00e1n\u00ed \u00fakol\u016f, n\u00e1pad\u016f a kr\u00e1tk\u00fdch pozn\u00e1mek b\u011bhem dne.<\/li>\n\n\n\n<li><strong>Kalend\u00e1\u0159 s velk\u00fdmi \u010d\u00edsly<\/strong> \u2014 v\u00fdrazn\u00e9 datum usnad\u0148uje orientaci a je vhodn\u00e9 i pro tisk ve v\u011bt\u0161\u00edm form\u00e1tu.<\/li>\n\n\n\n<li><strong>Vertik\u00e1ln\u00ed kalend\u00e1\u0159 se sloupci pro ka\u017ed\u00fd den<\/strong> \u2014 skv\u011bl\u00fd pro detailn\u00ed pl\u00e1nov\u00e1n\u00ed, kdy pot\u0159ebujete v\u00edce prostoru.<\/li>\n\n\n\n<li><strong>Kalend\u00e1\u0159 s n\u00e1hledem p\u0159edchoz\u00edho a n\u00e1sleduj\u00edc\u00edho m\u011bs\u00edce<\/strong> \u2014 umo\u017e\u0148uje sledovat \u0161ir\u0161\u00ed \u010dasov\u00fd kontext a l\u00e9pe pl\u00e1novat dop\u0159edu.<\/li>\n\n\n\n<li><strong>Barevn\u00fd kalend\u00e1\u0159 na pozn\u00e1mky<\/strong> \u2014 propojuje estetiku s funk\u010dnost\u00ed a dod\u00e1 pracovn\u00edmu prostoru p\u0159\u00edjemnou atmosf\u00e9ru.<\/li>\n\n\n\n<li><strong>\u0160ablona s vlastn\u00edm obr\u00e1zkem \u010di fotografi\u00ed<\/strong> \u2014 vytvo\u0159te si osobn\u00ed kalend\u00e1\u0159, kter\u00fd bude odr\u00e1\u017eet v\u00e1\u0161 styl.<\/li>\n\n\n\n<li><strong>Vertik\u00e1ln\u00ed designov\u00fd kalend\u00e1\u0159 se vzorem<\/strong> \u2014 modern\u00ed vzhled a p\u0159ehledn\u00e9 rozlo\u017een\u00ed.<\/li>\n\n\n\n<li><strong>Horizont\u00e1ln\u00ed kalend\u00e1\u0159 s grafick\u00fdmi prvky<\/strong> \u2014 vhodn\u00fd pro ty, kte\u0159\u00ed preferuj\u00ed vizu\u00e1ln\u00ed prezentaci informac\u00ed.<\/li>\n<\/ul>\n\n\n\n<hr class=\"wp-block-separator has-alpha-channel-opacity\"\/>\n\n\n\n<h2 class=\"wp-block-heading\"><strong>V\u00fdhody ti\u0161t\u011bn\u00e9ho kalend\u00e1\u0159e<\/strong><\/h2>\n\n\n\n<p class=\"wp-block-paragraph\">Pap\u00edrov\u00fd kalend\u00e1\u0159 m\u00e1 st\u00e1le sv\u00e9 kouzlo. Nepot\u0159ebuje baterii, neobt\u011b\u017euje notifikacemi a poskytuje jasn\u00fd, fyzick\u00fd p\u0159ehled o nadch\u00e1zej\u00edc\u00edch dnech. Mnoha lidem pom\u00e1h\u00e1 l\u00e9pe se soust\u0159edit, pl\u00e1novat a zapamatovat si d\u016fle\u017eit\u00e9 term\u00edny. Nav\u00edc m\u016f\u017ee slou\u017eit jako p\u0159\u00edjemn\u00fd vizu\u00e1ln\u00ed prvek na pracovn\u00edm stole nebo n\u00e1st\u011bnce.<\/p>\n\n\n\n<hr class=\"wp-block-separator has-alpha-channel-opacity\"\/>\n\n\n\n<h2 class=\"wp-block-heading\"><strong>Jak si kalend\u00e1\u0159 st\u00e1hnout a upravit<\/strong><\/h2>\n\n\n\n<p class=\"wp-block-paragraph\">Sta\u017een\u00ed je jednoduch\u00e9: vyberte si \u0161ablonu, kter\u00e1 v\u00e1m vyhovuje, a st\u00e1hn\u011bte ji ve form\u00e1tu PDF nebo Word.<\/p>\n\n\n\n<ul class=\"wp-block-list\">\n<li><strong>PDF<\/strong> je ide\u00e1ln\u00ed pro rychl\u00fd tisk.<\/li>\n\n\n\n<li><strong>Word<\/strong> umo\u017e\u0148uje vlastn\u00ed \u00fapravy \u2014 zm\u011bnu barev, dopln\u011bn\u00ed pozn\u00e1mek, zv\u00fdrazn\u011bn\u00ed d\u016fle\u017eit\u00fdch dn\u016f \u010di p\u0159id\u00e1n\u00ed osobn\u00edch ud\u00e1lost\u00ed.<\/li>\n<\/ul>\n\n\n\n<p class=\"wp-block-paragraph\">D\u00edky tomu si m\u016f\u017eete vytvo\u0159it kalend\u00e1\u0159, kter\u00fd bude p\u0159esn\u011b odpov\u00eddat va\u0161emu stylu pr\u00e1ce i \u017eivotn\u00edmu rytmu.<\/p>\n\n\n\n<hr class=\"wp-block-separator has-alpha-channel-opacity\"\/>\n\n\n\n<h2 class=\"wp-block-heading\"><strong>Efektivn\u00ed pl\u00e1nov\u00e1n\u00ed v \u010dervenci 2026<\/strong><\/h2>\n\n\n\n<p class=\"wp-block-paragraph\">Dob\u0159e strukturovan\u00fd kalend\u00e1\u0159 v\u00e1m pom\u016f\u017ee rozd\u011blit \u010das mezi pr\u00e1ci, odpo\u010dinek i osobn\u00ed aktivity. Barevn\u00e9 zna\u010den\u00ed, symboly nebo tematick\u00e9 rozd\u011blen\u00ed dn\u016f mohou v\u00fdrazn\u011b zlep\u0161it orientaci a p\u0159isp\u011bt k lep\u0161\u00ed organizaci. Kdy\u017e m\u00e1te jasn\u011b stanoven\u00e9 priority, sni\u017eujete stres a z\u00edsk\u00e1v\u00e1te v\u011bt\u0161\u00ed kontrolu nad sv\u00fdm dnem.<\/p>\n\n\n\n<hr class=\"wp-block-separator has-alpha-channel-opacity\"\/>\n\n\n\n<h2 class=\"wp-block-heading has-text-align-center\">St\u00e1hn\u011bte si a vytiskn\u011bte kalend\u00e1\u0159 \u010dervenec 2026<\/h2>\n\n\n\n<div class=\"wp-block-group is-layout-grid wp-container-core-group-is-layout-7d05cc0d wp-block-group-is-layout-grid\">\n<div class=\"wp-block-group has-global-padding is-layout-constrained wp-block-group-is-layout-constrained\">\n<figure class=\"wp-block-image size-full\"><img loading=\"lazy\" decoding=\"async\" width=\"800\" height=\"566\" src=\"https:\/\/kalendare365.eu\/wp-content\/uploads\/2025\/04\/planovac-kalendare-cervenec-2026.webp\" alt=\"\" class=\"wp-image-2670\" srcset=\"https:\/\/kalendare365.eu\/wp-content\/uploads\/2025\/04\/planovac-kalendare-cervenec-2026.webp 800w, https:\/\/kalendare365.eu\/wp-content\/uploads\/2025\/04\/planovac-kalendare-cervenec-2026-300x212.webp 300w, https:\/\/kalendare365.eu\/wp-content\/uploads\/2025\/04\/planovac-kalendare-cervenec-2026-768x543.webp 768w\" sizes=\"auto, (max-width: 800px) 100vw, 800px\" \/><\/figure>\n\n\n\n<p class=\"has-text-align-center wp-block-paragraph\"><a href=\"https:\/\/kalendare365.eu\/wp-content\/uploads\/2025\/04\/planovac-kalendare-cervenec-2026.pdf\" target=\"_blank\" rel=\"noreferrer noopener nofollow\">PDF<\/a> | <a href=\"https:\/\/kalendare365.eu\/wp-content\/uploads\/2025\/04\/planovac-kalendare-cervenec-2026.docx\" target=\"_blank\" rel=\"noreferrer noopener nofollow\">WORD<\/a><\/p>\n<\/div>\n\n\n\n<div class=\"wp-block-group has-global-padding is-layout-constrained wp-block-group-is-layout-constrained\">\n<figure class=\"wp-block-image size-full\"><img loading=\"lazy\" decoding=\"async\" width=\"800\" height=\"566\" src=\"https:\/\/kalendare365.eu\/wp-content\/uploads\/2025\/04\/kalendar-cervenec-2026-s-velkymi-cisly.webp\" alt=\"\" class=\"wp-image-2673\" srcset=\"https:\/\/kalendare365.eu\/wp-content\/uploads\/2025\/04\/kalendar-cervenec-2026-s-velkymi-cisly.webp 800w, https:\/\/kalendare365.eu\/wp-content\/uploads\/2025\/04\/kalendar-cervenec-2026-s-velkymi-cisly-300x212.webp 300w, https:\/\/kalendare365.eu\/wp-content\/uploads\/2025\/04\/kalendar-cervenec-2026-s-velkymi-cisly-768x543.webp 768w\" sizes=\"auto, (max-width: 800px) 100vw, 800px\" \/><\/figure>\n\n\n\n<p class=\"has-text-align-center wp-block-paragraph\"><a href=\"https:\/\/kalendare365.eu\/wp-content\/uploads\/2025\/04\/kalendar-cervenec-2026-s-velkymi-cisly.pdf\" target=\"_blank\" rel=\"noreferrer noopener nofollow\">PDF<\/a> | <a href=\"https:\/\/kalendare365.eu\/wp-content\/uploads\/2025\/04\/kalendar-cervenec-2026-s-velkymi-cisly.docx\" target=\"_blank\" rel=\"noreferrer noopener nofollow\">WORD<\/a><\/p>\n<\/div>\n\n\n\n<div class=\"wp-block-group has-global-padding is-layout-constrained wp-block-group-is-layout-constrained\">\n<figure class=\"wp-block-image size-full\"><img loading=\"lazy\" decoding=\"async\" width=\"800\" height=\"566\" src=\"https:\/\/kalendare365.eu\/wp-content\/uploads\/2025\/04\/kalendar-cervenec-2026-s-predchozim-a-pristim-mesicem.webp\" alt=\"\" class=\"wp-image-2680\" srcset=\"https:\/\/kalendare365.eu\/wp-content\/uploads\/2025\/04\/kalendar-cervenec-2026-s-predchozim-a-pristim-mesicem.webp 800w, https:\/\/kalendare365.eu\/wp-content\/uploads\/2025\/04\/kalendar-cervenec-2026-s-predchozim-a-pristim-mesicem-300x212.webp 300w, https:\/\/kalendare365.eu\/wp-content\/uploads\/2025\/04\/kalendar-cervenec-2026-s-predchozim-a-pristim-mesicem-768x543.webp 768w\" sizes=\"auto, (max-width: 800px) 100vw, 800px\" \/><\/figure>\n\n\n\n<p class=\"has-text-align-center wp-block-paragraph\"><a href=\"https:\/\/kalendare365.eu\/wp-content\/uploads\/2025\/04\/kalendar-cervenec-2026-s-predchozim-a-pristim-mesicem.pdf\" target=\"_blank\" rel=\"noreferrer noopener nofollow\">PDF<\/a> | <a href=\"https:\/\/kalendare365.eu\/wp-content\/uploads\/2025\/04\/kalendar-cervenec-2026-s-predchozim-a-pristim-mesicem.docx\" target=\"_blank\" rel=\"noreferrer noopener nofollow\">WORD<\/a><\/p>\n<\/div>\n\n\n\n<div class=\"wp-block-group has-global-padding is-layout-constrained wp-block-group-is-layout-constrained\">\n<figure class=\"wp-block-image size-large\"><img loading=\"lazy\" decoding=\"async\" width=\"724\" height=\"1024\" src=\"https:\/\/kalendare365.eu\/wp-content\/uploads\/2025\/04\/vertikalni-planovac-kalendare-na-cervenec-2026-724x1024.webp\" alt=\"\" class=\"wp-image-2676\" srcset=\"https:\/\/kalendare365.eu\/wp-content\/uploads\/2025\/04\/vertikalni-planovac-kalendare-na-cervenec-2026-724x1024.webp 724w, https:\/\/kalendare365.eu\/wp-content\/uploads\/2025\/04\/vertikalni-planovac-kalendare-na-cervenec-2026-212x300.webp 212w, https:\/\/kalendare365.eu\/wp-content\/uploads\/2025\/04\/vertikalni-planovac-kalendare-na-cervenec-2026-768x1086.webp 768w, https:\/\/kalendare365.eu\/wp-content\/uploads\/2025\/04\/vertikalni-planovac-kalendare-na-cervenec-2026.webp 800w\" sizes=\"auto, (max-width: 724px) 100vw, 724px\" \/><\/figure>\n\n\n\n<p class=\"has-text-align-center wp-block-paragraph\"><a href=\"https:\/\/kalendare365.eu\/wp-content\/uploads\/2025\/04\/vertikalni-planovac-kalendare-na-cervenec-2026.pdf\" target=\"_blank\" rel=\"noreferrer noopener nofollow\">PDF<\/a> | <a href=\"https:\/\/kalendare365.eu\/wp-content\/uploads\/2025\/04\/vertikalni-planovac-kalendare-na-cervenec-2026.docx\" target=\"_blank\" rel=\"noreferrer noopener nofollow\">WORD<\/a><\/p>\n<\/div>\n\n\n\n<div class=\"wp-block-group has-global-padding is-layout-constrained wp-block-group-is-layout-constrained\">\n<figure class=\"wp-block-image size-large\"><img loading=\"lazy\" decoding=\"async\" width=\"724\" height=\"1024\" src=\"https:\/\/kalendare365.eu\/wp-content\/uploads\/2025\/04\/fotokalendar-cervenec-2026-724x1024.webp\" alt=\"\" class=\"wp-image-2686\" srcset=\"https:\/\/kalendare365.eu\/wp-content\/uploads\/2025\/04\/fotokalendar-cervenec-2026-724x1024.webp 724w, https:\/\/kalendare365.eu\/wp-content\/uploads\/2025\/04\/fotokalendar-cervenec-2026-212x300.webp 212w, https:\/\/kalendare365.eu\/wp-content\/uploads\/2025\/04\/fotokalendar-cervenec-2026-768x1086.webp 768w, https:\/\/kalendare365.eu\/wp-content\/uploads\/2025\/04\/fotokalendar-cervenec-2026.webp 800w\" sizes=\"auto, (max-width: 724px) 100vw, 724px\" \/><\/figure>\n\n\n\n<p class=\"has-text-align-center wp-block-paragraph\"><a href=\"https:\/\/kalendare365.eu\/wp-content\/uploads\/2025\/04\/fotokalendar-cervenec-2026.pdf\" target=\"_blank\" rel=\"noreferrer noopener nofollow\">PDF<\/a> | <a href=\"https:\/\/kalendare365.eu\/wp-content\/uploads\/2025\/04\/fotokalendar-cervenec-2026.docx\" target=\"_blank\" rel=\"noreferrer noopener nofollow\">WORD<\/a><\/p>\n<\/div>\n\n\n\n<div class=\"wp-block-group has-global-padding is-layout-constrained wp-block-group-is-layout-constrained\">\n<figure class=\"wp-block-image size-large\"><img loading=\"lazy\" decoding=\"async\" width=\"724\" height=\"1024\" src=\"https:\/\/kalendare365.eu\/wp-content\/uploads\/2025\/04\/krasny-planovac-kalendare-cervenec-2026-724x1024.webp\" alt=\"\" class=\"wp-image-2689\" srcset=\"https:\/\/kalendare365.eu\/wp-content\/uploads\/2025\/04\/krasny-planovac-kalendare-cervenec-2026-724x1024.webp 724w, https:\/\/kalendare365.eu\/wp-content\/uploads\/2025\/04\/krasny-planovac-kalendare-cervenec-2026-212x300.webp 212w, https:\/\/kalendare365.eu\/wp-content\/uploads\/2025\/04\/krasny-planovac-kalendare-cervenec-2026-768x1086.webp 768w, https:\/\/kalendare365.eu\/wp-content\/uploads\/2025\/04\/krasny-planovac-kalendare-cervenec-2026.webp 800w\" sizes=\"auto, (max-width: 724px) 100vw, 724px\" \/><\/figure>\n\n\n\n<p class=\"has-text-align-center wp-block-paragraph\"><a href=\"https:\/\/kalendare365.eu\/wp-content\/uploads\/2025\/04\/krasny-planovac-kalendare-cervenec-2026.pdf\" target=\"_blank\" rel=\"noreferrer noopener nofollow\">PDF<\/a> | <a href=\"https:\/\/kalendare365.eu\/wp-content\/uploads\/2025\/04\/krasny-planovac-kalendare-cervenec-2026.docx\" target=\"_blank\" rel=\"noreferrer noopener nofollow\">WORD<\/a><\/p>\n<\/div>\n\n\n\n<div class=\"wp-block-group has-global-padding is-layout-constrained wp-block-group-is-layout-constrained\">\n<figure class=\"wp-block-image size-full\"><img loading=\"lazy\" decoding=\"async\" width=\"800\" height=\"566\" src=\"https:\/\/kalendare365.eu\/wp-content\/uploads\/2025\/04\/krasny-kalendar-cervenec-2026.webp\" alt=\"\" class=\"wp-image-2683\" srcset=\"https:\/\/kalendare365.eu\/wp-content\/uploads\/2025\/04\/krasny-kalendar-cervenec-2026.webp 800w, https:\/\/kalendare365.eu\/wp-content\/uploads\/2025\/04\/krasny-kalendar-cervenec-2026-300x212.webp 300w, https:\/\/kalendare365.eu\/wp-content\/uploads\/2025\/04\/krasny-kalendar-cervenec-2026-768x543.webp 768w\" sizes=\"auto, (max-width: 800px) 100vw, 800px\" \/><\/figure>\n\n\n\n<p class=\"has-text-align-center wp-block-paragraph\"><a href=\"https:\/\/kalendare365.eu\/wp-content\/uploads\/2025\/04\/krasny-kalendar-cervenec-2026.pdf\" target=\"_blank\" rel=\"noreferrer noopener nofollow\">PDF<\/a> | <a href=\"https:\/\/kalendare365.eu\/wp-content\/uploads\/2025\/04\/krasny-kalendar-cervenec-2026.docx\" target=\"_blank\" rel=\"noreferrer noopener nofollow\">WORD<\/a><\/p>\n<\/div>\n\n\n\n<div class=\"wp-block-group has-global-padding is-layout-constrained wp-block-group-is-layout-constrained\">\n<figure class=\"wp-block-image size-full\"><img loading=\"lazy\" decoding=\"async\" width=\"800\" height=\"566\" src=\"https:\/\/kalendare365.eu\/wp-content\/uploads\/2025\/04\/kalendar-cervenec-2026-s-poznamkami.webp\" alt=\"\" class=\"wp-image-2692\" srcset=\"https:\/\/kalendare365.eu\/wp-content\/uploads\/2025\/04\/kalendar-cervenec-2026-s-poznamkami.webp 800w, https:\/\/kalendare365.eu\/wp-content\/uploads\/2025\/04\/kalendar-cervenec-2026-s-poznamkami-300x212.webp 300w, https:\/\/kalendare365.eu\/wp-content\/uploads\/2025\/04\/kalendar-cervenec-2026-s-poznamkami-768x543.webp 768w\" sizes=\"auto, (max-width: 800px) 100vw, 800px\" \/><\/figure>\n\n\n\n<p class=\"has-text-align-center wp-block-paragraph\"><a href=\"https:\/\/kalendare365.eu\/wp-content\/uploads\/2025\/04\/kalendar-cervenec-2026-s-poznamkami.pdf\" target=\"_blank\" rel=\"noreferrer noopener nofollow\">PDF<\/a> | <a href=\"https:\/\/kalendare365.eu\/wp-content\/uploads\/2025\/04\/kalendar-cervenec-2026-s-poznamkami.docx\" target=\"_blank\" rel=\"noreferrer noopener nofollow\">WORD<\/a><\/p>\n<\/div>\n<\/div>\n\n\n\n<h3 class=\"wp-block-heading\"><strong>Z\u00e1v\u011br<\/strong><\/h3>\n\n\n\n<p class=\"wp-block-paragraph\">Kalend\u00e1\u0159 na \u010dervenec 2026 nen\u00ed jen seznam dat \u2014 je to n\u00e1stroj, kter\u00fd v\u00e1m pom\u016f\u017ee vytvo\u0159it rovnov\u00e1hu mezi povinnostmi a voln\u00fdm \u010dasem. Vyberte si \u0161ablonu, kter\u00e1 v\u00e1s oslov\u00ed, a dop\u0159ejte si syst\u00e9m, kter\u00fd v\u00e1m usnadn\u00ed ka\u017ed\u00fd den. Sta\u010d\u00ed p\u00e1r minut pl\u00e1nov\u00e1n\u00ed a cel\u00fd m\u011bs\u00edc m\u016f\u017ee b\u00fdt mnohem klidn\u011bj\u0161\u00ed a produktivn\u011bj\u0161\u00ed.<\/p>\n","protected":false},"excerpt":{"rendered":"<p>\u010cervenec je m\u011bs\u00edcem letn\u00edch pr\u00e1zdnin, dovolen\u00fdch a dlouh\u00fdch dn\u016f, kter\u00e9 p\u0159\u00edmo vyb\u00edzej\u00ed k lep\u0161\u00ed organizaci \u010dasu. A\u0165 u\u017e pl\u00e1nujete pracovn\u00ed projekty, rodinn\u00e9 v\u00fdlety nebo osobn\u00ed c\u00edle, dob\u0159e navr\u017een\u00fd kalend\u00e1\u0159 v\u00e1m pom\u016f\u017ee udr\u017eet si p\u0159ehled a klid v ka\u017edodenn\u00edm tempu. P\u0159ipravili jsme proto v\u00fdb\u011br praktick\u00fdch \u0161ablon pro \u010dervenec 2026, kter\u00e9 si m\u016f\u017eete snadno st\u00e1hnout a p\u0159izp\u016fsobit [&hellip;]<\/p>\n","protected":false},"author":1,"featured_media":0,"comment_status":"open","ping_status":"closed","sticky":false,"template":"","format":"standard","meta":{"footnotes":""},"categories":[11],"tags":[33],"class_list":["post-2669","post","type-post","status-publish","format-standard","hentry","category-cervenec","tag-33"],"_links":{"self":[{"href":"https:\/\/kalendare365.eu\/index.php?rest_route=\/wp\/v2\/posts\/2669","targetHints":{"allow":["GET"]}}],"collection":[{"href":"https:\/\/kalendare365.eu\/index.php?rest_route=\/wp\/v2\/posts"}],"about":[{"href":"https:\/\/kalendare365.eu\/index.php?rest_route=\/wp\/v2\/types\/post"}],"author":[{"embeddable":true,"href":"https:\/\/kalendare365.eu\/index.php?rest_route=\/wp\/v2\/users\/1"}],"replies":[{"embeddable":true,"href":"https:\/\/kalendare365.eu\/index.php?rest_route=%2Fwp%2Fv2%2Fcomments&post=2669"}],"version-history":[{"count":3,"href":"https:\/\/kalendare365.eu\/index.php?rest_route=\/wp\/v2\/posts\/2669\/revisions"}],"predecessor-version":[{"id":3587,"href":"https:\/\/kalendare365.eu\/index.php?rest_route=\/wp\/v2\/posts\/2669\/revisions\/3587"}],"wp:attachment":[{"href":"https:\/\/kalendare365.eu\/index.php?rest_route=%2Fwp%2Fv2%2Fmedia&parent=2669"}],"wp:term":[{"taxonomy":"category","embeddable":true,"href":"https:\/\/kalendare365.eu\/index.php?rest_route=%2Fwp%2Fv2%2Fcategories&post=2669"},{"taxonomy":"post_tag","embeddable":true,"href":"https:\/\/kalendare365.eu\/index.php?rest_route=%2Fwp%2Fv2%2Ftags&post=2669"}],"curies":[{"name":"wp","href":"https:\/\/api.w.org\/{rel}","templated":true}]}}