{"id":2697,"date":"2025-04-22T18:06:48","date_gmt":"2025-04-22T15:06:48","guid":{"rendered":"https:\/\/kalendare365.eu\/?p=2697"},"modified":"2026-07-14T23:55:58","modified_gmt":"2026-07-14T20:55:58","slug":"kalendar-srpen-2026","status":"publish","type":"post","link":"https:\/\/kalendare365.eu\/?p=2697","title":{"rendered":"Kalend\u00e1\u0159 srpen 2026"},"content":{"rendered":"\n<p class=\"wp-block-paragraph\">Kalend\u00e1\u0159 pro srpen 2026 je praktick\u00fdm n\u00e1strojem pro ka\u017ed\u00e9ho, kdo chce m\u00edt sv\u00e9 pracovn\u00ed i osobn\u00ed povinnosti p\u0159ehledn\u011b uspo\u0159\u00e1dan\u00e9. D\u00edky \u0161irok\u00e9 nab\u00eddce \u0161ablon, mo\u017enosti tisku i \u00faprav a dostupnosti ve form\u00e1tech PDF a Word si m\u016f\u017eete vytvo\u0159it syst\u00e9m pl\u00e1nov\u00e1n\u00ed p\u0159esn\u011b podle sv\u00fdch pot\u0159eb. Tento \u010dl\u00e1nek p\u0159edstavuje nejzaj\u00edmav\u011bj\u0161\u00ed varianty, v\u00fdhody pap\u00edrov\u00e9ho pl\u00e1nov\u00e1n\u00ed i doporu\u010den\u00ed, jak kalend\u00e1\u0159 vyu\u017e\u00edt naplno.<\/p>\n\n\n\n<h2 class=\"wp-block-heading\">\ud83d\uddc2\ufe0f \u0160ablony kalend\u00e1\u0159e pro srpen 2026<\/h2>\n\n\n\n<p class=\"wp-block-paragraph\">Na webu najdete mnoho typ\u016f \u0161ablon, kter\u00e9 se li\u0161\u00ed vzhledem, rozlo\u017een\u00edm i zp\u016fsobem pr\u00e1ce s \u010dasem. Ka\u017ed\u00e1 varianta nab\u00edz\u00ed jin\u00fd styl organizace, tak\u017ee si snadno vyberete tu, kter\u00e1 odpov\u00edd\u00e1 va\u0161emu rytmu a preferenc\u00edm.<\/p>\n\n\n\n<h3 class=\"wp-block-heading\">\u270f\ufe0f Jednoduch\u00fd pl\u00e1nova\u010d pozn\u00e1mek<\/h3>\n\n\n\n<p class=\"wp-block-paragraph\">Praktick\u00e1 volba pro rychl\u00e9 zapisov\u00e1n\u00ed \u00fakol\u016f, n\u00e1pad\u016f a ka\u017edodenn\u00edch pozn\u00e1mek. Ide\u00e1ln\u00ed pro ty, kdo preferuj\u00ed minimalistick\u00fd styl.<\/p>\n\n\n\n<h3 class=\"wp-block-heading\">\ud83d\udd22 Kalend\u00e1\u0159 s velk\u00fdmi \u010d\u00edsly<\/h3>\n\n\n\n<p class=\"wp-block-paragraph\">P\u0159ehledn\u00e9 zobrazen\u00ed dat, kter\u00e9 usnad\u0148uje orientaci v m\u011bs\u00edci. Hod\u00ed se do kancel\u00e1\u0159e i dom\u00e1c\u00edho prost\u0159ed\u00ed.<\/p>\n\n\n\n<h3 class=\"wp-block-heading\">\ud83d\udcca Vertik\u00e1ln\u00ed kalend\u00e1\u0159 se sloupci<\/h3>\n\n\n\n<p class=\"wp-block-paragraph\">Umo\u017e\u0148uje detailn\u00ed pl\u00e1nov\u00e1n\u00ed jednotliv\u00fdch dn\u016f. Nab\u00edz\u00ed v\u00edce prostoru pro \u00fakoly, sch\u016fzky a \u010dasov\u00e9 bloky.<\/p>\n\n\n\n<h3 class=\"wp-block-heading\">\ud83d\uddd3\ufe0f Kalend\u00e1\u0159 s p\u0159edchoz\u00edmi a n\u00e1sleduj\u00edc\u00edmi m\u011bs\u00edci<\/h3>\n\n\n\n<p class=\"wp-block-paragraph\">Poskytuje \u0161ir\u0161\u00ed \u010dasov\u00fd kontext, d\u00edky kter\u00e9mu je dlouhodob\u00e9 pl\u00e1nov\u00e1n\u00ed mnohem jednodu\u0161\u0161\u00ed.<\/p>\n\n\n\n<h3 class=\"wp-block-heading\">\ud83c\udfa8 Barevn\u00fd kalend\u00e1\u0159 na pozn\u00e1mky<\/h3>\n\n\n\n<p class=\"wp-block-paragraph\">Estetick\u00e1 \u0161ablona, kter\u00e1 zp\u0159\u00edjemn\u00ed pracovn\u00ed prost\u0159ed\u00ed a podporuje kreativitu. Vhodn\u00e1 pro vizu\u00e1ln\u00ed typy.<\/p>\n\n\n\n<h3 class=\"wp-block-heading\">\ud83d\uddbc\ufe0f Kalend\u00e1\u0159 s vlastn\u00ed fotografi\u00ed<\/h3>\n\n\n\n<p class=\"wp-block-paragraph\">Personalizovan\u00e1 varianta, do kter\u00e9 m\u016f\u017eete vlo\u017eit vlastn\u00ed obr\u00e1zek \u010di motiv. Skv\u011bl\u00e1 volba pro dom\u00e1c\u00ed pou\u017eit\u00ed nebo jako d\u00e1rek.<\/p>\n\n\n\n<h3 class=\"wp-block-heading\">\ud83e\udde9 Stylov\u00fd vertik\u00e1ln\u00ed kalend\u00e1\u0159 se vzorem<\/h3>\n\n\n\n<p class=\"wp-block-paragraph\">Modern\u00ed design spojuj\u00edc\u00ed eleganci a funk\u010dnost. Hod\u00ed se do kancel\u00e1\u0159\u00ed, studi\u00ed i dom\u00e1c\u00edch pracovn\u00edch kout\u016f.<\/p>\n\n\n\n<h3 class=\"wp-block-heading\">\ud83d\udcc8 Horizont\u00e1ln\u00ed kalend\u00e1\u0159 s grafy<\/h3>\n\n\n\n<p class=\"wp-block-paragraph\">Vhodn\u00fd pro vizu\u00e1ln\u00ed sledov\u00e1n\u00ed statistik, trend\u016f nebo pracovn\u00edch dat. Obl\u00edben\u00fd mezi analytiky a mana\u017eery.<\/p>\n\n\n\n<h2 class=\"wp-block-heading\">\ud83d\udcc7 V\u00fdhody ti\u0161t\u011bn\u00e9ho kalend\u00e1\u0159e<\/h2>\n\n\n\n<p class=\"wp-block-paragraph\">Pap\u00edrov\u00fd kalend\u00e1\u0159 m\u00e1 sv\u00e9 jedine\u010dn\u00e9 kouzlo. Umo\u017e\u0148uje soust\u0159ed\u011bn\u00e9 pl\u00e1nov\u00e1n\u00ed bez ru\u0161iv\u00fdch digit\u00e1ln\u00edch podn\u011bt\u016f a poskytuje prostor pro vlastn\u00ed syst\u00e9m zna\u010dek, barev a pozn\u00e1mek. D\u00edky fyzick\u00e9 podob\u011b m\u00e1te v\u0161echny d\u016fle\u017eit\u00e9 informace st\u00e1le na o\u010d\u00edch, co\u017e podporuje lep\u0161\u00ed organizaci i klidn\u011bj\u0161\u00ed pracovn\u00ed rytmus.<\/p>\n\n\n\n<h2 class=\"wp-block-heading\">\ud83d\udcbe Jak st\u00e1hnout a upravit kalend\u00e1\u0159 srpen 2026<\/h2>\n\n\n\n<p class=\"wp-block-paragraph\">Sta\u017een\u00ed kalend\u00e1\u0159e je jednoduch\u00e9. Na webu si vyberete preferovanou \u0161ablonu a zvol\u00edte form\u00e1t, kter\u00fd v\u00e1m nejv\u00edce vyhovuje.<\/p>\n\n\n\n<h3 class=\"wp-block-heading\">\ud83d\udcc4 PDF<\/h3>\n\n\n\n<p class=\"wp-block-paragraph\">Ide\u00e1ln\u00ed pro okam\u017eit\u00fd tisk. Form\u00e1t zachov\u00e1v\u00e1 p\u0159esn\u00e9 rozlo\u017een\u00ed a vzhled \u0161ablony.<\/p>\n\n\n\n<h3 class=\"wp-block-heading\">\ud83d\udcdd Word<\/h3>\n\n\n\n<p class=\"wp-block-paragraph\">Umo\u017e\u0148uje \u00fapravy \u2013 zm\u011bnu barev, p\u0159id\u00e1n\u00ed pozn\u00e1mek, \u00fapravu rozlo\u017een\u00ed nebo dopln\u011bn\u00ed vlastn\u00edch prvk\u016f. Skv\u011bl\u00e1 volba pro ty, kdo cht\u011bj\u00ed kalend\u00e1\u0159 p\u0159izp\u016fsobit sv\u00e9mu stylu pr\u00e1ce.<\/p>\n\n\n\n<h2 class=\"wp-block-heading\">\ud83d\udca1 Tipy pro efektivn\u00ed pl\u00e1nov\u00e1n\u00ed<\/h2>\n\n\n\n<p class=\"wp-block-paragraph\">Spr\u00e1vn\u00e9 pou\u017e\u00edv\u00e1n\u00ed kalend\u00e1\u0159e m\u016f\u017ee v\u00fdrazn\u011b zv\u00fd\u0161it produktivitu a sn\u00ed\u017eit stres. Doporu\u010dujeme n\u011bkolik jednoduch\u00fdch postup\u016f:<\/p>\n\n\n\n<h3 class=\"wp-block-heading\">\ud83c\udf05 Rann\u00ed p\u0159ehled \u00fakol\u016f<\/h3>\n\n\n\n<p class=\"wp-block-paragraph\">Ka\u017ed\u00fd den za\u010dn\u011bte kr\u00e1tk\u00fdm souhrnem priorit. Pom\u016f\u017ee v\u00e1m udr\u017eet jasn\u00fd sm\u011br.<\/p>\n\n\n\n<h3 class=\"wp-block-heading\">\ud83c\udfa8 Barevn\u00e9 zna\u010den\u00ed aktivit<\/h3>\n\n\n\n<p class=\"wp-block-paragraph\">Rozli\u0161en\u00ed pracovn\u00edch a osobn\u00edch \u00fakol\u016f barvami zvy\u0161uje p\u0159ehlednost a usnad\u0148uje orientaci.<\/p>\n\n\n\n<h3 class=\"wp-block-heading\">\ud83d\udd04 Kombinace pap\u00edrov\u00e9ho a digit\u00e1ln\u00edho pl\u00e1nov\u00e1n\u00ed<\/h3>\n\n\n\n<p class=\"wp-block-paragraph\">Time blocking nebo digit\u00e1ln\u00ed p\u0159ipom\u00ednky mohou doplnit pap\u00edrov\u00fd kalend\u00e1\u0159 a vytvo\u0159it vyv\u00e1\u017een\u00fd syst\u00e9m.<\/p>\n\n\n\n<h2 class=\"wp-block-heading\">\ud83d\udda8\ufe0f St\u00e1hn\u011bte si a vytiskn\u011bte kalend\u00e1\u0159 srpen 2026<\/h2>\n\n\n\n<p class=\"wp-block-paragraph\">Vyberte si \u0161ablonu, st\u00e1hn\u011bte ji ve form\u00e1tu PDF nebo Word a vytvo\u0159te si vlastn\u00ed organizovan\u00fd syst\u00e9m, kter\u00fd v\u00e1m pom\u016f\u017ee zvl\u00e1dat pracovn\u00ed i osobn\u00ed povinnosti s lehkost\u00ed.<\/p>\n\n\n\n<h2 class=\"wp-block-heading has-text-align-center\">St\u00e1hn\u011bte si a vytiskn\u011bte kalend\u00e1\u0159 srpen 2026<\/h2>\n\n\n\n<div class=\"wp-block-group is-layout-grid wp-container-core-group-is-layout-7d05cc0d wp-block-group-is-layout-grid\">\n<div class=\"wp-block-group has-global-padding is-layout-constrained wp-block-group-is-layout-constrained\">\n<figure class=\"wp-block-image size-full\"><img loading=\"lazy\" decoding=\"async\" width=\"800\" height=\"566\" src=\"https:\/\/kalendare365.eu\/wp-content\/uploads\/2025\/04\/kalendar-srpen-2026-s-velkymi-cisly.webp\" alt=\"\" class=\"wp-image-2701\" srcset=\"https:\/\/kalendare365.eu\/wp-content\/uploads\/2025\/04\/kalendar-srpen-2026-s-velkymi-cisly.webp 800w, https:\/\/kalendare365.eu\/wp-content\/uploads\/2025\/04\/kalendar-srpen-2026-s-velkymi-cisly-300x212.webp 300w, https:\/\/kalendare365.eu\/wp-content\/uploads\/2025\/04\/kalendar-srpen-2026-s-velkymi-cisly-768x543.webp 768w\" sizes=\"auto, (max-width: 800px) 100vw, 800px\" \/><\/figure>\n\n\n\n<p class=\"has-text-align-center wp-block-paragraph\"><a href=\"https:\/\/kalendare365.eu\/wp-content\/uploads\/2025\/04\/kalendar-srpen-2026-s-velkymi-cisly.pdf\" target=\"_blank\" rel=\"noreferrer noopener nofollow\">PDF<\/a> | <a href=\"https:\/\/kalendare365.eu\/wp-content\/uploads\/2025\/04\/kalendar-srpen-2026-s-velkymi-cisly.docx\" target=\"_blank\" rel=\"noreferrer noopener nofollow\">WORD<\/a><\/p>\n<\/div>\n\n\n\n<div class=\"wp-block-group has-global-padding is-layout-constrained wp-block-group-is-layout-constrained\">\n<figure class=\"wp-block-image size-full\"><img loading=\"lazy\" decoding=\"async\" width=\"800\" height=\"566\" src=\"https:\/\/kalendare365.eu\/wp-content\/uploads\/2025\/04\/planovac-kalendare-srpen-2026.webp\" alt=\"\" class=\"wp-image-2698\" srcset=\"https:\/\/kalendare365.eu\/wp-content\/uploads\/2025\/04\/planovac-kalendare-srpen-2026.webp 800w, https:\/\/kalendare365.eu\/wp-content\/uploads\/2025\/04\/planovac-kalendare-srpen-2026-300x212.webp 300w, https:\/\/kalendare365.eu\/wp-content\/uploads\/2025\/04\/planovac-kalendare-srpen-2026-768x543.webp 768w\" sizes=\"auto, (max-width: 800px) 100vw, 800px\" \/><\/figure>\n\n\n\n<p class=\"has-text-align-center wp-block-paragraph\"><a href=\"https:\/\/kalendare365.eu\/wp-content\/uploads\/2025\/04\/planovac-kalendare-srpen-2026.pdf\" target=\"_blank\" rel=\"noreferrer noopener nofollow\">PDF<\/a> | <a href=\"https:\/\/kalendare365.eu\/wp-content\/uploads\/2025\/04\/planovac-kalendare-srpen-2026.docx\" target=\"_blank\" rel=\"noreferrer noopener nofollow\">WORD<\/a><\/p>\n<\/div>\n\n\n\n<div class=\"wp-block-group has-global-padding is-layout-constrained wp-block-group-is-layout-constrained\">\n<figure class=\"wp-block-image size-full\"><img loading=\"lazy\" decoding=\"async\" width=\"800\" height=\"566\" src=\"https:\/\/kalendare365.eu\/wp-content\/uploads\/2025\/04\/kalendar-srpen-2026-s-predchozim-a-pristim-mesicem.webp\" alt=\"\" class=\"wp-image-2707\" srcset=\"https:\/\/kalendare365.eu\/wp-content\/uploads\/2025\/04\/kalendar-srpen-2026-s-predchozim-a-pristim-mesicem.webp 800w, https:\/\/kalendare365.eu\/wp-content\/uploads\/2025\/04\/kalendar-srpen-2026-s-predchozim-a-pristim-mesicem-300x212.webp 300w, https:\/\/kalendare365.eu\/wp-content\/uploads\/2025\/04\/kalendar-srpen-2026-s-predchozim-a-pristim-mesicem-768x543.webp 768w\" sizes=\"auto, (max-width: 800px) 100vw, 800px\" \/><\/figure>\n\n\n\n<p class=\"has-text-align-center wp-block-paragraph\"><a href=\"https:\/\/kalendare365.eu\/wp-content\/uploads\/2025\/04\/kalendar-srpen-2026-s-predchozim-a-pristim-mesicem.pdf\" target=\"_blank\" rel=\"noreferrer noopener nofollow\">PDF<\/a> | <a href=\"https:\/\/kalendare365.eu\/wp-content\/uploads\/2025\/04\/kalendar-srpen-2026-s-predchozim-a-pristim-mesicem.docx\" target=\"_blank\" rel=\"noreferrer noopener nofollow\">WORD<\/a><\/p>\n<\/div>\n\n\n\n<div class=\"wp-block-group has-global-padding is-layout-constrained wp-block-group-is-layout-constrained\">\n<figure class=\"wp-block-image size-large\"><img loading=\"lazy\" decoding=\"async\" width=\"724\" height=\"1024\" src=\"https:\/\/kalendare365.eu\/wp-content\/uploads\/2025\/04\/vertikalni-planovac-kalendare-na-srpen-2026-724x1024.webp\" alt=\"\" class=\"wp-image-2704\" srcset=\"https:\/\/kalendare365.eu\/wp-content\/uploads\/2025\/04\/vertikalni-planovac-kalendare-na-srpen-2026-724x1024.webp 724w, https:\/\/kalendare365.eu\/wp-content\/uploads\/2025\/04\/vertikalni-planovac-kalendare-na-srpen-2026-212x300.webp 212w, https:\/\/kalendare365.eu\/wp-content\/uploads\/2025\/04\/vertikalni-planovac-kalendare-na-srpen-2026-768x1086.webp 768w, https:\/\/kalendare365.eu\/wp-content\/uploads\/2025\/04\/vertikalni-planovac-kalendare-na-srpen-2026.webp 800w\" sizes=\"auto, (max-width: 724px) 100vw, 724px\" \/><\/figure>\n\n\n\n<p class=\"has-text-align-center wp-block-paragraph\"><a href=\"https:\/\/kalendare365.eu\/wp-content\/uploads\/2025\/04\/vertikalni-planovac-kalendare-na-srpen-2026.pdf\" target=\"_blank\" rel=\"noreferrer noopener nofollow\">PDF<\/a> | <a href=\"https:\/\/kalendare365.eu\/wp-content\/uploads\/2025\/04\/vertikalni-planovac-kalendare-na-srpen-2026.docx\" target=\"_blank\" rel=\"noreferrer noopener nofollow\">WORD<\/a><\/p>\n<\/div>\n\n\n\n<div class=\"wp-block-group has-global-padding is-layout-constrained wp-block-group-is-layout-constrained\">\n<figure class=\"wp-block-image size-large\"><img loading=\"lazy\" decoding=\"async\" width=\"724\" height=\"1024\" src=\"https:\/\/kalendare365.eu\/wp-content\/uploads\/2025\/04\/fotokalendar-srpen-2026-724x1024.webp\" alt=\"\" class=\"wp-image-2713\" srcset=\"https:\/\/kalendare365.eu\/wp-content\/uploads\/2025\/04\/fotokalendar-srpen-2026-724x1024.webp 724w, https:\/\/kalendare365.eu\/wp-content\/uploads\/2025\/04\/fotokalendar-srpen-2026-212x300.webp 212w, https:\/\/kalendare365.eu\/wp-content\/uploads\/2025\/04\/fotokalendar-srpen-2026-768x1086.webp 768w, https:\/\/kalendare365.eu\/wp-content\/uploads\/2025\/04\/fotokalendar-srpen-2026.webp 800w\" sizes=\"auto, (max-width: 724px) 100vw, 724px\" \/><\/figure>\n\n\n\n<p class=\"has-text-align-center wp-block-paragraph\"><a href=\"https:\/\/kalendare365.eu\/wp-content\/uploads\/2025\/04\/fotokalendar-srpen-2026.pdf\" target=\"_blank\" rel=\"noreferrer noopener nofollow\">PDF<\/a> | <a href=\"https:\/\/kalendare365.eu\/wp-content\/uploads\/2025\/04\/fotokalendar-srpen-2026.docx\" target=\"_blank\" rel=\"noreferrer noopener nofollow\">WORD<\/a><\/p>\n<\/div>\n\n\n\n<div class=\"wp-block-group has-global-padding is-layout-constrained wp-block-group-is-layout-constrained\">\n<figure class=\"wp-block-image size-large\"><img loading=\"lazy\" decoding=\"async\" width=\"724\" height=\"1024\" src=\"https:\/\/kalendare365.eu\/wp-content\/uploads\/2025\/04\/krasny-planovac-kalendare-srpen-2026-724x1024.webp\" alt=\"\" class=\"wp-image-2716\" srcset=\"https:\/\/kalendare365.eu\/wp-content\/uploads\/2025\/04\/krasny-planovac-kalendare-srpen-2026-724x1024.webp 724w, https:\/\/kalendare365.eu\/wp-content\/uploads\/2025\/04\/krasny-planovac-kalendare-srpen-2026-212x300.webp 212w, https:\/\/kalendare365.eu\/wp-content\/uploads\/2025\/04\/krasny-planovac-kalendare-srpen-2026-768x1086.webp 768w, https:\/\/kalendare365.eu\/wp-content\/uploads\/2025\/04\/krasny-planovac-kalendare-srpen-2026.webp 800w\" sizes=\"auto, (max-width: 724px) 100vw, 724px\" \/><\/figure>\n\n\n\n<p class=\"has-text-align-center wp-block-paragraph\"><a href=\"https:\/\/kalendare365.eu\/wp-content\/uploads\/2025\/04\/krasny-planovac-kalendare-srpen-2026.pdf\" target=\"_blank\" rel=\"noreferrer noopener nofollow\">PDF<\/a> | <a href=\"https:\/\/kalendare365.eu\/wp-content\/uploads\/2025\/04\/krasny-planovac-kalendare-srpen-2026.docx\" target=\"_blank\" rel=\"noreferrer noopener nofollow\">WORD<\/a><\/p>\n<\/div>\n\n\n\n<div class=\"wp-block-group has-global-padding is-layout-constrained wp-block-group-is-layout-constrained\">\n<figure class=\"wp-block-image size-full\"><img loading=\"lazy\" decoding=\"async\" width=\"800\" height=\"566\" src=\"https:\/\/kalendare365.eu\/wp-content\/uploads\/2025\/04\/krasny-kalendar-srpen-2026.webp\" alt=\"\" class=\"wp-image-2710\" srcset=\"https:\/\/kalendare365.eu\/wp-content\/uploads\/2025\/04\/krasny-kalendar-srpen-2026.webp 800w, https:\/\/kalendare365.eu\/wp-content\/uploads\/2025\/04\/krasny-kalendar-srpen-2026-300x212.webp 300w, https:\/\/kalendare365.eu\/wp-content\/uploads\/2025\/04\/krasny-kalendar-srpen-2026-768x543.webp 768w\" sizes=\"auto, (max-width: 800px) 100vw, 800px\" \/><\/figure>\n\n\n\n<p class=\"has-text-align-center wp-block-paragraph\"><a href=\"https:\/\/kalendare365.eu\/wp-content\/uploads\/2025\/04\/krasny-kalendar-srpen-2026.pdf\" target=\"_blank\" rel=\"noreferrer noopener nofollow\">PDF<\/a> | <a href=\"https:\/\/kalendare365.eu\/wp-content\/uploads\/2025\/04\/krasny-kalendar-srpen-2026.docx\" target=\"_blank\" rel=\"noreferrer noopener nofollow\">WORD<\/a><\/p>\n<\/div>\n\n\n\n<div class=\"wp-block-group has-global-padding is-layout-constrained wp-block-group-is-layout-constrained\">\n<figure class=\"wp-block-image size-full\"><img loading=\"lazy\" decoding=\"async\" width=\"800\" height=\"566\" src=\"https:\/\/kalendare365.eu\/wp-content\/uploads\/2025\/04\/kalendar-srpen-2026-s-poznamkami.webp\" alt=\"\" class=\"wp-image-2719\" srcset=\"https:\/\/kalendare365.eu\/wp-content\/uploads\/2025\/04\/kalendar-srpen-2026-s-poznamkami.webp 800w, https:\/\/kalendare365.eu\/wp-content\/uploads\/2025\/04\/kalendar-srpen-2026-s-poznamkami-300x212.webp 300w, https:\/\/kalendare365.eu\/wp-content\/uploads\/2025\/04\/kalendar-srpen-2026-s-poznamkami-768x543.webp 768w\" sizes=\"auto, (max-width: 800px) 100vw, 800px\" \/><\/figure>\n\n\n\n<p class=\"has-text-align-center wp-block-paragraph\"><a href=\"https:\/\/kalendare365.eu\/wp-content\/uploads\/2025\/04\/kalendar-srpen-2026-s-poznamkami.pdf\" target=\"_blank\" rel=\"noreferrer noopener nofollow\">PDF<\/a> | <a href=\"https:\/\/kalendare365.eu\/wp-content\/uploads\/2025\/04\/kalendar-srpen-2026-s-poznamkami.docx\" target=\"_blank\" rel=\"noreferrer noopener nofollow\">WORD<\/a><\/p>\n<\/div>\n<\/div>\n\n\n\n<h1 class=\"wp-block-heading\">\ud83c\udfc1 Z\u00e1v\u011br<\/h1>\n\n\n\n<p class=\"wp-block-paragraph\">Kalend\u00e1\u0159 pro srpen 2026 je skv\u011bl\u00fdm pomocn\u00edkem pro ka\u017ed\u00e9ho, kdo chce pl\u00e1novat efektivn\u011b a bez stresu. D\u00edky \u0161irok\u00e9 nab\u00eddce \u0161ablon, mo\u017enosti \u00faprav a jednoduch\u00e9mu tisku si m\u016f\u017eete vytvo\u0159it p\u0159esn\u011b takov\u00fd pl\u00e1novac\u00ed n\u00e1stroj, jak\u00fd pot\u0159ebujete. A\u0165 u\u017e preferujete minimalistick\u00fd styl, barevn\u00e9 pozn\u00e1mky nebo detailn\u00ed denn\u00ed rozvrh, spr\u00e1vn\u011b zvolen\u00fd kalend\u00e1\u0159 v\u00e1m pom\u016f\u017ee udr\u017eet po\u0159\u00e1dek, soust\u0159ed\u011bn\u00ed i klidn\u011bj\u0161\u00ed pracovn\u00ed rytmus.<\/p>\n","protected":false},"excerpt":{"rendered":"<p>Kalend\u00e1\u0159 pro srpen 2026 je praktick\u00fdm n\u00e1strojem pro ka\u017ed\u00e9ho, kdo chce m\u00edt sv\u00e9 pracovn\u00ed i osobn\u00ed povinnosti p\u0159ehledn\u011b uspo\u0159\u00e1dan\u00e9. D\u00edky \u0161irok\u00e9 nab\u00eddce \u0161ablon, mo\u017enosti tisku i \u00faprav a dostupnosti ve form\u00e1tech PDF a Word si m\u016f\u017eete vytvo\u0159it syst\u00e9m pl\u00e1nov\u00e1n\u00ed p\u0159esn\u011b podle sv\u00fdch pot\u0159eb. Tento \u010dl\u00e1nek p\u0159edstavuje nejzaj\u00edmav\u011bj\u0161\u00ed varianty, v\u00fdhody pap\u00edrov\u00e9ho pl\u00e1nov\u00e1n\u00ed i doporu\u010den\u00ed, jak kalend\u00e1\u0159 [&hellip;]<\/p>\n","protected":false},"author":1,"featured_media":0,"comment_status":"open","ping_status":"closed","sticky":false,"template":"","format":"standard","meta":{"footnotes":""},"categories":[12],"tags":[33],"class_list":["post-2697","post","type-post","status-publish","format-standard","hentry","category-srpen","tag-33"],"_links":{"self":[{"href":"https:\/\/kalendare365.eu\/index.php?rest_route=\/wp\/v2\/posts\/2697","targetHints":{"allow":["GET"]}}],"collection":[{"href":"https:\/\/kalendare365.eu\/index.php?rest_route=\/wp\/v2\/posts"}],"about":[{"href":"https:\/\/kalendare365.eu\/index.php?rest_route=\/wp\/v2\/types\/post"}],"author":[{"embeddable":true,"href":"https:\/\/kalendare365.eu\/index.php?rest_route=\/wp\/v2\/users\/1"}],"replies":[{"embeddable":true,"href":"https:\/\/kalendare365.eu\/index.php?rest_route=%2Fwp%2Fv2%2Fcomments&post=2697"}],"version-history":[{"count":3,"href":"https:\/\/kalendare365.eu\/index.php?rest_route=\/wp\/v2\/posts\/2697\/revisions"}],"predecessor-version":[{"id":3767,"href":"https:\/\/kalendare365.eu\/index.php?rest_route=\/wp\/v2\/posts\/2697\/revisions\/3767"}],"wp:attachment":[{"href":"https:\/\/kalendare365.eu\/index.php?rest_route=%2Fwp%2Fv2%2Fmedia&parent=2697"}],"wp:term":[{"taxonomy":"category","embeddable":true,"href":"https:\/\/kalendare365.eu\/index.php?rest_route=%2Fwp%2Fv2%2Fcategories&post=2697"},{"taxonomy":"post_tag","embeddable":true,"href":"https:\/\/kalendare365.eu\/index.php?rest_route=%2Fwp%2Fv2%2Ftags&post=2697"}],"curies":[{"name":"wp","href":"https:\/\/api.w.org\/{rel}","templated":true}]}}