{"id":2724,"date":"2025-04-22T18:37:16","date_gmt":"2025-04-22T15:37:16","guid":{"rendered":"https:\/\/kalendare365.eu\/?p=2724"},"modified":"2026-06-14T22:55:26","modified_gmt":"2026-06-14T19:55:26","slug":"kalendar-zari-2026","status":"publish","type":"post","link":"https:\/\/kalendare365.eu\/?p=2724","title":{"rendered":"Kalend\u00e1\u0159 z\u00e1\u0159\u00ed 2026"},"content":{"rendered":"\n<p class=\"wp-block-paragraph\">Kalend\u00e1\u0159 z\u00e1\u0159\u00ed 2026 p\u0159edstavuje praktick\u00fd n\u00e1stroj, kter\u00fd pom\u00e1h\u00e1 udr\u017eet po\u0159\u00e1dek v pracovn\u00edch povinnostech i osobn\u00edch aktivit\u00e1ch. D\u00edky \u0161irok\u00e9 nab\u00eddce tisknuteln\u00fdch i upraviteln\u00fdch \u0161ablon si m\u016f\u017eete zvolit p\u0159esn\u011b takov\u00fd styl pl\u00e1nov\u00e1n\u00ed, kter\u00fd odpov\u00edd\u00e1 va\u0161emu tempu, preferenc\u00edm a zp\u016fsobu organizace \u010dasu. M\u011bs\u00ed\u010dn\u00ed p\u0159ehled v pap\u00edrov\u00e9 nebo digit\u00e1ln\u00ed podob\u011b p\u0159in\u00e1\u0161\u00ed jasnou strukturu, lep\u0161\u00ed orientaci v \u00fakolech a v\u011bt\u0161\u00ed klid p\u0159i ka\u017edodenn\u00edm pl\u00e1nov\u00e1n\u00ed.<\/p>\n\n\n\n<h2 class=\"wp-block-heading\">V\u00fdb\u011br \u0161ablon kalend\u00e1\u0159e z\u00e1\u0159\u00ed 2026<\/h2>\n\n\n\n<p class=\"wp-block-paragraph\">Na na\u0161em webu najdete rozmanit\u00e9 \u0161ablony, kter\u00e9 se li\u0161\u00ed vzhledem i \u00fa\u010delem. Ka\u017ed\u00e1 z nich nab\u00edz\u00ed jin\u00fd zp\u016fsob pr\u00e1ce s \u010dasem a informacemi.<\/p>\n\n\n\n<ul class=\"wp-block-list\">\n<li>Jednoduch\u00fd pl\u00e1nova\u010d pozn\u00e1mek \u2013 vhodn\u00fd pro rychl\u00e9 zapisov\u00e1n\u00ed \u00fakol\u016f, n\u00e1pad\u016f a kr\u00e1tk\u00fdch pozn\u00e1mek.<\/li>\n\n\n\n<li>Kalend\u00e1\u0159 s velk\u00fdmi \u010d\u00edsly \u2013 ide\u00e1ln\u00ed pro ty, kte\u0159\u00ed pot\u0159ebuj\u00ed v\u00fdrazn\u00e9 datumy a maxim\u00e1ln\u00ed p\u0159ehlednost.<\/li>\n\n\n\n<li>Vertik\u00e1ln\u00ed kalend\u00e1\u0159 se sloupci \u2013 umo\u017e\u0148uje detailn\u00ed pl\u00e1nov\u00e1n\u00ed jednotliv\u00fdch dn\u016f a p\u0159esn\u00e9 rozvr\u017een\u00ed aktivit.<\/li>\n\n\n\n<li>Kalend\u00e1\u0159 s p\u0159edchoz\u00edmi a n\u00e1sleduj\u00edc\u00edmi m\u011bs\u00edci \u2013 poskytuje \u0161ir\u0161\u00ed kontext pro dlouhodob\u00e9 pl\u00e1nov\u00e1n\u00ed.<\/li>\n\n\n\n<li>Barevn\u00fd kalend\u00e1\u0159 na pozn\u00e1mky \u2013 p\u0159in\u00e1\u0161\u00ed estetick\u00fd prvek a kreativn\u00ed prostor pro vlastn\u00ed z\u00e1pisy.<\/li>\n\n\n\n<li>\u0160ablona s vlastn\u00edm obr\u00e1zkem \u2013 umo\u017e\u0148uje vlo\u017eit fotografii nebo grafiku podle va\u0161eho v\u00fdb\u011bru.<\/li>\n\n\n\n<li>Stylov\u00fd vertik\u00e1ln\u00ed kalend\u00e1\u0159 se vzorem \u2013 modern\u00ed vzhled vhodn\u00fd do kancel\u00e1\u0159e i dom\u00e1c\u00edho prost\u0159ed\u00ed.<\/li>\n\n\n\n<li>Horizont\u00e1ln\u00ed kalend\u00e1\u0159 s grafy \u2013 ide\u00e1ln\u00ed pro vizu\u00e1ln\u00ed sledov\u00e1n\u00ed statistik, trend\u016f \u010di pracovn\u00edch metrik.<\/li>\n<\/ul>\n\n\n\n<h2 class=\"wp-block-heading\">V\u00fdhody ti\u0161t\u011bn\u00e9ho kalend\u00e1\u0159e<\/h2>\n\n\n\n<p class=\"wp-block-paragraph\">Ti\u0161t\u011bn\u00e1 verze kalend\u00e1\u0159e m\u00e1 sv\u00e9 pevn\u00e9 m\u00edsto i v dob\u011b digit\u00e1ln\u00edch aplikac\u00ed. Pap\u00edr nab\u00edz\u00ed klidn\u011bj\u0161\u00ed prost\u0159ed\u00ed bez ru\u0161iv\u00fdch notifikac\u00ed a umo\u017e\u0148uje rychl\u00e9 zapisov\u00e1n\u00ed pozn\u00e1mek. Fyzick\u00fd kalend\u00e1\u0159 podporuje lep\u0161\u00ed soust\u0159ed\u011bn\u00ed, p\u0159ehlednost a p\u0159irozen\u00e9 pl\u00e1nov\u00e1n\u00ed. M\u016f\u017eete vyu\u017e\u00edt barevn\u00e9 zna\u010dky, symboly nebo vlastn\u00ed koment\u00e1\u0159e a vytvo\u0159it si syst\u00e9m, kter\u00fd p\u0159esn\u011b odpov\u00edd\u00e1 va\u0161im pot\u0159eb\u00e1m.<\/p>\n\n\n\n<h2 class=\"wp-block-heading\">Jak st\u00e1hnout a upravit kalend\u00e1\u0159 z\u00e1\u0159\u00ed 2026<\/h2>\n\n\n\n<p class=\"wp-block-paragraph\">Proces sta\u017een\u00ed je jednoduch\u00fd. Na str\u00e1nce si vyberete \u0161ablonu a zvol\u00edte form\u00e1t podle toho, jak s kalend\u00e1\u0159em chcete pracovat.<\/p>\n\n\n\n<ul class=\"wp-block-list\">\n<li>Form\u00e1t PDF je ide\u00e1ln\u00ed pro rychl\u00fd tisk a okam\u017eit\u00e9 pou\u017eit\u00ed.<\/li>\n\n\n\n<li>Form\u00e1t Word umo\u017e\u0148uje \u00fapravy, zm\u011bnu barev, dopln\u011bn\u00ed text\u016f nebo p\u0159izp\u016fsoben\u00ed rozlo\u017een\u00ed.<\/li>\n<\/ul>\n\n\n\n<p class=\"wp-block-paragraph\">D\u00edky t\u00e9to flexibilit\u011b si m\u016f\u017eete vytvo\u0159it kalend\u00e1\u0159, kter\u00fd bude odpov\u00eddat va\u0161emu pracovn\u00edmu stylu i osobn\u00edm preferenc\u00edm.<\/p>\n\n\n\n<h2 class=\"wp-block-heading\">Tipy pro efektivn\u00ed pl\u00e1nov\u00e1n\u00ed v z\u00e1\u0159\u00ed 2026<\/h2>\n\n\n\n<p class=\"wp-block-paragraph\">Z\u00e1\u0159\u00ed je \u010dasto obdob\u00edm nov\u00fdch za\u010d\u00e1tk\u016f, proto se vyplat\u00ed zav\u00e9st n\u011bkolik jednoduch\u00fdch n\u00e1vyk\u016f, kter\u00e9 v\u00e1m pomohou l\u00e9pe zvl\u00e1dat ka\u017edodenn\u00ed povinnosti.<\/p>\n\n\n\n<ul class=\"wp-block-list\">\n<li>Denn\u00ed p\u0159ehled \u00fakol\u016f \u2013 kr\u00e1tk\u00e9 shrnut\u00ed r\u00e1no v\u00e1m pom\u016f\u017ee nastavit priority.<\/li>\n\n\n\n<li>Barevn\u00e9 zna\u010den\u00ed \u2013 odli\u0161en\u00ed pracovn\u00edch, osobn\u00edch \u010di rodinn\u00fdch aktivit zvy\u0161uje p\u0159ehlednost.<\/li>\n\n\n\n<li>Time blocking \u2013 rozd\u011blen\u00ed dne do tematick\u00fdch blok\u016f podporuje soust\u0159ed\u011bn\u00ed a sni\u017euje stres.<\/li>\n\n\n\n<li>Kombinace pap\u00edrov\u00e9ho a digit\u00e1ln\u00edho pl\u00e1nov\u00e1n\u00ed \u2013 propojen\u00ed obou metod p\u0159in\u00e1\u0161\u00ed maxim\u00e1ln\u00ed flexibilitu.<\/li>\n<\/ul>\n\n\n\n<h2 class=\"wp-block-heading has-text-align-center\">St\u00e1hn\u011bte si a vytiskn\u011bte kalend\u00e1\u0159 z\u00e1\u0159\u00ed 2026<\/h2>\n\n\n\n<div class=\"wp-block-group is-layout-grid wp-container-core-group-is-layout-7d05cc0d wp-block-group-is-layout-grid\">\n<div class=\"wp-block-group has-global-padding is-layout-constrained wp-block-group-is-layout-constrained\">\n<figure class=\"wp-block-image size-full\"><img loading=\"lazy\" decoding=\"async\" width=\"800\" height=\"566\" src=\"https:\/\/kalendare365.eu\/wp-content\/uploads\/2025\/04\/planovac-kalendare-zari-2026.webp\" alt=\"\" class=\"wp-image-2725\" srcset=\"https:\/\/kalendare365.eu\/wp-content\/uploads\/2025\/04\/planovac-kalendare-zari-2026.webp 800w, https:\/\/kalendare365.eu\/wp-content\/uploads\/2025\/04\/planovac-kalendare-zari-2026-300x212.webp 300w, https:\/\/kalendare365.eu\/wp-content\/uploads\/2025\/04\/planovac-kalendare-zari-2026-768x543.webp 768w\" sizes=\"auto, (max-width: 800px) 100vw, 800px\" \/><\/figure>\n\n\n\n<p class=\"has-text-align-center wp-block-paragraph\"><a href=\"https:\/\/kalendare365.eu\/wp-content\/uploads\/2025\/04\/planovac-kalendare-zari-2026.pdf\" target=\"_blank\" rel=\"noreferrer noopener nofollow\">PDF<\/a> | <a href=\"https:\/\/kalendare365.eu\/wp-content\/uploads\/2025\/04\/planovac-kalendare-zari-2026.docx\" target=\"_blank\" rel=\"noreferrer noopener nofollow\">WORD<\/a><\/p>\n<\/div>\n\n\n\n<div class=\"wp-block-group has-global-padding is-layout-constrained wp-block-group-is-layout-constrained\">\n<figure class=\"wp-block-image size-full\"><img loading=\"lazy\" decoding=\"async\" width=\"800\" height=\"566\" src=\"https:\/\/kalendare365.eu\/wp-content\/uploads\/2025\/04\/kalendar-zari-2026-s-velkymi-cisly.webp\" alt=\"\" class=\"wp-image-2728\" srcset=\"https:\/\/kalendare365.eu\/wp-content\/uploads\/2025\/04\/kalendar-zari-2026-s-velkymi-cisly.webp 800w, https:\/\/kalendare365.eu\/wp-content\/uploads\/2025\/04\/kalendar-zari-2026-s-velkymi-cisly-300x212.webp 300w, https:\/\/kalendare365.eu\/wp-content\/uploads\/2025\/04\/kalendar-zari-2026-s-velkymi-cisly-768x543.webp 768w\" sizes=\"auto, (max-width: 800px) 100vw, 800px\" \/><\/figure>\n\n\n\n<p class=\"has-text-align-center wp-block-paragraph\"><a href=\"https:\/\/kalendare365.eu\/wp-content\/uploads\/2025\/04\/kalendar-zari-2026-s-velkymi-cisly.pdf\" target=\"_blank\" rel=\"noreferrer noopener nofollow\">PDF<\/a> | <a href=\"https:\/\/kalendare365.eu\/wp-content\/uploads\/2025\/04\/kalendar-zari-2026-s-velkymi-cisly.docx\" target=\"_blank\" rel=\"noreferrer noopener nofollow\">WORD<\/a><\/p>\n<\/div>\n\n\n\n<div class=\"wp-block-group has-global-padding is-layout-constrained wp-block-group-is-layout-constrained\">\n<figure class=\"wp-block-image size-full\"><img loading=\"lazy\" decoding=\"async\" width=\"800\" height=\"566\" src=\"https:\/\/kalendare365.eu\/wp-content\/uploads\/2025\/04\/kalendar-zari-2026-s-predchozim-a-pristim-mesicem.webp\" alt=\"\" class=\"wp-image-2734\" srcset=\"https:\/\/kalendare365.eu\/wp-content\/uploads\/2025\/04\/kalendar-zari-2026-s-predchozim-a-pristim-mesicem.webp 800w, https:\/\/kalendare365.eu\/wp-content\/uploads\/2025\/04\/kalendar-zari-2026-s-predchozim-a-pristim-mesicem-300x212.webp 300w, https:\/\/kalendare365.eu\/wp-content\/uploads\/2025\/04\/kalendar-zari-2026-s-predchozim-a-pristim-mesicem-768x543.webp 768w\" sizes=\"auto, (max-width: 800px) 100vw, 800px\" \/><\/figure>\n\n\n\n<p class=\"has-text-align-center wp-block-paragraph\"><a href=\"https:\/\/kalendare365.eu\/wp-content\/uploads\/2025\/04\/kalendar-zari-2026-s-predchozim-a-pristim-mesicem.pdf\" target=\"_blank\" rel=\"noreferrer noopener nofollow\">PDF<\/a> | <a href=\"https:\/\/kalendare365.eu\/wp-content\/uploads\/2025\/04\/kalendar-zari-2026-s-predchozim-a-pristim-mesicem.docx\" target=\"_blank\" rel=\"noreferrer noopener nofollow\">WORD<\/a><\/p>\n<\/div>\n\n\n\n<div class=\"wp-block-group has-global-padding is-layout-constrained wp-block-group-is-layout-constrained\">\n<figure class=\"wp-block-image size-large\"><img loading=\"lazy\" decoding=\"async\" width=\"724\" height=\"1024\" src=\"https:\/\/kalendare365.eu\/wp-content\/uploads\/2025\/04\/vertikalni-planovac-kalendare-na-zari-2026-724x1024.webp\" alt=\"\" class=\"wp-image-2731\" srcset=\"https:\/\/kalendare365.eu\/wp-content\/uploads\/2025\/04\/vertikalni-planovac-kalendare-na-zari-2026-724x1024.webp 724w, https:\/\/kalendare365.eu\/wp-content\/uploads\/2025\/04\/vertikalni-planovac-kalendare-na-zari-2026-212x300.webp 212w, https:\/\/kalendare365.eu\/wp-content\/uploads\/2025\/04\/vertikalni-planovac-kalendare-na-zari-2026-768x1086.webp 768w, https:\/\/kalendare365.eu\/wp-content\/uploads\/2025\/04\/vertikalni-planovac-kalendare-na-zari-2026.webp 800w\" sizes=\"auto, (max-width: 724px) 100vw, 724px\" \/><\/figure>\n\n\n\n<p class=\"has-text-align-center wp-block-paragraph\"><a href=\"https:\/\/kalendare365.eu\/wp-content\/uploads\/2025\/04\/vertikalni-planovac-kalendare-na-zari-2026.pdf\" target=\"_blank\" rel=\"noreferrer noopener nofollow\">PDF<\/a> | <a href=\"https:\/\/kalendare365.eu\/wp-content\/uploads\/2025\/04\/vertikalni-planovac-kalendare-na-zari-2026.docx\" target=\"_blank\" rel=\"noreferrer noopener nofollow\">WORD<\/a><\/p>\n<\/div>\n\n\n\n<div class=\"wp-block-group has-global-padding is-layout-constrained wp-block-group-is-layout-constrained\">\n<figure class=\"wp-block-image size-large\"><img loading=\"lazy\" decoding=\"async\" width=\"724\" height=\"1024\" src=\"https:\/\/kalendare365.eu\/wp-content\/uploads\/2025\/04\/krasny-planovac-kalendare-zari-2026-724x1024.webp\" alt=\"\" class=\"wp-image-2743\" srcset=\"https:\/\/kalendare365.eu\/wp-content\/uploads\/2025\/04\/krasny-planovac-kalendare-zari-2026-724x1024.webp 724w, https:\/\/kalendare365.eu\/wp-content\/uploads\/2025\/04\/krasny-planovac-kalendare-zari-2026-212x300.webp 212w, https:\/\/kalendare365.eu\/wp-content\/uploads\/2025\/04\/krasny-planovac-kalendare-zari-2026-768x1086.webp 768w, https:\/\/kalendare365.eu\/wp-content\/uploads\/2025\/04\/krasny-planovac-kalendare-zari-2026.webp 800w\" sizes=\"auto, (max-width: 724px) 100vw, 724px\" \/><\/figure>\n\n\n\n<p class=\"has-text-align-center wp-block-paragraph\"><a href=\"https:\/\/kalendare365.eu\/wp-content\/uploads\/2025\/04\/krasny-planovac-kalendare-zari-2026.pdf\" target=\"_blank\" rel=\"noreferrer noopener nofollow\">PDF<\/a> | <a href=\"https:\/\/kalendare365.eu\/wp-content\/uploads\/2025\/04\/krasny-planovac-kalendare-zari-2026.docx\" target=\"_blank\" rel=\"noreferrer noopener nofollow\">WORD<\/a><\/p>\n<\/div>\n\n\n\n<div class=\"wp-block-group has-global-padding is-layout-constrained wp-block-group-is-layout-constrained\">\n<figure class=\"wp-block-image size-large\"><img loading=\"lazy\" decoding=\"async\" width=\"724\" height=\"1024\" src=\"https:\/\/kalendare365.eu\/wp-content\/uploads\/2025\/04\/fotokalendar-zari-2026-724x1024.webp\" alt=\"\" class=\"wp-image-2740\" srcset=\"https:\/\/kalendare365.eu\/wp-content\/uploads\/2025\/04\/fotokalendar-zari-2026-724x1024.webp 724w, https:\/\/kalendare365.eu\/wp-content\/uploads\/2025\/04\/fotokalendar-zari-2026-212x300.webp 212w, https:\/\/kalendare365.eu\/wp-content\/uploads\/2025\/04\/fotokalendar-zari-2026-768x1086.webp 768w, https:\/\/kalendare365.eu\/wp-content\/uploads\/2025\/04\/fotokalendar-zari-2026.webp 800w\" sizes=\"auto, (max-width: 724px) 100vw, 724px\" \/><\/figure>\n\n\n\n<p class=\"has-text-align-center wp-block-paragraph\"><a href=\"https:\/\/kalendare365.eu\/wp-content\/uploads\/2025\/04\/fotokalendar-zari-2026.pdf\" target=\"_blank\" rel=\"noreferrer noopener nofollow\">PDF<\/a> | <a href=\"https:\/\/kalendare365.eu\/wp-content\/uploads\/2025\/04\/fotokalendar-zari-2026.docx\" target=\"_blank\" rel=\"noreferrer noopener nofollow\">WORD<\/a><\/p>\n<\/div>\n\n\n\n<div class=\"wp-block-group has-global-padding is-layout-constrained wp-block-group-is-layout-constrained\">\n<figure class=\"wp-block-image size-full\"><img loading=\"lazy\" decoding=\"async\" width=\"800\" height=\"566\" src=\"https:\/\/kalendare365.eu\/wp-content\/uploads\/2025\/04\/krasny-kalendar-zari-2026.webp\" alt=\"\" class=\"wp-image-2737\" srcset=\"https:\/\/kalendare365.eu\/wp-content\/uploads\/2025\/04\/krasny-kalendar-zari-2026.webp 800w, https:\/\/kalendare365.eu\/wp-content\/uploads\/2025\/04\/krasny-kalendar-zari-2026-300x212.webp 300w, https:\/\/kalendare365.eu\/wp-content\/uploads\/2025\/04\/krasny-kalendar-zari-2026-768x543.webp 768w\" sizes=\"auto, (max-width: 800px) 100vw, 800px\" \/><\/figure>\n\n\n\n<p class=\"has-text-align-center wp-block-paragraph\"><a href=\"https:\/\/kalendare365.eu\/wp-content\/uploads\/2025\/04\/krasny-kalendar-zari-2026.pdf\" target=\"_blank\" rel=\"noreferrer noopener nofollow\">PDF<\/a> | <a href=\"https:\/\/kalendare365.eu\/wp-content\/uploads\/2025\/04\/krasny-kalendar-zari-2026.docx\" target=\"_blank\" rel=\"noreferrer noopener nofollow\">WORD<\/a><\/p>\n<\/div>\n\n\n\n<div class=\"wp-block-group has-global-padding is-layout-constrained wp-block-group-is-layout-constrained\">\n<figure class=\"wp-block-image size-full\"><img loading=\"lazy\" decoding=\"async\" width=\"800\" height=\"566\" src=\"https:\/\/kalendare365.eu\/wp-content\/uploads\/2025\/04\/kalendar-zari-2026-s-poznamkami.webp\" alt=\"\" class=\"wp-image-2746\" srcset=\"https:\/\/kalendare365.eu\/wp-content\/uploads\/2025\/04\/kalendar-zari-2026-s-poznamkami.webp 800w, https:\/\/kalendare365.eu\/wp-content\/uploads\/2025\/04\/kalendar-zari-2026-s-poznamkami-300x212.webp 300w, https:\/\/kalendare365.eu\/wp-content\/uploads\/2025\/04\/kalendar-zari-2026-s-poznamkami-768x543.webp 768w\" sizes=\"auto, (max-width: 800px) 100vw, 800px\" \/><\/figure>\n\n\n\n<p class=\"has-text-align-center wp-block-paragraph\"><a href=\"https:\/\/kalendare365.eu\/wp-content\/uploads\/2025\/04\/kalendar-zari-2026-s-poznamkami.pdf\" target=\"_blank\" rel=\"noreferrer noopener nofollow\">PDF<\/a> | <a href=\"https:\/\/kalendare365.eu\/wp-content\/uploads\/2025\/04\/kalendar-zari-2026-s-poznamkami.docx\" target=\"_blank\" rel=\"noreferrer noopener nofollow\">WORD<\/a><\/p>\n<\/div>\n<\/div>\n\n\n\n<h2 class=\"wp-block-heading\">Z\u00e1v\u011br<\/h2>\n\n\n\n<p class=\"wp-block-paragraph\">Kalend\u00e1\u0159 z\u00e1\u0159\u00ed 2026 nen\u00ed jen seznamem dat, ale \u00fa\u010dinn\u00fdm n\u00e1strojem pro organizaci \u010dasu. D\u00edky \u0161irok\u00e9 nab\u00eddce \u0161ablon si m\u016f\u017eete vybrat takovou, kter\u00e1 nejl\u00e9pe odpov\u00edd\u00e1 va\u0161emu stylu pl\u00e1nov\u00e1n\u00ed. A\u0165 u\u017e preferujete jednoduch\u00fd design, prostor pro pozn\u00e1mky nebo vizu\u00e1ln\u00ed grafick\u00e9 prvky, spr\u00e1vn\u011b zvolen\u00fd kalend\u00e1\u0159 v\u00e1m pom\u016f\u017ee udr\u017eet p\u0159ehled, zv\u00fd\u0161it produktivitu a p\u0159in\u00e9st do ka\u017edodenn\u00edho \u017eivota v\u00edce klidu. Pokud chcete sv\u00e9 pl\u00e1nov\u00e1n\u00ed posunout je\u0161t\u011b d\u00e1l, m\u016f\u017eete se inspirovat modern\u00edmi metodami time managementu nebo kombinovat ti\u0161t\u011bn\u00e9 a digit\u00e1ln\u00ed n\u00e1stroje pro maxim\u00e1ln\u00ed efektivitu.<\/p>\n","protected":false},"excerpt":{"rendered":"<p>Kalend\u00e1\u0159 z\u00e1\u0159\u00ed 2026 p\u0159edstavuje praktick\u00fd n\u00e1stroj, kter\u00fd pom\u00e1h\u00e1 udr\u017eet po\u0159\u00e1dek v pracovn\u00edch povinnostech i osobn\u00edch aktivit\u00e1ch. D\u00edky \u0161irok\u00e9 nab\u00eddce tisknuteln\u00fdch i upraviteln\u00fdch \u0161ablon si m\u016f\u017eete zvolit p\u0159esn\u011b takov\u00fd styl pl\u00e1nov\u00e1n\u00ed, kter\u00fd odpov\u00edd\u00e1 va\u0161emu tempu, preferenc\u00edm a zp\u016fsobu organizace \u010dasu. M\u011bs\u00ed\u010dn\u00ed p\u0159ehled v pap\u00edrov\u00e9 nebo digit\u00e1ln\u00ed podob\u011b p\u0159in\u00e1\u0161\u00ed jasnou strukturu, lep\u0161\u00ed orientaci v \u00fakolech a v\u011bt\u0161\u00ed [&hellip;]<\/p>\n","protected":false},"author":1,"featured_media":0,"comment_status":"open","ping_status":"closed","sticky":false,"template":"","format":"standard","meta":{"footnotes":""},"categories":[13],"tags":[33],"class_list":["post-2724","post","type-post","status-publish","format-standard","hentry","category-zari","tag-33"],"_links":{"self":[{"href":"https:\/\/kalendare365.eu\/index.php?rest_route=\/wp\/v2\/posts\/2724","targetHints":{"allow":["GET"]}}],"collection":[{"href":"https:\/\/kalendare365.eu\/index.php?rest_route=\/wp\/v2\/posts"}],"about":[{"href":"https:\/\/kalendare365.eu\/index.php?rest_route=\/wp\/v2\/types\/post"}],"author":[{"embeddable":true,"href":"https:\/\/kalendare365.eu\/index.php?rest_route=\/wp\/v2\/users\/1"}],"replies":[{"embeddable":true,"href":"https:\/\/kalendare365.eu\/index.php?rest_route=%2Fwp%2Fv2%2Fcomments&post=2724"}],"version-history":[{"count":2,"href":"https:\/\/kalendare365.eu\/index.php?rest_route=\/wp\/v2\/posts\/2724\/revisions"}],"predecessor-version":[{"id":3722,"href":"https:\/\/kalendare365.eu\/index.php?rest_route=\/wp\/v2\/posts\/2724\/revisions\/3722"}],"wp:attachment":[{"href":"https:\/\/kalendare365.eu\/index.php?rest_route=%2Fwp%2Fv2%2Fmedia&parent=2724"}],"wp:term":[{"taxonomy":"category","embeddable":true,"href":"https:\/\/kalendare365.eu\/index.php?rest_route=%2Fwp%2Fv2%2Fcategories&post=2724"},{"taxonomy":"post_tag","embeddable":true,"href":"https:\/\/kalendare365.eu\/index.php?rest_route=%2Fwp%2Fv2%2Ftags&post=2724"}],"curies":[{"name":"wp","href":"https:\/\/api.w.org\/{rel}","templated":true}]}}