{"id":2781,"date":"2025-04-23T09:03:14","date_gmt":"2025-04-23T06:03:14","guid":{"rendered":"https:\/\/kalendare365.eu\/?p=2781"},"modified":"2026-06-14T22:18:38","modified_gmt":"2026-06-14T19:18:38","slug":"kalendar-listopad-2026","status":"publish","type":"post","link":"https:\/\/kalendare365.eu\/?p=2781","title":{"rendered":"Kalend\u00e1\u0159 listopad 2026"},"content":{"rendered":"\n<p class=\"wp-block-paragraph\">Listopad je obdob\u00edm, kdy se tempo roku zpomaluje a z\u00e1rove\u0148 vrchol\u00ed p\u0159\u00edpravy na z\u00e1v\u011br sez\u00f3ny. <strong>Kalend\u00e1\u0159 pro listopad 2026<\/strong> p\u0159edstavuje praktick\u00fd n\u00e1stroj, kter\u00fd v\u00e1m umo\u017en\u00ed udr\u017eet si p\u0159ehled o pracovn\u00edch povinnostech, osobn\u00edch aktivit\u00e1ch i dlouhodob\u00fdch pl\u00e1nech. D\u00edky mo\u017enosti sta\u017een\u00ed ve form\u00e1tu PDF nebo Wordu si m\u016f\u017eete vybrat podobu, kter\u00e1 nejl\u00e9pe odpov\u00edd\u00e1 va\u0161emu stylu organizace. Tento \u010dl\u00e1nek p\u0159in\u00e1\u0161\u00ed p\u0159ehled dostupn\u00fdch \u0161ablon, jejich v\u00fdhod a tip\u016f, jak kalend\u00e1\u0159 efektivn\u011b vyu\u017e\u00edt.<\/p>\n\n\n\n<p class=\"wp-block-paragraph\">Kalend\u00e1\u0159 pro listopad 2026 je navr\u017een tak, aby poskytoval jasnou strukturu a dostatek prostoru pro pl\u00e1nov\u00e1n\u00ed. U\u017eivatel\u00e9 si mohou vybrat mezi verz\u00ed p\u0159ipravenou k tisku nebo editovateln\u00fdm dokumentem, kter\u00fd lze upravit podle vlastn\u00edch pot\u0159eb. D\u00edky tomu z\u00edsk\u00e1te flexibiln\u00ed n\u00e1stroj, kter\u00fd se p\u0159izp\u016fsob\u00ed va\u0161emu pracovn\u00edmu rytmu i osobn\u00edm preferenc\u00edm.<\/p>\n\n\n\n<hr class=\"wp-block-separator has-alpha-channel-opacity\"\/>\n\n\n\n<h2 class=\"wp-block-heading\">V\u00fdb\u011br \u0161ablon kalend\u00e1\u0159e<\/h2>\n\n\n\n<p class=\"wp-block-paragraph\">Na webu najdete \u0161irokou nab\u00eddku \u0161ablon, kter\u00e9 se li\u0161\u00ed stylem, rozvr\u017een\u00edm i \u00fa\u010delem. Mezi dostupn\u00e9 varianty pat\u0159\u00ed:<\/p>\n\n\n\n<ul class=\"wp-block-list\">\n<li>Jednoduch\u00fd pl\u00e1nova\u010d pozn\u00e1mek \u2013 ide\u00e1ln\u00ed pro rychl\u00e9 zapisov\u00e1n\u00ed \u00fakol\u016f, n\u00e1pad\u016f a kr\u00e1tk\u00fdch pozn\u00e1mek.<\/li>\n\n\n\n<li>Kalend\u00e1\u0159 s velk\u00fdmi \u010d\u00edsly \u2013 v\u00fdrazn\u00e9 datum usnad\u0148uje orientaci i p\u0159i rychl\u00e9m pohledu.<\/li>\n\n\n\n<li>Vertik\u00e1ln\u00ed kalend\u00e1\u0159 se sloupci \u2013 vhodn\u00fd pro detailn\u00ed pl\u00e1nov\u00e1n\u00ed jednotliv\u00fdch dn\u016f.<\/li>\n\n\n\n<li>Kalend\u00e1\u0159 s p\u0159edchoz\u00edmi a n\u00e1sleduj\u00edc\u00edmi m\u011bs\u00edci \u2013 poskytuje \u0161ir\u0161\u00ed \u010dasov\u00fd kontext pro dlouhodob\u00e9 pl\u00e1nov\u00e1n\u00ed.<\/li>\n\n\n\n<li>Barevn\u00fd kalend\u00e1\u0159 na pozn\u00e1mky \u2013 propojuje funk\u010dnost s vizu\u00e1ln\u00ed atraktivitou.<\/li>\n\n\n\n<li>\u0160ablona s vlastn\u00edm obr\u00e1zkem \u2013 umo\u017e\u0148uje vlo\u017eit fotografii a vytvo\u0159it osobn\u00ed design.<\/li>\n\n\n\n<li>Stylov\u00fd vertik\u00e1ln\u00ed kalend\u00e1\u0159 se vzorem \u2013 modern\u00ed vzhled vhodn\u00fd do kancel\u00e1\u0159e i dom\u00e1c\u00ed pracovny.<\/li>\n\n\n\n<li>Horizont\u00e1ln\u00ed kalend\u00e1\u0159 s grafy \u2013 ide\u00e1ln\u00ed pro vizu\u00e1ln\u00ed typy, kte\u0159\u00ed ocen\u00ed grafick\u00e9 prvky a statistick\u00e9 p\u0159ehledy.<\/li>\n<\/ul>\n\n\n\n<hr class=\"wp-block-separator has-alpha-channel-opacity\"\/>\n\n\n\n<h2 class=\"wp-block-heading\">V\u00fdhody ti\u0161t\u011bn\u00e9ho kalend\u00e1\u0159e<\/h2>\n\n\n\n<p class=\"wp-block-paragraph\">Ti\u0161t\u011bn\u00fd kalend\u00e1\u0159 nab\u00edz\u00ed stabiln\u00ed a neust\u00e1le viditeln\u00fd p\u0159ehled o va\u0161ich pl\u00e1nech. Nepot\u0159ebuje baterii, neodv\u00e1d\u00ed pozornost notifikacemi a umo\u017e\u0148uje rychl\u00e9 zapisov\u00e1n\u00ed pozn\u00e1mek. D\u00edky mo\u017enosti volby designu se nav\u00edc m\u016f\u017ee st\u00e1t estetick\u00fdm dopl\u0148kem pracovn\u00edho prostoru. Pro mnoho lid\u00ed je fyzick\u00fd kalend\u00e1\u0159 tak\u00e9 p\u0159\u00edjemn\u011bj\u0161\u00ed a p\u0159irozen\u011bj\u0161\u00ed zp\u016fsob organizace \u010dasu.<\/p>\n\n\n\n<hr class=\"wp-block-separator has-alpha-channel-opacity\"\/>\n\n\n\n<h2 class=\"wp-block-heading\">Jak si st\u00e1hnout a upravit kalend\u00e1\u0159<\/h2>\n\n\n\n<p class=\"wp-block-paragraph\">Sta\u017een\u00ed kalend\u00e1\u0159e pro listopad 2026 je jednoduch\u00e9. Vyberte si \u0161ablonu, kter\u00e1 odpov\u00edd\u00e1 va\u0161im pot\u0159eb\u00e1m, a st\u00e1hn\u011bte ji ve form\u00e1tu PDF pro okam\u017eit\u00fd tisk nebo ve Wordu, pokud chcete dokument d\u00e1le upravovat. Editovateln\u00e1 verze umo\u017e\u0148uje m\u011bnit barvy, p\u0159id\u00e1vat pozn\u00e1mky, upravovat rozvr\u017een\u00ed \u010di doplnit vlastn\u00ed grafick\u00e9 prvky. D\u00edky tomu si m\u016f\u017eete vytvo\u0159it kalend\u00e1\u0159, kter\u00fd bude dokonale odpov\u00eddat va\u0161emu stylu pl\u00e1nov\u00e1n\u00ed.<\/p>\n\n\n\n<hr class=\"wp-block-separator has-alpha-channel-opacity\"\/>\n\n\n\n<h2 class=\"wp-block-heading\">Efektivn\u00ed pl\u00e1nov\u00e1n\u00ed a organizace \u010dasu<\/h2>\n\n\n\n<p class=\"wp-block-paragraph\">Dob\u0159e strukturovan\u00fd kalend\u00e1\u0159 v\u00e1m pom\u016f\u017ee zvl\u00e1dnout pracovn\u00ed povinnosti i osobn\u00ed aktivity s v\u011bt\u0161\u00ed lehkost\u00ed. Metody jako time blocking umo\u017e\u0148uj\u00ed rozd\u011blit den do tematick\u00fdch blok\u016f a zv\u00fd\u0161it produktivitu. Barevn\u00e9 zna\u010den\u00ed, symboly nebo kr\u00e1tk\u00e9 pozn\u00e1mky v\u00e1m zase pomohou rychle se zorientovat v denn\u00edm programu. Kombinace ti\u0161t\u011bn\u00e9ho kalend\u00e1\u0159e s digit\u00e1ln\u00edmi n\u00e1stroji m\u016f\u017ee vytvo\u0159it ide\u00e1ln\u00ed syst\u00e9m, kter\u00fd v\u00e1m poskytne maxim\u00e1ln\u00ed kontrolu nad \u010dasem.<\/p>\n\n\n\n<hr class=\"wp-block-separator has-alpha-channel-opacity\"\/>\n\n\n\n<h2 class=\"wp-block-heading has-text-align-center\">St\u00e1hn\u011bte si a vytiskn\u011bte kalend\u00e1\u0159 na listopad 2026<\/h2>\n\n\n\n<div class=\"wp-block-group is-layout-grid wp-container-core-group-is-layout-7d05cc0d wp-block-group-is-layout-grid\">\n<div class=\"wp-block-group has-global-padding is-layout-constrained wp-block-group-is-layout-constrained\">\n<figure class=\"wp-block-image size-full\"><img loading=\"lazy\" decoding=\"async\" width=\"800\" height=\"566\" src=\"https:\/\/kalendare365.eu\/wp-content\/uploads\/2025\/04\/planovac-kalendare-listopad-2026.webp\" alt=\"\" class=\"wp-image-2782\" srcset=\"https:\/\/kalendare365.eu\/wp-content\/uploads\/2025\/04\/planovac-kalendare-listopad-2026.webp 800w, https:\/\/kalendare365.eu\/wp-content\/uploads\/2025\/04\/planovac-kalendare-listopad-2026-300x212.webp 300w, https:\/\/kalendare365.eu\/wp-content\/uploads\/2025\/04\/planovac-kalendare-listopad-2026-768x543.webp 768w\" sizes=\"auto, (max-width: 800px) 100vw, 800px\" \/><\/figure>\n\n\n\n<p class=\"has-text-align-center wp-block-paragraph\"><a href=\"https:\/\/kalendare365.eu\/wp-content\/uploads\/2025\/04\/planovac-kalendare-listopad-2026.pdf\" target=\"_blank\" rel=\"noreferrer noopener nofollow\">PDF<\/a> | <a href=\"https:\/\/kalendare365.eu\/wp-content\/uploads\/2025\/04\/planovac-kalendare-listopad-2026.docx\" target=\"_blank\" rel=\"noreferrer noopener nofollow\">WORD<\/a><\/p>\n<\/div>\n\n\n\n<div class=\"wp-block-group has-global-padding is-layout-constrained wp-block-group-is-layout-constrained\">\n<figure class=\"wp-block-image size-full\"><img loading=\"lazy\" decoding=\"async\" width=\"800\" height=\"566\" src=\"https:\/\/kalendare365.eu\/wp-content\/uploads\/2025\/04\/kalendar-listopad-2026-s-velkymi-cisly.webp\" alt=\"\" class=\"wp-image-2785\" srcset=\"https:\/\/kalendare365.eu\/wp-content\/uploads\/2025\/04\/kalendar-listopad-2026-s-velkymi-cisly.webp 800w, https:\/\/kalendare365.eu\/wp-content\/uploads\/2025\/04\/kalendar-listopad-2026-s-velkymi-cisly-300x212.webp 300w, https:\/\/kalendare365.eu\/wp-content\/uploads\/2025\/04\/kalendar-listopad-2026-s-velkymi-cisly-768x543.webp 768w\" sizes=\"auto, (max-width: 800px) 100vw, 800px\" \/><\/figure>\n\n\n\n<p class=\"has-text-align-center wp-block-paragraph\"><a href=\"https:\/\/kalendare365.eu\/wp-content\/uploads\/2025\/04\/kalendar-listopad-2026-s-velkymi-cisly.pdf\" target=\"_blank\" rel=\"noreferrer noopener nofollow\">PDF<\/a> | <a href=\"https:\/\/kalendare365.eu\/wp-content\/uploads\/2025\/04\/kalendar-listopad-2026-s-velkymi-cisly.docx\" target=\"_blank\" rel=\"noreferrer noopener nofollow\">WORD<\/a><\/p>\n<\/div>\n\n\n\n<div class=\"wp-block-group has-global-padding is-layout-constrained wp-block-group-is-layout-constrained\">\n<figure class=\"wp-block-image size-full\"><img loading=\"lazy\" decoding=\"async\" width=\"800\" height=\"566\" src=\"https:\/\/kalendare365.eu\/wp-content\/uploads\/2025\/04\/kalendar-listopad-2026-s-predchozim-a-pristim-mesicem.webp\" alt=\"\" class=\"wp-image-2791\" srcset=\"https:\/\/kalendare365.eu\/wp-content\/uploads\/2025\/04\/kalendar-listopad-2026-s-predchozim-a-pristim-mesicem.webp 800w, https:\/\/kalendare365.eu\/wp-content\/uploads\/2025\/04\/kalendar-listopad-2026-s-predchozim-a-pristim-mesicem-300x212.webp 300w, https:\/\/kalendare365.eu\/wp-content\/uploads\/2025\/04\/kalendar-listopad-2026-s-predchozim-a-pristim-mesicem-768x543.webp 768w\" sizes=\"auto, (max-width: 800px) 100vw, 800px\" \/><\/figure>\n\n\n\n<p class=\"has-text-align-center wp-block-paragraph\"><a href=\"https:\/\/kalendare365.eu\/wp-content\/uploads\/2025\/04\/kalendar-listopad-2026-s-predchozim-a-pristim-mesicem.pdf\" target=\"_blank\" rel=\"noreferrer noopener nofollow\">PDF<\/a> | <a href=\"https:\/\/kalendare365.eu\/wp-content\/uploads\/2025\/04\/kalendar-listopad-2026-s-predchozim-a-pristim-mesicem.docx\" target=\"_blank\" rel=\"noreferrer noopener nofollow\">WORD<\/a><\/p>\n<\/div>\n\n\n\n<div class=\"wp-block-group has-global-padding is-layout-constrained wp-block-group-is-layout-constrained\">\n<figure class=\"wp-block-image size-large\"><img loading=\"lazy\" decoding=\"async\" width=\"724\" height=\"1024\" src=\"https:\/\/kalendare365.eu\/wp-content\/uploads\/2025\/04\/vertikalni-planovac-kalendare-na-listopad-2026-724x1024.webp\" alt=\"\" class=\"wp-image-2788\" srcset=\"https:\/\/kalendare365.eu\/wp-content\/uploads\/2025\/04\/vertikalni-planovac-kalendare-na-listopad-2026-724x1024.webp 724w, https:\/\/kalendare365.eu\/wp-content\/uploads\/2025\/04\/vertikalni-planovac-kalendare-na-listopad-2026-212x300.webp 212w, https:\/\/kalendare365.eu\/wp-content\/uploads\/2025\/04\/vertikalni-planovac-kalendare-na-listopad-2026-768x1086.webp 768w, https:\/\/kalendare365.eu\/wp-content\/uploads\/2025\/04\/vertikalni-planovac-kalendare-na-listopad-2026.webp 800w\" sizes=\"auto, (max-width: 724px) 100vw, 724px\" \/><\/figure>\n\n\n\n<p class=\"has-text-align-center wp-block-paragraph\"><a href=\"https:\/\/kalendare365.eu\/wp-content\/uploads\/2025\/04\/vertikalni-planovac-kalendare-na-listopad-2026.pdf\" target=\"_blank\" rel=\"noreferrer noopener nofollow\">PDF<\/a> | <a href=\"https:\/\/kalendare365.eu\/wp-content\/uploads\/2025\/04\/vertikalni-planovac-kalendare-na-listopad-2026.docx\" target=\"_blank\" rel=\"noreferrer noopener nofollow\">WORD<\/a><\/p>\n<\/div>\n\n\n\n<div class=\"wp-block-group has-global-padding is-layout-constrained wp-block-group-is-layout-constrained\">\n<figure class=\"wp-block-image size-large\"><img loading=\"lazy\" decoding=\"async\" width=\"724\" height=\"1024\" src=\"https:\/\/kalendare365.eu\/wp-content\/uploads\/2025\/04\/krasny-planovac-kalendare-listopad-2026-724x1024.webp\" alt=\"\" class=\"wp-image-2802\" srcset=\"https:\/\/kalendare365.eu\/wp-content\/uploads\/2025\/04\/krasny-planovac-kalendare-listopad-2026-724x1024.webp 724w, https:\/\/kalendare365.eu\/wp-content\/uploads\/2025\/04\/krasny-planovac-kalendare-listopad-2026-212x300.webp 212w, https:\/\/kalendare365.eu\/wp-content\/uploads\/2025\/04\/krasny-planovac-kalendare-listopad-2026-768x1086.webp 768w, https:\/\/kalendare365.eu\/wp-content\/uploads\/2025\/04\/krasny-planovac-kalendare-listopad-2026.webp 800w\" sizes=\"auto, (max-width: 724px) 100vw, 724px\" \/><\/figure>\n\n\n\n<p class=\"has-text-align-center wp-block-paragraph\"><a href=\"https:\/\/kalendare365.eu\/wp-content\/uploads\/2025\/04\/krasny-planovac-kalendare-listopad-2026.pdf\" target=\"_blank\" rel=\"noreferrer noopener nofollow\">PDF<\/a> | <a href=\"https:\/\/kalendare365.eu\/wp-content\/uploads\/2025\/04\/krasny-planovac-kalendare-listopad-2026.docx\" target=\"_blank\" rel=\"noreferrer noopener nofollow\">WORD<\/a><\/p>\n<\/div>\n\n\n\n<div class=\"wp-block-group has-global-padding is-layout-constrained wp-block-group-is-layout-constrained\">\n<figure class=\"wp-block-image size-full\"><img loading=\"lazy\" decoding=\"async\" width=\"800\" height=\"566\" src=\"https:\/\/kalendare365.eu\/wp-content\/uploads\/2025\/04\/krasny-kalendar-listopad-2026.webp\" alt=\"\" class=\"wp-image-2795\" srcset=\"https:\/\/kalendare365.eu\/wp-content\/uploads\/2025\/04\/krasny-kalendar-listopad-2026.webp 800w, https:\/\/kalendare365.eu\/wp-content\/uploads\/2025\/04\/krasny-kalendar-listopad-2026-300x212.webp 300w, https:\/\/kalendare365.eu\/wp-content\/uploads\/2025\/04\/krasny-kalendar-listopad-2026-768x543.webp 768w\" sizes=\"auto, (max-width: 800px) 100vw, 800px\" \/><\/figure>\n\n\n\n<p class=\"has-text-align-center wp-block-paragraph\"><a href=\"https:\/\/kalendare365.eu\/wp-content\/uploads\/2025\/04\/krasny-kalendar-listopad-2026.pdf\" target=\"_blank\" rel=\"noreferrer noopener nofollow\">PDF<\/a> | <a href=\"https:\/\/kalendare365.eu\/wp-content\/uploads\/2025\/04\/krasny-kalendar-listopad-2026.docx\" target=\"_blank\" rel=\"noreferrer noopener nofollow\">WORD<\/a><\/p>\n<\/div>\n\n\n\n<div class=\"wp-block-group has-global-padding is-layout-constrained wp-block-group-is-layout-constrained\">\n<figure class=\"wp-block-image size-large\"><img loading=\"lazy\" decoding=\"async\" width=\"724\" height=\"1024\" src=\"https:\/\/kalendare365.eu\/wp-content\/uploads\/2025\/04\/fotokalendar-listopad-2026-724x1024.webp\" alt=\"\" class=\"wp-image-2799\" srcset=\"https:\/\/kalendare365.eu\/wp-content\/uploads\/2025\/04\/fotokalendar-listopad-2026-724x1024.webp 724w, https:\/\/kalendare365.eu\/wp-content\/uploads\/2025\/04\/fotokalendar-listopad-2026-212x300.webp 212w, https:\/\/kalendare365.eu\/wp-content\/uploads\/2025\/04\/fotokalendar-listopad-2026-768x1086.webp 768w, https:\/\/kalendare365.eu\/wp-content\/uploads\/2025\/04\/fotokalendar-listopad-2026.webp 800w\" sizes=\"auto, (max-width: 724px) 100vw, 724px\" \/><\/figure>\n\n\n\n<p class=\"has-text-align-center wp-block-paragraph\"><a href=\"https:\/\/kalendare365.eu\/wp-content\/uploads\/2025\/04\/fotokalendar-listopad-2026.pdf\" target=\"_blank\" rel=\"noreferrer noopener nofollow\">PDF<\/a> | <a href=\"https:\/\/kalendare365.eu\/wp-content\/uploads\/2025\/04\/fotokalendar-listopad-2026.docx\" target=\"_blank\" rel=\"noreferrer noopener nofollow\">WORD<\/a><\/p>\n<\/div>\n\n\n\n<div class=\"wp-block-group has-global-padding is-layout-constrained wp-block-group-is-layout-constrained\">\n<figure class=\"wp-block-image size-full\"><img loading=\"lazy\" decoding=\"async\" width=\"800\" height=\"566\" src=\"https:\/\/kalendare365.eu\/wp-content\/uploads\/2025\/04\/kalendar-listopad-2026-s-poznamkami.webp\" alt=\"\" class=\"wp-image-2805\" srcset=\"https:\/\/kalendare365.eu\/wp-content\/uploads\/2025\/04\/kalendar-listopad-2026-s-poznamkami.webp 800w, https:\/\/kalendare365.eu\/wp-content\/uploads\/2025\/04\/kalendar-listopad-2026-s-poznamkami-300x212.webp 300w, https:\/\/kalendare365.eu\/wp-content\/uploads\/2025\/04\/kalendar-listopad-2026-s-poznamkami-768x543.webp 768w\" sizes=\"auto, (max-width: 800px) 100vw, 800px\" \/><\/figure>\n\n\n\n<p class=\"has-text-align-center wp-block-paragraph\"><a href=\"https:\/\/kalendare365.eu\/wp-content\/uploads\/2025\/04\/kalendar-listopad-2026-s-poznamkami.pdf\" target=\"_blank\" rel=\"noreferrer noopener nofollow\">PDF<\/a> | <a href=\"https:\/\/kalendare365.eu\/wp-content\/uploads\/2025\/04\/kalendar-listopad-2026-s-poznamkami.docx\" target=\"_blank\" rel=\"noreferrer noopener nofollow\">WORD<\/a><\/p>\n<\/div>\n<\/div>\n\n\n\n<h2 class=\"wp-block-heading\">Z\u00e1v\u011br<\/h2>\n\n\n\n<p class=\"wp-block-paragraph\">Kalend\u00e1\u0159 pro listopad 2026 je praktick\u00fdm pomocn\u00edkem pro ka\u017ed\u00e9ho, kdo chce m\u00edt sv\u00e9 \u00fakoly a pl\u00e1ny pod kontrolou. D\u00edky \u0161irok\u00e9 nab\u00eddce \u0161ablon, mo\u017enosti \u00faprav a jednoduch\u00e9mu sta\u017een\u00ed si m\u016f\u017eete vytvo\u0159it n\u00e1stroj, kter\u00fd bude p\u0159esn\u011b odpov\u00eddat va\u0161im pot\u0159eb\u00e1m. A\u0165 u\u017e preferujete minimalistick\u00fd styl, barevn\u00e9 proveden\u00ed nebo detailn\u00ed pl\u00e1nov\u00e1n\u00ed, spr\u00e1vn\u011b zvolen\u00fd kalend\u00e1\u0159 v\u00e1m pom\u016f\u017ee l\u00e9pe organizovat \u010das a p\u0159isp\u011bje k v\u011bt\u0161\u00ed pohod\u011b b\u011bhem cel\u00e9ho m\u011bs\u00edce.<\/p>\n","protected":false},"excerpt":{"rendered":"<p>Listopad je obdob\u00edm, kdy se tempo roku zpomaluje a z\u00e1rove\u0148 vrchol\u00ed p\u0159\u00edpravy na z\u00e1v\u011br sez\u00f3ny. Kalend\u00e1\u0159 pro listopad 2026 p\u0159edstavuje praktick\u00fd n\u00e1stroj, kter\u00fd v\u00e1m umo\u017en\u00ed udr\u017eet si p\u0159ehled o pracovn\u00edch povinnostech, osobn\u00edch aktivit\u00e1ch i dlouhodob\u00fdch pl\u00e1nech. D\u00edky mo\u017enosti sta\u017een\u00ed ve form\u00e1tu PDF nebo Wordu si m\u016f\u017eete vybrat podobu, kter\u00e1 nejl\u00e9pe odpov\u00edd\u00e1 va\u0161emu stylu organizace. Tento [&hellip;]<\/p>\n","protected":false},"author":1,"featured_media":0,"comment_status":"open","ping_status":"closed","sticky":false,"template":"","format":"standard","meta":{"footnotes":""},"categories":[15],"tags":[33],"class_list":["post-2781","post","type-post","status-publish","format-standard","hentry","category-listopad","tag-33"],"_links":{"self":[{"href":"https:\/\/kalendare365.eu\/index.php?rest_route=\/wp\/v2\/posts\/2781","targetHints":{"allow":["GET"]}}],"collection":[{"href":"https:\/\/kalendare365.eu\/index.php?rest_route=\/wp\/v2\/posts"}],"about":[{"href":"https:\/\/kalendare365.eu\/index.php?rest_route=\/wp\/v2\/types\/post"}],"author":[{"embeddable":true,"href":"https:\/\/kalendare365.eu\/index.php?rest_route=\/wp\/v2\/users\/1"}],"replies":[{"embeddable":true,"href":"https:\/\/kalendare365.eu\/index.php?rest_route=%2Fwp%2Fv2%2Fcomments&post=2781"}],"version-history":[{"count":4,"href":"https:\/\/kalendare365.eu\/index.php?rest_route=\/wp\/v2\/posts\/2781\/revisions"}],"predecessor-version":[{"id":3718,"href":"https:\/\/kalendare365.eu\/index.php?rest_route=\/wp\/v2\/posts\/2781\/revisions\/3718"}],"wp:attachment":[{"href":"https:\/\/kalendare365.eu\/index.php?rest_route=%2Fwp%2Fv2%2Fmedia&parent=2781"}],"wp:term":[{"taxonomy":"category","embeddable":true,"href":"https:\/\/kalendare365.eu\/index.php?rest_route=%2Fwp%2Fv2%2Fcategories&post=2781"},{"taxonomy":"post_tag","embeddable":true,"href":"https:\/\/kalendare365.eu\/index.php?rest_route=%2Fwp%2Fv2%2Ftags&post=2781"}],"curies":[{"name":"wp","href":"https:\/\/api.w.org\/{rel}","templated":true}]}}