{"id":2810,"date":"2025-04-23T09:33:11","date_gmt":"2025-04-23T06:33:11","guid":{"rendered":"https:\/\/kalendare365.eu\/?p=2810"},"modified":"2026-06-14T22:16:26","modified_gmt":"2026-06-14T19:16:26","slug":"kalendar-prosinec-2026","status":"publish","type":"post","link":"https:\/\/kalendare365.eu\/?p=2810","title":{"rendered":"Kalend\u00e1\u0159 prosinec 2026"},"content":{"rendered":"\n<p class=\"wp-block-paragraph\">Kalend\u00e1\u0159 pro prosinec 2026 je praktick\u00fdm pomocn\u00edkem pro ka\u017ed\u00e9ho, kdo chce m\u00edt pod kontrolou z\u00e1v\u011br roku. Toto obdob\u00ed b\u00fdv\u00e1 n\u00e1ro\u010dn\u00e9 \u2013 prol\u00ednaj\u00ed se pracovn\u00ed uz\u00e1v\u011brky, osobn\u00ed povinnosti i p\u0159\u00edpravy na sv\u00e1tky. P\u0159ehledn\u00e1 m\u011bs\u00ed\u010dn\u00ed \u0161ablona pom\u00e1h\u00e1 udr\u017eet po\u0159\u00e1dek v \u00fakolech, term\u00ednech a aktivit\u00e1ch, a\u0165 u\u017e preferujete ti\u0161t\u011bnou podobu nebo editovateln\u00fd dokument. Na webu jsou dostupn\u00e9 varianty ke sta\u017een\u00ed zdarma ve form\u00e1tu PDF i Word, tak\u017ee si m\u016f\u017eete vybrat p\u0159esn\u011b takovou verzi, kter\u00e1 odpov\u00edd\u00e1 va\u0161emu stylu pl\u00e1nov\u00e1n\u00ed.<\/p>\n\n\n\n<hr class=\"wp-block-separator has-alpha-channel-opacity\"\/>\n\n\n\n<h2 class=\"wp-block-heading\">V\u00fdb\u011br \u0161ablon kalend\u00e1\u0159e prosinec 2026<\/h2>\n\n\n\n<p class=\"wp-block-paragraph\">Nab\u00eddka \u0161ablon je \u0161irok\u00e1 a umo\u017e\u0148uje p\u0159izp\u016fsobit kalend\u00e1\u0159 individu\u00e1ln\u00edm pot\u0159eb\u00e1m. Ka\u017ed\u00e1 varianta m\u00e1 sv\u00e9 specifick\u00e9 vyu\u017eit\u00ed a hod\u00ed se pro jin\u00fd zp\u016fsob organizace.<\/p>\n\n\n\n<ul class=\"wp-block-list\">\n<li>Jednoduch\u00fd pl\u00e1nova\u010d pozn\u00e1mek \u2013 ide\u00e1ln\u00ed pro rychl\u00e9 zapisov\u00e1n\u00ed \u00fakol\u016f, n\u00e1pad\u016f a ka\u017edodenn\u00edch pozn\u00e1mek.<\/li>\n\n\n\n<li>Kalend\u00e1\u0159 s velk\u00fdmi \u010d\u00edsly \u2013 p\u0159ehledn\u00e9 zobrazen\u00ed dat pro snadnou orientaci.<\/li>\n\n\n\n<li>Vertik\u00e1ln\u00ed kalend\u00e1\u0159 se sloupci \u2013 vhodn\u00fd pro detailn\u00ed pl\u00e1nov\u00e1n\u00ed dne po jednotliv\u00fdch bloc\u00edch.<\/li>\n\n\n\n<li>Kalend\u00e1\u0159 s p\u0159edchoz\u00edmi a n\u00e1sleduj\u00edc\u00edmi m\u011bs\u00edci \u2013 umo\u017e\u0148uje sledovat \u0161ir\u0161\u00ed \u010dasov\u00fd kontext.<\/li>\n\n\n\n<li>Barevn\u00fd kalend\u00e1\u0159 na pozn\u00e1mky \u2013 kombinuje estetiku s praktick\u00fdm vyu\u017eit\u00edm.<\/li>\n\n\n\n<li>\u0160ablona s m\u00edstem pro fotografii \u2013 mo\u017enost vlo\u017eit vlastn\u00ed obr\u00e1zek a vytvo\u0159it osobn\u00ed design.<\/li>\n\n\n\n<li>Stylov\u00fd vertik\u00e1ln\u00ed kalend\u00e1\u0159 se vzorem \u2013 modern\u00ed vzhled pro ty, kte\u0159\u00ed cht\u011bj\u00ed elegantn\u00ed vizu\u00e1ln\u00ed styl.<\/li>\n\n\n\n<li>Horizont\u00e1ln\u00ed kalend\u00e1\u0159 s grafy \u2013 vhodn\u00fd pro vizu\u00e1ln\u00ed sledov\u00e1n\u00ed trend\u016f a dat.<\/li>\n<\/ul>\n\n\n\n<hr class=\"wp-block-separator has-alpha-channel-opacity\"\/>\n\n\n\n<h2 class=\"wp-block-heading\">V\u00fdhody ti\u0161t\u011bn\u00e9ho kalend\u00e1\u0159e<\/h2>\n\n\n\n<p class=\"wp-block-paragraph\">Ti\u0161t\u011bn\u00e1 verze kalend\u00e1\u0159e m\u00e1 sv\u00e9 pevn\u00e9 m\u00edsto i v dob\u011b digit\u00e1ln\u00edch n\u00e1stroj\u016f. Nepot\u0159ebuje p\u0159ipojen\u00ed k internetu, je v\u017edy po ruce a umo\u017e\u0148uje rychl\u00e9 zapisov\u00e1n\u00ed pozn\u00e1mek. Barevn\u00e9 zna\u010dky, symboly a ru\u010dn\u011b psan\u00e9 koment\u00e1\u0159e pom\u00e1haj\u00ed l\u00e9pe strukturovat \u00fakoly a podporuj\u00ed vizu\u00e1ln\u00ed orientaci. V prosinci, kdy se \u010dasto p\u0159ekr\u00fdvaj\u00ed pracovn\u00ed povinnosti s rodinn\u00fdmi aktivitami, poskytuje pap\u00edrov\u00fd kalend\u00e1\u0159 stabiln\u00ed a p\u0159ehledn\u00fd syst\u00e9m, kter\u00fd sni\u017euje stres a usnad\u0148uje pl\u00e1nov\u00e1n\u00ed.<\/p>\n\n\n\n<hr class=\"wp-block-separator has-alpha-channel-opacity\"\/>\n\n\n\n<h2 class=\"wp-block-heading\">Jak st\u00e1hnout a upravit kalend\u00e1\u0159 prosinec 2026<\/h2>\n\n\n\n<p class=\"wp-block-paragraph\">Sta\u017een\u00ed kalend\u00e1\u0159e je jednoduch\u00e9. Na webu si vyberete \u0161ablonu, kter\u00e1 v\u00e1m vyhovuje, a zvol\u00edte form\u00e1t podle zp\u016fsobu pou\u017eit\u00ed.<\/p>\n\n\n\n<ul class=\"wp-block-list\">\n<li>PDF je vhodn\u00e9 pro rychl\u00fd tisk a zachov\u00e1n\u00ed p\u016fvodn\u00edho vzhledu.<\/li>\n\n\n\n<li>Word umo\u017e\u0148uje \u00fapravy \u2013 zm\u011bnu barev, dopln\u011bn\u00ed pozn\u00e1mek, \u00fapravu rozlo\u017een\u00ed nebo p\u0159id\u00e1n\u00ed vlastn\u00edch prvk\u016f.<\/li>\n<\/ul>\n\n\n\n<p class=\"wp-block-paragraph\">D\u00edky editovateln\u00e9mu form\u00e1tu si m\u016f\u017eete kalend\u00e1\u0159 p\u0159izp\u016fsobit tak, aby odpov\u00eddal va\u0161emu pracovn\u00edmu rytmu, rodinn\u00fdm aktivit\u00e1m i osobn\u00edm preferenc\u00edm.<\/p>\n\n\n\n<hr class=\"wp-block-separator has-alpha-channel-opacity\"\/>\n\n\n\n<h2 class=\"wp-block-heading\">Tipy pro efektivn\u00ed pl\u00e1nov\u00e1n\u00ed v prosinci<\/h2>\n\n\n\n<p class=\"wp-block-paragraph\">Kalend\u00e1\u0159 prosinec 2026 m\u016f\u017ee b\u00fdt v\u00edc ne\u017e jen p\u0159ehled dat. P\u0159i spr\u00e1vn\u00e9m pou\u017eit\u00ed se st\u00e1v\u00e1 n\u00e1strojem pro zlep\u0161en\u00ed time managementu.<\/p>\n\n\n\n<ul class=\"wp-block-list\">\n<li>Denn\u00ed p\u0159ehled \u00fakol\u016f pom\u00e1h\u00e1 udr\u017eet kontrolu nad prioritami.<\/li>\n\n\n\n<li>Barevn\u00e9 zna\u010den\u00ed umo\u017e\u0148uje rychlou orientaci mezi typy aktivit.<\/li>\n\n\n\n<li>Odd\u011blen\u00ed pracovn\u00edch a osobn\u00edch ud\u00e1lost\u00ed p\u0159isp\u00edv\u00e1 k lep\u0161\u00ed rovnov\u00e1ze.<\/li>\n\n\n\n<li>Kombinace pap\u00edrov\u00e9ho a digit\u00e1ln\u00edho pl\u00e1nov\u00e1n\u00ed podporuje flexibilitu a efektivitu.<\/li>\n\n\n\n<li>Time blocking pom\u00e1h\u00e1 rozd\u011blit den do jasn\u011b definovan\u00fdch blok\u016f.<\/li>\n<\/ul>\n\n\n\n<hr class=\"wp-block-separator has-alpha-channel-opacity\"\/>\n\n\n\n<h2 class=\"wp-block-heading has-text-align-center\">St\u00e1hn\u011bte si a vytiskn\u011bte kalend\u00e1\u0159 prosinec 2026<\/h2>\n\n\n\n<div class=\"wp-block-group is-layout-grid wp-container-core-group-is-layout-7d05cc0d wp-block-group-is-layout-grid\">\n<div class=\"wp-block-group has-global-padding is-layout-constrained wp-block-group-is-layout-constrained\">\n<figure class=\"wp-block-image size-full\"><img loading=\"lazy\" decoding=\"async\" width=\"800\" height=\"566\" src=\"https:\/\/kalendare365.eu\/wp-content\/uploads\/2025\/04\/planovac-kalendare-prosinec-2026.webp\" alt=\"\" class=\"wp-image-2811\" srcset=\"https:\/\/kalendare365.eu\/wp-content\/uploads\/2025\/04\/planovac-kalendare-prosinec-2026.webp 800w, https:\/\/kalendare365.eu\/wp-content\/uploads\/2025\/04\/planovac-kalendare-prosinec-2026-300x212.webp 300w, https:\/\/kalendare365.eu\/wp-content\/uploads\/2025\/04\/planovac-kalendare-prosinec-2026-768x543.webp 768w\" sizes=\"auto, (max-width: 800px) 100vw, 800px\" \/><\/figure>\n\n\n\n<p class=\"has-text-align-center wp-block-paragraph\"><a href=\"https:\/\/kalendare365.eu\/wp-content\/uploads\/2025\/04\/planovac-kalendare-prosinec-2026.pdf\" target=\"_blank\" rel=\"noreferrer noopener nofollow\">PDF<\/a> | <a href=\"https:\/\/kalendare365.eu\/wp-content\/uploads\/2025\/04\/planovac-kalendare-prosinec-2026.docx\" target=\"_blank\" rel=\"noreferrer noopener nofollow\">WORD<\/a><\/p>\n<\/div>\n\n\n\n<div class=\"wp-block-group has-global-padding is-layout-constrained wp-block-group-is-layout-constrained\">\n<figure class=\"wp-block-image size-full\"><img loading=\"lazy\" decoding=\"async\" width=\"800\" height=\"566\" src=\"https:\/\/kalendare365.eu\/wp-content\/uploads\/2025\/04\/kalendar-prosinec-2026-s-velkymi-cisly.webp\" alt=\"\" class=\"wp-image-2814\" srcset=\"https:\/\/kalendare365.eu\/wp-content\/uploads\/2025\/04\/kalendar-prosinec-2026-s-velkymi-cisly.webp 800w, https:\/\/kalendare365.eu\/wp-content\/uploads\/2025\/04\/kalendar-prosinec-2026-s-velkymi-cisly-300x212.webp 300w, https:\/\/kalendare365.eu\/wp-content\/uploads\/2025\/04\/kalendar-prosinec-2026-s-velkymi-cisly-768x543.webp 768w\" sizes=\"auto, (max-width: 800px) 100vw, 800px\" \/><\/figure>\n\n\n\n<p class=\"has-text-align-center wp-block-paragraph\"><a href=\"https:\/\/kalendare365.eu\/wp-content\/uploads\/2025\/04\/kalendar-prosinec-2026-s-velkymi-cisly.pdf\" target=\"_blank\" rel=\"noreferrer noopener nofollow\">PDF<\/a> | <a href=\"https:\/\/kalendare365.eu\/wp-content\/uploads\/2025\/04\/kalendar-prosinec-2026-s-velkymi-cisly.docx\" target=\"_blank\" rel=\"noreferrer noopener nofollow\">WORD<\/a><\/p>\n<\/div>\n\n\n\n<div class=\"wp-block-group has-global-padding is-layout-constrained wp-block-group-is-layout-constrained\">\n<figure class=\"wp-block-image size-full\"><img loading=\"lazy\" decoding=\"async\" width=\"800\" height=\"566\" src=\"https:\/\/kalendare365.eu\/wp-content\/uploads\/2025\/04\/kalendar-prosinec-2026-s-predchozim-a-pristim-mesicem.webp\" alt=\"\" class=\"wp-image-2820\" srcset=\"https:\/\/kalendare365.eu\/wp-content\/uploads\/2025\/04\/kalendar-prosinec-2026-s-predchozim-a-pristim-mesicem.webp 800w, https:\/\/kalendare365.eu\/wp-content\/uploads\/2025\/04\/kalendar-prosinec-2026-s-predchozim-a-pristim-mesicem-300x212.webp 300w, https:\/\/kalendare365.eu\/wp-content\/uploads\/2025\/04\/kalendar-prosinec-2026-s-predchozim-a-pristim-mesicem-768x543.webp 768w\" sizes=\"auto, (max-width: 800px) 100vw, 800px\" \/><\/figure>\n\n\n\n<p class=\"has-text-align-center wp-block-paragraph\"><a href=\"https:\/\/kalendare365.eu\/wp-content\/uploads\/2025\/04\/kalendar-prosinec-2026-s-predchozim-a-pristim-mesicem.pdf\" target=\"_blank\" rel=\"noreferrer noopener nofollow\">PDF<\/a> | <a href=\"https:\/\/kalendare365.eu\/wp-content\/uploads\/2025\/04\/kalendar-prosinec-2026-s-predchozim-a-pristim-mesicem.docx\" target=\"_blank\" rel=\"noreferrer noopener nofollow\">WORD<\/a><\/p>\n<\/div>\n\n\n\n<div class=\"wp-block-group has-global-padding is-layout-constrained wp-block-group-is-layout-constrained\">\n<figure class=\"wp-block-image size-large\"><img loading=\"lazy\" decoding=\"async\" width=\"724\" height=\"1024\" src=\"https:\/\/kalendare365.eu\/wp-content\/uploads\/2025\/04\/vertikalni-planovac-kalendare-na-prosinec-2026-724x1024.webp\" alt=\"\" class=\"wp-image-2817\" srcset=\"https:\/\/kalendare365.eu\/wp-content\/uploads\/2025\/04\/vertikalni-planovac-kalendare-na-prosinec-2026-724x1024.webp 724w, https:\/\/kalendare365.eu\/wp-content\/uploads\/2025\/04\/vertikalni-planovac-kalendare-na-prosinec-2026-212x300.webp 212w, https:\/\/kalendare365.eu\/wp-content\/uploads\/2025\/04\/vertikalni-planovac-kalendare-na-prosinec-2026-768x1086.webp 768w, https:\/\/kalendare365.eu\/wp-content\/uploads\/2025\/04\/vertikalni-planovac-kalendare-na-prosinec-2026.webp 800w\" sizes=\"auto, (max-width: 724px) 100vw, 724px\" \/><\/figure>\n\n\n\n<p class=\"has-text-align-center wp-block-paragraph\"><a href=\"https:\/\/kalendare365.eu\/wp-content\/uploads\/2025\/04\/vertikalni-planovac-kalendare-na-prosinec-2026.pdf\" target=\"_blank\" rel=\"noreferrer noopener nofollow\">PDF<\/a> | <a href=\"https:\/\/kalendare365.eu\/wp-content\/uploads\/2025\/04\/vertikalni-planovac-kalendare-na-prosinec-2026.docx\" target=\"_blank\" rel=\"noreferrer noopener nofollow\">WORD<\/a><\/p>\n<\/div>\n\n\n\n<div class=\"wp-block-group has-global-padding is-layout-constrained wp-block-group-is-layout-constrained\">\n<figure class=\"wp-block-image size-large\"><img loading=\"lazy\" decoding=\"async\" width=\"724\" height=\"1024\" src=\"https:\/\/kalendare365.eu\/wp-content\/uploads\/2025\/04\/krasny-planovac-kalendare-prosinec-2026-724x1024.webp\" alt=\"\" class=\"wp-image-2831\" srcset=\"https:\/\/kalendare365.eu\/wp-content\/uploads\/2025\/04\/krasny-planovac-kalendare-prosinec-2026-724x1024.webp 724w, https:\/\/kalendare365.eu\/wp-content\/uploads\/2025\/04\/krasny-planovac-kalendare-prosinec-2026-212x300.webp 212w, https:\/\/kalendare365.eu\/wp-content\/uploads\/2025\/04\/krasny-planovac-kalendare-prosinec-2026-768x1086.webp 768w, https:\/\/kalendare365.eu\/wp-content\/uploads\/2025\/04\/krasny-planovac-kalendare-prosinec-2026.webp 800w\" sizes=\"auto, (max-width: 724px) 100vw, 724px\" \/><\/figure>\n\n\n\n<p class=\"has-text-align-center wp-block-paragraph\"><a href=\"https:\/\/kalendare365.eu\/wp-content\/uploads\/2025\/04\/krasny-planovac-kalendare-prosinec-2026.pdf\" target=\"_blank\" rel=\"noreferrer noopener nofollow\">PDF<\/a> | <a href=\"https:\/\/kalendare365.eu\/wp-content\/uploads\/2025\/04\/krasny-planovac-kalendare-prosinec-2026.docx\" target=\"_blank\" rel=\"noreferrer noopener nofollow\">WORD<\/a><\/p>\n<\/div>\n\n\n\n<div class=\"wp-block-group has-global-padding is-layout-constrained wp-block-group-is-layout-constrained\">\n<figure class=\"wp-block-image size-large\"><img loading=\"lazy\" decoding=\"async\" width=\"724\" height=\"1024\" src=\"https:\/\/kalendare365.eu\/wp-content\/uploads\/2025\/04\/fotokalendar-prosinec-2026-724x1024.webp\" alt=\"\" class=\"wp-image-2827\" srcset=\"https:\/\/kalendare365.eu\/wp-content\/uploads\/2025\/04\/fotokalendar-prosinec-2026-724x1024.webp 724w, https:\/\/kalendare365.eu\/wp-content\/uploads\/2025\/04\/fotokalendar-prosinec-2026-212x300.webp 212w, https:\/\/kalendare365.eu\/wp-content\/uploads\/2025\/04\/fotokalendar-prosinec-2026-768x1086.webp 768w, https:\/\/kalendare365.eu\/wp-content\/uploads\/2025\/04\/fotokalendar-prosinec-2026.webp 800w\" sizes=\"auto, (max-width: 724px) 100vw, 724px\" \/><\/figure>\n\n\n\n<p class=\"has-text-align-center wp-block-paragraph\"><a href=\"https:\/\/kalendare365.eu\/wp-content\/uploads\/2025\/04\/fotokalendar-prosinec-2026.pdf\" target=\"_blank\" rel=\"noreferrer noopener nofollow\">PDF<\/a> | <a href=\"https:\/\/kalendare365.eu\/wp-content\/uploads\/2025\/04\/fotokalendar-prosinec-2026.docx\" target=\"_blank\" rel=\"noreferrer noopener nofollow\">WORD<\/a><\/p>\n<\/div>\n\n\n\n<div class=\"wp-block-group has-global-padding is-layout-constrained wp-block-group-is-layout-constrained\">\n<figure class=\"wp-block-image size-full\"><img loading=\"lazy\" decoding=\"async\" width=\"800\" height=\"566\" src=\"https:\/\/kalendare365.eu\/wp-content\/uploads\/2025\/04\/krasny-kalendar-prosinec-2026.webp\" alt=\"\" class=\"wp-image-2824\" srcset=\"https:\/\/kalendare365.eu\/wp-content\/uploads\/2025\/04\/krasny-kalendar-prosinec-2026.webp 800w, https:\/\/kalendare365.eu\/wp-content\/uploads\/2025\/04\/krasny-kalendar-prosinec-2026-300x212.webp 300w, https:\/\/kalendare365.eu\/wp-content\/uploads\/2025\/04\/krasny-kalendar-prosinec-2026-768x543.webp 768w\" sizes=\"auto, (max-width: 800px) 100vw, 800px\" \/><\/figure>\n\n\n\n<p class=\"has-text-align-center wp-block-paragraph\"><a href=\"https:\/\/kalendare365.eu\/wp-content\/uploads\/2025\/04\/krasny-kalendar-prosinec-2026.pdf\" target=\"_blank\" rel=\"noreferrer noopener nofollow\">PDF<\/a> | <a href=\"https:\/\/kalendare365.eu\/wp-content\/uploads\/2025\/04\/krasny-kalendar-prosinec-2026.docx\" target=\"_blank\" rel=\"noreferrer noopener nofollow\">WORD<\/a><\/p>\n<\/div>\n\n\n\n<div class=\"wp-block-group has-global-padding is-layout-constrained wp-block-group-is-layout-constrained\">\n<figure class=\"wp-block-image size-full\"><img loading=\"lazy\" decoding=\"async\" width=\"800\" height=\"566\" src=\"https:\/\/kalendare365.eu\/wp-content\/uploads\/2025\/04\/kalendar-prosinec-2026-s-poznamkami.webp\" alt=\"\" class=\"wp-image-2834\" srcset=\"https:\/\/kalendare365.eu\/wp-content\/uploads\/2025\/04\/kalendar-prosinec-2026-s-poznamkami.webp 800w, https:\/\/kalendare365.eu\/wp-content\/uploads\/2025\/04\/kalendar-prosinec-2026-s-poznamkami-300x212.webp 300w, https:\/\/kalendare365.eu\/wp-content\/uploads\/2025\/04\/kalendar-prosinec-2026-s-poznamkami-768x543.webp 768w\" sizes=\"auto, (max-width: 800px) 100vw, 800px\" \/><\/figure>\n\n\n\n<p class=\"has-text-align-center wp-block-paragraph\"><a href=\"https:\/\/kalendare365.eu\/wp-content\/uploads\/2025\/04\/kalendar-prosinec-2026-s-poznamkami.pdf\" target=\"_blank\" rel=\"noreferrer noopener nofollow\">PDF<\/a> | <a href=\"https:\/\/kalendare365.eu\/wp-content\/uploads\/2025\/04\/kalendar-prosinec-2026-s-poznamkami.docx\" target=\"_blank\" rel=\"noreferrer noopener nofollow\">WORD<\/a><\/p>\n<\/div>\n<\/div>\n\n\n\n<h2 class=\"wp-block-heading\">Z\u00e1v\u011br<\/h2>\n\n\n\n<p class=\"wp-block-paragraph\">Kalend\u00e1\u0159 prosinec 2026 je u\u017eite\u010dn\u00fdm n\u00e1strojem pro ka\u017ed\u00e9ho, kdo chce zvl\u00e1dnout z\u00e1v\u011br roku s v\u011bt\u0161\u00edm klidem a p\u0159ehledem. Nab\u00edz\u00ed \u0161irokou \u0161k\u00e1lu \u0161ablon, kter\u00e9 lze snadno upravit podle individu\u00e1ln\u00edch pot\u0159eb. A\u0165 u\u017e preferujete jednoduch\u00fd pl\u00e1nova\u010d, barevnou variantu nebo kalend\u00e1\u0159 s m\u00edstem pro fotografii, v\u017edy z\u00edsk\u00e1te spolehliv\u00fd syst\u00e9m pro organizaci pracovn\u00edch i osobn\u00edch aktivit. Spr\u00e1vn\u011b zvolen\u00fd kalend\u00e1\u0159 pom\u00e1h\u00e1 zv\u00fd\u0161it produktivitu, sn\u00ed\u017eit stres a vytvo\u0159it harmonii v obdob\u00ed, kter\u00e9 b\u00fdv\u00e1 \u010dasto velmi n\u00e1ro\u010dn\u00e9.<\/p>\n","protected":false},"excerpt":{"rendered":"<p>Kalend\u00e1\u0159 pro prosinec 2026 je praktick\u00fdm pomocn\u00edkem pro ka\u017ed\u00e9ho, kdo chce m\u00edt pod kontrolou z\u00e1v\u011br roku. Toto obdob\u00ed b\u00fdv\u00e1 n\u00e1ro\u010dn\u00e9 \u2013 prol\u00ednaj\u00ed se pracovn\u00ed uz\u00e1v\u011brky, osobn\u00ed povinnosti i p\u0159\u00edpravy na sv\u00e1tky. P\u0159ehledn\u00e1 m\u011bs\u00ed\u010dn\u00ed \u0161ablona pom\u00e1h\u00e1 udr\u017eet po\u0159\u00e1dek v \u00fakolech, term\u00ednech a aktivit\u00e1ch, a\u0165 u\u017e preferujete ti\u0161t\u011bnou podobu nebo editovateln\u00fd dokument. Na webu jsou dostupn\u00e9 varianty [&hellip;]<\/p>\n","protected":false},"author":1,"featured_media":0,"comment_status":"open","ping_status":"closed","sticky":false,"template":"","format":"standard","meta":{"footnotes":""},"categories":[16],"tags":[33],"class_list":["post-2810","post","type-post","status-publish","format-standard","hentry","category-prosinec","tag-33"],"_links":{"self":[{"href":"https:\/\/kalendare365.eu\/index.php?rest_route=\/wp\/v2\/posts\/2810","targetHints":{"allow":["GET"]}}],"collection":[{"href":"https:\/\/kalendare365.eu\/index.php?rest_route=\/wp\/v2\/posts"}],"about":[{"href":"https:\/\/kalendare365.eu\/index.php?rest_route=\/wp\/v2\/types\/post"}],"author":[{"embeddable":true,"href":"https:\/\/kalendare365.eu\/index.php?rest_route=\/wp\/v2\/users\/1"}],"replies":[{"embeddable":true,"href":"https:\/\/kalendare365.eu\/index.php?rest_route=%2Fwp%2Fv2%2Fcomments&post=2810"}],"version-history":[{"count":4,"href":"https:\/\/kalendare365.eu\/index.php?rest_route=\/wp\/v2\/posts\/2810\/revisions"}],"predecessor-version":[{"id":3716,"href":"https:\/\/kalendare365.eu\/index.php?rest_route=\/wp\/v2\/posts\/2810\/revisions\/3716"}],"wp:attachment":[{"href":"https:\/\/kalendare365.eu\/index.php?rest_route=%2Fwp%2Fv2%2Fmedia&parent=2810"}],"wp:term":[{"taxonomy":"category","embeddable":true,"href":"https:\/\/kalendare365.eu\/index.php?rest_route=%2Fwp%2Fv2%2Fcategories&post=2810"},{"taxonomy":"post_tag","embeddable":true,"href":"https:\/\/kalendare365.eu\/index.php?rest_route=%2Fwp%2Fv2%2Ftags&post=2810"}],"curies":[{"name":"wp","href":"https:\/\/api.w.org\/{rel}","templated":true}]}}