{"id":2850,"date":"2025-04-30T14:27:05","date_gmt":"2025-04-30T11:27:05","guid":{"rendered":"https:\/\/kalendare365.eu\/?p=2850"},"modified":"2026-03-30T13:16:05","modified_gmt":"2026-03-30T10:16:05","slug":"kalendar-leden-unor-2026","status":"publish","type":"post","link":"https:\/\/kalendare365.eu\/?p=2850","title":{"rendered":"Kalend\u00e1\u0159 leden, \u00fanor 2026"},"content":{"rendered":"\n<p class=\"wp-block-paragraph\">Pl\u00e1nov\u00e1n\u00ed za\u010d\u00e1tku roku b\u00fdv\u00e1 \u010dasto hektick\u00e9 \u2013 nov\u00e9 projekty, osobn\u00ed c\u00edle, sch\u016fzky i rodinn\u00e9 ud\u00e1losti se rychle hromad\u00ed. Pr\u00e1v\u011b proto je praktick\u00fd a p\u0159ehledn\u00fd kalend\u00e1\u0159 na leden a \u00fanor 2026 skv\u011bl\u00fdm pomocn\u00edkem pro ka\u017ed\u00e9ho, kdo chce m\u00edt jasn\u00fd p\u0159ehled o sv\u00e9m \u010dase. P\u0159ipravili jsme pro v\u00e1s jednoduchou, \u010distou a snadno pou\u017eitelnou \u0161ablonu, kterou si m\u016f\u017eete zdarma st\u00e1hnout a vyu\u017e\u00edt p\u0159esn\u011b podle sv\u00fdch pot\u0159eb.<\/p>\n\n\n\n<hr class=\"wp-block-separator has-alpha-channel-opacity\"\/>\n\n\n\n<h2 class=\"wp-block-heading\"><strong>P\u0159ehledn\u00e1 \u0161ablona pro efektivn\u00ed pl\u00e1nov\u00e1n\u00ed<\/strong><\/h2>\n\n\n\n<p class=\"wp-block-paragraph\">Kalend\u00e1\u0159 pro prvn\u00ed dva m\u011bs\u00edce roku 2026 je navr\u017een tak, aby v\u00e1m umo\u017enil rychle zapisovat d\u016fle\u017eit\u00e9 term\u00edny, pracovn\u00ed sch\u016fzky, rodinn\u00e9 akce i osobn\u00ed c\u00edle. D\u00edky jasn\u00e9mu rozlo\u017een\u00ed a dostatku prostoru pro pozn\u00e1mky z\u00edsk\u00e1te praktick\u00fd n\u00e1stroj, kter\u00fd v\u00e1m pom\u016f\u017ee udr\u017eet si po\u0159\u00e1dek hned od za\u010d\u00e1tku roku.<\/p>\n\n\n\n<p class=\"wp-block-paragraph\">\u0160ablona je dostupn\u00e1 ve dvou form\u00e1tech:<\/p>\n\n\n\n<ul class=\"wp-block-list\">\n<li><strong>PDF<\/strong> \u2013 ide\u00e1ln\u00ed pro okam\u017eit\u00fd tisk s pevn\u00fdm rozlo\u017een\u00edm.<\/li>\n\n\n\n<li><strong>DOCX<\/strong> \u2013 vhodn\u00e9 pro \u00fapravy ve Wordu, dopln\u011bn\u00ed vlastn\u00edch pozn\u00e1mek \u010di zm\u011bny vzhledu.<\/li>\n<\/ul>\n\n\n\n<hr class=\"wp-block-separator has-alpha-channel-opacity\"\/>\n\n\n\n<h2 class=\"wp-block-heading\"><strong>Pro\u010d si kalend\u00e1\u0159 st\u00e1hnout<\/strong><\/h2>\n\n\n\n<ul class=\"wp-block-list\">\n<li>Umo\u017e\u0148uje m\u00edt v\u0161echny d\u016fle\u017eit\u00e9 informace na jednom m\u00edst\u011b.<\/li>\n\n\n\n<li>Pom\u00e1h\u00e1 sledovat pracovn\u00ed i osobn\u00ed povinnosti.<\/li>\n\n\n\n<li>Je vhodn\u00fd pro dom\u00e1cnost, kancel\u00e1\u0159 i \u0161kolu.<\/li>\n\n\n\n<li>Lze jej snadno p\u0159izp\u016fsobit vlastn\u00edm pot\u0159eb\u00e1m.<\/li>\n\n\n\n<li>Je zcela zdarma a p\u0159ipraven\u00fd k okam\u017eit\u00e9mu pou\u017eit\u00ed.<\/li>\n<\/ul>\n\n\n\n<p class=\"wp-block-paragraph\">A\u0165 u\u017e pl\u00e1nujete pracovn\u00ed projekty, rodinn\u00e9 aktivity nebo osobn\u00ed c\u00edle, tato \u0161ablona v\u00e1m poskytne jasnou strukturu a p\u0159ehled.<\/p>\n\n\n\n<hr class=\"wp-block-separator has-alpha-channel-opacity\"\/>\n\n\n\n<h2 class=\"wp-block-heading\"><strong>Form\u00e1ty ke sta\u017een\u00ed<\/strong><\/h2>\n\n\n\n<p class=\"wp-block-paragraph\">Vyberte si verzi, kter\u00e1 v\u00e1m nejl\u00e9pe vyhovuje:<\/p>\n\n\n\n<ul class=\"wp-block-list\">\n<li><strong>PDF ke sta\u017een\u00ed<\/strong><\/li>\n\n\n\n<li><strong>WORD (DOCX) ke sta\u017een\u00ed<\/strong><\/li>\n<\/ul>\n\n\n\n<p class=\"wp-block-paragraph\">Oba soubory jsou optimalizovan\u00e9 pro tisk i digit\u00e1ln\u00ed pou\u017eit\u00ed.<\/p>\n\n\n\n<hr class=\"wp-block-separator has-alpha-channel-opacity\"\/>\n\n\n\n<h2 class=\"wp-block-heading\"><strong>Praktick\u00e9 vyu\u017eit\u00ed kalend\u00e1\u0159e<\/strong><\/h2>\n\n\n\n<p class=\"wp-block-paragraph\">Kalend\u00e1\u0159 m\u016f\u017eete pou\u017e\u00edt mnoha zp\u016fsoby:<\/p>\n\n\n\n<ul class=\"wp-block-list\">\n<li>pl\u00e1nov\u00e1n\u00ed pracovn\u00edch \u00fakol\u016f a sch\u016fzek<\/li>\n\n\n\n<li>organizace rodinn\u00fdch aktivit<\/li>\n\n\n\n<li>sledov\u00e1n\u00ed osobn\u00edch c\u00edl\u016f a n\u00e1vyk\u016f<\/li>\n\n\n\n<li>pl\u00e1nov\u00e1n\u00ed projekt\u016f a \u010dasov\u00fdch os<\/li>\n\n\n\n<li>veden\u00ed jednoduch\u00e9ho m\u011bs\u00ed\u010dn\u00edho den\u00edku<\/li>\n<\/ul>\n\n\n\n<p class=\"wp-block-paragraph\">D\u00edky univerz\u00e1ln\u00edmu designu se hod\u00ed pro ka\u017ed\u00e9ho \u2013 studenty, rodi\u010de, zam\u011bstnance i podnikatele.<\/p>\n\n\n\n<hr class=\"wp-block-separator has-alpha-channel-opacity\"\/>\n\n\n\n<h2 class=\"wp-block-heading has-text-align-center\">St\u00e1hnout kalend\u00e1\u0159 leden, \u00fanor 2026<\/h2>\n\n\n\n<figure class=\"wp-block-image size-full\"><img loading=\"lazy\" decoding=\"async\" width=\"800\" height=\"566\" src=\"https:\/\/kalendare365.eu\/wp-content\/uploads\/2025\/04\/Kalendar-leden-unor-2026.webp\" alt=\"\" class=\"wp-image-2851\" srcset=\"https:\/\/kalendare365.eu\/wp-content\/uploads\/2025\/04\/Kalendar-leden-unor-2026.webp 800w, https:\/\/kalendare365.eu\/wp-content\/uploads\/2025\/04\/Kalendar-leden-unor-2026-300x212.webp 300w, https:\/\/kalendare365.eu\/wp-content\/uploads\/2025\/04\/Kalendar-leden-unor-2026-768x543.webp 768w\" sizes=\"auto, (max-width: 800px) 100vw, 800px\" \/><\/figure>\n\n\n\n<p class=\"has-text-align-center wp-block-paragraph\"><a href=\"https:\/\/kalendare365.eu\/wp-content\/uploads\/2025\/04\/Kalendar-leden-unor-2026.pdf\" target=\"_blank\" rel=\"noreferrer noopener nofollow\">PDF<\/a> | <a href=\"https:\/\/kalendare365.eu\/wp-content\/uploads\/2025\/04\/Kalendar-leden-unor-2026.docx\" target=\"_blank\" rel=\"noreferrer noopener nofollow\">WORD<\/a><\/p>\n\n\n\n<h2 class=\"wp-block-heading\"><strong>Z\u00e1v\u011br<\/strong><\/h2>\n\n\n\n<p class=\"wp-block-paragraph\">Za\u010d\u00e1tek roku je ide\u00e1ln\u00ed p\u0159\u00edle\u017eitost\u00ed vytvo\u0159it si nov\u00fd syst\u00e9m organizace \u010dasu. N\u00e1\u0161 kalend\u00e1\u0159 na leden a \u00fanor 2026 v\u00e1m pom\u016f\u017ee za\u010d\u00edt s jasn\u00fdm pl\u00e1nem a udr\u017eet si p\u0159ehled po cel\u00e9 zimn\u00ed obdob\u00ed. St\u00e1hn\u011bte si \u0161ablonu zdarma, upravte si ji podle sebe a u\u017eijte si jednoduch\u00e9 a efektivn\u00ed pl\u00e1nov\u00e1n\u00ed.<\/p>\n","protected":false},"excerpt":{"rendered":"<p>Pl\u00e1nov\u00e1n\u00ed za\u010d\u00e1tku roku b\u00fdv\u00e1 \u010dasto hektick\u00e9 \u2013 nov\u00e9 projekty, osobn\u00ed c\u00edle, sch\u016fzky i rodinn\u00e9 ud\u00e1losti se rychle hromad\u00ed. Pr\u00e1v\u011b proto je praktick\u00fd a p\u0159ehledn\u00fd kalend\u00e1\u0159 na leden a \u00fanor 2026 skv\u011bl\u00fdm pomocn\u00edkem pro ka\u017ed\u00e9ho, kdo chce m\u00edt jasn\u00fd p\u0159ehled o sv\u00e9m \u010dase. P\u0159ipravili jsme pro v\u00e1s jednoduchou, \u010distou a snadno pou\u017eitelnou \u0161ablonu, kterou si m\u016f\u017eete [&hellip;]<\/p>\n","protected":false},"author":1,"featured_media":0,"comment_status":"open","ping_status":"closed","sticky":false,"template":"","format":"standard","meta":{"footnotes":""},"categories":[5,6],"tags":[],"class_list":["post-2850","post","type-post","status-publish","format-standard","hentry","category-leden","category-unor"],"_links":{"self":[{"href":"https:\/\/kalendare365.eu\/index.php?rest_route=\/wp\/v2\/posts\/2850","targetHints":{"allow":["GET"]}}],"collection":[{"href":"https:\/\/kalendare365.eu\/index.php?rest_route=\/wp\/v2\/posts"}],"about":[{"href":"https:\/\/kalendare365.eu\/index.php?rest_route=\/wp\/v2\/types\/post"}],"author":[{"embeddable":true,"href":"https:\/\/kalendare365.eu\/index.php?rest_route=\/wp\/v2\/users\/1"}],"replies":[{"embeddable":true,"href":"https:\/\/kalendare365.eu\/index.php?rest_route=%2Fwp%2Fv2%2Fcomments&post=2850"}],"version-history":[{"count":2,"href":"https:\/\/kalendare365.eu\/index.php?rest_route=\/wp\/v2\/posts\/2850\/revisions"}],"predecessor-version":[{"id":3545,"href":"https:\/\/kalendare365.eu\/index.php?rest_route=\/wp\/v2\/posts\/2850\/revisions\/3545"}],"wp:attachment":[{"href":"https:\/\/kalendare365.eu\/index.php?rest_route=%2Fwp%2Fv2%2Fmedia&parent=2850"}],"wp:term":[{"taxonomy":"category","embeddable":true,"href":"https:\/\/kalendare365.eu\/index.php?rest_route=%2Fwp%2Fv2%2Fcategories&post=2850"},{"taxonomy":"post_tag","embeddable":true,"href":"https:\/\/kalendare365.eu\/index.php?rest_route=%2Fwp%2Fv2%2Ftags&post=2850"}],"curies":[{"name":"wp","href":"https:\/\/api.w.org\/{rel}","templated":true}]}}