{"id":2855,"date":"2025-04-30T14:36:13","date_gmt":"2025-04-30T11:36:13","guid":{"rendered":"https:\/\/kalendare365.eu\/?p=2855"},"modified":"2026-03-04T14:36:49","modified_gmt":"2026-03-04T11:36:49","slug":"kalendar-unor-brezen-2025","status":"publish","type":"post","link":"https:\/\/kalendare365.eu\/?p=2855","title":{"rendered":"Kalend\u00e1\u0159 \u00fanor, b\u0159ezen 2025"},"content":{"rendered":"\n<p class=\"wp-block-paragraph\">Kalend\u00e1\u0159 na \u00fanor a b\u0159ezen 2025 p\u0159edstavuje ide\u00e1ln\u00ed pomocn\u00edk pro v\u0161echny, kte\u0159\u00ed si r\u00e1di pl\u00e1nuj\u00ed d\u016fle\u017eit\u00e9 ud\u00e1losti ji\u017e od za\u010d\u00e1tku roku. Tato bezplatn\u00e1 \u0161ablona, dostupn\u00e1 ke sta\u017een\u00ed p\u0159\u00edmo na na\u0161ich webov\u00fdch str\u00e1nk\u00e1ch, v\u00e1m umo\u017en\u00ed z\u00edskat p\u0159ehled o va\u0161ich pracovn\u00ed a osobn\u00ed agend\u011b. D\u00edky jej\u00edmu jednoduch\u00e9mu a p\u0159ehledn\u00e9mu designu je snadn\u00e9 okam\u017eit\u011b ozna\u010dit term\u00edny, setk\u00e1n\u00ed \u010di jin\u00e9 kl\u00ed\u010dov\u00e9 ud\u00e1losti.<\/p>\n\n\n\n<p class=\"wp-block-paragraph\"><strong>V\u00fdhody \u0161ablony<\/strong><br>Pokud jste zvykl\u00ed si v kalend\u00e1\u0159i zna\u010dkovat d\u016fle\u017eit\u00e9 ud\u00e1losti, na\u0161e \u0161ablona pro \u00fanor a b\u0159ezen 2025 spln\u00ed va\u0161e o\u010dek\u00e1v\u00e1n\u00ed. P\u0159ehledn\u00e9 uspo\u0159\u00e1d\u00e1n\u00ed umo\u017e\u0148uje na prvn\u00ed pohled zjistit, kdy m\u00e1te co napl\u00e1nov\u00e1no, a u\u0161et\u0159it tak \u010das p\u0159i ka\u017edodenn\u00ed organizaci. Krom\u011b toho v\u00e1m takov\u00fd n\u00e1stroj pom\u016f\u017ee l\u00e9pe sledovat d\u016fle\u017eit\u00e9 dny, co\u017e je z\u00e1sadn\u00ed jak pro pracovn\u00ed pl\u00e1ny, tak pro osobn\u00ed \u017eivot.<\/p>\n\n\n\n<p class=\"wp-block-paragraph\"><strong>Form\u00e1ty \u0161ablony<\/strong><br>\u0160ablonu nab\u00edz\u00edme ve dvou variant\u00e1ch, abychom vyhov\u011bli r\u016fzn\u00fdm preferenc\u00edm u\u017eivatel\u016f:<\/p>\n\n\n\n<ul class=\"wp-block-list\">\n<li>PDF: Tento form\u00e1t je ide\u00e1ln\u00ed pro p\u0159\u00edm\u00fd tisk z prohl\u00ed\u017ee\u010de. Zaji\u0161\u0165uje, \u017ee rozvr\u017een\u00ed a design kalend\u00e1\u0159e z\u016fstanou zachov\u00e1ny p\u0159esn\u011b tak, jak byly navr\u017eeny, co\u017e ocen\u00ed p\u0159edev\u0161\u00edm ti, kte\u0159\u00ed pot\u0159ebuj\u00ed rychle vytisknout hotov\u00fd produkt.<\/li>\n\n\n\n<li>DOCX: Pokud d\u00e1v preferenci \u00faprav\u00e1m a personalizaci, zvolte form\u00e1t DOCX ur\u010den\u00fd pro Word. Tento form\u00e1t v\u00e1m umo\u017en\u00ed m\u011bnit text, upravovat rozvr\u017een\u00ed i p\u0159id\u00e1vat vlastn\u00ed pozn\u00e1mky nebo grafick\u00e9 prvky, tak\u017ee si kalend\u00e1\u0159 m\u016f\u017eete p\u0159izp\u016fsobit p\u0159esn\u011b podle sv\u00fdch p\u0159edstav.<\/li>\n<\/ul>\n\n\n\n<p class=\"wp-block-paragraph\"><strong>Postup sta\u017een\u00ed a vyu\u017eit\u00ed<\/strong><br>Sta\u017een\u00ed \u0161ablony je jednoduch\u00e9 a intuitivn\u00ed. Nav\u0161tivte str\u00e1nku v\u011bnovanou kalend\u00e1\u0159i pro \u00fanor a b\u0159ezen 2025, kde si m\u016f\u017eete vybrat po\u017eadovan\u00fd form\u00e1t. Sta\u010d\u00ed kliknout na tla\u010d\u00edtko s ozna\u010den\u00edm PDF nebo DOCX a \u0161ablona se okam\u017eit\u011b st\u00e1hne do va\u0161eho po\u010d\u00edta\u010de nebo smartphone. Pokud si zvol\u00edte PDF, sta\u010d\u00ed otev\u0159\u00edt soubor v prohl\u00ed\u017ee\u010di a vytisknout jej. Volba DOCX v\u00e1m umo\u017en\u00ed otev\u0159\u00edt soubor ve Wordu a prov\u00e9st p\u0159\u00edpadn\u00e9 \u00fapravy, kter\u00e9 zohledn\u00ed va\u0161e individu\u00e1ln\u00ed pot\u0159eby.<\/p>\n\n\n\n<p class=\"wp-block-paragraph\"><strong>Praktick\u00e9 vyu\u017eit\u00ed \u0161ablony<\/strong><br>Kalend\u00e1\u0159 v podob\u011b \u0161ablony pro \u00fanor a b\u0159ezen 2025 najde uplatn\u011bn\u00ed v cel\u00e9 \u0159ad\u011b situac\u00ed. M\u016f\u017eete jej vyu\u017e\u00edt ke koordinaci pracovn\u00edch sch\u016fzek, pl\u00e1nov\u00e1n\u00ed rodinn\u00fdch aktivit, sledov\u00e1n\u00ed studijn\u00edch term\u00edn\u016f \u010di projektov\u00e9ho managementu. D\u00edky snadn\u00e9 orientaci a p\u0159ehledn\u00e9mu rozlo\u017een\u00ed je n\u00e1stroj \u00fa\u010dinn\u00fd jak v osobn\u00edm, tak v profesion\u00e1ln\u00edm prost\u0159ed\u00ed. Umo\u017en\u00ed v\u00e1m z\u00edskat jasn\u00fd p\u0159ehled o va\u0161ich term\u00ednech a pom\u016f\u017ee p\u0159edej\u00edt zme\u0161k\u00e1n\u00ed d\u016fle\u017eit\u00fdch ud\u00e1lost\u00ed.<\/p>\n\n\n\n<h2 class=\"wp-block-heading has-text-align-center\">St\u00e1hnout kalend\u00e1\u0159 \u00fanor, b\u0159ezen 2025<\/h2>\n\n\n\n<figure class=\"wp-block-image size-full\"><img loading=\"lazy\" decoding=\"async\" width=\"800\" height=\"566\" src=\"https:\/\/kalendare365.eu\/wp-content\/uploads\/2025\/04\/Kalendar-unor-brezen-2025.webp\" alt=\"\" class=\"wp-image-2856\" srcset=\"https:\/\/kalendare365.eu\/wp-content\/uploads\/2025\/04\/Kalendar-unor-brezen-2025.webp 800w, https:\/\/kalendare365.eu\/wp-content\/uploads\/2025\/04\/Kalendar-unor-brezen-2025-300x212.webp 300w, https:\/\/kalendare365.eu\/wp-content\/uploads\/2025\/04\/Kalendar-unor-brezen-2025-768x543.webp 768w\" sizes=\"auto, (max-width: 800px) 100vw, 800px\" \/><\/figure>\n\n\n\n<p class=\"has-text-align-center wp-block-paragraph\"><a href=\"https:\/\/kalendare365.eu\/wp-content\/uploads\/2025\/04\/Kalendar-unor-brezen-2025.pdf\" target=\"_blank\" rel=\"noreferrer noopener nofollow\">PDF<\/a> | <a href=\"https:\/\/kalendare365.eu\/wp-content\/uploads\/2025\/04\/Kalendar-unor-brezen-2025.docx\" target=\"_blank\" rel=\"noreferrer noopener nofollow\">WORD<\/a><\/p>\n\n\n\n<p class=\"wp-block-paragraph\">Kalend\u00e1\u0159 na \u00fanor a b\u0159ezen 2025 je praktick\u00fdm pomocn\u00edkem pro ka\u017ed\u00e9ho, kdo si chce usnadnit organizaci \u010dasu. A\u0165 u\u017e si vyberete form\u00e1t PDF pro okam\u017eit\u00fd tisk, nebo DOCX pro mo\u017enost osobn\u00edch \u00faprav ve Wordu, z\u00edsk\u00e1te n\u00e1stroj, kter\u00fd v\u00e1m pom\u016f\u017ee zaznamenat v\u0161echny d\u016fle\u017eit\u00e9 term\u00edny a pl\u00e1novat sv\u00e9 dny efektivn\u011bji. St\u00e1hn\u011bte si na\u0161i bezplatnou \u0161ablonu a za\u010dn\u011bte sv\u016fj rok s dokonal\u00fdm p\u0159ehledem ji\u017e dnes.<\/p>\n","protected":false},"excerpt":{"rendered":"<p>Kalend\u00e1\u0159 na \u00fanor a b\u0159ezen 2025 p\u0159edstavuje ide\u00e1ln\u00ed pomocn\u00edk pro v\u0161echny, kte\u0159\u00ed si r\u00e1di pl\u00e1nuj\u00ed d\u016fle\u017eit\u00e9 ud\u00e1losti ji\u017e od za\u010d\u00e1tku roku. Tato bezplatn\u00e1 \u0161ablona, dostupn\u00e1 ke sta\u017een\u00ed p\u0159\u00edmo na na\u0161ich webov\u00fdch str\u00e1nk\u00e1ch, v\u00e1m umo\u017en\u00ed z\u00edskat p\u0159ehled o va\u0161ich pracovn\u00ed a osobn\u00ed agend\u011b. D\u00edky jej\u00edmu jednoduch\u00e9mu a p\u0159ehledn\u00e9mu designu je snadn\u00e9 okam\u017eit\u011b ozna\u010dit term\u00edny, setk\u00e1n\u00ed \u010di [&hellip;]<\/p>\n","protected":false},"author":1,"featured_media":0,"comment_status":"open","ping_status":"closed","sticky":false,"template":"","format":"standard","meta":{"footnotes":""},"categories":[7,6],"tags":[28],"class_list":["post-2855","post","type-post","status-publish","format-standard","hentry","category-brezen","category-unor","tag-28"],"_links":{"self":[{"href":"https:\/\/kalendare365.eu\/index.php?rest_route=\/wp\/v2\/posts\/2855","targetHints":{"allow":["GET"]}}],"collection":[{"href":"https:\/\/kalendare365.eu\/index.php?rest_route=\/wp\/v2\/posts"}],"about":[{"href":"https:\/\/kalendare365.eu\/index.php?rest_route=\/wp\/v2\/types\/post"}],"author":[{"embeddable":true,"href":"https:\/\/kalendare365.eu\/index.php?rest_route=\/wp\/v2\/users\/1"}],"replies":[{"embeddable":true,"href":"https:\/\/kalendare365.eu\/index.php?rest_route=%2Fwp%2Fv2%2Fcomments&post=2855"}],"version-history":[{"count":1,"href":"https:\/\/kalendare365.eu\/index.php?rest_route=\/wp\/v2\/posts\/2855\/revisions"}],"predecessor-version":[{"id":2859,"href":"https:\/\/kalendare365.eu\/index.php?rest_route=\/wp\/v2\/posts\/2855\/revisions\/2859"}],"wp:attachment":[{"href":"https:\/\/kalendare365.eu\/index.php?rest_route=%2Fwp%2Fv2%2Fmedia&parent=2855"}],"wp:term":[{"taxonomy":"category","embeddable":true,"href":"https:\/\/kalendare365.eu\/index.php?rest_route=%2Fwp%2Fv2%2Fcategories&post=2855"},{"taxonomy":"post_tag","embeddable":true,"href":"https:\/\/kalendare365.eu\/index.php?rest_route=%2Fwp%2Fv2%2Ftags&post=2855"}],"curies":[{"name":"wp","href":"https:\/\/api.w.org\/{rel}","templated":true}]}}