{"id":2860,"date":"2025-04-30T14:42:55","date_gmt":"2025-04-30T11:42:55","guid":{"rendered":"https:\/\/kalendare365.eu\/?p=2860"},"modified":"2026-03-30T13:24:05","modified_gmt":"2026-03-30T10:24:05","slug":"kalendar-unor-brezen-2026","status":"publish","type":"post","link":"https:\/\/kalendare365.eu\/?p=2860","title":{"rendered":"Kalend\u00e1\u0159 \u00fanor, b\u0159ezen 2026"},"content":{"rendered":"\n<p class=\"wp-block-paragraph\">Pl\u00e1nov\u00e1n\u00ed za\u010d\u00e1tku roku m\u016f\u017ee b\u00fdt n\u00e1ro\u010dn\u00e9, zvl\u00e1\u0161\u0165 pokud se sna\u017e\u00ed\u0161 skloubit pracovn\u00ed povinnosti, osobn\u00ed c\u00edle i rodinn\u00e9 aktivity. Proto jsme p\u0159ipravili praktick\u00fd kalend\u00e1\u0159 pro \u00fanor a b\u0159ezen 2026, kter\u00fd ti pom\u016f\u017ee udr\u017eet si po\u0159\u00e1dek ve v\u0161ech d\u016fle\u017eit\u00fdch term\u00ednech. \u0160ablona je zdarma ke sta\u017een\u00ed a d\u00edky jednoduch\u00e9mu designu se hod\u00ed pro ka\u017edodenn\u00ed pou\u017eit\u00ed doma i v pr\u00e1ci.<\/p>\n\n\n\n<hr class=\"wp-block-separator has-alpha-channel-opacity\"\/>\n\n\n\n<h2 class=\"wp-block-heading\">? Co kalend\u00e1\u0159 nab\u00edz\u00ed<\/h2>\n\n\n\n<p class=\"wp-block-paragraph\">Kalend\u00e1\u0159 pro \u00fanor a b\u0159ezen 2026 je navr\u017een tak, aby poskytoval jasn\u00fd m\u011bs\u00ed\u010dn\u00ed p\u0159ehled a umo\u017enil rychlou orientaci v pl\u00e1novan\u00fdch ud\u00e1lostech. D\u00edky \u010dist\u00e9mu rozlo\u017een\u00ed m\u016f\u017ee\u0161 snadno zapisovat sch\u016fzky, \u00fakoly, osobn\u00ed c\u00edle i rodinn\u00e9 aktivity.<\/p>\n\n\n\n<hr class=\"wp-block-separator has-alpha-channel-opacity\"\/>\n\n\n\n<h2 class=\"wp-block-heading\">\u2b50 Hlavn\u00ed v\u00fdhody \u0161ablony<\/h2>\n\n\n\n<h3 class=\"wp-block-heading\">\u2714\ufe0f Jednoduchost a p\u0159ehlednost<\/h3>\n\n\n\n<p class=\"wp-block-paragraph\">Minimalistick\u00fd vzhled zaji\u0161\u0165uje, \u017ee se p\u0159i pl\u00e1nov\u00e1n\u00ed nebude\u0161 ztr\u00e1cet v nadbyte\u010dn\u00fdch detailech. Ka\u017ed\u00fd den m\u00e1 dostatek prostoru pro pozn\u00e1mky a d\u016fle\u017eit\u00e9 term\u00edny.<\/p>\n\n\n\n<h3 class=\"wp-block-heading\">\u2714\ufe0f Flexibilita pou\u017eit\u00ed<\/h3>\n\n\n\n<p class=\"wp-block-paragraph\">Kalend\u00e1\u0159 je vhodn\u00fd pro pracovn\u00ed i osobn\u00ed \u00fa\u010dely.<\/p>\n\n\n\n<ul class=\"wp-block-list\">\n<li>V pr\u00e1ci pom\u016f\u017ee s pl\u00e1nov\u00e1n\u00edm sch\u016fzek, projekt\u016f a term\u00edn\u016f.<\/li>\n\n\n\n<li>V dom\u00e1cnosti usnadn\u00ed organizaci rodinn\u00e9ho programu, aktivit d\u011bt\u00ed nebo osobn\u00edch c\u00edl\u016f.<\/li>\n<\/ul>\n\n\n\n<hr class=\"wp-block-separator has-alpha-channel-opacity\"\/>\n\n\n\n<h2 class=\"wp-block-heading\">? Dostupn\u00e9 form\u00e1ty<\/h2>\n\n\n\n<h3 class=\"wp-block-heading\"><strong>PDF \u2013 pro rychl\u00fd tisk<\/strong><\/h3>\n\n\n\n<p class=\"wp-block-paragraph\">Ide\u00e1ln\u00ed volba, pokud chce\u0161 kalend\u00e1\u0159 okam\u017eit\u011b vytisknout. PDF zachov\u00e1v\u00e1 p\u0159esn\u00e9 rozlo\u017een\u00ed a vzhled.<\/p>\n\n\n\n<h3 class=\"wp-block-heading\"><strong>DOCX \u2013 pro vlastn\u00ed \u00fapravy<\/strong><\/h3>\n\n\n\n<p class=\"wp-block-paragraph\">Hod\u00ed se, pokud pot\u0159ebuje\u0161 kalend\u00e1\u0159 p\u0159izp\u016fsobit:<\/p>\n\n\n\n<ul class=\"wp-block-list\">\n<li>doplnit text,<\/li>\n\n\n\n<li>zm\u011bnit barvy,<\/li>\n\n\n\n<li>p\u0159idat vlastn\u00ed pozn\u00e1mky nebo grafick\u00e9 prvky.<\/li>\n<\/ul>\n\n\n\n<hr class=\"wp-block-separator has-alpha-channel-opacity\"\/>\n\n\n\n<h2 class=\"wp-block-heading\">\u2b07\ufe0f Jak \u0161ablonu st\u00e1hnout a pou\u017e\u00edvat<\/h2>\n\n\n\n<p class=\"wp-block-paragraph\">Sta\u017een\u00ed je velmi jednoduch\u00e9:<\/p>\n\n\n\n<ol class=\"wp-block-list\">\n<li>Vyber form\u00e1t (PDF nebo DOCX).<\/li>\n\n\n\n<li>Klikni na p\u0159\u00edslu\u0161n\u00e9 tla\u010d\u00edtko.<\/li>\n\n\n\n<li>Soubor se automaticky ulo\u017e\u00ed do tv\u00e9ho za\u0159\u00edzen\u00ed.<\/li>\n<\/ol>\n\n\n\n<p class=\"wp-block-paragraph\">PDF m\u016f\u017ee\u0161 rovnou otev\u0159\u00edt v prohl\u00ed\u017ee\u010di a vytisknout.<br>DOCX otev\u0159e\u0161 v Microsoft Wordu, kde m\u016f\u017ee\u0161 prov\u00e9st libovoln\u00e9 \u00fapravy.<\/p>\n\n\n\n<hr class=\"wp-block-separator has-alpha-channel-opacity\"\/>\n\n\n\n<h2 class=\"wp-block-heading\">? Praktick\u00e9 vyu\u017eit\u00ed v ka\u017edodenn\u00edm \u017eivot\u011b<\/h2>\n\n\n\n<p class=\"wp-block-paragraph\">Kalend\u00e1\u0159 se hod\u00ed pro:<\/p>\n\n\n\n<ul class=\"wp-block-list\">\n<li>pl\u00e1nov\u00e1n\u00ed pracovn\u00edch \u00fakol\u016f,<\/li>\n\n\n\n<li>sledov\u00e1n\u00ed term\u00edn\u016f projekt\u016f,<\/li>\n\n\n\n<li>organizaci rodinn\u00fdch aktivit,<\/li>\n\n\n\n<li>zapisov\u00e1n\u00ed osobn\u00edch c\u00edl\u016f,<\/li>\n\n\n\n<li>pl\u00e1nov\u00e1n\u00ed volno\u010dasov\u00fdch aktivit.<\/li>\n<\/ul>\n\n\n\n<p class=\"wp-block-paragraph\">D\u00edky m\u011bs\u00ed\u010dn\u00edmu p\u0159ehledu m\u00e1\u0161 v\u0161e d\u016fle\u017eit\u00e9 na jednom m\u00edst\u011b a minimalizuje\u0161 riziko zapomenut\u00fdch povinnost\u00ed.<\/p>\n\n\n\n<hr class=\"wp-block-separator has-alpha-channel-opacity\"\/>\n\n\n\n<h2 class=\"wp-block-heading has-text-align-center\">St\u00e1hnout kalend\u00e1\u0159 \u00fanor, b\u0159ezen 2026<\/h2>\n\n\n\n<figure class=\"wp-block-image size-full\"><img loading=\"lazy\" decoding=\"async\" width=\"800\" height=\"566\" src=\"https:\/\/kalendare365.eu\/wp-content\/uploads\/2025\/04\/Kalendar-unor-brezen-2026.webp\" alt=\"\" class=\"wp-image-2861\" srcset=\"https:\/\/kalendare365.eu\/wp-content\/uploads\/2025\/04\/Kalendar-unor-brezen-2026.webp 800w, https:\/\/kalendare365.eu\/wp-content\/uploads\/2025\/04\/Kalendar-unor-brezen-2026-300x212.webp 300w, https:\/\/kalendare365.eu\/wp-content\/uploads\/2025\/04\/Kalendar-unor-brezen-2026-768x543.webp 768w\" sizes=\"auto, (max-width: 800px) 100vw, 800px\" \/><\/figure>\n\n\n\n<p class=\"has-text-align-center wp-block-paragraph\"><a href=\"https:\/\/kalendare365.eu\/wp-content\/uploads\/2025\/04\/Kalendar-unor-brezen-2026.pdf\" target=\"_blank\" rel=\"noreferrer noopener nofollow\">PDF<\/a> | <a href=\"https:\/\/kalendare365.eu\/wp-content\/uploads\/2025\/04\/Kalendar-unor-brezen-2026.docx\" target=\"_blank\" rel=\"noreferrer noopener nofollow\">WORD<\/a><\/p>\n\n\n\n<h1 class=\"wp-block-heading\">? Z\u00e1v\u011br<\/h1>\n\n\n\n<p class=\"wp-block-paragraph\">Kalend\u00e1\u0159 pro \u00fanor a b\u0159ezen 2026 je jednoduch\u00fd, praktick\u00fd a zdarma dostupn\u00fd n\u00e1stroj, kter\u00fd ti pom\u016f\u017ee l\u00e9pe organizovat \u010das. A\u0165 u\u017e preferuje\u0161 rychl\u00fd tisk nebo mo\u017enost vlastn\u00edch \u00faprav, tato \u0161ablona ti poskytne p\u0159esn\u011b to, co pot\u0159ebuje\u0161. St\u00e1hni si ji a za\u010dni pl\u00e1novat s v\u011bt\u0161\u00ed lehkost\u00ed a p\u0159ehledem.<\/p>\n","protected":false},"excerpt":{"rendered":"<p>Pl\u00e1nov\u00e1n\u00ed za\u010d\u00e1tku roku m\u016f\u017ee b\u00fdt n\u00e1ro\u010dn\u00e9, zvl\u00e1\u0161\u0165 pokud se sna\u017e\u00ed\u0161 skloubit pracovn\u00ed povinnosti, osobn\u00ed c\u00edle i rodinn\u00e9 aktivity. Proto jsme p\u0159ipravili praktick\u00fd kalend\u00e1\u0159 pro \u00fanor a b\u0159ezen 2026, kter\u00fd ti pom\u016f\u017ee udr\u017eet si po\u0159\u00e1dek ve v\u0161ech d\u016fle\u017eit\u00fdch term\u00ednech. \u0160ablona je zdarma ke sta\u017een\u00ed a d\u00edky jednoduch\u00e9mu designu se hod\u00ed pro ka\u017edodenn\u00ed pou\u017eit\u00ed doma i v [&hellip;]<\/p>\n","protected":false},"author":1,"featured_media":0,"comment_status":"open","ping_status":"closed","sticky":false,"template":"","format":"standard","meta":{"footnotes":""},"categories":[7,6],"tags":[33],"class_list":["post-2860","post","type-post","status-publish","format-standard","hentry","category-brezen","category-unor","tag-33"],"_links":{"self":[{"href":"https:\/\/kalendare365.eu\/index.php?rest_route=\/wp\/v2\/posts\/2860","targetHints":{"allow":["GET"]}}],"collection":[{"href":"https:\/\/kalendare365.eu\/index.php?rest_route=\/wp\/v2\/posts"}],"about":[{"href":"https:\/\/kalendare365.eu\/index.php?rest_route=\/wp\/v2\/types\/post"}],"author":[{"embeddable":true,"href":"https:\/\/kalendare365.eu\/index.php?rest_route=\/wp\/v2\/users\/1"}],"replies":[{"embeddable":true,"href":"https:\/\/kalendare365.eu\/index.php?rest_route=%2Fwp%2Fv2%2Fcomments&post=2860"}],"version-history":[{"count":2,"href":"https:\/\/kalendare365.eu\/index.php?rest_route=\/wp\/v2\/posts\/2860\/revisions"}],"predecessor-version":[{"id":3548,"href":"https:\/\/kalendare365.eu\/index.php?rest_route=\/wp\/v2\/posts\/2860\/revisions\/3548"}],"wp:attachment":[{"href":"https:\/\/kalendare365.eu\/index.php?rest_route=%2Fwp%2Fv2%2Fmedia&parent=2860"}],"wp:term":[{"taxonomy":"category","embeddable":true,"href":"https:\/\/kalendare365.eu\/index.php?rest_route=%2Fwp%2Fv2%2Fcategories&post=2860"},{"taxonomy":"post_tag","embeddable":true,"href":"https:\/\/kalendare365.eu\/index.php?rest_route=%2Fwp%2Fv2%2Ftags&post=2860"}],"curies":[{"name":"wp","href":"https:\/\/api.w.org\/{rel}","templated":true}]}}