{"id":2870,"date":"2025-04-30T17:42:13","date_gmt":"2025-04-30T14:42:13","guid":{"rendered":"https:\/\/kalendare365.eu\/?p=2870"},"modified":"2026-04-07T08:18:22","modified_gmt":"2026-04-07T05:18:22","slug":"kalendar-brezen-duben-2026","status":"publish","type":"post","link":"https:\/\/kalendare365.eu\/?p=2870","title":{"rendered":"Kalend\u00e1\u0159 b\u0159ezen, duben 2026"},"content":{"rendered":"\n<p class=\"wp-block-paragraph\">Pl\u00e1nov\u00e1n\u00ed povinnost\u00ed, pracovn\u00edch sch\u016fzek i rodinn\u00fdch aktivit je mnohem jednodu\u0161\u0161\u00ed, kdy\u017e m\u00e1te po ruce jasn\u00fd a p\u0159ehledn\u00fd kalend\u00e1\u0159. Proto jsme p\u0159ipravili dvoum\u011bs\u00ed\u010dn\u00ed kalend\u00e1\u0159 pro <strong>b\u0159ezen a duben 2026<\/strong>, kter\u00fd si m\u016f\u017eete zdarma st\u00e1hnout a pou\u017e\u00edvat podle sv\u00fdch pot\u0159eb. A\u0165 u\u017e hled\u00e1te n\u00e1stroj pro organizaci \u010dasu doma, v kancel\u00e1\u0159i nebo ve \u0161kole, tato \u0161ablona v\u00e1m poskytne spolehliv\u00fd z\u00e1klad.<\/p>\n\n\n\n<hr class=\"wp-block-separator has-alpha-channel-opacity\"\/>\n\n\n\n<h2 class=\"wp-block-heading\"><strong>Praktick\u00fd kalend\u00e1\u0159 na dva m\u011bs\u00edce<\/strong><\/h2>\n\n\n\n<p class=\"wp-block-paragraph\">Kalend\u00e1\u0159 pokr\u00fdvaj\u00edc\u00ed b\u0159ezen a duben 2026 je ide\u00e1ln\u00ed volbou pro ka\u017ed\u00e9ho, kdo chce m\u00edt d\u016fle\u017eit\u00e9 term\u00edny na jednom m\u00edst\u011b. D\u00edky jednoduch\u00e9mu rozlo\u017een\u00ed snadno zaznamen\u00e1te:<\/p>\n\n\n\n<ul class=\"wp-block-list\">\n<li>pracovn\u00ed sch\u016fzky a projektov\u00e9 term\u00edny<\/li>\n\n\n\n<li>\u0161koln\u00ed akce a rodinn\u00e9 ud\u00e1losti<\/li>\n\n\n\n<li>osobn\u00ed pl\u00e1ny, volno\u010dasov\u00e9 aktivity \u010di d\u016fle\u017eit\u00e9 pozn\u00e1mky<\/li>\n<\/ul>\n\n\n\n<p class=\"wp-block-paragraph\">Dvoum\u011bs\u00ed\u010dn\u00ed form\u00e1t umo\u017e\u0148uje rychlou orientaci a lep\u0161\u00ed pl\u00e1nov\u00e1n\u00ed bez nutnosti p\u0159ep\u00ednat mezi v\u00edce str\u00e1nkami.<\/p>\n\n\n\n<hr class=\"wp-block-separator has-alpha-channel-opacity\"\/>\n\n\n\n<h2 class=\"wp-block-heading\"><strong>Dostupn\u00e9 form\u00e1ty ke sta\u017een\u00ed<\/strong><\/h2>\n\n\n\n<p class=\"wp-block-paragraph\">Kalend\u00e1\u0159 nab\u00edz\u00edme ve dvou obl\u00edben\u00fdch form\u00e1tech, aby si ka\u017ed\u00fd mohl vybrat ten, kter\u00fd mu nejl\u00e9pe vyhovuje:<\/p>\n\n\n\n<ul class=\"wp-block-list\">\n<li><strong>PDF<\/strong> \u2013 ide\u00e1ln\u00ed pro okam\u017eit\u00fd tisk, zachov\u00e1v\u00e1 p\u0159esn\u00e9 rozlo\u017een\u00ed a vzhled<\/li>\n\n\n\n<li><strong>DOCX (Word)<\/strong> \u2013 vhodn\u00fd pro \u00fapravy, dopln\u011bn\u00ed vlastn\u00edch pozn\u00e1mek \u010di grafick\u00fdch prvk\u016f<\/li>\n<\/ul>\n\n\n\n<p class=\"wp-block-paragraph\">Oba form\u00e1ty jsou zcela zdarma a p\u0159ipraven\u00e9 k okam\u017eit\u00e9mu pou\u017eit\u00ed.<\/p>\n\n\n\n<hr class=\"wp-block-separator has-alpha-channel-opacity\"\/>\n\n\n\n<h2 class=\"wp-block-heading\"><strong>Jak kalend\u00e1\u0159 st\u00e1hnout<\/strong><\/h2>\n\n\n\n<p class=\"wp-block-paragraph\">Sta\u017een\u00ed je rychl\u00e9 a jednoduch\u00e9. Na str\u00e1nce s kalend\u00e1\u0159em si vyberete preferovan\u00fd form\u00e1t a jedn\u00edm kliknut\u00edm ulo\u017e\u00edte soubor do po\u010d\u00edta\u010de nebo telefonu. PDF m\u016f\u017eete ihned vytisknout, zat\u00edmco DOCX otev\u0159ete ve Wordu a p\u0159izp\u016fsob\u00edte podle sv\u00fdch pot\u0159eb.<\/p>\n\n\n\n<hr class=\"wp-block-separator has-alpha-channel-opacity\"\/>\n\n\n\n<h2 class=\"wp-block-heading\"><strong>Vyu\u017eit\u00ed kalend\u00e1\u0159e v praxi<\/strong><\/h2>\n\n\n\n<p class=\"wp-block-paragraph\">Kalend\u00e1\u0159 b\u0159ezen\u2013duben 2026 se hod\u00ed pro \u0161irokou \u0161k\u00e1lu situac\u00ed:<\/p>\n\n\n\n<ul class=\"wp-block-list\">\n<li><strong>V pr\u00e1ci:<\/strong> pl\u00e1nov\u00e1n\u00ed sch\u016fzek, projekt\u016f, sm\u011bn a t\u00fdmov\u00fdch aktivit<\/li>\n\n\n\n<li><strong>Doma:<\/strong> rodinn\u00e9 oslavy, \u0161koln\u00ed povinnosti, l\u00e9ka\u0159sk\u00e9 term\u00edny<\/li>\n\n\n\n<li><strong>Pro studenty:<\/strong> rozvrhy, zkou\u0161ky, dom\u00e1c\u00ed \u00fakoly<\/li>\n\n\n\n<li><strong>Pro osobn\u00ed organizaci:<\/strong> sport, kon\u00ed\u010dky, cestov\u00e1n\u00ed, voln\u00fd \u010das<\/li>\n<\/ul>\n\n\n\n<p class=\"wp-block-paragraph\">Je to univerz\u00e1ln\u00ed n\u00e1stroj, kter\u00fd v\u00e1m pom\u016f\u017ee m\u00edt v\u0161e pod kontrolou.<\/p>\n\n\n\n<hr class=\"wp-block-separator has-alpha-channel-opacity\"\/>\n\n\n\n<h2 class=\"wp-block-heading has-text-align-center\"><strong>St\u00e1hnout kalend\u00e1\u0159 b\u0159ezen\u2013duben 2026<\/strong><\/h2>\n\n\n\n<figure class=\"wp-block-image size-full\"><img loading=\"lazy\" decoding=\"async\" width=\"800\" height=\"566\" src=\"https:\/\/kalendare365.eu\/wp-content\/uploads\/2025\/04\/Kalendar-brezen-duben-2026.webp\" alt=\"\" class=\"wp-image-2871\" srcset=\"https:\/\/kalendare365.eu\/wp-content\/uploads\/2025\/04\/Kalendar-brezen-duben-2026.webp 800w, https:\/\/kalendare365.eu\/wp-content\/uploads\/2025\/04\/Kalendar-brezen-duben-2026-300x212.webp 300w, https:\/\/kalendare365.eu\/wp-content\/uploads\/2025\/04\/Kalendar-brezen-duben-2026-768x543.webp 768w\" sizes=\"auto, (max-width: 800px) 100vw, 800px\" \/><\/figure>\n\n\n\n<p class=\"has-text-align-center wp-block-paragraph\"><a href=\"https:\/\/kalendare365.eu\/wp-content\/uploads\/2025\/04\/Kalendar-brezen-duben-2026.pdf\" target=\"_blank\" rel=\"noreferrer noopener nofollow\">PDF<\/a> | <a href=\"https:\/\/kalendare365.eu\/wp-content\/uploads\/2025\/04\/Kalendar-brezen-duben-2026.docx\" target=\"_blank\" rel=\"noreferrer noopener nofollow\">WORD<\/a><\/p>\n\n\n\n<h2 class=\"wp-block-heading\"><strong>Z\u00e1v\u011br<\/strong><\/h2>\n\n\n\n<p class=\"wp-block-paragraph\">Pokud hled\u00e1te jednoduch\u00fd, p\u0159ehledn\u00fd a flexibiln\u00ed zp\u016fsob, jak si uspo\u0159\u00e1dat \u010das v obdob\u00ed b\u0159ezen\u2013duben 2026, tato \u0161ablona je ide\u00e1ln\u00ed volbou. St\u00e1hn\u011bte si ji zdarma, upravte podle sv\u00fdch pot\u0159eb a za\u010dn\u011bte pl\u00e1novat s v\u011bt\u0161\u00ed lehkost\u00ed a jistotou.<\/p>\n","protected":false},"excerpt":{"rendered":"<p>Pl\u00e1nov\u00e1n\u00ed povinnost\u00ed, pracovn\u00edch sch\u016fzek i rodinn\u00fdch aktivit je mnohem jednodu\u0161\u0161\u00ed, kdy\u017e m\u00e1te po ruce jasn\u00fd a p\u0159ehledn\u00fd kalend\u00e1\u0159. Proto jsme p\u0159ipravili dvoum\u011bs\u00ed\u010dn\u00ed kalend\u00e1\u0159 pro b\u0159ezen a duben 2026, kter\u00fd si m\u016f\u017eete zdarma st\u00e1hnout a pou\u017e\u00edvat podle sv\u00fdch pot\u0159eb. A\u0165 u\u017e hled\u00e1te n\u00e1stroj pro organizaci \u010dasu doma, v kancel\u00e1\u0159i nebo ve \u0161kole, tato \u0161ablona v\u00e1m poskytne [&hellip;]<\/p>\n","protected":false},"author":1,"featured_media":0,"comment_status":"open","ping_status":"closed","sticky":false,"template":"","format":"standard","meta":{"footnotes":""},"categories":[7,8],"tags":[33],"class_list":["post-2870","post","type-post","status-publish","format-standard","hentry","category-brezen","category-duben","tag-33"],"_links":{"self":[{"href":"https:\/\/kalendare365.eu\/index.php?rest_route=\/wp\/v2\/posts\/2870","targetHints":{"allow":["GET"]}}],"collection":[{"href":"https:\/\/kalendare365.eu\/index.php?rest_route=\/wp\/v2\/posts"}],"about":[{"href":"https:\/\/kalendare365.eu\/index.php?rest_route=\/wp\/v2\/types\/post"}],"author":[{"embeddable":true,"href":"https:\/\/kalendare365.eu\/index.php?rest_route=\/wp\/v2\/users\/1"}],"replies":[{"embeddable":true,"href":"https:\/\/kalendare365.eu\/index.php?rest_route=%2Fwp%2Fv2%2Fcomments&post=2870"}],"version-history":[{"count":2,"href":"https:\/\/kalendare365.eu\/index.php?rest_route=\/wp\/v2\/posts\/2870\/revisions"}],"predecessor-version":[{"id":3559,"href":"https:\/\/kalendare365.eu\/index.php?rest_route=\/wp\/v2\/posts\/2870\/revisions\/3559"}],"wp:attachment":[{"href":"https:\/\/kalendare365.eu\/index.php?rest_route=%2Fwp%2Fv2%2Fmedia&parent=2870"}],"wp:term":[{"taxonomy":"category","embeddable":true,"href":"https:\/\/kalendare365.eu\/index.php?rest_route=%2Fwp%2Fv2%2Fcategories&post=2870"},{"taxonomy":"post_tag","embeddable":true,"href":"https:\/\/kalendare365.eu\/index.php?rest_route=%2Fwp%2Fv2%2Ftags&post=2870"}],"curies":[{"name":"wp","href":"https:\/\/api.w.org\/{rel}","templated":true}]}}