{"id":2905,"date":"2025-04-30T21:12:50","date_gmt":"2025-04-30T18:12:50","guid":{"rendered":"https:\/\/kalendare365.eu\/?p=2905"},"modified":"2026-07-14T22:27:23","modified_gmt":"2026-07-14T19:27:23","slug":"kalendar-cervenec-srpen-2025","status":"publish","type":"post","link":"https:\/\/kalendare365.eu\/?p=2905","title":{"rendered":"Kalend\u00e1\u0159 \u010dervenec, srpen 2025"},"content":{"rendered":"\n<p class=\"wp-block-paragraph\">Letn\u00ed m\u011bs\u00edce b\u00fdvaj\u00ed nabit\u00e9 ud\u00e1lostmi \u2013 dovolen\u00e9, rodinn\u00e9 oslavy, v\u00fdlety, pracovn\u00ed sm\u011bny i osobn\u00ed projekty. Aby bylo mo\u017en\u00e9 v\u0161e sladit bez stresu, je praktick\u00e9 m\u00edt po ruce p\u0159ehledn\u00fd kalend\u00e1\u0159. Tento \u010dl\u00e1nek p\u0159edstavuje modern\u00ed a u\u017eivatelsky p\u0159\u00edv\u011btivou \u0161ablonu kalend\u00e1\u0159e pro <strong>\u010dervenec a srpen 2025<\/strong>, kterou lze vyu\u017e\u00edt pro osobn\u00ed i pracovn\u00ed pl\u00e1nov\u00e1n\u00ed.<\/p>\n\n\n\n<h2 class=\"wp-block-heading\">\u2600\ufe0f L\u00e9to 2025 \u2013 obdob\u00ed pln\u00e9 aktivit a organizace<\/h2>\n\n\n\n<p class=\"wp-block-paragraph\">\u010cervenec a srpen 2025 p\u0159in\u00e1\u0161ej\u00ed \u010das cestov\u00e1n\u00ed, odpo\u010dinku i spole\u010dn\u00fdch z\u00e1\u017eitk\u016f. Pr\u00e1v\u011b proto se vyplat\u00ed m\u00edt kalend\u00e1\u0159, do kter\u00e9ho lze zapisovat d\u016fle\u017eit\u00e9 term\u00edny, ud\u00e1losti, pozn\u00e1mky \u010di pracovn\u00ed sm\u011bny. Bezplatn\u00e1 \u0161ablona pom\u00e1h\u00e1 udr\u017eet p\u0159ehled o v\u0161em, co v\u00e1s \u010dek\u00e1 \u2013 od rodinn\u00fdch akc\u00ed a\u017e po pracovn\u00ed povinnosti.<\/p>\n\n\n\n<h2 class=\"wp-block-heading\">\u2b50 V\u00fdhody bezplatn\u00e9 \u0161ablony kalend\u00e1\u0159e<\/h2>\n\n\n\n<h3 class=\"wp-block-heading\">\u2714\ufe0f Modern\u00ed a \u010dist\u00fd design<\/h3>\n\n\n\n<p class=\"wp-block-paragraph\">Kalend\u00e1\u0159 je navr\u017een tak, aby byl p\u0159ehledn\u00fd a umo\u017e\u0148oval rychlou orientaci i p\u0159i v\u011bt\u0161\u00edm mno\u017estv\u00ed pozn\u00e1mek.<\/p>\n\n\n\n<h3 class=\"wp-block-heading\">\u2714\ufe0f Dostatek prostoru pro z\u00e1pisy<\/h3>\n\n\n\n<p class=\"wp-block-paragraph\">Ka\u017ed\u00fd den nab\u00edz\u00ed m\u00edsto pro pozn\u00e1mky, \u00fakoly \u010di p\u0159ipom\u00ednky.<\/p>\n\n\n\n<h3 class=\"wp-block-heading\">\u2714\ufe0f Univerz\u00e1ln\u00ed pou\u017eit\u00ed<\/h3>\n\n\n\n<p class=\"wp-block-paragraph\">Hod\u00ed se pro rodiny, jednotlivce, studenty i profesion\u00e1ly, kte\u0159\u00ed pot\u0159ebuj\u00ed m\u00edt v\u0161e na jednom m\u00edst\u011b.<\/p>\n\n\n\n<h3 class=\"wp-block-heading\">\u2714\ufe0f P\u0159ehledn\u00e9 rozvr\u017een\u00ed<\/h3>\n\n\n\n<p class=\"wp-block-paragraph\">Struktura kalend\u00e1\u0159e usnad\u0148uje pl\u00e1nov\u00e1n\u00ed i zp\u011btn\u00e9 sledov\u00e1n\u00ed aktivit.<\/p>\n\n\n\n<h2 class=\"wp-block-heading\">\ud83d\udcc2 Dostupn\u00e9 form\u00e1ty: PDF a DOCX<\/h2>\n\n\n\n<h3 class=\"wp-block-heading\">\ud83d\udcc4 PDF<\/h3>\n\n\n\n<ul class=\"wp-block-list\">\n<li>Ide\u00e1ln\u00ed pro okam\u017eit\u00fd tisk<\/li>\n\n\n\n<li>Zachov\u00e1v\u00e1 p\u0159esn\u00e9 rozlo\u017een\u00ed<\/li>\n\n\n\n<li>Skv\u011bl\u00e9 pro ty, kte\u0159\u00ed cht\u011bj\u00ed m\u00edt kalend\u00e1\u0159 fyzicky po ruce<\/li>\n<\/ul>\n\n\n\n<h3 class=\"wp-block-heading\">\ud83d\udcdd DOCX<\/h3>\n\n\n\n<ul class=\"wp-block-list\">\n<li>Umo\u017e\u0148uje \u00fapravy ve Wordu<\/li>\n\n\n\n<li>Mo\u017enost m\u011bnit barvy, p\u0159id\u00e1vat pozn\u00e1mky \u010di upravovat rozvr\u017een\u00ed<\/li>\n\n\n\n<li>Perfektn\u00ed pro u\u017eivatele, kte\u0159\u00ed cht\u011bj\u00ed kalend\u00e1\u0159 p\u0159izp\u016fsobit sv\u00e9mu stylu<\/li>\n<\/ul>\n\n\n\n<h2 class=\"wp-block-heading\">\ud83c\udfa8 Tipy pro efektivn\u00ed pl\u00e1nov\u00e1n\u00ed l\u00e9ta<\/h2>\n\n\n\n<h3 class=\"wp-block-heading\">\ud83c\udf08 Barevn\u00e9 ozna\u010den\u00ed kategori\u00ed<\/h3>\n\n\n\n<p class=\"wp-block-paragraph\">Pou\u017eijte r\u016fzn\u00e9 barvy pro pr\u00e1ci, rodinu, voln\u00fd \u010das \u010di sport \u2013 vizu\u00e1ln\u00ed rozli\u0161en\u00ed v\u00fdrazn\u011b zvy\u0161uje p\u0159ehlednost.<\/p>\n\n\n\n<h3 class=\"wp-block-heading\">\ud83d\udd04 Pravideln\u00e1 aktualizace<\/h3>\n\n\n\n<p class=\"wp-block-paragraph\">Zapisujte nov\u00e9 ud\u00e1losti pr\u016fb\u011b\u017en\u011b, aby se p\u0159ede\u0161lo zmatk\u016fm a zapomenut\u00fdm term\u00edn\u016fm.<\/p>\n\n\n\n<h3 class=\"wp-block-heading\">\u270f\ufe0f \u00dapravy ve Wordu<\/h3>\n\n\n\n<p class=\"wp-block-paragraph\">Pokud pou\u017e\u00edv\u00e1te DOCX verzi, m\u016f\u017eete kalend\u00e1\u0159 flexibiln\u011b m\u011bnit podle aktu\u00e1ln\u00edho re\u017eimu nebo projekt\u016f.<\/p>\n\n\n\n<h2 class=\"wp-block-heading\">\ud83d\udce5 St\u00e1hnout kalend\u00e1\u0159 \u010dervenec\u2013srpen 2025<\/h2>\n\n\n\n<p class=\"wp-block-paragraph\"><strong>PDF | WORD<\/strong><\/p>\n\n\n\n<h2 class=\"wp-block-heading has-text-align-center\">St\u00e1hnout kalend\u00e1\u0159 \u010dervenec, srpen 2025<\/h2>\n\n\n\n<figure class=\"wp-block-image size-full\"><img loading=\"lazy\" decoding=\"async\" width=\"800\" height=\"566\" src=\"https:\/\/kalendare365.eu\/wp-content\/uploads\/2025\/04\/Kalendar-cervenec-srpen-2025.webp\" alt=\"\" class=\"wp-image-2906\" srcset=\"https:\/\/kalendare365.eu\/wp-content\/uploads\/2025\/04\/Kalendar-cervenec-srpen-2025.webp 800w, https:\/\/kalendare365.eu\/wp-content\/uploads\/2025\/04\/Kalendar-cervenec-srpen-2025-300x212.webp 300w, https:\/\/kalendare365.eu\/wp-content\/uploads\/2025\/04\/Kalendar-cervenec-srpen-2025-768x543.webp 768w\" sizes=\"auto, (max-width: 800px) 100vw, 800px\" \/><\/figure>\n\n\n\n<p class=\"has-text-align-center wp-block-paragraph\"><a href=\"https:\/\/kalendare365.eu\/wp-content\/uploads\/2025\/04\/Kalendar-cervenec-srpen-2025.pdf\" target=\"_blank\" rel=\"noreferrer noopener nofollow\">PDF<\/a> | <a href=\"https:\/\/kalendare365.eu\/wp-content\/uploads\/2025\/04\/Kalendar-cervenec-srpen-2025.docx\" target=\"_blank\" rel=\"noreferrer noopener nofollow\">WORD<\/a><\/p>\n\n\n\n<h2 class=\"wp-block-heading\">\ud83e\udded Z\u00e1v\u011br<\/h2>\n\n\n\n<p class=\"wp-block-paragraph\">Kalend\u00e1\u0159 pro \u010dervenec a srpen 2025 je praktick\u00fdm pomocn\u00edkem, kter\u00fd v\u00e1m pom\u016f\u017ee zvl\u00e1dnout letn\u00ed obdob\u00ed s v\u011bt\u0161\u00edm klidem a p\u0159ehledem. A\u0165 u\u017e preferujete tisknuteln\u00fd PDF soubor nebo upraviteln\u00fd dokument ve Wordu, tato \u0161ablona v\u00e1m umo\u017en\u00ed pl\u00e1novat efektivn\u011bji a m\u00edt v\u0161echny d\u016fle\u017eit\u00e9 informace na jednom m\u00edst\u011b. Vyu\u017eijte modern\u00ed zp\u016fsob organizace a dop\u0159ejte si l\u00e9to, kter\u00e9 budete m\u00edt skute\u010dn\u011b pod kontrolou.<\/p>\n","protected":false},"excerpt":{"rendered":"<p>Letn\u00ed m\u011bs\u00edce b\u00fdvaj\u00ed nabit\u00e9 ud\u00e1lostmi \u2013 dovolen\u00e9, rodinn\u00e9 oslavy, v\u00fdlety, pracovn\u00ed sm\u011bny i osobn\u00ed projekty. Aby bylo mo\u017en\u00e9 v\u0161e sladit bez stresu, je praktick\u00e9 m\u00edt po ruce p\u0159ehledn\u00fd kalend\u00e1\u0159. Tento \u010dl\u00e1nek p\u0159edstavuje modern\u00ed a u\u017eivatelsky p\u0159\u00edv\u011btivou \u0161ablonu kalend\u00e1\u0159e pro \u010dervenec a srpen 2025, kterou lze vyu\u017e\u00edt pro osobn\u00ed i pracovn\u00ed pl\u00e1nov\u00e1n\u00ed. \u2600\ufe0f L\u00e9to 2025 \u2013 [&hellip;]<\/p>\n","protected":false},"author":1,"featured_media":0,"comment_status":"open","ping_status":"closed","sticky":false,"template":"","format":"standard","meta":{"footnotes":""},"categories":[11],"tags":[28],"class_list":["post-2905","post","type-post","status-publish","format-standard","hentry","category-cervenec","tag-28"],"_links":{"self":[{"href":"https:\/\/kalendare365.eu\/index.php?rest_route=\/wp\/v2\/posts\/2905","targetHints":{"allow":["GET"]}}],"collection":[{"href":"https:\/\/kalendare365.eu\/index.php?rest_route=\/wp\/v2\/posts"}],"about":[{"href":"https:\/\/kalendare365.eu\/index.php?rest_route=\/wp\/v2\/types\/post"}],"author":[{"embeddable":true,"href":"https:\/\/kalendare365.eu\/index.php?rest_route=\/wp\/v2\/users\/1"}],"replies":[{"embeddable":true,"href":"https:\/\/kalendare365.eu\/index.php?rest_route=%2Fwp%2Fv2%2Fcomments&post=2905"}],"version-history":[{"count":3,"href":"https:\/\/kalendare365.eu\/index.php?rest_route=\/wp\/v2\/posts\/2905\/revisions"}],"predecessor-version":[{"id":3765,"href":"https:\/\/kalendare365.eu\/index.php?rest_route=\/wp\/v2\/posts\/2905\/revisions\/3765"}],"wp:attachment":[{"href":"https:\/\/kalendare365.eu\/index.php?rest_route=%2Fwp%2Fv2%2Fmedia&parent=2905"}],"wp:term":[{"taxonomy":"category","embeddable":true,"href":"https:\/\/kalendare365.eu\/index.php?rest_route=%2Fwp%2Fv2%2Fcategories&post=2905"},{"taxonomy":"post_tag","embeddable":true,"href":"https:\/\/kalendare365.eu\/index.php?rest_route=%2Fwp%2Fv2%2Ftags&post=2905"}],"curies":[{"name":"wp","href":"https:\/\/api.w.org\/{rel}","templated":true}]}}