{"id":2910,"date":"2025-04-30T21:17:33","date_gmt":"2025-04-30T18:17:33","guid":{"rendered":"https:\/\/kalendare365.eu\/?p=2910"},"modified":"2026-07-14T22:17:21","modified_gmt":"2026-07-14T19:17:21","slug":"kalendar-cervenec-srpen-2026","status":"publish","type":"post","link":"https:\/\/kalendare365.eu\/?p=2910","title":{"rendered":"Kalend\u00e1\u0159 \u010dervenec, srpen 2026"},"content":{"rendered":"\n<p class=\"wp-block-paragraph\">L\u00e9to je pro mnoho z n\u00e1s obdob\u00edm odpo\u010dinku, cestov\u00e1n\u00ed, rodinn\u00fdch setk\u00e1n\u00ed i nov\u00fdch projekt\u016f. Abychom si tyto m\u011bs\u00edce u\u017eili naplno a z\u00e1rove\u0148 m\u011bli p\u0159ehled o v\u0161ech aktivit\u00e1ch, je praktick\u00e9 m\u00edt po ruce dob\u0159e strukturovan\u00fd kalend\u00e1\u0159. P\u0159esn\u011b k tomu slou\u017e\u00ed bezplatn\u00e1 \u0161ablona kalend\u00e1\u0159e pro \u010dervenec a srpen 2026, kter\u00e1 nab\u00edz\u00ed jednoduch\u00e9 pou\u017eit\u00ed, \u010dist\u00fd design a mo\u017enost okam\u017eit\u00e9ho tisku \u010di \u00faprav.<\/p>\n\n\n\n<h2 class=\"wp-block-heading\">\ud83d\udcc5 Pro\u010d vyu\u017e\u00edt bezplatnou \u0161ablonu kalend\u00e1\u0159e<\/h2>\n\n\n\n<p class=\"wp-block-paragraph\">Kalend\u00e1\u0159 je navr\u017een tak, aby byl maxim\u00e1ln\u011b p\u0159ehledn\u00fd a univerz\u00e1ln\u00ed. Hod\u00ed se pro pracovn\u00ed pl\u00e1nov\u00e1n\u00ed, rodinn\u00e9 aktivity, sportovn\u00ed tr\u00e9ninky, v\u00fdlety i osobn\u00ed pozn\u00e1mky. D\u00edky tomu, \u017ee je dostupn\u00fd zdarma, nemus\u00ed\u0161 \u0159e\u0161it registrace ani instalaci aplikac\u00ed. Sta\u010d\u00ed jej otev\u0159\u00edt ve zvolen\u00e9m form\u00e1tu a za\u010d\u00edt pou\u017e\u00edvat.<\/p>\n\n\n\n<p class=\"wp-block-paragraph\">\u2022 jednoduch\u00e9 a \u010dist\u00e9 rozlo\u017een\u00ed \u2022 vhodn\u00fd pro tisk i digit\u00e1ln\u00ed pr\u00e1ci \u2022 ide\u00e1ln\u00ed pro osobn\u00ed i t\u00fdmov\u00e9 pl\u00e1nov\u00e1n\u00ed \u2022 dostupn\u00fd bez omezen\u00ed a bez nutnosti p\u0159ihl\u00e1\u0161en\u00ed<\/p>\n\n\n\n<h2 class=\"wp-block-heading\">\ud83d\udda8\ufe0f Dostupn\u00e9 form\u00e1ty: PDF a DOCX<\/h2>\n\n\n\n<h3 class=\"wp-block-heading\">\ud83d\udcc4 PDF verze<\/h3>\n\n\n\n<p class=\"wp-block-paragraph\">\u2022 ide\u00e1ln\u00ed pro rychl\u00fd tisk \u2022 pevn\u00e9 rozlo\u017een\u00ed bez rizika posunu \u2022 vhodn\u00e1 pro ty, kte\u0159\u00ed cht\u011bj\u00ed m\u00edt kalend\u00e1\u0159 fyzicky po ruce<\/p>\n\n\n\n<h3 class=\"wp-block-heading\">\ud83d\udcdd DOCX verze<\/h3>\n\n\n\n<p class=\"wp-block-paragraph\">\u2022 mo\u017enost libovoln\u00fdch \u00faprav \u2022 zm\u011bna barev, dopln\u011bn\u00ed pozn\u00e1mek, \u00faprava rozlo\u017een\u00ed \u2022 skv\u011bl\u00e1 volba pro detailn\u00ed pl\u00e1nov\u00e1n\u00ed nebo t\u00fdmovou spolupr\u00e1ci<\/p>\n\n\n\n<h2 class=\"wp-block-heading\">\ud83c\udf1e Tipy pro efektivn\u00ed letn\u00ed organizaci<\/h2>\n\n\n\n<p class=\"wp-block-paragraph\">Letn\u00ed m\u011bs\u00edce b\u00fdvaj\u00ed dynamick\u00e9 a pl\u00e1ny se \u010dasto m\u011bn\u00ed. N\u011bkolik jednoduch\u00fdch trik\u016f ti pom\u016f\u017ee udr\u017eet p\u0159ehled a klid.<\/p>\n\n\n\n<h3 class=\"wp-block-heading\">\ud83c\udfa8 Barevn\u00e9 ozna\u010den\u00ed kategori\u00ed<\/h3>\n\n\n\n<p class=\"wp-block-paragraph\">Pr\u00e1ce, rodina, voln\u00fd \u010das, sport \u010di cestov\u00e1n\u00ed mohou m\u00edt vlastn\u00ed barvu. D\u00edky tomu se v kalend\u00e1\u0159i vyzn\u00e1\u0161 na prvn\u00ed pohled.<\/p>\n\n\n\n<h3 class=\"wp-block-heading\">\ud83d\udd04 T\u00fddenn\u00ed kontrola<\/h3>\n\n\n\n<p class=\"wp-block-paragraph\">Kr\u00e1tk\u00e1 reflexe ka\u017ed\u00fd t\u00fdden pom\u016f\u017ee p\u0159izp\u016fsobit se zm\u011bn\u00e1m a udr\u017eet pl\u00e1n realistick\u00fd.<\/p>\n\n\n\n<h3 class=\"wp-block-heading\">\u2b50 Zaznamen\u00e1v\u00e1n\u00ed d\u016fle\u017eit\u00fdch dn\u016f<\/h3>\n\n\n\n<p class=\"wp-block-paragraph\">Narozeniny, v\u00fdro\u010d\u00ed, dovolen\u00e9 \u010di jin\u00e9 miln\u00edky si zaslou\u017e\u00ed jasn\u00e9 ozna\u010den\u00ed, aby ti nic neuniklo.<\/p>\n\n\n\n<h2 class=\"wp-block-heading\">\u2b07\ufe0f Sta\u017een\u00ed kalend\u00e1\u0159e \u010dervenec\u2013srpen 2026<\/h2>\n\n\n\n<figure class=\"wp-block-image size-full\"><img loading=\"lazy\" decoding=\"async\" width=\"800\" height=\"566\" src=\"https:\/\/kalendare365.eu\/wp-content\/uploads\/2025\/04\/Kalendar-cervenec-srpen-2026.webp\" alt=\"\" class=\"wp-image-2911\" srcset=\"https:\/\/kalendare365.eu\/wp-content\/uploads\/2025\/04\/Kalendar-cervenec-srpen-2026.webp 800w, https:\/\/kalendare365.eu\/wp-content\/uploads\/2025\/04\/Kalendar-cervenec-srpen-2026-300x212.webp 300w, https:\/\/kalendare365.eu\/wp-content\/uploads\/2025\/04\/Kalendar-cervenec-srpen-2026-768x543.webp 768w\" sizes=\"auto, (max-width: 800px) 100vw, 800px\" \/><\/figure>\n\n\n\n<p class=\"has-text-align-center wp-block-paragraph\"><a href=\"https:\/\/kalendare365.eu\/wp-content\/uploads\/2025\/04\/Kalendar-cervenec-srpen-2026.pdf\" target=\"_blank\" rel=\"noreferrer noopener nofollow\">PDF<\/a> | <a href=\"https:\/\/kalendare365.eu\/wp-content\/uploads\/2025\/04\/Kalendar-cervenec-srpen-2026.docx\" target=\"_blank\" rel=\"noreferrer noopener nofollow\">WORD<\/a><\/p>\n\n\n\n<h2 class=\"wp-block-heading\">\ud83e\udded Z\u00e1v\u011br<\/h2>\n\n\n\n<p class=\"wp-block-paragraph\">A\u0165 u\u017e pl\u00e1nuje\u0161 dovolenou, pracovn\u00ed projekty nebo jen chce\u0161 m\u00edt p\u0159ehled o ka\u017edodenn\u00edch aktivit\u00e1ch, dob\u0159e strukturovan\u00fd kalend\u00e1\u0159 je neoceniteln\u00fdm pomocn\u00edkem. Letn\u00ed m\u011bs\u00edce roku 2026 mohou b\u00fdt d\u00edky t\u00e9to jednoduch\u00e9 \u0161ablon\u011b je\u0161t\u011b p\u0159\u00edjemn\u011bj\u0161\u00ed, organizovan\u011bj\u0161\u00ed a klidn\u011bj\u0161\u00ed. Sta\u010d\u00ed si vybrat form\u00e1t, st\u00e1hnout jej a za\u010d\u00edt pl\u00e1novat sv\u00e9 ide\u00e1ln\u00ed l\u00e9to.<\/p>\n","protected":false},"excerpt":{"rendered":"<p>L\u00e9to je pro mnoho z n\u00e1s obdob\u00edm odpo\u010dinku, cestov\u00e1n\u00ed, rodinn\u00fdch setk\u00e1n\u00ed i nov\u00fdch projekt\u016f. Abychom si tyto m\u011bs\u00edce u\u017eili naplno a z\u00e1rove\u0148 m\u011bli p\u0159ehled o v\u0161ech aktivit\u00e1ch, je praktick\u00e9 m\u00edt po ruce dob\u0159e strukturovan\u00fd kalend\u00e1\u0159. P\u0159esn\u011b k tomu slou\u017e\u00ed bezplatn\u00e1 \u0161ablona kalend\u00e1\u0159e pro \u010dervenec a srpen 2026, kter\u00e1 nab\u00edz\u00ed jednoduch\u00e9 pou\u017eit\u00ed, \u010dist\u00fd design a mo\u017enost [&hellip;]<\/p>\n","protected":false},"author":1,"featured_media":0,"comment_status":"open","ping_status":"closed","sticky":false,"template":"","format":"standard","meta":{"footnotes":""},"categories":[11],"tags":[33],"class_list":["post-2910","post","type-post","status-publish","format-standard","hentry","category-cervenec","tag-33"],"_links":{"self":[{"href":"https:\/\/kalendare365.eu\/index.php?rest_route=\/wp\/v2\/posts\/2910","targetHints":{"allow":["GET"]}}],"collection":[{"href":"https:\/\/kalendare365.eu\/index.php?rest_route=\/wp\/v2\/posts"}],"about":[{"href":"https:\/\/kalendare365.eu\/index.php?rest_route=\/wp\/v2\/types\/post"}],"author":[{"embeddable":true,"href":"https:\/\/kalendare365.eu\/index.php?rest_route=\/wp\/v2\/users\/1"}],"replies":[{"embeddable":true,"href":"https:\/\/kalendare365.eu\/index.php?rest_route=%2Fwp%2Fv2%2Fcomments&post=2910"}],"version-history":[{"count":3,"href":"https:\/\/kalendare365.eu\/index.php?rest_route=\/wp\/v2\/posts\/2910\/revisions"}],"predecessor-version":[{"id":3764,"href":"https:\/\/kalendare365.eu\/index.php?rest_route=\/wp\/v2\/posts\/2910\/revisions\/3764"}],"wp:attachment":[{"href":"https:\/\/kalendare365.eu\/index.php?rest_route=%2Fwp%2Fv2%2Fmedia&parent=2910"}],"wp:term":[{"taxonomy":"category","embeddable":true,"href":"https:\/\/kalendare365.eu\/index.php?rest_route=%2Fwp%2Fv2%2Fcategories&post=2910"},{"taxonomy":"post_tag","embeddable":true,"href":"https:\/\/kalendare365.eu\/index.php?rest_route=%2Fwp%2Fv2%2Ftags&post=2910"}],"curies":[{"name":"wp","href":"https:\/\/api.w.org\/{rel}","templated":true}]}}