{"id":2915,"date":"2025-04-30T21:53:41","date_gmt":"2025-04-30T18:53:41","guid":{"rendered":"https:\/\/kalendare365.eu\/?p=2915"},"modified":"2026-03-30T12:53:09","modified_gmt":"2026-03-30T09:53:09","slug":"kalendar-srpen-zari-2025","status":"publish","type":"post","link":"https:\/\/kalendare365.eu\/?p=2915","title":{"rendered":"Kalend\u00e1\u0159 srpen, z\u00e1\u0159\u00ed 2025"},"content":{"rendered":"\n<p class=\"wp-block-paragraph\">Obdob\u00ed mezi srpnem a z\u00e1\u0159\u00edm je pro mnoho lid\u00ed \u010dasem zm\u011bn \u2013 l\u00e9to se pomalu lou\u010d\u00ed, tempo ka\u017edodenn\u00edho \u017eivota se zrychluje a do pop\u0159ed\u00ed se dost\u00e1v\u00e1 organizace povinnost\u00ed i osobn\u00edch pl\u00e1n\u016f. Pr\u00e1v\u011b proto je praktick\u00fd a p\u0159ehledn\u00fd kalend\u00e1\u0159 neoceniteln\u00fdm pomocn\u00edkem. P\u0159ipravili jsme pro v\u00e1s bezplatnou \u0161ablonu kalend\u00e1\u0159e na srpen a z\u00e1\u0159\u00ed 2025, kterou si m\u016f\u017eete st\u00e1hnout ve form\u00e1tu PDF nebo DOCX a p\u0159izp\u016fsobit ji sv\u00fdm pot\u0159eb\u00e1m.<\/p>\n\n\n\n<hr class=\"wp-block-separator has-alpha-channel-opacity\"\/>\n\n\n\n<h2 class=\"wp-block-heading\"><strong>Pro\u010d vyu\u017e\u00edt tuto \u0161ablonu<\/strong><\/h2>\n\n\n\n<p class=\"wp-block-paragraph\">Kalend\u00e1\u0159 je navr\u017een tak, aby byl maxim\u00e1ln\u011b p\u0159ehledn\u00fd a snadno pou\u017eiteln\u00fd. Umo\u017en\u00ed v\u00e1m rychle zaznamenat d\u016fle\u017eit\u00e9 ud\u00e1losti, pracovn\u00ed sch\u016fzky, rodinn\u00e9 akce i osobn\u00ed miln\u00edky. D\u00edky \u010dist\u00e9mu rozvr\u017een\u00ed z\u00edsk\u00e1te jasn\u00fd m\u011bs\u00ed\u010dn\u00ed p\u0159ehled, kter\u00fd v\u00e1m pom\u016f\u017ee l\u00e9pe pl\u00e1novat a efektivn\u011bji si organizovat \u010das.<\/p>\n\n\n\n<p class=\"wp-block-paragraph\">Velkou v\u00fdhodou je tak\u00e9 to, \u017ee \u0161ablona je zcela zdarma \u2013 nemus\u00edte investovat do specializovan\u00fdch aplikac\u00ed ani slo\u017eit\u00fdch n\u00e1stroj\u016f. Sta\u010d\u00ed st\u00e1hnout dokument a za\u010d\u00edt pl\u00e1novat.<\/p>\n\n\n\n<hr class=\"wp-block-separator has-alpha-channel-opacity\"\/>\n\n\n\n<h2 class=\"wp-block-heading\"><strong>Dostupn\u00e9 form\u00e1ty: PDF a DOCX<\/strong><\/h2>\n\n\n\n<h3 class=\"wp-block-heading\"><strong>PDF \u2013 ide\u00e1ln\u00ed pro rychl\u00fd tisk<\/strong><\/h3>\n\n\n\n<p class=\"wp-block-paragraph\">PDF verze je vhodn\u00e1 pro ty, kte\u0159\u00ed cht\u011bj\u00ed kalend\u00e1\u0159 okam\u017eit\u011b pou\u017e\u00edt. Sta\u010d\u00ed jej otev\u0159\u00edt v prohl\u00ed\u017ee\u010di a vytisknout. Form\u00e1t i design z\u016fst\u00e1vaj\u00ed zachov\u00e1ny, tak\u017ee m\u00e1te jistotu, \u017ee v\u00fdsledek bude vypadat p\u0159esn\u011b tak, jak m\u00e1.<\/p>\n\n\n\n<h3 class=\"wp-block-heading\"><strong>DOCX \u2013 pro vlastn\u00ed \u00fapravy<\/strong><\/h3>\n\n\n\n<p class=\"wp-block-paragraph\">Pokud preferujete mo\u017enost p\u0159izp\u016fsoben\u00ed, zvolte form\u00e1t DOCX. Umo\u017en\u00ed v\u00e1m:<\/p>\n\n\n\n<ul class=\"wp-block-list\">\n<li>p\u0159id\u00e1vat osobn\u00ed pozn\u00e1mky,<\/li>\n\n\n\n<li>m\u011bnit barvy,<\/li>\n\n\n\n<li>upravovat strukturu,<\/li>\n\n\n\n<li>doplnit vlastn\u00ed grafick\u00e9 prvky.<\/li>\n<\/ul>\n\n\n\n<p class=\"wp-block-paragraph\">Tento form\u00e1t ocen\u00ed zejm\u00e9na ti, kte\u0159\u00ed cht\u011bj\u00ed m\u00edt kalend\u00e1\u0159 slad\u011bn\u00fd se sv\u00fdm stylem nebo firemn\u00ed identitou.<\/p>\n\n\n\n<hr class=\"wp-block-separator has-alpha-channel-opacity\"\/>\n\n\n\n<h2 class=\"wp-block-heading\"><strong>Tipy pro efektivn\u00ed pl\u00e1nov\u00e1n\u00ed<\/strong><\/h2>\n\n\n\n<p class=\"wp-block-paragraph\">Aby v\u00e1m kalend\u00e1\u0159 slou\u017eil co nejl\u00e9pe, m\u016f\u017eete vyu\u017e\u00edt n\u011bkolik jednoduch\u00fdch doporu\u010den\u00ed:<\/p>\n\n\n\n<h3 class=\"wp-block-heading\"><strong>1. Barevn\u00e9 ozna\u010dov\u00e1n\u00ed<\/strong><\/h3>\n\n\n\n<p class=\"wp-block-paragraph\">Pou\u017eijte r\u016fzn\u00e9 barvy pro r\u016fzn\u00e9 typy aktivit:<\/p>\n\n\n\n<ul class=\"wp-block-list\">\n<li>pracovn\u00ed sch\u016fzky,<\/li>\n\n\n\n<li>osobn\u00ed ud\u00e1losti,<\/li>\n\n\n\n<li>rodinn\u00e9 akce,<\/li>\n\n\n\n<li>voln\u00e9 dny.<\/li>\n<\/ul>\n\n\n\n<p class=\"wp-block-paragraph\">Vizu\u00e1ln\u00ed rozli\u0161en\u00ed v\u00e1m pom\u016f\u017ee rychle se zorientovat.<\/p>\n\n\n\n<h3 class=\"wp-block-heading\"><strong>2. Pravideln\u00e1 kontrola<\/strong><\/h3>\n\n\n\n<p class=\"wp-block-paragraph\">Jednou t\u00fddn\u011b si projd\u011bte nadch\u00e1zej\u00edc\u00ed ud\u00e1losti a aktualizujte v\u0161e pot\u0159ebn\u00e9. Vyhnete se tak stresu z ne\u010dekan\u00fdch zm\u011bn a budete m\u00edt jistotu, \u017ee na nic nezapomenete.<\/p>\n\n\n\n<h3 class=\"wp-block-heading\"><strong>3. Pl\u00e1nov\u00e1n\u00ed dop\u0159edu<\/strong><\/h3>\n\n\n\n<p class=\"wp-block-paragraph\">D\u00edky m\u011bs\u00ed\u010dn\u00edmu p\u0159ehledu snadno uvid\u00edte voln\u00e9 dny, kter\u00e9 m\u016f\u017eete vyu\u017e\u00edt na odpo\u010dinek, v\u00fdlety nebo mimo\u0159\u00e1dn\u00e9 aktivity.<\/p>\n\n\n\n<hr class=\"wp-block-separator has-alpha-channel-opacity\"\/>\n\n\n\n<h2 class=\"wp-block-heading\"><strong>St\u00e1hn\u011bte si kalend\u00e1\u0159 srpen\u2013z\u00e1\u0159\u00ed 2025<\/strong><\/h2>\n\n\n\n<ul class=\"wp-block-list\">\n<li><strong>PDF<\/strong> \u2013 p\u0159ipraven\u00e9 k okam\u017eit\u00e9mu tisku<\/li>\n\n\n\n<li><strong>DOCX<\/strong> \u2013 vhodn\u00e9 pro \u00fapravy ve Wordu<\/li>\n<\/ul>\n\n\n\n<hr class=\"wp-block-separator has-alpha-channel-opacity\"\/>\n\n\n\n<h2 class=\"wp-block-heading has-text-align-center\">St\u00e1hnout kalend\u00e1\u0159 srpen, z\u00e1\u0159\u00ed 2025<\/h2>\n\n\n\n<figure class=\"wp-block-image size-full\"><img loading=\"lazy\" decoding=\"async\" width=\"800\" height=\"566\" src=\"https:\/\/kalendare365.eu\/wp-content\/uploads\/2025\/04\/Kalendar-srpen-zari-2025.webp\" alt=\"\" class=\"wp-image-2916\" srcset=\"https:\/\/kalendare365.eu\/wp-content\/uploads\/2025\/04\/Kalendar-srpen-zari-2025.webp 800w, https:\/\/kalendare365.eu\/wp-content\/uploads\/2025\/04\/Kalendar-srpen-zari-2025-300x212.webp 300w, https:\/\/kalendare365.eu\/wp-content\/uploads\/2025\/04\/Kalendar-srpen-zari-2025-768x543.webp 768w\" sizes=\"auto, (max-width: 800px) 100vw, 800px\" \/><\/figure>\n\n\n\n<p class=\"has-text-align-center wp-block-paragraph\"><a href=\"https:\/\/kalendare365.eu\/wp-content\/uploads\/2025\/04\/Kalendar-srpen-zari-2025.pdf\" target=\"_blank\" rel=\"noreferrer noopener nofollow\">PDF<\/a> | <a href=\"https:\/\/kalendare365.eu\/wp-content\/uploads\/2025\/04\/Kalendar-srpen-zari-2025.docx\" target=\"_blank\" rel=\"noreferrer noopener nofollow\">WORD<\/a><\/p>\n\n\n\n<h2 class=\"wp-block-heading\"><strong>Z\u00e1v\u011br<\/strong><\/h2>\n\n\n\n<p class=\"wp-block-paragraph\">Kalend\u00e1\u0159 na srpen a z\u00e1\u0159\u00ed 2025 je praktick\u00fdm n\u00e1strojem, kter\u00fd v\u00e1m pom\u016f\u017ee l\u00e9pe organizovat \u010das a udr\u017eet si p\u0159ehled o v\u0161ech d\u016fle\u017eit\u00fdch ud\u00e1lostech. A\u0165 u\u017e zvol\u00edte rychl\u00fd tisk nebo vlastn\u00ed \u00fapravy, z\u00edsk\u00e1te flexibiln\u00ed syst\u00e9m, kter\u00fd podpo\u0159\u00ed va\u0161e pracovn\u00ed i osobn\u00ed c\u00edle. P\u0159izp\u016fsobte si \u0161ablonu podle sebe a vytvo\u0159te si pl\u00e1nov\u00e1n\u00ed, kter\u00e9 v\u00e1m bude skute\u010dn\u011b vyhovovat.<\/p>\n","protected":false},"excerpt":{"rendered":"<p>Obdob\u00ed mezi srpnem a z\u00e1\u0159\u00edm je pro mnoho lid\u00ed \u010dasem zm\u011bn \u2013 l\u00e9to se pomalu lou\u010d\u00ed, tempo ka\u017edodenn\u00edho \u017eivota se zrychluje a do pop\u0159ed\u00ed se dost\u00e1v\u00e1 organizace povinnost\u00ed i osobn\u00edch pl\u00e1n\u016f. Pr\u00e1v\u011b proto je praktick\u00fd a p\u0159ehledn\u00fd kalend\u00e1\u0159 neoceniteln\u00fdm pomocn\u00edkem. P\u0159ipravili jsme pro v\u00e1s bezplatnou \u0161ablonu kalend\u00e1\u0159e na srpen a z\u00e1\u0159\u00ed 2025, kterou si m\u016f\u017eete [&hellip;]<\/p>\n","protected":false},"author":1,"featured_media":0,"comment_status":"open","ping_status":"closed","sticky":false,"template":"","format":"standard","meta":{"footnotes":""},"categories":[12,13],"tags":[28],"class_list":["post-2915","post","type-post","status-publish","format-standard","hentry","category-srpen","category-zari","tag-28"],"_links":{"self":[{"href":"https:\/\/kalendare365.eu\/index.php?rest_route=\/wp\/v2\/posts\/2915","targetHints":{"allow":["GET"]}}],"collection":[{"href":"https:\/\/kalendare365.eu\/index.php?rest_route=\/wp\/v2\/posts"}],"about":[{"href":"https:\/\/kalendare365.eu\/index.php?rest_route=\/wp\/v2\/types\/post"}],"author":[{"embeddable":true,"href":"https:\/\/kalendare365.eu\/index.php?rest_route=\/wp\/v2\/users\/1"}],"replies":[{"embeddable":true,"href":"https:\/\/kalendare365.eu\/index.php?rest_route=%2Fwp%2Fv2%2Fcomments&post=2915"}],"version-history":[{"count":2,"href":"https:\/\/kalendare365.eu\/index.php?rest_route=\/wp\/v2\/posts\/2915\/revisions"}],"predecessor-version":[{"id":3535,"href":"https:\/\/kalendare365.eu\/index.php?rest_route=\/wp\/v2\/posts\/2915\/revisions\/3535"}],"wp:attachment":[{"href":"https:\/\/kalendare365.eu\/index.php?rest_route=%2Fwp%2Fv2%2Fmedia&parent=2915"}],"wp:term":[{"taxonomy":"category","embeddable":true,"href":"https:\/\/kalendare365.eu\/index.php?rest_route=%2Fwp%2Fv2%2Fcategories&post=2915"},{"taxonomy":"post_tag","embeddable":true,"href":"https:\/\/kalendare365.eu\/index.php?rest_route=%2Fwp%2Fv2%2Ftags&post=2915"}],"curies":[{"name":"wp","href":"https:\/\/api.w.org\/{rel}","templated":true}]}}