{"id":2932,"date":"2025-05-01T08:14:40","date_gmt":"2025-05-01T05:14:40","guid":{"rendered":"https:\/\/kalendare365.eu\/?p=2932"},"modified":"2026-08-03T09:42:15","modified_gmt":"2026-08-03T06:42:15","slug":"kalendar-zari-rijen-2025","status":"publish","type":"post","link":"https:\/\/kalendare365.eu\/?p=2932","title":{"rendered":"Kalend\u00e1\u0159 z\u00e1\u0159\u00ed, \u0159\u00edjen 2025"},"content":{"rendered":"\n<p class=\"wp-block-paragraph\">Obdob\u00ed z\u00e1\u0159\u00ed a \u0159\u00edjna 2025 p\u0159in\u00e1\u0161\u00ed p\u0159irozen\u00fd p\u0159echod mezi dynamick\u00fdm l\u00e9tem a klidn\u011bj\u0161\u00edm podzimem. Je to \u010das nov\u00fdch za\u010d\u00e1tk\u016f, organizace a n\u00e1vratu k pravideln\u00e9mu rytmu. Pokud hled\u00e1te p\u0159ehledn\u00fd, modern\u00ed a snadno pou\u017eiteln\u00fd kalend\u00e1\u0159, kter\u00fd v\u00e1m pom\u016f\u017ee udr\u017eet po\u0159\u00e1dek ve v\u0161ech d\u016fle\u017eit\u00fdch term\u00ednech, tato \u0161ablona je p\u0159esn\u011b pro v\u00e1s.<\/p>\n\n\n\n<h2 class=\"wp-block-heading\"><strong>\ud83d\udcc5 Pro\u010d vyu\u017e\u00edt kalend\u00e1\u0159 na z\u00e1\u0159\u00ed a \u0159\u00edjen 2025?<\/strong><\/h2>\n\n\n\n<p class=\"wp-block-paragraph\">Kalend\u00e1\u0159 pro tyto dva m\u011bs\u00edce v\u00e1m umo\u017en\u00ed m\u00edt v\u0161echny kl\u00ed\u010dov\u00e9 ud\u00e1losti na jednom m\u00edst\u011b. D\u00edky p\u0159ehledn\u00e9mu rozvr\u017een\u00ed snadno odli\u0161\u00edte:<\/p>\n\n\n\n<ul class=\"wp-block-list\">\n<li><strong>pracovn\u00ed sch\u016fzky<\/strong><\/li>\n\n\n\n<li><strong>rodinn\u00e9 oslavy<\/strong><\/li>\n\n\n\n<li><strong>osobn\u00ed c\u00edle a volno\u010dasov\u00e9 aktivity<\/strong><\/li>\n<\/ul>\n\n\n\n<p class=\"wp-block-paragraph\">Modern\u00ed design podporuje rychlou orientaci a efektivn\u00ed pl\u00e1nov\u00e1n\u00ed, co\u017e ocen\u00ed ka\u017ed\u00fd, kdo chce m\u00edt sv\u00e9 povinnosti i radosti pod kontrolou.<\/p>\n\n\n\n<h2 class=\"wp-block-heading\"><strong>\ud83d\udcc2 Form\u00e1ty \u0161ablon: PDF a DOCX<\/strong><\/h2>\n\n\n\n<h3 class=\"wp-block-heading\"><strong>PDF \u2013 stabiln\u00ed a p\u0159ipraven\u00e9 k tisku \ud83d\udda8\ufe0f<\/strong><\/h3>\n\n\n\n<ul class=\"wp-block-list\">\n<li>Ide\u00e1ln\u00ed pro okam\u017eit\u00fd tisk bez nutnosti \u00faprav<\/li>\n\n\n\n<li>Zachov\u00e1v\u00e1 p\u0159esn\u00e9 form\u00e1tov\u00e1n\u00ed a \u010dist\u00fd vzhled<\/li>\n\n\n\n<li>Skv\u011bl\u00e9 pro archivaci nebo profesion\u00e1ln\u00ed pou\u017eit\u00ed<\/li>\n<\/ul>\n\n\n\n<h3 class=\"wp-block-heading\"><strong>DOCX \u2013 flexibiln\u00ed a pln\u011b editovateln\u00fd \u270f\ufe0f<\/strong><\/h3>\n\n\n\n<ul class=\"wp-block-list\">\n<li>Mo\u017enost p\u0159id\u00e1vat pozn\u00e1mky, m\u011bnit barvy, upravovat rozlo\u017een\u00ed<\/li>\n\n\n\n<li>Perfektn\u00ed pro u\u017eivatele, kte\u0159\u00ed cht\u011bj\u00ed kalend\u00e1\u0159 p\u0159izp\u016fsobit sv\u00e9mu stylu<\/li>\n\n\n\n<li>Vhodn\u00e9 pro detailn\u00ed pl\u00e1nov\u00e1n\u00ed a kreativn\u00ed pr\u00e1ci s dokumentem<\/li>\n<\/ul>\n\n\n\n<h2 class=\"wp-block-heading\"><strong>\ud83c\udfa8 Tipy pro efektivn\u00ed pl\u00e1nov\u00e1n\u00ed v z\u00e1\u0159\u00ed a \u0159\u00edjnu<\/strong><\/h2>\n\n\n\n<ul class=\"wp-block-list\">\n<li><strong>Barevn\u00e9 zna\u010den\u00ed ud\u00e1lost\u00ed<\/strong> Pou\u017eijte r\u016fzn\u00e9 barvy pro pracovn\u00ed, rodinn\u00e9 a osobn\u00ed aktivity. Pom\u016f\u017ee v\u00e1m to rychle se zorientovat.<\/li>\n\n\n\n<li><strong>T\u00fddenn\u00ed kontrola kalend\u00e1\u0159e<\/strong> Jednou t\u00fddn\u011b si projd\u011bte nadch\u00e1zej\u00edc\u00ed ud\u00e1losti a upravte pl\u00e1n podle aktu\u00e1ln\u00ed situace.<\/li>\n\n\n\n<li><strong>Kombinace ti\u0161t\u011bn\u00e9 a digit\u00e1ln\u00ed verze<\/strong> Ti\u0161t\u011bn\u00fd kalend\u00e1\u0159 m\u016f\u017eete m\u00edt st\u00e1le na o\u010d\u00edch, zat\u00edmco digit\u00e1ln\u00ed verzi snadno aktualizujete.<\/li>\n\n\n\n<li><strong>Organiza\u010dn\u00ed n\u00e1vyky<\/strong> Vytvo\u0159te si rutinu, kter\u00e1 v\u00e1m pom\u016f\u017ee udr\u017eet p\u0159ehled bez stresu.<\/li>\n<\/ul>\n\n\n\n<h2 class=\"wp-block-heading\"><strong>\ud83d\udce5 Sta\u017een\u00ed kalend\u00e1\u0159e z\u00e1\u0159\u00ed\u2013\u0159\u00edjen 2025<\/strong><\/h2>\n\n\n\n<p class=\"wp-block-paragraph\">Vyberte si form\u00e1t, kter\u00fd v\u00e1m nejv\u00edce vyhovuje, a za\u010dn\u011bte pl\u00e1novat sv\u00e9 podzimn\u00ed m\u011bs\u00edce efektivn\u011b a stylov\u011b.<\/p>\n\n\n\n<ul class=\"wp-block-list\">\n<li><strong>St\u00e1hnout PDF<\/strong><\/li>\n\n\n\n<li><strong>St\u00e1hnout DOCX<\/strong><\/li>\n<\/ul>\n\n\n\n<h2 class=\"wp-block-heading has-text-align-center\">St\u00e1hnout kalend\u00e1\u0159 z\u00e1\u0159\u00ed, \u0159\u00edjen 2025<\/h2>\n\n\n\n<figure class=\"wp-block-image size-full\"><img loading=\"lazy\" decoding=\"async\" width=\"800\" height=\"566\" src=\"https:\/\/kalendare365.eu\/wp-content\/uploads\/2025\/05\/Kalendar-zari-rijen-2025.webp\" alt=\"\" class=\"wp-image-2933\" srcset=\"https:\/\/kalendare365.eu\/wp-content\/uploads\/2025\/05\/Kalendar-zari-rijen-2025.webp 800w, https:\/\/kalendare365.eu\/wp-content\/uploads\/2025\/05\/Kalendar-zari-rijen-2025-300x212.webp 300w, https:\/\/kalendare365.eu\/wp-content\/uploads\/2025\/05\/Kalendar-zari-rijen-2025-768x543.webp 768w\" sizes=\"auto, (max-width: 800px) 100vw, 800px\" \/><\/figure>\n\n\n\n<p class=\"has-text-align-center wp-block-paragraph\"><a href=\"https:\/\/kalendare365.eu\/wp-content\/uploads\/2025\/05\/Kalendar-zari-rijen-2025.pdf\" target=\"_blank\" rel=\"noreferrer noopener nofollow\">PDF<\/a> | <a href=\"https:\/\/kalendare365.eu\/wp-content\/uploads\/2025\/05\/Kalendar-zari-rijen-2025.docx\" target=\"_blank\" rel=\"noreferrer noopener nofollow\">WORD<\/a><\/p>\n\n\n\n<h2 class=\"wp-block-heading\"><strong>\ud83d\udd1a Z\u00e1v\u011br<\/strong><\/h2>\n\n\n\n<p class=\"wp-block-paragraph\">Kalend\u00e1\u0159 na z\u00e1\u0159\u00ed a \u0159\u00edjen 2025 je praktick\u00fdm pomocn\u00edkem pro ka\u017ed\u00e9ho, kdo chce m\u00edt sv\u00e9 povinnosti i voln\u00fd \u010das pod kontrolou. D\u00edky modern\u00edmu designu, dostupnosti ve dvou form\u00e1tech a mo\u017enosti p\u0159izp\u016fsoben\u00ed se st\u00e1v\u00e1 ide\u00e1ln\u00edm n\u00e1strojem pro pl\u00e1nov\u00e1n\u00ed podzimn\u00edch m\u011bs\u00edc\u016f. A\u0165 u\u017e preferujete pevn\u00e9 PDF nebo flexibiln\u00ed DOCX, tato \u0161ablona v\u00e1m pom\u016f\u017ee vytvo\u0159it harmonick\u00fd a dob\u0159e organizovan\u00fd podzim.<\/p>\n","protected":false},"excerpt":{"rendered":"<p>Obdob\u00ed z\u00e1\u0159\u00ed a \u0159\u00edjna 2025 p\u0159in\u00e1\u0161\u00ed p\u0159irozen\u00fd p\u0159echod mezi dynamick\u00fdm l\u00e9tem a klidn\u011bj\u0161\u00edm podzimem. Je to \u010das nov\u00fdch za\u010d\u00e1tk\u016f, organizace a n\u00e1vratu k pravideln\u00e9mu rytmu. Pokud hled\u00e1te p\u0159ehledn\u00fd, modern\u00ed a snadno pou\u017eiteln\u00fd kalend\u00e1\u0159, kter\u00fd v\u00e1m pom\u016f\u017ee udr\u017eet po\u0159\u00e1dek ve v\u0161ech d\u016fle\u017eit\u00fdch term\u00ednech, tato \u0161ablona je p\u0159esn\u011b pro v\u00e1s. \ud83d\udcc5 Pro\u010d vyu\u017e\u00edt kalend\u00e1\u0159 na z\u00e1\u0159\u00ed a [&hellip;]<\/p>\n","protected":false},"author":1,"featured_media":0,"comment_status":"open","ping_status":"closed","sticky":false,"template":"","format":"standard","meta":{"footnotes":""},"categories":[13],"tags":[28],"class_list":["post-2932","post","type-post","status-publish","format-standard","hentry","category-zari","tag-28"],"_links":{"self":[{"href":"https:\/\/kalendare365.eu\/index.php?rest_route=\/wp\/v2\/posts\/2932","targetHints":{"allow":["GET"]}}],"collection":[{"href":"https:\/\/kalendare365.eu\/index.php?rest_route=\/wp\/v2\/posts"}],"about":[{"href":"https:\/\/kalendare365.eu\/index.php?rest_route=\/wp\/v2\/types\/post"}],"author":[{"embeddable":true,"href":"https:\/\/kalendare365.eu\/index.php?rest_route=\/wp\/v2\/users\/1"}],"replies":[{"embeddable":true,"href":"https:\/\/kalendare365.eu\/index.php?rest_route=%2Fwp%2Fv2%2Fcomments&post=2932"}],"version-history":[{"count":2,"href":"https:\/\/kalendare365.eu\/index.php?rest_route=\/wp\/v2\/posts\/2932\/revisions"}],"predecessor-version":[{"id":3781,"href":"https:\/\/kalendare365.eu\/index.php?rest_route=\/wp\/v2\/posts\/2932\/revisions\/3781"}],"wp:attachment":[{"href":"https:\/\/kalendare365.eu\/index.php?rest_route=%2Fwp%2Fv2%2Fmedia&parent=2932"}],"wp:term":[{"taxonomy":"category","embeddable":true,"href":"https:\/\/kalendare365.eu\/index.php?rest_route=%2Fwp%2Fv2%2Fcategories&post=2932"},{"taxonomy":"post_tag","embeddable":true,"href":"https:\/\/kalendare365.eu\/index.php?rest_route=%2Fwp%2Fv2%2Ftags&post=2932"}],"curies":[{"name":"wp","href":"https:\/\/api.w.org\/{rel}","templated":true}]}}