{"id":2952,"date":"2025-05-01T08:39:30","date_gmt":"2025-05-01T05:39:30","guid":{"rendered":"https:\/\/kalendare365.eu\/?p=2952"},"modified":"2026-03-04T14:36:49","modified_gmt":"2026-03-04T11:36:49","slug":"kalendar-listopad-prosinec-2025","status":"publish","type":"post","link":"https:\/\/kalendare365.eu\/?p=2952","title":{"rendered":"Kalend\u00e1\u0159 listopad, prosinec 2025"},"content":{"rendered":"\n<p class=\"wp-block-paragraph\">Obdob\u00ed listopadu a prosince 2025 je \u010dasem, kdy se rok pomalu ch\u00fdl\u00ed ke konci a za\u010d\u00ednaj\u00ed se formovat pl\u00e1ny na z\u00e1v\u011bre\u010dn\u00e9 dny roku. Toto obdob\u00ed je ide\u00e1ln\u00ed pro sledov\u00e1n\u00ed pracovn\u00edch term\u00edn\u016f, rodinn\u00fdch oslav i osobn\u00edch miln\u00edk\u016f, proto\u017ee v\u00e1m poskytuje p\u0159\u00edle\u017eitost zhodnotit uplynul\u00fd rok a p\u0159ipravit se na nov\u00e9 za\u010d\u00e1tky. Pro v\u0161echny, kdo si v kalend\u00e1\u0159i ozna\u010duj\u00ed d\u016fle\u017eit\u00e9 ud\u00e1losti, je k dispozici bezplatn\u00e1 \u0161ablona, kter\u00e1 v\u00e1m pom\u016f\u017ee udr\u017eet p\u0159ehled nad nadch\u00e1zej\u00edc\u00edmi aktivitami. Sta\u010d\u00ed si vybrat bu\u010f verzi PDF pro okam\u017eit\u00fd tisk p\u0159\u00edmo z prohl\u00ed\u017ee\u010de, nebo DOCX pro \u00fapravu ve Wordu podle va\u0161ich osobn\u00edch pot\u0159eb.<\/p>\n\n\n\n<p class=\"wp-block-paragraph\"><strong>V\u00fdhody bezplatn\u00e9 \u0161ablony<\/strong><\/p>\n\n\n\n<p class=\"wp-block-paragraph\">\u0160ablona pro listopad a prosinec 2025 je navr\u017eena s d\u016frazem na p\u0159ehlednost a jednoduchost pou\u017eit\u00ed. D\u00edky profesion\u00e1ln\u011b vytvo\u0159en\u00e9mu vzhledu a promy\u0161len\u00e9mu rozvr\u017een\u00ed m\u00e1te jasn\u00fd p\u0159ehled o v\u0161ech d\u016fle\u017eit\u00fdch term\u00ednech, co\u017e v\u00fdrazn\u011b usnadn\u00ed pl\u00e1nov\u00e1n\u00ed va\u0161ich pracovn\u00edch i osobn\u00edch z\u00e1vazk\u016f. Nav\u00edc je tento n\u00e1stroj zcela zdarma, co\u017e znamen\u00e1, \u017ee si m\u016f\u017eete zorganizovat sv\u00e9 aktivity bez jak\u00fdchkoliv finan\u010dn\u00edch n\u00e1klad\u016f. V\u00fdhodou je tak\u00e9 mo\u017enost okam\u017eit\u00e9ho sta\u017een\u00ed, co\u017e \u0161et\u0159\u00ed \u010das a umo\u017e\u0148uje v\u00e1m hned za\u010d\u00edt s organizac\u00ed sv\u00e9ho zav\u011b\u0161en\u00e9ho roku.<\/p>\n\n\n\n<p class=\"wp-block-paragraph\"><strong>Mo\u017enosti form\u00e1t\u016f \u2013 PDF a DOCX<\/strong><\/p>\n\n\n\n<p class=\"wp-block-paragraph\">Pro maxim\u00e1ln\u00ed flexibilitu si m\u016f\u017eete vybrat z dvou form\u00e1t\u016f, kter\u00e9 \u0161ablona nab\u00edz\u00ed. PDF verze je ur\u010dena pro u\u017eivatele, kte\u0159\u00ed preferuj\u00ed hotov\u00fd dokument p\u0159ipraven\u00fd k tisku bez jak\u00fdchkoliv dal\u0161\u00edch \u00faprav. Tento form\u00e1t zaru\u010duje zachov\u00e1n\u00ed p\u016fvodn\u00edho designu a rozvr\u017een\u00ed, co\u017e je v\u00fdhodn\u00e9, pokud pot\u0159ebujete v\u0161echny informace m\u00edt okam\u017eit\u011b k dispozici na pap\u00ed\u0159e. Na druhou stranu form\u00e1t DOCX nab\u00edz\u00ed mo\u017enost \u00faprav a personalizace podle va\u0161ich specifick\u00fdch po\u017eadavk\u016f. Ve Wordu m\u016f\u017eete snadno p\u0159id\u00e1vat vlastn\u00ed pozn\u00e1mky, upravovat rozlo\u017een\u00ed nebo p\u0159izp\u016fsobovat barevn\u00e9 sch\u00e9ma, aby kalend\u00e1\u0159 odpov\u00eddal va\u0161emu stylu pl\u00e1nov\u00e1n\u00ed a \u017eivotn\u00edmu rytmu.<\/p>\n\n\n\n<p class=\"wp-block-paragraph\"><strong>Tipy pro efektivn\u00ed pl\u00e1nov\u00e1n\u00ed<\/strong><\/p>\n\n\n\n<p class=\"wp-block-paragraph\">Aby bylo va\u0161e pl\u00e1nov\u00e1n\u00ed co nejefektivn\u011bj\u0161\u00ed, doporu\u010dujeme n\u011bkolik u\u017eite\u010dn\u00fdch postup\u016f. Zaprv\u00e9, vyu\u017eijte barevn\u00e9 zna\u010den\u00ed jednotliv\u00fdch kategori\u00ed ud\u00e1lost\u00ed \u2013 nap\u0159\u00edklad si ur\u010dete jednu barvu pro pracovn\u00ed sch\u016fzky, jinou pro rodinn\u00e9 akce a dal\u0161\u00ed pro volno\u010dasov\u00e9 aktivity. Takov\u00e9 rozd\u011blen\u00ed v\u00e1m umo\u017en\u00ed na prvn\u00ed pohled rozpoznat priority a rychle se orientovat v rozvrhu. Zadruh\u00e9, pravideln\u011b revidujte sv\u016fj kalend\u00e1\u0159. Ide\u00e1ln\u011b jednou t\u00fddn\u011b si projd\u011bte nadch\u00e1zej\u00edc\u00ed dny, aktualizujte pl\u00e1novan\u00e9 aktivity a p\u0159izp\u016fsobte ho aktu\u00e1ln\u00edm pot\u0159eb\u00e1m. Tato pravideln\u00e1 kontrola zajist\u00ed, \u017ee va\u0161e organizace bude v\u017edy aktu\u00e1ln\u00ed a pom\u016f\u017ee v\u00e1m p\u0159edch\u00e1zet ne\u010dekan\u00fdm zm\u011bn\u00e1m. Nezapome\u0148te tak\u00e9 vyu\u017e\u00edt mo\u017enosti \u00faprav ve form\u00e1tu DOCX, \u010d\u00edm\u017e z\u00edsk\u00e1te dal\u0161\u00ed prostor pro personifikaci a zaznamen\u00e1v\u00e1n\u00ed detailn\u00edch koment\u00e1\u0159\u016f k jednotliv\u00fdm ud\u00e1lostem.<\/p>\n\n\n\n<h2 class=\"wp-block-heading has-text-align-center\">St\u00e1hnout kalend\u00e1\u0159 listopad, prosinec 2025<\/h2>\n\n\n\n<figure class=\"wp-block-image size-full\"><img loading=\"lazy\" decoding=\"async\" width=\"800\" height=\"566\" src=\"https:\/\/kalendare365.eu\/wp-content\/uploads\/2025\/05\/Kalendar-listopad-prosinec-2025.webp\" alt=\"\" class=\"wp-image-2953\" srcset=\"https:\/\/kalendare365.eu\/wp-content\/uploads\/2025\/05\/Kalendar-listopad-prosinec-2025.webp 800w, https:\/\/kalendare365.eu\/wp-content\/uploads\/2025\/05\/Kalendar-listopad-prosinec-2025-300x212.webp 300w, https:\/\/kalendare365.eu\/wp-content\/uploads\/2025\/05\/Kalendar-listopad-prosinec-2025-768x543.webp 768w\" sizes=\"auto, (max-width: 800px) 100vw, 800px\" \/><\/figure>\n\n\n\n<p class=\"has-text-align-center wp-block-paragraph\"><a href=\"https:\/\/kalendare365.eu\/wp-content\/uploads\/2025\/05\/Kalendar-listopad-prosinec-2025.pdf\" target=\"_blank\" rel=\"noreferrer noopener nofollow\">PDF<\/a> | <a href=\"https:\/\/kalendare365.eu\/wp-content\/uploads\/2025\/05\/Kalendar-listopad-prosinec-2025.docx\" target=\"_blank\" rel=\"noreferrer noopener nofollow\">WORD<\/a><\/p>\n\n\n\n<p class=\"wp-block-paragraph\">Kalend\u00e1\u0159 pro listopad a prosinec 2025 je vynikaj\u00edc\u00edm n\u00e1strojem pro ka\u017ed\u00e9ho, kdo hled\u00e1 zp\u016fsob, jak m\u00edt sv\u00e9 pl\u00e1ny a z\u00e1vazky pod kontrolou na konci roku. Bezplatn\u00e1 \u0161ablona, p\u0159\u00edstupn\u00e1 ve form\u00e1tech PDF i DOCX, v\u00e1m nab\u00edz\u00ed jak okam\u017eit\u00fd tisk hotov\u00e9ho dokumentu, tak mo\u017enost flexibiln\u00edch \u00faprav podle va\u0161ich preferenc\u00ed. Vyu\u017eit\u00edm t\u00e9to \u0161ablony si nejen usnadn\u00edte organizaci \u010dasu, ale tak\u00e9 z\u00edsk\u00e1te lep\u0161\u00ed p\u0159ehled o d\u016fle\u017eit\u00fdch ud\u00e1lostech ve va\u0161em osobn\u00edm i pracovn\u00edm \u017eivot\u011b. Objevte, jak v\u00e1m dob\u0159e strukturovan\u00fd kalend\u00e1\u0159 m\u016f\u017ee pomoci zefektivnit ka\u017edodenn\u00ed pl\u00e1nov\u00e1n\u00ed, sn\u00ed\u017eit stres a zajistit, \u017ee na nic d\u016fle\u017eit\u00e9ho nep\u0159ijdete.<\/p>\n","protected":false},"excerpt":{"rendered":"<p>Obdob\u00ed listopadu a prosince 2025 je \u010dasem, kdy se rok pomalu ch\u00fdl\u00ed ke konci a za\u010d\u00ednaj\u00ed se formovat pl\u00e1ny na z\u00e1v\u011bre\u010dn\u00e9 dny roku. Toto obdob\u00ed je ide\u00e1ln\u00ed pro sledov\u00e1n\u00ed pracovn\u00edch term\u00edn\u016f, rodinn\u00fdch oslav i osobn\u00edch miln\u00edk\u016f, proto\u017ee v\u00e1m poskytuje p\u0159\u00edle\u017eitost zhodnotit uplynul\u00fd rok a p\u0159ipravit se na nov\u00e9 za\u010d\u00e1tky. Pro v\u0161echny, kdo si v kalend\u00e1\u0159i [&hellip;]<\/p>\n","protected":false},"author":1,"featured_media":0,"comment_status":"open","ping_status":"closed","sticky":false,"template":"","format":"standard","meta":{"footnotes":""},"categories":[15,16],"tags":[28],"class_list":["post-2952","post","type-post","status-publish","format-standard","hentry","category-listopad","category-prosinec","tag-28"],"_links":{"self":[{"href":"https:\/\/kalendare365.eu\/index.php?rest_route=\/wp\/v2\/posts\/2952","targetHints":{"allow":["GET"]}}],"collection":[{"href":"https:\/\/kalendare365.eu\/index.php?rest_route=\/wp\/v2\/posts"}],"about":[{"href":"https:\/\/kalendare365.eu\/index.php?rest_route=\/wp\/v2\/types\/post"}],"author":[{"embeddable":true,"href":"https:\/\/kalendare365.eu\/index.php?rest_route=\/wp\/v2\/users\/1"}],"replies":[{"embeddable":true,"href":"https:\/\/kalendare365.eu\/index.php?rest_route=%2Fwp%2Fv2%2Fcomments&post=2952"}],"version-history":[{"count":1,"href":"https:\/\/kalendare365.eu\/index.php?rest_route=\/wp\/v2\/posts\/2952\/revisions"}],"predecessor-version":[{"id":2956,"href":"https:\/\/kalendare365.eu\/index.php?rest_route=\/wp\/v2\/posts\/2952\/revisions\/2956"}],"wp:attachment":[{"href":"https:\/\/kalendare365.eu\/index.php?rest_route=%2Fwp%2Fv2%2Fmedia&parent=2952"}],"wp:term":[{"taxonomy":"category","embeddable":true,"href":"https:\/\/kalendare365.eu\/index.php?rest_route=%2Fwp%2Fv2%2Fcategories&post=2952"},{"taxonomy":"post_tag","embeddable":true,"href":"https:\/\/kalendare365.eu\/index.php?rest_route=%2Fwp%2Fv2%2Ftags&post=2952"}],"curies":[{"name":"wp","href":"https:\/\/api.w.org\/{rel}","templated":true}]}}