{"id":2970,"date":"2025-05-15T14:04:38","date_gmt":"2025-05-15T11:04:38","guid":{"rendered":"https:\/\/kalendare365.eu\/?p=2970"},"modified":"2026-03-04T14:36:49","modified_gmt":"2026-03-04T11:36:49","slug":"kalendar-leden-unor-brezen-2025","status":"publish","type":"post","link":"https:\/\/kalendare365.eu\/?p=2970","title":{"rendered":"Kalend\u00e1\u0159 leden, \u00fanor, b\u0159ezen 2025"},"content":{"rendered":"\n<p class=\"wp-block-paragraph\">P\u0159edstavujeme v\u00e1m praktick\u00fd kalend\u00e1\u0159 pro leden, \u00fanor a b\u0159ezen 2025, navr\u017een\u00fd pro modern\u00ed u\u017eivatele, kte\u0159\u00ed cht\u011bj\u00ed efektivn\u011b pl\u00e1novat osobn\u00ed i profesn\u00ed aktivity. Tento kompaktn\u00ed kalend\u00e1\u0159 v A4 form\u00e1tu s vertik\u00e1ln\u00ed orientac\u00ed poskytuje p\u0159ehled v\u0161ech t\u0159\u00ed m\u011bs\u00edc\u016f na jednom listu, co\u017e usnad\u0148uje dlouhodob\u00e9 pl\u00e1nov\u00e1n\u00ed a nut\u00ed v\u00e1s udr\u017eovat si p\u0159ehled o d\u016fle\u017eit\u00fdch term\u00ednech.<\/p>\n\n\n\n<p class=\"wp-block-paragraph\"><strong>P\u0159ehled kalend\u00e1\u0159e<\/strong><br>Kalend\u00e1\u0159 nab\u00edz\u00ed jasn\u00fd a p\u0159ehledn\u00fd zobrazen\u00ed t\u0159\u00ed m\u011bs\u00edc\u016f, p\u0159i\u010dem\u017e ka\u017ed\u00fd den obsahuje vyhrazen\u00fd prostor pro pozn\u00e1mky. To v\u00e1m umo\u017en\u00ed zapisovat sch\u016fzky, \u00fakoly, n\u00e1kupn\u00ed seznamy \u010di jin\u00e9 d\u016fle\u017eit\u00e9 informace bez ru\u0161en\u00ed p\u0159ehledu. Design je prem\u00edsn\u011b upraven tak, aby neobsahoval \u010d\u00edsla t\u00fddn\u016f ani zv\u00fdrazn\u011bn\u00e9 sv\u00e1tky, co\u017e zaru\u010duje maxim\u00e1ln\u00ed flexibilitu a p\u0159izp\u016fsobitelnost va\u0161im individu\u00e1ln\u00edm pot\u0159eb\u00e1m.<\/p>\n\n\n\n<p class=\"wp-block-paragraph\"><strong>V\u00fdhody kalend\u00e1\u0159e<\/strong><br>Pou\u017e\u00edv\u00e1n\u00ed tohoto kalend\u00e1\u0159e p\u0159in\u00e1\u0161\u00ed \u0159adu v\u00fdhod:<\/p>\n\n\n\n<ul class=\"wp-block-list\">\n<li>Kompaktn\u00ed p\u0159ehled: T\u0159i m\u011bs\u00edce pohromad\u011b na jednom listu umo\u017e\u0148uj\u00ed rychlou orientaci v dlouhodob\u00e9m pl\u00e1nov\u00e1n\u00ed.<\/li>\n\n\n\n<li>\u010cist\u00fd a modern\u00ed design: Elegantn\u00ed barevn\u00e9 sch\u00e9ma se hod\u00ed do jak\u00e9hokoli prost\u0159ed\u00ed a dod\u00e1v\u00e1 kalend\u00e1\u0159i profesion\u00e1ln\u00ed vzhled.<\/li>\n\n\n\n<li>Dostatek m\u00edsta pro pozn\u00e1mky: Umo\u017e\u0148uje v\u00e1m zaznamen\u00e1vat v\u0161echny d\u016fle\u017eit\u00e9 ud\u00e1losti a \u00fakoly.<\/li>\n\n\n\n<li>Neutr\u00e1ln\u00ed struktura: Absence \u010d\u00edsel t\u00fddn\u016f a p\u0159ednastaven\u00fdch sv\u00e1tk\u016f v\u00e1m d\u00e1v\u00e1 volnost v \u00faprav\u00e1ch a ozna\u010dov\u00e1n\u00ed term\u00edn\u016f podle va\u0161ich p\u0159edstav.<\/li>\n<\/ul>\n\n\n\n<p class=\"wp-block-paragraph\"><strong>Form\u00e1ty a mo\u017enost \u00faprav<\/strong><br>Kalend\u00e1\u0159 je k dispozici ve dvou obl\u00edben\u00fdch form\u00e1tech:<\/p>\n\n\n\n<ul class=\"wp-block-list\">\n<li><strong>PDF:<\/strong> Tento form\u00e1t je ide\u00e1ln\u00ed pro rychl\u00fd tisk. Soubor se otev\u0159e v libovoln\u00e9m PDF prohl\u00ed\u017ee\u010di a m\u016f\u017eete jej okam\u017eit\u011b vytisknout bez dal\u0161\u00edch \u00faprav.<\/li>\n\n\n\n<li><strong>DOCX:<\/strong> Verze ur\u010den\u00e1 pro Microsoft Word poskytuje mo\u017enost komplexn\u00edch \u00faprav. M\u016f\u017eete p\u0159izp\u016fsobit p\u00edsmo, barvy, rozvr\u017een\u00ed a p\u0159idat dal\u0161\u00ed informace podle osobn\u00edch \u010di profesn\u00edch pot\u0159eb.<br>D\u00edky t\u00e9to flexibilit\u011b se kalend\u00e1\u0159 d\u00e1 snadno p\u0159izp\u016fsobit va\u0161emu stylu a zp\u016fsobu pr\u00e1ce.<\/li>\n<\/ul>\n\n\n\n<p class=\"wp-block-paragraph\"><strong>Jak st\u00e1hnout a pou\u017e\u00edvat kalend\u00e1\u0159<\/strong><br>St\u00e1hnut\u00ed kalend\u00e1\u0159e je jednoduch\u00e9:<\/p>\n\n\n\n<ol class=\"wp-block-list\">\n<li>Klikn\u011bte na tla\u010d\u00edtko \u201eSt\u00e1hnout\u201c a vyberte po\u017eadovan\u00fd form\u00e1t (PDF nebo DOCX).<\/li>\n\n\n\n<li>Soubor se automaticky ulo\u017e\u00ed do va\u0161eho po\u010d\u00edta\u010de.<\/li>\n\n\n\n<li>V p\u0159\u00edpad\u011b PDF otev\u0159ete soubor v p\u0159\u00edslu\u0161n\u00e9m prohl\u00ed\u017ee\u010di a vytiskn\u011bte jej na form\u00e1t A4.<\/li>\n\n\n\n<li>U DOCX verze otev\u0159ete soubor v aplikaci Word, prove\u010fte \u00fapravy dle pot\u0159eby a pot\u00e9 jej vytiskn\u011bte.<br>Tento postup zaji\u0161\u0165uje, \u017ee budete m\u00edt praktick\u00fd a ihned pou\u017eiteln\u00fd n\u00e1stroj pro pl\u00e1nov\u00e1n\u00ed za\u010d\u00e1tku roku 2025.<\/li>\n<\/ol>\n\n\n\n<p class=\"wp-block-paragraph\"><strong>Tipy pro efektivn\u00ed pl\u00e1nov\u00e1n\u00ed<\/strong><br>Zde je n\u011bkolik tip\u016f, jak co nejl\u00e9pe vyu\u017e\u00edt tento kalend\u00e1\u0159:<\/p>\n\n\n\n<ul class=\"wp-block-list\">\n<li>Vytiskn\u011bte si v\u00edce kopi\u00ed a um\u00edst\u011bte je na strategick\u00e1 m\u00edsta \u2013 na pracovn\u00ed st\u016fl, do kancel\u00e1\u0159e \u010di dom\u00e1c\u00edho prost\u0159ed\u00ed \u2013 aby byl kalend\u00e1\u0159 v\u017edy po ruce.<\/li>\n\n\n\n<li>Sd\u00edlejte kalend\u00e1\u0159 s kolegy \u010di rodinou a synchronizujte tak spole\u010dn\u00e9 pl\u00e1ny a ud\u00e1losti.<\/li>\n\n\n\n<li>Experimentujte s barevn\u00fdm k\u00f3dov\u00e1n\u00edm d\u016fle\u017eit\u00fdch dn\u00ed nebo \u00fakol\u016f; nap\u0159\u00edklad ozna\u010dte d\u016fle\u017eit\u00e9 sch\u016fzky vybranou barvou, abyste si je l\u00e9pe zapamatovali.<\/li>\n\n\n\n<li>V DOCX verzi m\u016f\u017eete p\u0159idat osobn\u00ed c\u00edle nebo motiva\u010dn\u00ed pozn\u00e1mky, kter\u00e9 v\u00e1m pomohou udr\u017eet se na spr\u00e1vn\u00e9 cest\u011b b\u011bhem prvn\u00edho \u010dtvrtlet\u00ed roku 2025.<\/li>\n<\/ul>\n\n\n\n<h2 class=\"wp-block-heading has-text-align-center\">St\u00e1hn\u011bte si a vytiskn\u011bte si zdarma kalend\u00e1\u0159 leden, \u00fanor, b\u0159ezen 2025<\/h2>\n\n\n\n<figure class=\"wp-block-image size-large\"><img loading=\"lazy\" decoding=\"async\" width=\"724\" height=\"1024\" src=\"https:\/\/kalendare365.eu\/wp-content\/uploads\/2025\/05\/kalendar-leden-unor-brezen-2025-724x1024.webp\" alt=\"\" class=\"wp-image-2986\" srcset=\"https:\/\/kalendare365.eu\/wp-content\/uploads\/2025\/05\/kalendar-leden-unor-brezen-2025-724x1024.webp 724w, https:\/\/kalendare365.eu\/wp-content\/uploads\/2025\/05\/kalendar-leden-unor-brezen-2025-212x300.webp 212w, https:\/\/kalendare365.eu\/wp-content\/uploads\/2025\/05\/kalendar-leden-unor-brezen-2025-768x1086.webp 768w, https:\/\/kalendare365.eu\/wp-content\/uploads\/2025\/05\/kalendar-leden-unor-brezen-2025.webp 800w\" sizes=\"auto, (max-width: 724px) 100vw, 724px\" \/><\/figure>\n\n\n\n<p class=\"has-text-align-center wp-block-paragraph\"><a href=\"https:\/\/kalendare365.eu\/wp-content\/uploads\/2025\/05\/kalendar-leden-unor-brezen-2025.pdf\" target=\"_blank\" rel=\"noreferrer noopener nofollow\">PDF<\/a> | <a href=\"https:\/\/kalendare365.eu\/wp-content\/uploads\/2025\/05\/kalendar-leden-unor-brezen-2025.docx\" target=\"_blank\" rel=\"noreferrer noopener nofollow\">WORD<\/a><\/p>\n\n\n\n<p class=\"wp-block-paragraph\">Kalend\u00e1\u0159 pro leden, \u00fanor a b\u0159ezen 2025 je elegantn\u00edm a praktick\u00fdm n\u00e1strojem, kter\u00fd podpo\u0159\u00ed v\u00e1\u0161 start do nov\u00e9ho roku. D\u00edky sv\u00e9mu kompaktn\u00edmu a p\u0159ehledn\u00e9mu designu spolu s mo\u017enostmi \u00faprav a tisku v r\u016fzn\u00fdch form\u00e1tech se st\u00e1v\u00e1 perfektn\u00edm partnerem pro ka\u017ed\u00e9ho, kdo si cen\u00ed organizace a efektivn\u00edho pl\u00e1nov\u00e1n\u00ed. Za\u010dn\u011bte rok 2025 s jasn\u00fdmi c\u00edli a zorganizovan\u00fdm p\u0159\u00edstupem, kter\u00fd v\u00e1m umo\u017en\u00ed pln\u011b vyu\u017e\u00edt va\u0161eho \u010dasu a potenci\u00e1lu.<\/p>\n","protected":false},"excerpt":{"rendered":"<p>P\u0159edstavujeme v\u00e1m praktick\u00fd kalend\u00e1\u0159 pro leden, \u00fanor a b\u0159ezen 2025, navr\u017een\u00fd pro modern\u00ed u\u017eivatele, kte\u0159\u00ed cht\u011bj\u00ed efektivn\u011b pl\u00e1novat osobn\u00ed i profesn\u00ed aktivity. Tento kompaktn\u00ed kalend\u00e1\u0159 v A4 form\u00e1tu s vertik\u00e1ln\u00ed orientac\u00ed poskytuje p\u0159ehled v\u0161ech t\u0159\u00ed m\u011bs\u00edc\u016f na jednom listu, co\u017e usnad\u0148uje dlouhodob\u00e9 pl\u00e1nov\u00e1n\u00ed a nut\u00ed v\u00e1s udr\u017eovat si p\u0159ehled o d\u016fle\u017eit\u00fdch term\u00ednech. P\u0159ehled kalend\u00e1\u0159eKalend\u00e1\u0159 nab\u00edz\u00ed [&hellip;]<\/p>\n","protected":false},"author":1,"featured_media":0,"comment_status":"open","ping_status":"closed","sticky":false,"template":"","format":"standard","meta":{"footnotes":""},"categories":[5],"tags":[28],"class_list":["post-2970","post","type-post","status-publish","format-standard","hentry","category-leden","tag-28"],"_links":{"self":[{"href":"https:\/\/kalendare365.eu\/index.php?rest_route=\/wp\/v2\/posts\/2970","targetHints":{"allow":["GET"]}}],"collection":[{"href":"https:\/\/kalendare365.eu\/index.php?rest_route=\/wp\/v2\/posts"}],"about":[{"href":"https:\/\/kalendare365.eu\/index.php?rest_route=\/wp\/v2\/types\/post"}],"author":[{"embeddable":true,"href":"https:\/\/kalendare365.eu\/index.php?rest_route=\/wp\/v2\/users\/1"}],"replies":[{"embeddable":true,"href":"https:\/\/kalendare365.eu\/index.php?rest_route=%2Fwp%2Fv2%2Fcomments&post=2970"}],"version-history":[{"count":4,"href":"https:\/\/kalendare365.eu\/index.php?rest_route=\/wp\/v2\/posts\/2970\/revisions"}],"predecessor-version":[{"id":3060,"href":"https:\/\/kalendare365.eu\/index.php?rest_route=\/wp\/v2\/posts\/2970\/revisions\/3060"}],"wp:attachment":[{"href":"https:\/\/kalendare365.eu\/index.php?rest_route=%2Fwp%2Fv2%2Fmedia&parent=2970"}],"wp:term":[{"taxonomy":"category","embeddable":true,"href":"https:\/\/kalendare365.eu\/index.php?rest_route=%2Fwp%2Fv2%2Fcategories&post=2970"},{"taxonomy":"post_tag","embeddable":true,"href":"https:\/\/kalendare365.eu\/index.php?rest_route=%2Fwp%2Fv2%2Ftags&post=2970"}],"curies":[{"name":"wp","href":"https:\/\/api.w.org\/{rel}","templated":true}]}}