{"id":3012,"date":"2025-05-15T18:45:04","date_gmt":"2025-05-15T15:45:04","guid":{"rendered":"https:\/\/kalendare365.eu\/?p=3012"},"modified":"2026-07-14T21:59:32","modified_gmt":"2026-07-14T18:59:32","slug":"kalendar-cerven-cervenec-srpen-2025-2","status":"publish","type":"post","link":"https:\/\/kalendare365.eu\/?p=3012","title":{"rendered":"Kalend\u00e1\u0159 \u010derven, \u010dervenec, srpen 2025"},"content":{"rendered":"\n<p class=\"wp-block-paragraph\">Letn\u00ed obdob\u00ed b\u00fdv\u00e1 dynamick\u00e9, pln\u00e9 cestov\u00e1n\u00ed, pracovn\u00edch povinnost\u00ed i osobn\u00edch pl\u00e1n\u016f. Pr\u00e1v\u011b proto je u\u017eite\u010dn\u00e9 m\u00edt po ruce p\u0159ehledn\u00fd kalend\u00e1\u0159, kter\u00fd v\u00e1m umo\u017en\u00ed organizovat \u010das bez zbyte\u010dn\u00e9ho chaosu. Kalend\u00e1\u0159 pro \u010derven, \u010dervenec a srpen 2025 spojuje t\u0159i m\u011bs\u00edce do jednoho listu, tak\u017ee z\u00edsk\u00e1te jasnou orientaci a dostatek prostoru pro vlastn\u00ed pozn\u00e1mky.<\/p>\n\n\n\n<h2 class=\"wp-block-heading\">\u2728 Pro\u010d vyu\u017e\u00edt kalend\u00e1\u0159 na t\u0159i m\u011bs\u00edce<\/h2>\n\n\n\n<p class=\"wp-block-paragraph\">Kalend\u00e1\u0159 s troj\u00edm m\u011bs\u00ed\u010dn\u00edm p\u0159ehledem je ide\u00e1ln\u00ed pro ka\u017ed\u00e9ho, kdo pot\u0159ebuje pl\u00e1novat dop\u0159edu a m\u00edt v\u0161echny d\u016fle\u017eit\u00e9 term\u00edny na jednom m\u00edst\u011b. D\u00edky vertik\u00e1ln\u00edmu rozlo\u017een\u00ed na form\u00e1tu A4 p\u016fsob\u00ed p\u0159ehledn\u011b, modern\u011b a snadno se pou\u017e\u00edv\u00e1 v kancel\u00e1\u0159i, doma i digit\u00e1ln\u011b.<\/p>\n\n\n\n<h2 class=\"wp-block-heading\">\ud83d\udcc4 Vlastnosti a rozlo\u017een\u00ed kalend\u00e1\u0159e<\/h2>\n\n\n\n<p class=\"wp-block-paragraph\">Kalend\u00e1\u0159 je navr\u017een tak, aby podporoval efektivn\u00ed pl\u00e1nov\u00e1n\u00ed a z\u00e1rove\u0148 nab\u00edzel dostatek flexibility.<\/p>\n\n\n\n<h3 class=\"wp-block-heading\">\u2714 Form\u00e1t a orientace<\/h3>\n\n\n\n<p class=\"wp-block-paragraph\">Kalend\u00e1\u0159 je dostupn\u00fd na jednom listu A4 ve vertik\u00e1ln\u00ed orientaci. D\u00edky tomu se pohodln\u011b tiskne, vkl\u00e1d\u00e1 do po\u0159ada\u010d\u016f nebo p\u0159ip\u00edn\u00e1 na n\u00e1st\u011bnku.<\/p>\n\n\n\n<h3 class=\"wp-block-heading\">\u2714 Prostor pro pozn\u00e1mky<\/h3>\n\n\n\n<p class=\"wp-block-paragraph\">Ka\u017ed\u00fd den m\u00e1 vyhrazen\u00e9 m\u00edsto pro vlastn\u00ed z\u00e1pisy. M\u016f\u017eete si tak snadno zaznamenat sch\u016fzky, \u00fakoly, n\u00e1kupy, rodinn\u00e9 aktivity nebo pracovn\u00ed term\u00edny.<\/p>\n\n\n\n<h3 class=\"wp-block-heading\">\u2714 Bez sv\u00e1tk\u016f a t\u00fddn\u016f<\/h3>\n\n\n\n<p class=\"wp-block-paragraph\">Kalend\u00e1\u0159 neobsahuje \u010d\u00edsla t\u00fddn\u016f ani p\u0159ednastaven\u00e9 sv\u00e1tky. To v\u00e1m umo\u017e\u0148uje p\u0159izp\u016fsobit si jej podle vlastn\u00edch pot\u0159eb, barevn\u011b ozna\u010dovat ud\u00e1losti nebo doplnit vlastn\u00ed syst\u00e9m pl\u00e1nov\u00e1n\u00ed.<\/p>\n\n\n\n<h3 class=\"wp-block-heading\">\u2714 Modern\u00ed vzhled<\/h3>\n\n\n\n<p class=\"wp-block-paragraph\">Neutr\u00e1ln\u00ed barvy a \u010dist\u00e9 linie vytv\u00e1\u0159ej\u00ed profesion\u00e1ln\u00ed a nen\u00e1padn\u00fd design, kter\u00fd se hod\u00ed do ka\u017ed\u00e9ho prost\u0159ed\u00ed.<\/p>\n\n\n\n<h2 class=\"wp-block-heading\">\ud83c\udf1f V\u00fdhody pou\u017e\u00edv\u00e1n\u00ed kalend\u00e1\u0159e<\/h2>\n\n\n\n<ul class=\"wp-block-list\">\n<li>Kompaktn\u00ed p\u0159ehled t\u0159\u00ed m\u011bs\u00edc\u016f na jednom listu<\/li>\n\n\n\n<li>Flexibiln\u00ed \u00fapravy d\u00edky absenci sv\u00e1tk\u016f a t\u00fddn\u016f<\/li>\n\n\n\n<li>Dostatek m\u00edsta pro osobn\u00ed i pracovn\u00ed pozn\u00e1mky<\/li>\n\n\n\n<li>Elegantn\u00ed styl podporuj\u00edc\u00ed lep\u0161\u00ed organizaci<\/li>\n<\/ul>\n\n\n\n<h2 class=\"wp-block-heading\">\ud83d\udce5 Dostupn\u00e9 form\u00e1ty ke sta\u017een\u00ed<\/h2>\n\n\n\n<p class=\"wp-block-paragraph\">Kalend\u00e1\u0159 je p\u0159ipraven ve dvou verz\u00edch, aby vyhovoval r\u016fzn\u00fdm zp\u016fsob\u016fm pou\u017eit\u00ed.<\/p>\n\n\n\n<h3 class=\"wp-block-heading\">\ud83d\udda8 PDF<\/h3>\n\n\n\n<p class=\"wp-block-paragraph\">Ide\u00e1ln\u00ed pro okam\u017eit\u00fd tisk. Sta\u010d\u00ed st\u00e1hnout a vytisknout bez dal\u0161\u00edch \u00faprav.<\/p>\n\n\n\n<h3 class=\"wp-block-heading\">\u270f DOCX<\/h3>\n\n\n\n<p class=\"wp-block-paragraph\">Vhodn\u00fd pro \u00fapravy v Microsoft Wordu. M\u016f\u017eete m\u011bnit p\u00edsmo, barvy, dopl\u0148ovat text, c\u00edle nebo vlastn\u00ed pozn\u00e1mky.<\/p>\n\n\n\n<h2 class=\"wp-block-heading\">\ud83e\udded Jak kalend\u00e1\u0159 st\u00e1hnout a pou\u017e\u00edvat<\/h2>\n\n\n\n<ul class=\"wp-block-list\">\n<li>Vyberte preferovan\u00fd form\u00e1t PDF nebo DOCX<\/li>\n\n\n\n<li>Ulo\u017ete soubor do sv\u00e9ho za\u0159\u00edzen\u00ed<\/li>\n\n\n\n<li>PDF ihned vytiskn\u011bte, DOCX si upravte podle vlastn\u00edch pot\u0159eb<\/li>\n<\/ul>\n\n\n\n<p class=\"wp-block-paragraph\">Kalend\u00e1\u0159 tak snadno p\u0159izp\u016fsob\u00edte sv\u00e9mu pracovn\u00edmu stylu i osobn\u00edm preferenc\u00edm.<\/p>\n\n\n\n<h2 class=\"wp-block-heading\">\ud83d\udca1 Tipy pro efektivn\u00ed pl\u00e1nov\u00e1n\u00ed<\/h2>\n\n\n\n<ul class=\"wp-block-list\">\n<li>Vytiskn\u011bte si v\u00edce kopi\u00ed a um\u00edst\u011bte je na viditeln\u00e1 m\u00edsta<\/li>\n\n\n\n<li>Pou\u017e\u00edvejte barevn\u00e9 zna\u010dky pro r\u016fzn\u00e9 typy ud\u00e1lost\u00ed<\/li>\n\n\n\n<li>Sd\u00edlejte kalend\u00e1\u0159 s rodinou nebo kolegy<\/li>\n\n\n\n<li>Do verze DOCX p\u0159idejte vlastn\u00ed c\u00edle, pozn\u00e1mky nebo motiva\u010dn\u00ed cit\u00e1ty<\/li>\n<\/ul>\n\n\n\n<h2 class=\"wp-block-heading\">\ud83d\udcce St\u00e1hn\u011bte si zdarma kalend\u00e1\u0159 \u010derven\u2013srpen 2025<\/h2>\n\n\n\n<figure class=\"wp-block-image size-large\"><img loading=\"lazy\" decoding=\"async\" width=\"724\" height=\"1024\" src=\"https:\/\/kalendare365.eu\/wp-content\/uploads\/2025\/05\/kalendar-cerven-cervenec-srpen-2025-724x1024.webp\" alt=\"\" class=\"wp-image-3013\" srcset=\"https:\/\/kalendare365.eu\/wp-content\/uploads\/2025\/05\/kalendar-cerven-cervenec-srpen-2025-724x1024.webp 724w, https:\/\/kalendare365.eu\/wp-content\/uploads\/2025\/05\/kalendar-cerven-cervenec-srpen-2025-212x300.webp 212w, https:\/\/kalendare365.eu\/wp-content\/uploads\/2025\/05\/kalendar-cerven-cervenec-srpen-2025-768x1086.webp 768w, https:\/\/kalendare365.eu\/wp-content\/uploads\/2025\/05\/kalendar-cerven-cervenec-srpen-2025.webp 800w\" sizes=\"auto, (max-width: 724px) 100vw, 724px\" \/><\/figure>\n\n\n\n<p class=\"has-text-align-center wp-block-paragraph\"><a href=\"https:\/\/kalendare365.eu\/wp-content\/uploads\/2025\/05\/kalendar-cerven-cervenec-srpen-2025.pdf\" target=\"_blank\" rel=\"noreferrer noopener nofollow\">PDF<\/a> | <a href=\"https:\/\/kalendare365.eu\/wp-content\/uploads\/2025\/05\/kalendar-cerven-cervenec-srpen-2025.docx\" target=\"_blank\" rel=\"noreferrer noopener nofollow\">WORD<\/a><\/p>\n\n\n\n<h1 class=\"wp-block-heading\">Z\u00e1v\u011br<\/h1>\n\n\n\n<p class=\"wp-block-paragraph\">Kalend\u00e1\u0159 pro \u010derven, \u010dervenec a srpen 2025 je praktick\u00fdm n\u00e1strojem, kter\u00fd v\u00e1m pom\u016f\u017ee udr\u017eet si po\u0159\u00e1dek b\u011bhem cel\u00e9ho l\u00e9ta. Nab\u00edz\u00ed p\u0159ehlednost, flexibilitu a elegantn\u00ed vzhled, d\u00edky \u010demu\u017e se st\u00e1v\u00e1 ide\u00e1ln\u00edm pomocn\u00edkem pro osobn\u00ed i pracovn\u00ed pl\u00e1nov\u00e1n\u00ed. St\u00e1hn\u011bte si jej zdarma a p\u0159ipravte se na l\u00e9to pln\u00e9 dob\u0159e zorganizovan\u00fdch aktivit.<\/p>\n","protected":false},"excerpt":{"rendered":"<p>Letn\u00ed obdob\u00ed b\u00fdv\u00e1 dynamick\u00e9, pln\u00e9 cestov\u00e1n\u00ed, pracovn\u00edch povinnost\u00ed i osobn\u00edch pl\u00e1n\u016f. Pr\u00e1v\u011b proto je u\u017eite\u010dn\u00e9 m\u00edt po ruce p\u0159ehledn\u00fd kalend\u00e1\u0159, kter\u00fd v\u00e1m umo\u017en\u00ed organizovat \u010das bez zbyte\u010dn\u00e9ho chaosu. Kalend\u00e1\u0159 pro \u010derven, \u010dervenec a srpen 2025 spojuje t\u0159i m\u011bs\u00edce do jednoho listu, tak\u017ee z\u00edsk\u00e1te jasnou orientaci a dostatek prostoru pro vlastn\u00ed pozn\u00e1mky. \u2728 Pro\u010d vyu\u017e\u00edt kalend\u00e1\u0159 [&hellip;]<\/p>\n","protected":false},"author":1,"featured_media":0,"comment_status":"open","ping_status":"closed","sticky":false,"template":"","format":"standard","meta":{"footnotes":""},"categories":[10],"tags":[28],"class_list":["post-3012","post","type-post","status-publish","format-standard","hentry","category-cerven","tag-28"],"_links":{"self":[{"href":"https:\/\/kalendare365.eu\/index.php?rest_route=\/wp\/v2\/posts\/3012","targetHints":{"allow":["GET"]}}],"collection":[{"href":"https:\/\/kalendare365.eu\/index.php?rest_route=\/wp\/v2\/posts"}],"about":[{"href":"https:\/\/kalendare365.eu\/index.php?rest_route=\/wp\/v2\/types\/post"}],"author":[{"embeddable":true,"href":"https:\/\/kalendare365.eu\/index.php?rest_route=\/wp\/v2\/users\/1"}],"replies":[{"embeddable":true,"href":"https:\/\/kalendare365.eu\/index.php?rest_route=%2Fwp%2Fv2%2Fcomments&post=3012"}],"version-history":[{"count":3,"href":"https:\/\/kalendare365.eu\/index.php?rest_route=\/wp\/v2\/posts\/3012\/revisions"}],"predecessor-version":[{"id":3762,"href":"https:\/\/kalendare365.eu\/index.php?rest_route=\/wp\/v2\/posts\/3012\/revisions\/3762"}],"wp:attachment":[{"href":"https:\/\/kalendare365.eu\/index.php?rest_route=%2Fwp%2Fv2%2Fmedia&parent=3012"}],"wp:term":[{"taxonomy":"category","embeddable":true,"href":"https:\/\/kalendare365.eu\/index.php?rest_route=%2Fwp%2Fv2%2Fcategories&post=3012"},{"taxonomy":"post_tag","embeddable":true,"href":"https:\/\/kalendare365.eu\/index.php?rest_route=%2Fwp%2Fv2%2Ftags&post=3012"}],"curies":[{"name":"wp","href":"https:\/\/api.w.org\/{rel}","templated":true}]}}