{"id":3017,"date":"2025-05-15T19:15:43","date_gmt":"2025-05-15T16:15:43","guid":{"rendered":"https:\/\/kalendare365.eu\/?p=3017"},"modified":"2026-04-09T11:26:01","modified_gmt":"2026-04-09T08:26:01","slug":"kalendar-cervenec-srpen-zari-2025","status":"publish","type":"post","link":"https:\/\/kalendare365.eu\/?p=3017","title":{"rendered":"Kalend\u00e1\u0159 \u010dervenec, srpen, z\u00e1\u0159\u00ed 2025"},"content":{"rendered":"\n<p class=\"wp-block-paragraph\">Pl\u00e1nov\u00e1n\u00ed letn\u00edch a ran\u011b podzimn\u00edch m\u011bs\u00edc\u016f m\u016f\u017ee b\u00fdt n\u00e1ro\u010dn\u00e9 \u2013 dovolen\u00e9, pracovn\u00ed term\u00edny, rodinn\u00e9 akce i n\u00e1vrat do b\u011b\u017en\u00e9ho re\u017eimu po pr\u00e1zdnin\u00e1ch. Pr\u00e1v\u011b proto vznikl praktick\u00fd kalend\u00e1\u0159 pro <strong>\u010dervenec, srpen a z\u00e1\u0159\u00ed 2025<\/strong>, kter\u00fd p\u0159ehledn\u011b spojuje t\u0159i m\u011bs\u00edce na jednom listu a pom\u00e1h\u00e1 udr\u017eet po\u0159\u00e1dek ve v\u0161ech d\u016fle\u017eit\u00fdch \u00fakolech a ud\u00e1lostech.<\/p>\n\n\n\n<hr class=\"wp-block-separator has-alpha-channel-opacity\"\/>\n\n\n\n<h3 class=\"wp-block-heading\"><strong>P\u0159ehled kalend\u00e1\u0159e<\/strong><\/h3>\n\n\n\n<p class=\"wp-block-paragraph\">Kalend\u00e1\u0159 zahrnuje t\u0159i po sob\u011b jdouc\u00ed m\u011bs\u00edce \u2013 \u010dervenec, srpen a z\u00e1\u0159\u00ed 2025 \u2013 uspo\u0159\u00e1dan\u00e9 na jednom listu form\u00e1tu A4 s vertik\u00e1ln\u00ed orientac\u00ed. Ka\u017ed\u00fd den m\u00e1 vlastn\u00ed prostor pro pozn\u00e1mky, tak\u017ee si m\u016f\u017eete zapisovat sch\u016fzky, \u00fakoly, n\u00e1kupy nebo dal\u0161\u00ed d\u016fle\u017eit\u00e9 informace. Kalend\u00e1\u0159 neobsahuje \u010d\u00edsla t\u00fddn\u016f ani vyzna\u010den\u00e9 sv\u00e1tky, co\u017e mu dod\u00e1v\u00e1 neutr\u00e1ln\u00ed vzhled vhodn\u00fd pro jak\u00e9koli pou\u017eit\u00ed.<\/p>\n\n\n\n<h3 class=\"wp-block-heading\"><strong>Design a form\u00e1t<\/strong><\/h3>\n\n\n\n<p class=\"wp-block-paragraph\">Modern\u00ed a \u010dist\u00fd design s jemn\u00fdm barevn\u00fdm sch\u00e9matem se hod\u00ed do dom\u00e1c\u00ed kancel\u00e1\u0159e, pracovny i \u0161koln\u00edho prost\u0159ed\u00ed. Vertik\u00e1ln\u00ed rozvr\u017een\u00ed zaji\u0161\u0165uje p\u0159ehlednost a rychlou orientaci v term\u00ednech. D\u00edky jednoduch\u00e9mu vizu\u00e1ln\u00edmu stylu si kalend\u00e1\u0159 snadno p\u0159izp\u016fsob\u00edte podle sv\u00fdch pot\u0159eb.<\/p>\n\n\n\n<h3 class=\"wp-block-heading\"><strong>V\u00fdhody kalend\u00e1\u0159e<\/strong><\/h3>\n\n\n\n<ul class=\"wp-block-list\">\n<li>Kompaktn\u00ed zobrazen\u00ed t\u0159\u00ed m\u011bs\u00edc\u016f na jednom listu.<\/li>\n\n\n\n<li>Neutr\u00e1ln\u00ed vzhled bez p\u0159ednastaven\u00fdch sv\u00e1tk\u016f a t\u00fddn\u016f.<\/li>\n\n\n\n<li>Prostor pro pozn\u00e1mky u ka\u017ed\u00e9ho dne.<\/li>\n\n\n\n<li>Vhodn\u00fd pro osobn\u00ed i pracovn\u00ed pl\u00e1nov\u00e1n\u00ed.<\/li>\n\n\n\n<li>Ide\u00e1ln\u00ed pro dlouhodob\u00fd p\u0159ehled b\u011bhem dynamick\u00e9ho obdob\u00ed l\u00e9ta a za\u010d\u00e1tku podzimu.<\/li>\n<\/ul>\n\n\n\n<h3 class=\"wp-block-heading\"><strong>Dostupn\u00e9 form\u00e1ty<\/strong><\/h3>\n\n\n\n<p class=\"wp-block-paragraph\">Kalend\u00e1\u0159 je p\u0159ipraven ve dvou verz\u00edch:<\/p>\n\n\n\n<ul class=\"wp-block-list\">\n<li><strong>PDF<\/strong> \u2013 ide\u00e1ln\u00ed pro rychl\u00fd tisk bez \u00faprav.<\/li>\n\n\n\n<li><strong>DOCX (Word)<\/strong> \u2013 vhodn\u00fd pro u\u017eivatele, kte\u0159\u00ed cht\u011bj\u00ed m\u011bnit barvy, p\u00edsmo, rozvr\u017een\u00ed nebo dopl\u0148ovat vlastn\u00ed texty.<\/li>\n<\/ul>\n\n\n\n<h3 class=\"wp-block-heading\"><strong>Jak st\u00e1hnout a pou\u017e\u00edvat kalend\u00e1\u0159<\/strong><\/h3>\n\n\n\n<p class=\"wp-block-paragraph\">Sta\u010d\u00ed kliknout na tla\u010d\u00edtko \u201eSt\u00e1hnout\u201c a vybrat po\u017eadovan\u00fd form\u00e1t. PDF verzi m\u016f\u017eete ihned vytisknout, zat\u00edmco DOCX soubor lze upravit v Microsoft Wordu a n\u00e1sledn\u011b vytisknout. Ob\u011b varianty jsou p\u0159ipraveny pro form\u00e1t A4.<\/p>\n\n\n\n<h3 class=\"wp-block-heading\"><strong>Tipy pro efektivn\u00ed pl\u00e1nov\u00e1n\u00ed<\/strong><\/h3>\n\n\n\n<ul class=\"wp-block-list\">\n<li>Vytiskn\u011bte si v\u00edce kopi\u00ed a um\u00edst\u011bte je na viditeln\u00e1 m\u00edsta.<\/li>\n\n\n\n<li>Pou\u017e\u00edvejte barevn\u00e9 ozna\u010den\u00ed pro r\u016fzn\u00e9 typy ud\u00e1lost\u00ed (nap\u0159. pracovn\u00ed, osobn\u00ed, d\u016fle\u017eit\u00e9).<\/li>\n\n\n\n<li>Do verze DOCX m\u016f\u017eete p\u0159idat motiva\u010dn\u00ed cit\u00e1ty, c\u00edle nebo vlastn\u00ed pozn\u00e1mky.<\/li>\n\n\n\n<li>Kalend\u00e1\u0159 je vhodn\u00fd i pro rodinn\u00e9 pl\u00e1nov\u00e1n\u00ed \u2013 ka\u017ed\u00fd \u010dlen m\u016f\u017ee m\u00edt svou barvu.<\/li>\n<\/ul>\n\n\n\n<hr class=\"wp-block-separator has-alpha-channel-opacity\"\/>\n\n\n\n<h2 class=\"wp-block-heading has-text-align-center\">St\u00e1hn\u011bte si a vytiskn\u011bte si zdarma kalend\u00e1\u0159 \u010dervenec, srpen, z\u00e1\u0159\u00ed 2025<\/h2>\n\n\n\n<figure class=\"wp-block-image size-large\"><img loading=\"lazy\" decoding=\"async\" width=\"724\" height=\"1024\" src=\"https:\/\/kalendare365.eu\/wp-content\/uploads\/2025\/05\/kalendar-cervenec-srpen-zari-2025-724x1024.webp\" alt=\"\" class=\"wp-image-3018\" srcset=\"https:\/\/kalendare365.eu\/wp-content\/uploads\/2025\/05\/kalendar-cervenec-srpen-zari-2025-724x1024.webp 724w, https:\/\/kalendare365.eu\/wp-content\/uploads\/2025\/05\/kalendar-cervenec-srpen-zari-2025-212x300.webp 212w, https:\/\/kalendare365.eu\/wp-content\/uploads\/2025\/05\/kalendar-cervenec-srpen-zari-2025-768x1086.webp 768w, https:\/\/kalendare365.eu\/wp-content\/uploads\/2025\/05\/kalendar-cervenec-srpen-zari-2025.webp 800w\" sizes=\"auto, (max-width: 724px) 100vw, 724px\" \/><\/figure>\n\n\n\n<p class=\"has-text-align-center wp-block-paragraph\"><a href=\"https:\/\/kalendare365.eu\/wp-content\/uploads\/2025\/05\/kalendar-cervenec-srpen-zari-2025.pdf\" target=\"_blank\" rel=\"noreferrer noopener nofollow\">PDF<\/a> | <a href=\"https:\/\/kalendare365.eu\/wp-content\/uploads\/2025\/05\/kalendar-cervenec-srpen-zari-2025.docx\" target=\"_blank\" rel=\"noreferrer noopener nofollow\">WORD<\/a><\/p>\n\n\n\n<h3 class=\"wp-block-heading\"><strong>Z\u00e1v\u011br<\/strong><\/h3>\n\n\n\n<p class=\"wp-block-paragraph\">Kalend\u00e1\u0159 pro <strong>\u010dervenec, srpen a z\u00e1\u0159\u00ed 2025<\/strong> je spolehliv\u00fdm pomocn\u00edkem pro ka\u017ed\u00e9ho, kdo chce m\u00edt sv\u00e9 letn\u00ed i podzimn\u00ed aktivity pod kontrolou. Nab\u00edz\u00ed p\u0159ehlednost, flexibilitu a mo\u017enost \u00faprav, d\u00edky \u010demu\u017e se snadno p\u0159izp\u016fsob\u00ed va\u0161emu stylu pl\u00e1nov\u00e1n\u00ed. St\u00e1hn\u011bte si jej zdarma a u\u017eijte si organizovan\u00e9 a klidn\u011bj\u0161\u00ed obdob\u00ed pln\u00e9 d\u016fle\u017eit\u00fdch ud\u00e1lost\u00ed i p\u0159\u00edjemn\u00fdch chvil.<\/p>\n","protected":false},"excerpt":{"rendered":"<p>Pl\u00e1nov\u00e1n\u00ed letn\u00edch a ran\u011b podzimn\u00edch m\u011bs\u00edc\u016f m\u016f\u017ee b\u00fdt n\u00e1ro\u010dn\u00e9 \u2013 dovolen\u00e9, pracovn\u00ed term\u00edny, rodinn\u00e9 akce i n\u00e1vrat do b\u011b\u017en\u00e9ho re\u017eimu po pr\u00e1zdnin\u00e1ch. Pr\u00e1v\u011b proto vznikl praktick\u00fd kalend\u00e1\u0159 pro \u010dervenec, srpen a z\u00e1\u0159\u00ed 2025, kter\u00fd p\u0159ehledn\u011b spojuje t\u0159i m\u011bs\u00edce na jednom listu a pom\u00e1h\u00e1 udr\u017eet po\u0159\u00e1dek ve v\u0161ech d\u016fle\u017eit\u00fdch \u00fakolech a ud\u00e1lostech. P\u0159ehled kalend\u00e1\u0159e Kalend\u00e1\u0159 zahrnuje [&hellip;]<\/p>\n","protected":false},"author":1,"featured_media":0,"comment_status":"open","ping_status":"closed","sticky":false,"template":"","format":"standard","meta":{"footnotes":""},"categories":[11],"tags":[28],"class_list":["post-3017","post","type-post","status-publish","format-standard","hentry","category-cervenec","tag-28"],"_links":{"self":[{"href":"https:\/\/kalendare365.eu\/index.php?rest_route=\/wp\/v2\/posts\/3017","targetHints":{"allow":["GET"]}}],"collection":[{"href":"https:\/\/kalendare365.eu\/index.php?rest_route=\/wp\/v2\/posts"}],"about":[{"href":"https:\/\/kalendare365.eu\/index.php?rest_route=\/wp\/v2\/types\/post"}],"author":[{"embeddable":true,"href":"https:\/\/kalendare365.eu\/index.php?rest_route=\/wp\/v2\/users\/1"}],"replies":[{"embeddable":true,"href":"https:\/\/kalendare365.eu\/index.php?rest_route=%2Fwp%2Fv2%2Fcomments&post=3017"}],"version-history":[{"count":2,"href":"https:\/\/kalendare365.eu\/index.php?rest_route=\/wp\/v2\/posts\/3017\/revisions"}],"predecessor-version":[{"id":3564,"href":"https:\/\/kalendare365.eu\/index.php?rest_route=\/wp\/v2\/posts\/3017\/revisions\/3564"}],"wp:attachment":[{"href":"https:\/\/kalendare365.eu\/index.php?rest_route=%2Fwp%2Fv2%2Fmedia&parent=3017"}],"wp:term":[{"taxonomy":"category","embeddable":true,"href":"https:\/\/kalendare365.eu\/index.php?rest_route=%2Fwp%2Fv2%2Fcategories&post=3017"},{"taxonomy":"post_tag","embeddable":true,"href":"https:\/\/kalendare365.eu\/index.php?rest_route=%2Fwp%2Fv2%2Ftags&post=3017"}],"curies":[{"name":"wp","href":"https:\/\/api.w.org\/{rel}","templated":true}]}}