{"id":3027,"date":"2025-05-15T20:12:22","date_gmt":"2025-05-15T17:12:22","guid":{"rendered":"https:\/\/kalendare365.eu\/?p=3027"},"modified":"2026-04-16T11:43:54","modified_gmt":"2026-04-16T08:43:54","slug":"kalendar-zari-rijen-listopad-2025","status":"publish","type":"post","link":"https:\/\/kalendare365.eu\/?p=3027","title":{"rendered":"Kalend\u00e1\u0159 z\u00e1\u0159\u00ed, \u0159\u00edjen, listopad 2025"},"content":{"rendered":"\n<p class=\"wp-block-paragraph\">Podzimn\u00ed m\u011bs\u00edce \u010dasto p\u0159in\u00e1\u0161ej\u00ed zv\u00fd\u0161en\u00e9 pracovn\u00ed tempo, n\u00e1vrat k\u202fb\u011b\u017en\u00e9mu re\u017eimu a pot\u0159ebu m\u00edt v\u0161echny \u00fakoly jasn\u011b uspo\u0159\u00e1dan\u00e9. Proto jsme p\u0159ipravili praktick\u00fd t\u0159\u00ed\u00adm\u011bs\u00ed\u010dn\u00ed kalend\u00e1\u0159 pro z\u00e1\u0159\u00ed, \u0159\u00edjen a listopad 2025, kter\u00fd v\u00e1m pom\u016f\u017ee udr\u017eet si po\u0159\u00e1dek v povinnostech i osobn\u00edch pl\u00e1nech. D\u00edky p\u0159ehledn\u00e9mu rozvr\u017een\u00ed na jednom listu z\u00edsk\u00e1te rychl\u00fd p\u0159\u00edstup ke v\u0161em d\u016fle\u017eit\u00fdm informac\u00edm na cel\u00e9 obdob\u00ed.<\/p>\n\n\n\n<hr class=\"wp-block-separator has-alpha-channel-opacity\"\/>\n\n\n\n<h2 class=\"wp-block-heading\"><strong>P\u0159ehled kalend\u00e1\u0159e<\/strong><\/h2>\n\n\n\n<p class=\"wp-block-paragraph\">Kalend\u00e1\u0159 zobrazuje t\u0159i m\u011bs\u00edce \u2013 z\u00e1\u0159\u00ed, \u0159\u00edjen a listopad 2025 \u2013 na jednom listu form\u00e1tu A4 s\u202fvertik\u00e1ln\u00ed orientac\u00ed. Ka\u017ed\u00fd den obsahuje prostor pro vlastn\u00ed pozn\u00e1mky, tak\u017ee si m\u016f\u017eete zapisovat sch\u016fzky, \u00fakoly, n\u00e1kupy nebo dal\u0161\u00ed d\u016fle\u017eit\u00e9 informace. Kalend\u00e1\u0159 neobsahuje \u010d\u00edsla t\u00fddn\u016f ani p\u0159ednastaven\u00e9 sv\u00e1tky, co\u017e umo\u017e\u0148uje maxim\u00e1ln\u00ed flexibilitu p\u0159i vlastn\u00edm dopl\u0148ov\u00e1n\u00ed.<\/p>\n\n\n\n<hr class=\"wp-block-separator has-alpha-channel-opacity\"\/>\n\n\n\n<h2 class=\"wp-block-heading\"><strong>Design a form\u00e1t<\/strong><\/h2>\n\n\n\n<p class=\"wp-block-paragraph\">Modern\u00ed, \u010dist\u00fd a univerz\u00e1ln\u00ed vzhled kalend\u00e1\u0159e se hod\u00ed do dom\u00e1c\u00ed kancel\u00e1\u0159e, pracovny i \u0161koln\u00edho prost\u0159ed\u00ed. Vertik\u00e1ln\u00ed orientace poskytuje dostatek m\u00edsta pro z\u00e1pisky a z\u00e1rove\u0148 zaji\u0161\u0165uje p\u0159ehledn\u00e9 uspo\u0159\u00e1d\u00e1n\u00ed informac\u00ed. Barevn\u00e9 sch\u00e9ma je sv\u011b\u017e\u00ed, ale neru\u0161iv\u00e9, tak\u017ee kalend\u00e1\u0159 p\u016fsob\u00ed profesion\u00e1ln\u011b.<\/p>\n\n\n\n<hr class=\"wp-block-separator has-alpha-channel-opacity\"\/>\n\n\n\n<h2 class=\"wp-block-heading\"><strong>Hlavn\u00ed v\u00fdhody<\/strong><\/h2>\n\n\n\n<ul class=\"wp-block-list\">\n<li><strong>T\u0159i m\u011bs\u00edce na jednom listu<\/strong> \u2013 ide\u00e1ln\u00ed pro dlouhodob\u00e9 pl\u00e1nov\u00e1n\u00ed.<\/li>\n\n\n\n<li><strong>Neutr\u00e1ln\u00ed proveden\u00ed<\/strong> \u2013 \u017e\u00e1dn\u00e9 sv\u00e1tky ani \u010d\u00edsla t\u00fddn\u016f, v\u0161e si p\u0159izp\u016fsob\u00edte podle sebe.<\/li>\n\n\n\n<li><strong>Dostatek m\u00edsta pro pozn\u00e1mky<\/strong> \u2013 ka\u017ed\u00fd den m\u00e1 vlastn\u00ed prostor.<\/li>\n\n\n\n<li><strong>Estetick\u00fd vzhled<\/strong> \u2013 modern\u00ed design podporuje p\u0159\u00edjemn\u00e9 pracovn\u00ed prost\u0159ed\u00ed.<\/li>\n<\/ul>\n\n\n\n<hr class=\"wp-block-separator has-alpha-channel-opacity\"\/>\n\n\n\n<h2 class=\"wp-block-heading\"><strong>Dostupn\u00e9 form\u00e1ty<\/strong><\/h2>\n\n\n\n<p class=\"wp-block-paragraph\">Kalend\u00e1\u0159 je p\u0159ipraven ve dvou verz\u00edch:<\/p>\n\n\n\n<ul class=\"wp-block-list\">\n<li><strong>PDF<\/strong> \u2013 vhodn\u00e9 pro rychl\u00fd tisk bez \u00faprav.<\/li>\n\n\n\n<li><strong>DOCX<\/strong> \u2013 ide\u00e1ln\u00ed pro ty, kte\u0159\u00ed cht\u011bj\u00ed m\u011bnit barvy, p\u00edsmo, rozvr\u017een\u00ed nebo dopl\u0148ovat vlastn\u00ed texty.<\/li>\n<\/ul>\n\n\n\n<hr class=\"wp-block-separator has-alpha-channel-opacity\"\/>\n\n\n\n<h2 class=\"wp-block-heading\"><strong>Jak st\u00e1hnout a pou\u017e\u00edvat kalend\u00e1\u0159<\/strong><\/h2>\n\n\n\n<p class=\"wp-block-paragraph\">Sta\u010d\u00ed kliknout na tla\u010d\u00edtko \u201eSt\u00e1hnout\u201c a vybrat form\u00e1t, kter\u00fd v\u00e1m vyhovuje.<br>PDF otev\u0159ete v libovoln\u00e9m prohl\u00ed\u017ee\u010di a vytisknete na A4.<br>DOCX m\u016f\u017eete upravit v Microsoft Wordu a pot\u00e9 vytisknout p\u0159esn\u011b podle sv\u00fdch pot\u0159eb.<\/p>\n\n\n\n<hr class=\"wp-block-separator has-alpha-channel-opacity\"\/>\n\n\n\n<h2 class=\"wp-block-heading\"><strong>Tipy pro efektivn\u00ed pl\u00e1nov\u00e1n\u00ed<\/strong><\/h2>\n\n\n\n<ul class=\"wp-block-list\">\n<li>Um\u00edst\u011bte si vyti\u0161t\u011bn\u00fd kalend\u00e1\u0159 na viditeln\u00e9 m\u00edsto \u2013 pracovn\u00ed st\u016fl, n\u00e1st\u011bnku nebo kuchy\u0148.<\/li>\n\n\n\n<li>Pou\u017e\u00edvejte barevn\u00e9 ozna\u010den\u00ed pro r\u016fzn\u00e9 typy aktivit.<\/li>\n\n\n\n<li>Sd\u00edlejte kalend\u00e1\u0159 s rodinou nebo kolegy, aby m\u011bli p\u0159ehled o spole\u010dn\u00fdch pl\u00e1nech.<\/li>\n\n\n\n<li>Do verze DOCX si m\u016f\u017eete p\u0159idat motiva\u010dn\u00ed pozn\u00e1mky nebo osobn\u00ed c\u00edle.<\/li>\n<\/ul>\n\n\n\n<hr class=\"wp-block-separator has-alpha-channel-opacity\"\/>\n\n\n\n<h2 class=\"wp-block-heading has-text-align-center\">St\u00e1hn\u011bte si a vytiskn\u011bte si zdarma kalend\u00e1\u0159 z\u00e1\u0159\u00ed, \u0159\u00edjen, listopad 2025<\/h2>\n\n\n\n<figure class=\"wp-block-image size-large\"><img loading=\"lazy\" decoding=\"async\" width=\"724\" height=\"1024\" src=\"https:\/\/kalendare365.eu\/wp-content\/uploads\/2025\/05\/kalendar-zari-rijen-listopad-2025-724x1024.webp\" alt=\"\" class=\"wp-image-3028\" srcset=\"https:\/\/kalendare365.eu\/wp-content\/uploads\/2025\/05\/kalendar-zari-rijen-listopad-2025-724x1024.webp 724w, https:\/\/kalendare365.eu\/wp-content\/uploads\/2025\/05\/kalendar-zari-rijen-listopad-2025-212x300.webp 212w, https:\/\/kalendare365.eu\/wp-content\/uploads\/2025\/05\/kalendar-zari-rijen-listopad-2025-768x1086.webp 768w, https:\/\/kalendare365.eu\/wp-content\/uploads\/2025\/05\/kalendar-zari-rijen-listopad-2025.webp 800w\" sizes=\"auto, (max-width: 724px) 100vw, 724px\" \/><\/figure>\n\n\n\n<p class=\"has-text-align-center wp-block-paragraph\"><a href=\"https:\/\/kalendare365.eu\/wp-content\/uploads\/2025\/05\/kalendar-zari-rijen-listopad-2025.pdf\" target=\"_blank\" rel=\"noreferrer noopener nofollow\">PDF<\/a> | <a href=\"https:\/\/kalendare365.eu\/wp-content\/uploads\/2025\/05\/kalendar-zari-rijen-listopad-2025.docx\" target=\"_blank\" rel=\"noreferrer noopener nofollow\">WORD<\/a><\/p>\n\n\n\n<h3 class=\"wp-block-heading\"><strong>Z\u00e1v\u011br<\/strong><\/h3>\n\n\n\n<p class=\"wp-block-paragraph\">Tento t\u0159\u00ed\u00adm\u011bs\u00ed\u010dn\u00ed kalend\u00e1\u0159 pro z\u00e1\u0159\u00ed, \u0159\u00edjen a listopad 2025 je skv\u011bl\u00fdm pomocn\u00edkem pro ka\u017ed\u00e9ho, kdo chce m\u00edt sv\u00e9 pl\u00e1ny pod kontrolou i b\u011bhem ru\u0161n\u00e9ho podzimu. D\u00edky p\u0159ehledn\u00e9mu rozvr\u017een\u00ed, mo\u017enosti \u00faprav a modern\u00edmu designu z\u00edsk\u00e1te n\u00e1stroj, kter\u00fd v\u00e1m pom\u016f\u017ee l\u00e9pe organizovat \u010das a soust\u0159edit se na to, co je d\u016fle\u017eit\u00e9. St\u00e1hn\u011bte si kalend\u00e1\u0159 zdarma, p\u0159izp\u016fsobte si ho podle sebe a u\u017eijte si efektivn\u00ed pl\u00e1nov\u00e1n\u00ed.<\/p>\n","protected":false},"excerpt":{"rendered":"<p>Podzimn\u00ed m\u011bs\u00edce \u010dasto p\u0159in\u00e1\u0161ej\u00ed zv\u00fd\u0161en\u00e9 pracovn\u00ed tempo, n\u00e1vrat k\u202fb\u011b\u017en\u00e9mu re\u017eimu a pot\u0159ebu m\u00edt v\u0161echny \u00fakoly jasn\u011b uspo\u0159\u00e1dan\u00e9. Proto jsme p\u0159ipravili praktick\u00fd t\u0159\u00ed\u00adm\u011bs\u00ed\u010dn\u00ed kalend\u00e1\u0159 pro z\u00e1\u0159\u00ed, \u0159\u00edjen a listopad 2025, kter\u00fd v\u00e1m pom\u016f\u017ee udr\u017eet si po\u0159\u00e1dek v povinnostech i osobn\u00edch pl\u00e1nech. D\u00edky p\u0159ehledn\u00e9mu rozvr\u017een\u00ed na jednom listu z\u00edsk\u00e1te rychl\u00fd p\u0159\u00edstup ke v\u0161em d\u016fle\u017eit\u00fdm informac\u00edm na cel\u00e9 [&hellip;]<\/p>\n","protected":false},"author":1,"featured_media":0,"comment_status":"open","ping_status":"closed","sticky":false,"template":"","format":"standard","meta":{"footnotes":""},"categories":[13],"tags":[28],"class_list":["post-3027","post","type-post","status-publish","format-standard","hentry","category-zari","tag-28"],"_links":{"self":[{"href":"https:\/\/kalendare365.eu\/index.php?rest_route=\/wp\/v2\/posts\/3027","targetHints":{"allow":["GET"]}}],"collection":[{"href":"https:\/\/kalendare365.eu\/index.php?rest_route=\/wp\/v2\/posts"}],"about":[{"href":"https:\/\/kalendare365.eu\/index.php?rest_route=\/wp\/v2\/types\/post"}],"author":[{"embeddable":true,"href":"https:\/\/kalendare365.eu\/index.php?rest_route=\/wp\/v2\/users\/1"}],"replies":[{"embeddable":true,"href":"https:\/\/kalendare365.eu\/index.php?rest_route=%2Fwp%2Fv2%2Fcomments&post=3027"}],"version-history":[{"count":2,"href":"https:\/\/kalendare365.eu\/index.php?rest_route=\/wp\/v2\/posts\/3027\/revisions"}],"predecessor-version":[{"id":3607,"href":"https:\/\/kalendare365.eu\/index.php?rest_route=\/wp\/v2\/posts\/3027\/revisions\/3607"}],"wp:attachment":[{"href":"https:\/\/kalendare365.eu\/index.php?rest_route=%2Fwp%2Fv2%2Fmedia&parent=3027"}],"wp:term":[{"taxonomy":"category","embeddable":true,"href":"https:\/\/kalendare365.eu\/index.php?rest_route=%2Fwp%2Fv2%2Fcategories&post=3027"},{"taxonomy":"post_tag","embeddable":true,"href":"https:\/\/kalendare365.eu\/index.php?rest_route=%2Fwp%2Fv2%2Ftags&post=3027"}],"curies":[{"name":"wp","href":"https:\/\/api.w.org\/{rel}","templated":true}]}}