{"id":3043,"date":"2025-05-15T22:18:42","date_gmt":"2025-05-15T19:18:42","guid":{"rendered":"https:\/\/kalendare365.eu\/?p=3043"},"modified":"2026-06-08T11:19:59","modified_gmt":"2026-06-08T08:19:59","slug":"kalendar-na-listopad-prosinec-2025-a-leden-2026","status":"publish","type":"post","link":"https:\/\/kalendare365.eu\/?p=3043","title":{"rendered":"Kalend\u00e1\u0159 na listopad, prosinec 2025 a leden 2026"},"content":{"rendered":"\n<p class=\"wp-block-paragraph\">Obdob\u00ed mezi koncem roku 2025 a za\u010d\u00e1tkem roku 2026 b\u00fdv\u00e1 n\u00e1ro\u010dn\u00e9 na pl\u00e1nov\u00e1n\u00ed. Pracovn\u00ed povinnosti se prol\u00ednaj\u00ed s osobn\u00edmi z\u00e1vazky, p\u0159\u00edpravami na sv\u00e1tky i novoro\u010dn\u00edmi pl\u00e1ny. Praktick\u00fd kalend\u00e1\u0159 pro listopad, prosinec 2025 a leden 2026 v\u00e1m umo\u017en\u00ed m\u00edt v\u0161echny d\u016fle\u017eit\u00e9 informace p\u0159ehledn\u011b na jednom m\u00edst\u011b. D\u00edky vertik\u00e1ln\u00edmu rozvr\u017een\u00ed na form\u00e1tu A4 z\u00edsk\u00e1te jasn\u00fd a kompaktn\u00ed n\u00e1stroj, kter\u00fd usnadn\u00ed organizaci cel\u00e9ho t\u0159\u00ed\u00adm\u011bs\u00ed\u010dn\u00edho obdob\u00ed.<\/p>\n\n\n\n<h2 class=\"wp-block-heading\">P\u0159ehled kalend\u00e1\u0159e<\/h2>\n\n\n\n<p class=\"wp-block-paragraph\">Kalend\u00e1\u0159 zahrnuje t\u0159i po sob\u011b jdouc\u00ed m\u011bs\u00edce, kter\u00e9 tvo\u0159\u00ed p\u0159echod mezi z\u00e1v\u011brem roku a jeho nov\u00fdm za\u010d\u00e1tkem. Ka\u017ed\u00fd den m\u00e1 vyhrazen\u00fd prostor pro pozn\u00e1mky, sch\u016fzky, \u00fakoly nebo osobn\u00ed p\u0159ipom\u00ednky. Neutr\u00e1ln\u00ed vzhled bez \u010d\u00edsel t\u00fddn\u016f a bez zv\u00fdrazn\u011bn\u00fdch sv\u00e1tk\u016f umo\u017e\u0148uje p\u0159izp\u016fsobit si kalend\u00e1\u0159 podle vlastn\u00edch pot\u0159eb a ozna\u010dit si pouze ty ud\u00e1losti, kter\u00e9 jsou pro v\u00e1s skute\u010dn\u011b d\u016fle\u017eit\u00e9.<\/p>\n\n\n\n<h2 class=\"wp-block-heading\">Design a form\u00e1t<\/h2>\n\n\n\n<p class=\"wp-block-paragraph\">Kalend\u00e1\u0159 je navr\u017een v modern\u00edm, \u010dist\u00e9m stylu s jemn\u00fdm barevn\u00fdm lad\u011bn\u00edm, kter\u00e9 p\u016fsob\u00ed profesion\u00e1ln\u011b a neru\u0161\u00ed p\u0159i ka\u017edodenn\u00edm pou\u017e\u00edv\u00e1n\u00ed. Vertik\u00e1ln\u00ed orientace form\u00e1tu A4 zaji\u0161\u0165uje p\u0159ehledn\u00e9 uspo\u0159\u00e1d\u00e1n\u00ed jednotliv\u00fdch dn\u00ed a rychlou orientaci v datech. Tento typ rozvr\u017een\u00ed je vhodn\u00fd jak pro pracovn\u00ed prost\u0159ed\u00ed, tak pro dom\u00e1c\u00ed pl\u00e1nov\u00e1n\u00ed.<\/p>\n\n\n\n<h2 class=\"wp-block-heading\">V\u00fdhody kalend\u00e1\u0159e<\/h2>\n\n\n\n<p class=\"wp-block-paragraph\">Pou\u017e\u00edv\u00e1n\u00ed t\u0159\u00ed\u00adm\u011bs\u00ed\u010dn\u00edho kalend\u00e1\u0159e p\u0159in\u00e1\u0161\u00ed n\u011bkolik praktick\u00fdch v\u00fdhod:<\/p>\n\n\n\n<ul class=\"wp-block-list\">\n<li>Kompaktn\u00ed p\u0159ehled t\u0159\u00ed m\u011bs\u00edc\u016f na jednom listu umo\u017e\u0148uje snadn\u00e9 dlouhodob\u00e9 pl\u00e1nov\u00e1n\u00ed a rychlou orientaci v nadch\u00e1zej\u00edc\u00edch t\u00fddnech.<\/li>\n\n\n\n<li>Flexibiln\u00ed \u00fapravy d\u00edky neutr\u00e1ln\u00edmu designu poskytuj\u00ed prostor pro vlastn\u00ed ozna\u010den\u00ed sv\u00e1tk\u016f, ud\u00e1lost\u00ed \u010di priorit.<\/li>\n\n\n\n<li>Dostatek m\u00edsta pro pozn\u00e1mky usnad\u0148uje zapisov\u00e1n\u00ed pracovn\u00edch i osobn\u00edch \u00fakol\u016f.<\/li>\n\n\n\n<li>Sez\u00f3nn\u00ed n\u00e1vaznost propojuje z\u00e1v\u011br roku 2025 s \u00favodem roku 2026, co\u017e pom\u00e1h\u00e1 p\u0159i pl\u00e1nov\u00e1n\u00ed projekt\u016f, dovolen\u00fdch i rodinn\u00fdch aktivit.<\/li>\n<\/ul>\n\n\n\n<h2 class=\"wp-block-heading\">Dostupn\u00e9 form\u00e1ty<\/h2>\n\n\n\n<p class=\"wp-block-paragraph\">Kalend\u00e1\u0159 je p\u0159ipraven ve dvou form\u00e1tech, aby vyhovoval r\u016fzn\u00fdm zp\u016fsob\u016fm pou\u017eit\u00ed.<\/p>\n\n\n\n<h3 class=\"wp-block-heading\">PDF<\/h3>\n\n\n\n<p class=\"wp-block-paragraph\">Vhodn\u00e9 pro okam\u017eit\u00fd tisk bez nutnosti \u00faprav. Otev\u0159e se v libovoln\u00e9m PDF prohl\u00ed\u017ee\u010di a zachov\u00e1 p\u016fvodn\u00ed vzhled.<\/p>\n\n\n\n<h3 class=\"wp-block-heading\">DOCX<\/h3>\n\n\n\n<p class=\"wp-block-paragraph\">Ide\u00e1ln\u00ed pro ty, kte\u0159\u00ed cht\u011bj\u00ed kalend\u00e1\u0159 p\u0159izp\u016fsobit. Umo\u017e\u0148uje m\u011bnit p\u00edsmo, barvy, rozvr\u017een\u00ed nebo doplnit vlastn\u00ed texty a grafick\u00e9 prvky.<\/p>\n\n\n\n<h2 class=\"wp-block-heading\">Jak st\u00e1hnout a pou\u017e\u00edvat kalend\u00e1\u0159<\/h2>\n\n\n\n<p class=\"wp-block-paragraph\">St\u00e1hnut\u00ed i pou\u017e\u00edv\u00e1n\u00ed kalend\u00e1\u0159e je jednoduch\u00e9:<\/p>\n\n\n\n<ul class=\"wp-block-list\">\n<li>Vyberte form\u00e1t ke sta\u017een\u00ed podle toho, zda chcete tisknout nebo upravovat.<\/li>\n\n\n\n<li>Soubor se ulo\u017e\u00ed do va\u0161eho za\u0159\u00edzen\u00ed.<\/li>\n\n\n\n<li>PDF verzi sta\u010d\u00ed otev\u0159\u00edt a vytisknout na form\u00e1t A4.<\/li>\n\n\n\n<li>DOCX verzi lze upravit v Microsoft Word a n\u00e1sledn\u011b vytisknout.<\/li>\n<\/ul>\n\n\n\n<h2 class=\"wp-block-heading\">Tipy pro efektivn\u00ed pl\u00e1nov\u00e1n\u00ed<\/h2>\n\n\n\n<p class=\"wp-block-paragraph\">Pro maxim\u00e1ln\u00ed vyu\u017eit\u00ed kalend\u00e1\u0159e m\u016f\u017eete vyzkou\u0161et n\u011bkolik praktick\u00fdch doporu\u010den\u00ed:<\/p>\n\n\n\n<ul class=\"wp-block-list\">\n<li>Um\u00edst\u011bn\u00ed v\u00edce kopi\u00ed na m\u00edsta, kde tr\u00e1v\u00edte nejv\u00edce \u010dasu, nap\u0159\u00edklad na pracovn\u00ed st\u016fl nebo do kuchyn\u011b.<\/li>\n\n\n\n<li>Barevn\u00e9 ozna\u010dov\u00e1n\u00ed pro rozli\u0161en\u00ed pracovn\u00edch, osobn\u00edch \u010di rodinn\u00fdch ud\u00e1lost\u00ed.<\/li>\n\n\n\n<li>Sd\u00edlen\u00ed s ostatn\u00edmi pro slad\u011bn\u00ed spole\u010dn\u00fdch pl\u00e1n\u016f.<\/li>\n\n\n\n<li>P\u0159id\u00e1n\u00ed motiva\u010dn\u00edch prvk\u016f do verze DOCX, kter\u00e9 zp\u0159\u00edjemn\u00ed ka\u017edodenn\u00ed organizaci.<\/li>\n<\/ul>\n\n\n\n<h2 class=\"wp-block-heading has-text-align-center\">St\u00e1hn\u011bte si a vytiskn\u011bte si zdarma kalend\u00e1\u0159 na listopad, prosinec 2025 a leden 2026<\/h2>\n\n\n\n<figure class=\"wp-block-image size-large\"><img loading=\"lazy\" decoding=\"async\" width=\"724\" height=\"1024\" src=\"https:\/\/kalendare365.eu\/wp-content\/uploads\/2025\/05\/calendar-noyabr-dekabr-2025-yanvar-2026-724x1024.webp\" alt=\"\" class=\"wp-image-3045\" srcset=\"https:\/\/kalendare365.eu\/wp-content\/uploads\/2025\/05\/calendar-noyabr-dekabr-2025-yanvar-2026-724x1024.webp 724w, https:\/\/kalendare365.eu\/wp-content\/uploads\/2025\/05\/calendar-noyabr-dekabr-2025-yanvar-2026-212x300.webp 212w, https:\/\/kalendare365.eu\/wp-content\/uploads\/2025\/05\/calendar-noyabr-dekabr-2025-yanvar-2026-768x1086.webp 768w, https:\/\/kalendare365.eu\/wp-content\/uploads\/2025\/05\/calendar-noyabr-dekabr-2025-yanvar-2026.webp 800w\" sizes=\"auto, (max-width: 724px) 100vw, 724px\" \/><\/figure>\n\n\n\n<p class=\"has-text-align-center wp-block-paragraph\"><a href=\"https:\/\/kalendare365.eu\/wp-content\/uploads\/2025\/05\/calendar-noyabr-dekabr-2025-yanvar-2026.pdf\" target=\"_blank\" rel=\"noreferrer noopener nofollow\">PDF<\/a> | <a href=\"https:\/\/kalendare365.eu\/wp-content\/uploads\/2025\/05\/calendar-noyabr-dekabr-2025-yanvar-2026.docx\" target=\"_blank\" rel=\"noreferrer noopener nofollow\">WORD<\/a><\/p>\n\n\n\n<h2 class=\"wp-block-heading\">Z\u00e1v\u011br<\/h2>\n\n\n\n<p class=\"wp-block-paragraph\">Kalend\u00e1\u0159 na listopad, prosinec 2025 a leden 2026 p\u0159edstavuje praktick\u00fd n\u00e1stroj pro ka\u017ed\u00e9ho, kdo chce m\u00edt jasn\u00fd p\u0159ehled o sv\u00fdch povinnostech i voln\u00e9m \u010dase v obdob\u00ed p\u0159elomu roku. D\u00edky p\u0159ehledn\u00e9mu designu, mo\u017enosti \u00faprav a dostupnosti ve dvou form\u00e1tech z\u00edsk\u00e1te flexibiln\u00ed pom\u016fcku, kter\u00e1 v\u00e1m pom\u016f\u017ee l\u00e9pe pl\u00e1novat a organizovat ka\u017edodenn\u00ed \u017eivot. Sta\u010d\u00ed jej st\u00e1hnout, vytisknout a za\u010d\u00edt pou\u017e\u00edvat.<\/p>\n","protected":false},"excerpt":{"rendered":"<p>Obdob\u00ed mezi koncem roku 2025 a za\u010d\u00e1tkem roku 2026 b\u00fdv\u00e1 n\u00e1ro\u010dn\u00e9 na pl\u00e1nov\u00e1n\u00ed. Pracovn\u00ed povinnosti se prol\u00ednaj\u00ed s osobn\u00edmi z\u00e1vazky, p\u0159\u00edpravami na sv\u00e1tky i novoro\u010dn\u00edmi pl\u00e1ny. Praktick\u00fd kalend\u00e1\u0159 pro listopad, prosinec 2025 a leden 2026 v\u00e1m umo\u017en\u00ed m\u00edt v\u0161echny d\u016fle\u017eit\u00e9 informace p\u0159ehledn\u011b na jednom m\u00edst\u011b. D\u00edky vertik\u00e1ln\u00edmu rozvr\u017een\u00ed na form\u00e1tu A4 z\u00edsk\u00e1te jasn\u00fd a kompaktn\u00ed [&hellip;]<\/p>\n","protected":false},"author":1,"featured_media":0,"comment_status":"open","ping_status":"closed","sticky":false,"template":"","format":"standard","meta":{"footnotes":""},"categories":[15],"tags":[28],"class_list":["post-3043","post","type-post","status-publish","format-standard","hentry","category-listopad","tag-28"],"_links":{"self":[{"href":"https:\/\/kalendare365.eu\/index.php?rest_route=\/wp\/v2\/posts\/3043","targetHints":{"allow":["GET"]}}],"collection":[{"href":"https:\/\/kalendare365.eu\/index.php?rest_route=\/wp\/v2\/posts"}],"about":[{"href":"https:\/\/kalendare365.eu\/index.php?rest_route=\/wp\/v2\/types\/post"}],"author":[{"embeddable":true,"href":"https:\/\/kalendare365.eu\/index.php?rest_route=\/wp\/v2\/users\/1"}],"replies":[{"embeddable":true,"href":"https:\/\/kalendare365.eu\/index.php?rest_route=%2Fwp%2Fv2%2Fcomments&post=3043"}],"version-history":[{"count":3,"href":"https:\/\/kalendare365.eu\/index.php?rest_route=\/wp\/v2\/posts\/3043\/revisions"}],"predecessor-version":[{"id":3708,"href":"https:\/\/kalendare365.eu\/index.php?rest_route=\/wp\/v2\/posts\/3043\/revisions\/3708"}],"wp:attachment":[{"href":"https:\/\/kalendare365.eu\/index.php?rest_route=%2Fwp%2Fv2%2Fmedia&parent=3043"}],"wp:term":[{"taxonomy":"category","embeddable":true,"href":"https:\/\/kalendare365.eu\/index.php?rest_route=%2Fwp%2Fv2%2Fcategories&post=3043"},{"taxonomy":"post_tag","embeddable":true,"href":"https:\/\/kalendare365.eu\/index.php?rest_route=%2Fwp%2Fv2%2Ftags&post=3043"}],"curies":[{"name":"wp","href":"https:\/\/api.w.org\/{rel}","templated":true}]}}