{"id":3054,"date":"2025-05-16T05:17:36","date_gmt":"2025-05-16T02:17:36","guid":{"rendered":"https:\/\/kalendare365.eu\/?p=3054"},"modified":"2026-06-08T11:17:22","modified_gmt":"2026-06-08T08:17:22","slug":"kalendar-na-prosinec-2025-a-leden-unor-2026","status":"publish","type":"post","link":"https:\/\/kalendare365.eu\/?p=3054","title":{"rendered":"Kalend\u00e1\u0159 na prosinec 2025 a leden, \u00fanor 2026"},"content":{"rendered":"\n<p class=\"wp-block-paragraph\">Obdob\u00ed p\u0159elomu roku b\u00fdv\u00e1 n\u00e1ro\u010dn\u00e9 na pl\u00e1nov\u00e1n\u00ed \u2013 zavr\u0161uj\u00ed se pracovn\u00ed projekty, prob\u00edhaj\u00ed rodinn\u00e9 ud\u00e1losti a z\u00e1rove\u0148 se p\u0159ipravujeme na nov\u00fd za\u010d\u00e1tek. Praktick\u00fd kalend\u00e1\u0159 pro prosinec 2025 a leden s \u00fanorem 2026 nab\u00edz\u00ed p\u0159ehledn\u00e9 \u0159e\u0161en\u00ed, kter\u00e9 spojuje t\u0159i po sob\u011b jdouc\u00ed m\u011bs\u00edce na jednom listu form\u00e1tu A4. D\u00edky vertik\u00e1ln\u00edmu uspo\u0159\u00e1d\u00e1n\u00ed a \u010dist\u00e9mu designu z\u00edsk\u00e1te jasn\u00fd p\u0159ehled o v\u0161ech d\u016fle\u017eit\u00fdch term\u00ednech, \u00fakolech i osobn\u00edch pozn\u00e1mk\u00e1ch.<\/p>\n\n\n\n<h2 class=\"wp-block-heading\">P\u0159ehled kalend\u00e1\u0159e<\/h2>\n\n\n\n<p class=\"wp-block-paragraph\">Kalend\u00e1\u0159 zahrnuje posledn\u00ed m\u011bs\u00edc roku 2025 a prvn\u00ed dva m\u011bs\u00edce roku 2026. Ka\u017ed\u00fd den obsahuje prostor pro vlastn\u00ed z\u00e1pisky, co\u017e umo\u017e\u0148uje snadno pl\u00e1novat sch\u016fzky, pracovn\u00ed povinnosti, n\u00e1kupy nebo osobn\u00ed p\u0159ipom\u00ednky. Neobsahuje p\u0159ednastaven\u00e9 sv\u00e1tky ani \u010d\u00edsla t\u00fddn\u016f, tak\u017ee si jej m\u016f\u017eete p\u0159izp\u016fsobit podle sv\u00fdch pot\u0159eb a zv\u00fdraznit pouze to, co je pro v\u00e1s skute\u010dn\u011b d\u016fle\u017eit\u00e9.<br>Pro dal\u0161\u00ed \u00fapravy m\u016f\u017eete vyu\u017e\u00edt vlastn\u00ed pozn\u00e1mky nebo barevn\u00e9 ozna\u010den\u00ed.<\/p>\n\n\n\n<h2 class=\"wp-block-heading\">Design a form\u00e1t<\/h2>\n\n\n\n<p class=\"wp-block-paragraph\">Kalend\u00e1\u0159 je navr\u017een v modern\u00edm minimalistick\u00e9m stylu, kter\u00fd p\u016fsob\u00ed elegantn\u011b a neru\u0161\u00ed p\u0159i ka\u017edodenn\u00edm pou\u017e\u00edv\u00e1n\u00ed. Jemn\u00e9 barevn\u00e9 prvky se hod\u00ed do dom\u00e1c\u00ed kancel\u00e1\u0159e, pracovn\u00edho prost\u0159ed\u00ed i digit\u00e1ln\u00edho pl\u00e1nova\u010de. Vertik\u00e1ln\u00ed orientace form\u00e1tu A4 zaji\u0161\u0165uje logick\u00e9 \u0159azen\u00ed informac\u00ed a rychlou orientaci v jednotliv\u00fdch dnech.<br>Pokud chcete kalend\u00e1\u0159 d\u00e1le upravovat, m\u016f\u017eete vyu\u017e\u00edt \u00fapravy ve Wordu nebo zm\u011bnu barev.<\/p>\n\n\n\n<h2 class=\"wp-block-heading\">V\u00fdhody kalend\u00e1\u0159e<\/h2>\n\n\n\n<p class=\"wp-block-paragraph\">Kalend\u00e1\u0159 p\u0159in\u00e1\u0161\u00ed praktick\u00fd p\u0159ehled t\u0159\u00ed m\u011bs\u00edc\u016f na jednom m\u00edst\u011b, co\u017e v\u00fdrazn\u011b usnad\u0148uje dlouhodob\u00e9 pl\u00e1nov\u00e1n\u00ed. Neutr\u00e1ln\u00ed design umo\u017e\u0148uje doplnit vlastn\u00ed zv\u00fdrazn\u011bn\u00ed, pozn\u00e1mky \u010di barevn\u00e9 k\u00f3dy. D\u00edky dostate\u010dn\u00e9mu prostoru u jednotliv\u00fdch dn\u016f m\u00e1te jistotu, \u017ee \u017e\u00e1dn\u00e1 d\u016fle\u017eit\u00e1 ud\u00e1lost nezanikne.<br>Chcete\u2011li kalend\u00e1\u0159 vyu\u017e\u00edt naplno, m\u016f\u017eete si vyzkou\u0161et pl\u00e1novac\u00ed techniky nebo organizaci \u00fakol\u016f.<\/p>\n\n\n\n<h2 class=\"wp-block-heading\">Dostupn\u00e9 form\u00e1ty a mo\u017enosti \u00faprav<\/h2>\n\n\n\n<p class=\"wp-block-paragraph\">Kalend\u00e1\u0159 je dostupn\u00fd ve dvou variant\u00e1ch. PDF verze je ide\u00e1ln\u00ed pro okam\u017eit\u00fd tisk a rychl\u00e9 pou\u017eit\u00ed. DOCX verze umo\u017e\u0148uje rozs\u00e1hl\u00e9 \u00fapravy \u2013 zm\u011bnu p\u00edsma, barev, rozlo\u017een\u00ed nebo dopln\u011bn\u00ed dal\u0161\u00edch informac\u00ed. D\u00edky tomu si m\u016f\u017eete vytvo\u0159it vlastn\u00ed verzi, kter\u00e1 bude p\u0159esn\u011b odpov\u00eddat va\u0161emu stylu pl\u00e1nov\u00e1n\u00ed.<br>Pokud pot\u0159ebujete poradit, m\u016f\u017eete pokra\u010dovat na \u00fapravy PDF nebo pr\u00e1ci s DOCX.<\/p>\n\n\n\n<h2 class=\"wp-block-heading\">Jak st\u00e1hnout a pou\u017e\u00edvat kalend\u00e1\u0159<\/h2>\n\n\n\n<p class=\"wp-block-paragraph\">Sta\u017een\u00ed je jednoduch\u00e9 \u2013 vyberete form\u00e1t PDF nebo DOCX a soubor se automaticky ulo\u017e\u00ed do va\u0161eho za\u0159\u00edzen\u00ed. PDF m\u016f\u017eete ihned vytisknout, zat\u00edmco DOCX otev\u0159ete v aplikaci Microsoft Word a uprav\u00edte podle pot\u0159eby.<br>Pro rychl\u00fd start m\u016f\u017eete vyu\u017e\u00edt tipy pro tisk nebo doporu\u010den\u00ed pro \u00fapravy.<\/p>\n\n\n\n<h2 class=\"wp-block-heading\">Tipy pro efektivn\u00ed pl\u00e1nov\u00e1n\u00ed<\/h2>\n\n\n\n<p class=\"wp-block-paragraph\">Pro maxim\u00e1ln\u00ed p\u0159ehled doporu\u010dujeme vytisknout si v\u00edce kopi\u00ed a um\u00edstit je na m\u00edsta, kde tr\u00e1v\u00edte nejv\u00edce \u010dasu \u2013 nap\u0159\u00edklad na pracovn\u00ed st\u016fl nebo n\u00e1st\u011bnku. Barevn\u00e9 k\u00f3dov\u00e1n\u00ed pom\u016f\u017ee odli\u0161it pracovn\u00ed povinnosti, osobn\u00ed ud\u00e1losti \u010di speci\u00e1ln\u00ed term\u00edny. Sd\u00edlen\u00ed kalend\u00e1\u0159e s rodinou nebo kolegy zajist\u00ed, \u017ee v\u0161ichni budou m\u00edt p\u0159ehled o d\u016fle\u017eit\u00fdch datech.<br>Dal\u0161\u00ed inspiraci najdete v t\u00e9matech barevn\u00e9 pl\u00e1nov\u00e1n\u00ed nebo organizace dom\u00e1cnosti.<\/p>\n\n\n\n<h2 class=\"wp-block-heading has-text-align-center\">St\u00e1hn\u011bte si a vytiskn\u011bte si zdarma kalend\u00e1\u0159 na prosinec 2025 a leden, \u00fanor 2026<\/h2>\n\n\n\n<figure class=\"wp-block-image size-large\"><img loading=\"lazy\" decoding=\"async\" width=\"724\" height=\"1024\" src=\"https:\/\/kalendare365.eu\/wp-content\/uploads\/2025\/05\/kalendar-prosinec-2025-a-leden-unor-2026-724x1024.webp\" alt=\"\" class=\"wp-image-3055\" srcset=\"https:\/\/kalendare365.eu\/wp-content\/uploads\/2025\/05\/kalendar-prosinec-2025-a-leden-unor-2026-724x1024.webp 724w, https:\/\/kalendare365.eu\/wp-content\/uploads\/2025\/05\/kalendar-prosinec-2025-a-leden-unor-2026-212x300.webp 212w, https:\/\/kalendare365.eu\/wp-content\/uploads\/2025\/05\/kalendar-prosinec-2025-a-leden-unor-2026-768x1086.webp 768w, https:\/\/kalendare365.eu\/wp-content\/uploads\/2025\/05\/kalendar-prosinec-2025-a-leden-unor-2026.webp 800w\" sizes=\"auto, (max-width: 724px) 100vw, 724px\" \/><\/figure>\n\n\n\n<p class=\"has-text-align-center wp-block-paragraph\"><a href=\"https:\/\/kalendare365.eu\/wp-content\/uploads\/2025\/05\/kalendar-prosinec-2025-a-leden-unor-2026.pdf\" target=\"_blank\" rel=\"noreferrer noopener nofollow\">PDF<\/a> | <a href=\"https:\/\/kalendare365.eu\/wp-content\/uploads\/2025\/05\/kalendar-prosinec-2025-a-leden-unor-2026.docx\" target=\"_blank\" rel=\"noreferrer noopener nofollow\">WORD<\/a><\/p>\n\n\n\n<h2 class=\"wp-block-heading\">Z\u00e1v\u011br<\/h2>\n\n\n\n<p class=\"wp-block-paragraph\">Kalend\u00e1\u0159 na prosinec 2025 a leden, \u00fanor 2026 je praktick\u00fdm n\u00e1strojem pro ka\u017ed\u00e9ho, kdo chce m\u00edt jasn\u00fd p\u0159ehled o sv\u00fdch povinnostech i voln\u00e9m \u010dase. Spojuje jednoduchost, p\u0159ehlednost a mo\u017enost \u00faprav, tak\u017ee se snadno p\u0159izp\u016fsob\u00ed va\u0161emu stylu pl\u00e1nov\u00e1n\u00ed. Sta\u010d\u00ed jej st\u00e1hnout, vytisknout nebo upravit a m\u016f\u017eete za\u010d\u00edt efektivn\u011b organizovat sv\u00e9 dny v obdob\u00ed p\u0159elomu roku.<\/p>\n","protected":false},"excerpt":{"rendered":"<p>Obdob\u00ed p\u0159elomu roku b\u00fdv\u00e1 n\u00e1ro\u010dn\u00e9 na pl\u00e1nov\u00e1n\u00ed \u2013 zavr\u0161uj\u00ed se pracovn\u00ed projekty, prob\u00edhaj\u00ed rodinn\u00e9 ud\u00e1losti a z\u00e1rove\u0148 se p\u0159ipravujeme na nov\u00fd za\u010d\u00e1tek. Praktick\u00fd kalend\u00e1\u0159 pro prosinec 2025 a leden s \u00fanorem 2026 nab\u00edz\u00ed p\u0159ehledn\u00e9 \u0159e\u0161en\u00ed, kter\u00e9 spojuje t\u0159i po sob\u011b jdouc\u00ed m\u011bs\u00edce na jednom listu form\u00e1tu A4. D\u00edky vertik\u00e1ln\u00edmu uspo\u0159\u00e1d\u00e1n\u00ed a \u010dist\u00e9mu designu z\u00edsk\u00e1te jasn\u00fd [&hellip;]<\/p>\n","protected":false},"author":1,"featured_media":0,"comment_status":"open","ping_status":"closed","sticky":false,"template":"","format":"standard","meta":{"footnotes":""},"categories":[5],"tags":[28,33],"class_list":["post-3054","post","type-post","status-publish","format-standard","hentry","category-leden","tag-28","tag-33"],"_links":{"self":[{"href":"https:\/\/kalendare365.eu\/index.php?rest_route=\/wp\/v2\/posts\/3054","targetHints":{"allow":["GET"]}}],"collection":[{"href":"https:\/\/kalendare365.eu\/index.php?rest_route=\/wp\/v2\/posts"}],"about":[{"href":"https:\/\/kalendare365.eu\/index.php?rest_route=\/wp\/v2\/types\/post"}],"author":[{"embeddable":true,"href":"https:\/\/kalendare365.eu\/index.php?rest_route=\/wp\/v2\/users\/1"}],"replies":[{"embeddable":true,"href":"https:\/\/kalendare365.eu\/index.php?rest_route=%2Fwp%2Fv2%2Fcomments&post=3054"}],"version-history":[{"count":2,"href":"https:\/\/kalendare365.eu\/index.php?rest_route=\/wp\/v2\/posts\/3054\/revisions"}],"predecessor-version":[{"id":3707,"href":"https:\/\/kalendare365.eu\/index.php?rest_route=\/wp\/v2\/posts\/3054\/revisions\/3707"}],"wp:attachment":[{"href":"https:\/\/kalendare365.eu\/index.php?rest_route=%2Fwp%2Fv2%2Fmedia&parent=3054"}],"wp:term":[{"taxonomy":"category","embeddable":true,"href":"https:\/\/kalendare365.eu\/index.php?rest_route=%2Fwp%2Fv2%2Fcategories&post=3054"},{"taxonomy":"post_tag","embeddable":true,"href":"https:\/\/kalendare365.eu\/index.php?rest_route=%2Fwp%2Fv2%2Ftags&post=3054"}],"curies":[{"name":"wp","href":"https:\/\/api.w.org\/{rel}","templated":true}]}}