{"id":3070,"date":"2025-05-18T16:15:59","date_gmt":"2025-05-18T13:15:59","guid":{"rendered":"https:\/\/kalendare365.eu\/?p=3070"},"modified":"2026-04-01T21:13:32","modified_gmt":"2026-04-01T18:13:32","slug":"kalendar-brezen-duben-kveten-2026","status":"publish","type":"post","link":"https:\/\/kalendare365.eu\/?p=3070","title":{"rendered":"Kalend\u00e1\u0159 b\u0159ezen, duben, kv\u011bten 2026"},"content":{"rendered":"\n<p class=\"wp-block-paragraph\">Jaro je obdob\u00ed nov\u00fdch za\u010d\u00e1tk\u016f, pl\u00e1n\u016f a sv\u011b\u017e\u00ed energie. Pr\u00e1v\u011b proto se mnoha lidem hod\u00ed kalend\u00e1\u0159, kter\u00fd umo\u017en\u00ed m\u00edt v\u0161echny d\u016fle\u017eit\u00e9 \u00fakoly, sch\u016fzky a term\u00edny p\u011bkn\u011b na o\u010d\u00edch. T\u0159\u00edm\u011bs\u00ed\u010dn\u00ed kalend\u00e1\u0159 pro <strong>b\u0159ezen, duben a kv\u011bten 2026<\/strong> je praktick\u00fdm pomocn\u00edkem pro ka\u017ed\u00e9ho, kdo chce m\u00edt sv\u00e9 jarn\u00ed aktivity pod kontrolou \u2013 a\u0165 u\u017e jde o pracovn\u00ed povinnosti, rodinn\u00e9 pl\u00e1nov\u00e1n\u00ed nebo osobn\u00ed c\u00edle.<\/p>\n\n\n\n<hr class=\"wp-block-separator has-alpha-channel-opacity\"\/>\n\n\n\n<h2 class=\"wp-block-heading\">? P\u0159ehled kalend\u00e1\u0159e<\/h2>\n\n\n\n<p class=\"wp-block-paragraph\">Kalend\u00e1\u0159 je vytvo\u0159en ve form\u00e1tu <strong>A4 s vertik\u00e1ln\u00ed orientac\u00ed<\/strong>, tak\u017ee v\u0161echny t\u0159i m\u011bs\u00edce jsou p\u0159ehledn\u011b um\u00edst\u011bny na jednom listu. Ka\u017ed\u00fd den m\u00e1 vlastn\u00ed prostor pro pozn\u00e1mky, co\u017e umo\u017e\u0148uje zapisovat sch\u016fzky, \u00fakoly, n\u00e1kupy \u010di dal\u0161\u00ed d\u016fle\u017eit\u00e9 informace.<\/p>\n\n\n\n<p class=\"wp-block-paragraph\">Kalend\u00e1\u0159 neobsahuje p\u0159edti\u0161t\u011bn\u00e9 sv\u00e1tky ani \u010d\u00edsla t\u00fddn\u016f, tak\u017ee si jej m\u016f\u017ee\u0161 p\u0159izp\u016fsobit p\u0159esn\u011b podle sv\u00fdch pot\u0159eb.<\/p>\n\n\n\n<hr class=\"wp-block-separator has-alpha-channel-opacity\"\/>\n\n\n\n<h2 class=\"wp-block-heading\">\u2b50 Hlavn\u00ed v\u00fdhody<\/h2>\n\n\n\n<ul class=\"wp-block-list\">\n<li><strong>T\u0159i m\u011bs\u00edce na jednom listu<\/strong> \u2013 ide\u00e1ln\u00ed pro dlouhodob\u00e9 pl\u00e1nov\u00e1n\u00ed.<\/li>\n\n\n\n<li><strong>\u010cist\u00fd a modern\u00ed design<\/strong>, kter\u00fd se hod\u00ed do kancel\u00e1\u0159e i dom\u00e1cnosti.<\/li>\n\n\n\n<li><strong>Dostatek m\u00edsta pro pozn\u00e1mky<\/strong> u ka\u017ed\u00e9ho dne.<\/li>\n\n\n\n<li><strong>Neutr\u00e1ln\u00ed struktura<\/strong> \u2013 u\u017eivatel si m\u016f\u017ee doplnit vlastn\u00ed sv\u00e1tky, priority \u010di barevn\u00e9 ozna\u010den\u00ed.<\/li>\n<\/ul>\n\n\n\n<hr class=\"wp-block-separator has-alpha-channel-opacity\"\/>\n\n\n\n<h2 class=\"wp-block-heading\">? Dostupn\u00e9 form\u00e1ty<\/h2>\n\n\n\n<p class=\"wp-block-paragraph\">Kalend\u00e1\u0159 je p\u0159ipraven ve dvou verz\u00edch:<\/p>\n\n\n\n<h3 class=\"wp-block-heading\"><strong>PDF<\/strong><\/h3>\n\n\n\n<ul class=\"wp-block-list\">\n<li>Ide\u00e1ln\u00ed pro rychl\u00fd tisk.<\/li>\n\n\n\n<li>Sta\u010d\u00ed otev\u0159\u00edt a vytisknout bez dal\u0161\u00edch \u00faprav.<\/li>\n<\/ul>\n\n\n\n<h3 class=\"wp-block-heading\"><strong>DOCX (Word)<\/strong><\/h3>\n\n\n\n<ul class=\"wp-block-list\">\n<li>Umo\u017e\u0148uje libovoln\u00e9 \u00fapravy: zm\u011bnu p\u00edsma, barev, rozlo\u017een\u00ed nebo dopln\u011bn\u00ed vlastn\u00edch pozn\u00e1mek.<\/li>\n\n\n\n<li>Vhodn\u00e9 pro ty, kte\u0159\u00ed cht\u011bj\u00ed kalend\u00e1\u0159 p\u0159izp\u016fsobit sv\u00e9mu stylu pl\u00e1nov\u00e1n\u00ed.<\/li>\n<\/ul>\n\n\n\n<hr class=\"wp-block-separator has-alpha-channel-opacity\"\/>\n\n\n\n<h2 class=\"wp-block-heading\">\u2b07\ufe0f Jak kalend\u00e1\u0159 st\u00e1hnout a pou\u017e\u00edvat<\/h2>\n\n\n\n<ol class=\"wp-block-list\">\n<li>Vyber form\u00e1t \u2013 PDF pro tisk nebo DOCX pro \u00fapravy.<\/li>\n\n\n\n<li>Ulo\u017e soubor do po\u010d\u00edta\u010de.<\/li>\n\n\n\n<li>PDF otev\u0159i v prohl\u00ed\u017ee\u010di a vytiskni na A4.<\/li>\n\n\n\n<li>DOCX otev\u0159i ve Wordu, uprav podle pot\u0159eby a pot\u00e9 vytiskni.<\/li>\n<\/ol>\n\n\n\n<hr class=\"wp-block-separator has-alpha-channel-opacity\"\/>\n\n\n\n<h2 class=\"wp-block-heading\">? Tipy pro efektivn\u00ed pl\u00e1nov\u00e1n\u00ed<\/h2>\n\n\n\n<ul class=\"wp-block-list\">\n<li>Vytiskni si v\u00edce kopi\u00ed a um\u00edsti je na r\u016fzn\u00e1 m\u00edsta \u2013 dom\u016f, do kancel\u00e1\u0159e, na pracovn\u00ed st\u016fl.<\/li>\n\n\n\n<li>Pou\u017e\u00edvej <strong>barevn\u00e9 ozna\u010den\u00ed<\/strong> pro r\u016fzn\u00e9 typy aktivit (pr\u00e1ce, rodina, zdrav\u00ed, voln\u00fd \u010das).<\/li>\n\n\n\n<li>Sd\u00edlej kalend\u00e1\u0159 s rodinou nebo kolegy, aby m\u011bli p\u0159ehled o spole\u010dn\u00fdch pl\u00e1nech.<\/li>\n\n\n\n<li>Do verze DOCX m\u016f\u017ee\u0161 p\u0159idat osobn\u00ed c\u00edle, motiva\u010dn\u00ed pozn\u00e1mky nebo d\u016fle\u017eit\u00e9 miln\u00edky.<\/li>\n<\/ul>\n\n\n\n<hr class=\"wp-block-separator has-alpha-channel-opacity\"\/>\n\n\n\n<h2 class=\"wp-block-heading has-text-align-center\">St\u00e1hn\u011bte si a vytiskn\u011bte si zdarma kalend\u00e1\u0159 b\u0159ezen, duben, kv\u011bten 2026<\/h2>\n\n\n\n<figure class=\"wp-block-image size-large\"><img loading=\"lazy\" decoding=\"async\" width=\"724\" height=\"1024\" src=\"https:\/\/kalendare365.eu\/wp-content\/uploads\/2025\/05\/kalendar-brezen-duben-kveten-2026-724x1024.webp\" alt=\"\" class=\"wp-image-3071\" srcset=\"https:\/\/kalendare365.eu\/wp-content\/uploads\/2025\/05\/kalendar-brezen-duben-kveten-2026-724x1024.webp 724w, https:\/\/kalendare365.eu\/wp-content\/uploads\/2025\/05\/kalendar-brezen-duben-kveten-2026-212x300.webp 212w, https:\/\/kalendare365.eu\/wp-content\/uploads\/2025\/05\/kalendar-brezen-duben-kveten-2026-768x1086.webp 768w, https:\/\/kalendare365.eu\/wp-content\/uploads\/2025\/05\/kalendar-brezen-duben-kveten-2026.webp 800w\" sizes=\"auto, (max-width: 724px) 100vw, 724px\" \/><\/figure>\n\n\n\n<p class=\"has-text-align-center wp-block-paragraph\"><a href=\"https:\/\/kalendare365.eu\/wp-content\/uploads\/2025\/05\/kalendar-brezen-duben-kveten-2026.pdf\">PDF<\/a> | <a href=\"https:\/\/kalendare365.eu\/wp-content\/uploads\/2025\/05\/kalendar-brezen-duben-kveten-2026.docx\" target=\"_blank\" rel=\"noreferrer noopener nofollow\">WORD<\/a><\/p>\n\n\n\n<h2 class=\"wp-block-heading\">? Z\u00e1v\u011br<\/h2>\n\n\n\n<p class=\"wp-block-paragraph\">Kalend\u00e1\u0159 pro <strong>b\u0159ezen, duben a kv\u011bten 2026<\/strong> je skv\u011bl\u00fdm n\u00e1strojem pro ka\u017ed\u00e9ho, kdo chce m\u00edt sv\u00e9 jarn\u00ed m\u011bs\u00edce dob\u0159e zorganizovan\u00e9. D\u00edky jednoduch\u00e9mu designu, mo\u017enosti \u00faprav a praktick\u00e9mu rozlo\u017een\u00ed z\u00edsk\u00e1\u0161 p\u0159ehledn\u00fd pl\u00e1nova\u010d, kter\u00fd ti pom\u016f\u017ee zvl\u00e1dnout pracovn\u00ed i osobn\u00ed povinnosti s lehkost\u00ed. P\u0159izp\u016fsob si jej podle sebe a u\u017eij si produktivn\u00ed a harmonick\u00e9 jaro 2026.<\/p>\n","protected":false},"excerpt":{"rendered":"<p>Jaro je obdob\u00ed nov\u00fdch za\u010d\u00e1tk\u016f, pl\u00e1n\u016f a sv\u011b\u017e\u00ed energie. Pr\u00e1v\u011b proto se mnoha lidem hod\u00ed kalend\u00e1\u0159, kter\u00fd umo\u017en\u00ed m\u00edt v\u0161echny d\u016fle\u017eit\u00e9 \u00fakoly, sch\u016fzky a term\u00edny p\u011bkn\u011b na o\u010d\u00edch. T\u0159\u00edm\u011bs\u00ed\u010dn\u00ed kalend\u00e1\u0159 pro b\u0159ezen, duben a kv\u011bten 2026 je praktick\u00fdm pomocn\u00edkem pro ka\u017ed\u00e9ho, kdo chce m\u00edt sv\u00e9 jarn\u00ed aktivity pod kontrolou \u2013 a\u0165 u\u017e jde o pracovn\u00ed [&hellip;]<\/p>\n","protected":false},"author":1,"featured_media":0,"comment_status":"open","ping_status":"closed","sticky":false,"template":"","format":"standard","meta":{"footnotes":""},"categories":[7],"tags":[33],"class_list":["post-3070","post","type-post","status-publish","format-standard","hentry","category-brezen","tag-33"],"_links":{"self":[{"href":"https:\/\/kalendare365.eu\/index.php?rest_route=\/wp\/v2\/posts\/3070","targetHints":{"allow":["GET"]}}],"collection":[{"href":"https:\/\/kalendare365.eu\/index.php?rest_route=\/wp\/v2\/posts"}],"about":[{"href":"https:\/\/kalendare365.eu\/index.php?rest_route=\/wp\/v2\/types\/post"}],"author":[{"embeddable":true,"href":"https:\/\/kalendare365.eu\/index.php?rest_route=\/wp\/v2\/users\/1"}],"replies":[{"embeddable":true,"href":"https:\/\/kalendare365.eu\/index.php?rest_route=%2Fwp%2Fv2%2Fcomments&post=3070"}],"version-history":[{"count":2,"href":"https:\/\/kalendare365.eu\/index.php?rest_route=\/wp\/v2\/posts\/3070\/revisions"}],"predecessor-version":[{"id":3556,"href":"https:\/\/kalendare365.eu\/index.php?rest_route=\/wp\/v2\/posts\/3070\/revisions\/3556"}],"wp:attachment":[{"href":"https:\/\/kalendare365.eu\/index.php?rest_route=%2Fwp%2Fv2%2Fmedia&parent=3070"}],"wp:term":[{"taxonomy":"category","embeddable":true,"href":"https:\/\/kalendare365.eu\/index.php?rest_route=%2Fwp%2Fv2%2Fcategories&post=3070"},{"taxonomy":"post_tag","embeddable":true,"href":"https:\/\/kalendare365.eu\/index.php?rest_route=%2Fwp%2Fv2%2Ftags&post=3070"}],"curies":[{"name":"wp","href":"https:\/\/api.w.org\/{rel}","templated":true}]}}