{"id":3085,"date":"2025-05-18T17:20:53","date_gmt":"2025-05-18T14:20:53","guid":{"rendered":"https:\/\/kalendare365.eu\/?p=3085"},"modified":"2026-07-14T20:43:57","modified_gmt":"2026-07-14T17:43:57","slug":"kalendar-cerven-cervenec-srpen-2026","status":"publish","type":"post","link":"https:\/\/kalendare365.eu\/?p=3085","title":{"rendered":"Kalend\u00e1\u0159 \u010derven, \u010dervenec, srpen 2026"},"content":{"rendered":"\n<p class=\"wp-block-paragraph\">L\u00e9to je obdob\u00ed pln\u00e9 cestov\u00e1n\u00ed, rodinn\u00fdch akc\u00ed, pracovn\u00edch term\u00edn\u016f i osobn\u00edch projekt\u016f. Aby bylo pl\u00e1nov\u00e1n\u00ed co nejjednodu\u0161\u0161\u00ed, je ide\u00e1ln\u00ed m\u00edt po ruce kalend\u00e1\u0159, kter\u00fd nab\u00edz\u00ed p\u0159ehled nad cel\u00fdmi t\u0159emi m\u011bs\u00edci najednou. P\u0159esn\u011b proto vznikl praktick\u00fd kalend\u00e1\u0159 <strong>\u010derven\u2013\u010dervenec\u2013srpen 2026<\/strong>, kter\u00fd si m\u016f\u017eete zdarma st\u00e1hnout, upravit a vytisknout.<\/p>\n\n\n\n<h2 class=\"wp-block-heading\">\ud83c\udf1e Pro\u010d vyu\u017e\u00edt letn\u00ed kalend\u00e1\u0159 na jednom listu?<\/h2>\n\n\n\n<p class=\"wp-block-paragraph\">Letn\u00ed m\u011bs\u00edce b\u00fdvaj\u00ed dynamick\u00e9 a \u010dasto se p\u0159ekr\u00fdv\u00e1 v\u00edce aktivit najednou. Kalend\u00e1\u0159 se t\u0159emi m\u011bs\u00edci na jedn\u00e9 str\u00e1nce umo\u017e\u0148uje:<\/p>\n\n\n\n<ul class=\"wp-block-list\">\n<li>rychlou orientaci v cel\u00e9m obdob\u00ed,<\/li>\n\n\n\n<li>snadn\u00e9 pl\u00e1nov\u00e1n\u00ed dovolen\u00fdch a voln\u00fdch dn\u00ed,<\/li>\n\n\n\n<li>p\u0159ehledn\u00e9 rozvr\u017een\u00ed pracovn\u00edch \u00fakol\u016f,<\/li>\n\n\n\n<li>koordinaci rodinn\u00fdch \u010di t\u00fdmov\u00fdch aktivit.<\/li>\n<\/ul>\n\n\n\n<p class=\"wp-block-paragraph\">Minimalistick\u00fd design nav\u00edc zaji\u0161\u0165uje, \u017ee kalend\u00e1\u0159 neru\u0161\u00ed a hod\u00ed se do ka\u017ed\u00e9ho prost\u0159ed\u00ed \u2013 od kancel\u00e1\u0159e po dom\u00e1c\u00ed n\u00e1st\u011bnku.<\/p>\n\n\n\n<h2 class=\"wp-block-heading\">\ud83d\udcc5 Co kalend\u00e1\u0159 obsahuje<\/h2>\n\n\n\n<h3 class=\"wp-block-heading\">Vertik\u00e1ln\u00ed form\u00e1t A4<\/h3>\n\n\n\n<p class=\"wp-block-paragraph\">Ide\u00e1ln\u00ed pro tisk, n\u00e1st\u011bnku i pracovn\u00ed st\u016fl.<\/p>\n\n\n\n<h3 class=\"wp-block-heading\">T\u0159i m\u011bs\u00edce na jednom listu<\/h3>\n\n\n\n<p class=\"wp-block-paragraph\">\u010cerven, \u010dervenec a srpen 2026 p\u0159ehledn\u011b vedle sebe.<\/p>\n\n\n\n<h3 class=\"wp-block-heading\">Minimalistick\u00fd styl<\/h3>\n\n\n\n<p class=\"wp-block-paragraph\">\u010cist\u00e9 linie, dostatek prostoru, \u017e\u00e1dn\u00e9 ru\u0161iv\u00e9 prvky.<\/p>\n\n\n\n<h3 class=\"wp-block-heading\">Prostor pro pozn\u00e1mky<\/h3>\n\n\n\n<p class=\"wp-block-paragraph\">Ka\u017ed\u00fd den m\u00e1 vlastn\u00ed pole pro z\u00e1pisy, \u00fakoly \u010di ud\u00e1losti.<\/p>\n\n\n\n<h3 class=\"wp-block-heading\">Bez sv\u00e1tk\u016f a t\u00fddn\u016f<\/h3>\n\n\n\n<p class=\"wp-block-paragraph\">\u00dapln\u00e1 flexibilita \u2013 m\u016f\u017eete si doplnit vlastn\u00ed ozna\u010den\u00ed, firemn\u00ed volno, pr\u00e1zdniny nebo osobn\u00ed ud\u00e1losti.<\/p>\n\n\n\n<h2 class=\"wp-block-heading\">\ud83c\udfa8 Design a prakti\u010dnost<\/h2>\n\n\n\n<p class=\"wp-block-paragraph\">Kalend\u00e1\u0159 je navr\u017een v modern\u00edm, vzdu\u0161n\u00e9m stylu, kter\u00fd se p\u0159izp\u016fsob\u00ed jak\u00e9mukoli prost\u0159ed\u00ed:<\/p>\n\n\n\n<ul class=\"wp-block-list\">\n<li>kancel\u00e1\u0159sk\u00e9 pl\u00e1nov\u00e1n\u00ed,<\/li>\n\n\n\n<li>dom\u00e1c\u00ed organizace,<\/li>\n\n\n\n<li>\u0161koln\u00ed rozvrhy,<\/li>\n\n\n\n<li>pl\u00e1nov\u00e1n\u00ed sm\u011bn,<\/li>\n\n\n\n<li>projektov\u00e9 \u0159\u00edzen\u00ed,<\/li>\n\n\n\n<li>rodinn\u00e9 aktivity.<\/li>\n<\/ul>\n\n\n\n<p class=\"wp-block-paragraph\">Neutr\u00e1ln\u00ed vzhled umo\u017e\u0148uje snadnou personalizaci \u2013 m\u016f\u017eete doplnit barvy, zv\u00fdrazn\u011bn\u00ed nebo vlastn\u00ed grafick\u00e9 prvky.<\/p>\n\n\n\n<h2 class=\"wp-block-heading\">\ud83d\udce5 Dostupn\u00e9 form\u00e1ty ke sta\u017een\u00ed<\/h2>\n\n\n\n<h3 class=\"wp-block-heading\">PDF<\/h3>\n\n\n\n<ul class=\"wp-block-list\">\n<li>p\u0159ipraveno k okam\u017eit\u00e9mu tisku,<\/li>\n\n\n\n<li>sta\u010d\u00ed otev\u0159\u00edt a vytisknout na A4.<\/li>\n<\/ul>\n\n\n\n<h3 class=\"wp-block-heading\">DOCX (Word)<\/h3>\n\n\n\n<ul class=\"wp-block-list\">\n<li>vhodn\u00e9 pro \u00fapravy, dopln\u011bn\u00ed textu, zm\u011bnu barev,<\/li>\n\n\n\n<li>ide\u00e1ln\u00ed pro firemn\u00ed styl nebo osobn\u00ed preference.<\/li>\n<\/ul>\n\n\n\n<h2 class=\"wp-block-heading\">\ud83d\udda8\ufe0f Jak kalend\u00e1\u0159 st\u00e1hnout a pou\u017e\u00edvat<\/h2>\n\n\n\n<ol start=\"1\" class=\"wp-block-list\">\n<li>Vyberte form\u00e1t PDF nebo DOCX.<\/li>\n\n\n\n<li>Ulo\u017ete soubor do sv\u00e9ho za\u0159\u00edzen\u00ed.<\/li>\n\n\n\n<li>PDF vytiskn\u011bte, DOCX m\u016f\u017eete upravit a n\u00e1sledn\u011b vytisknout.<\/li>\n\n\n\n<li>Um\u00edst\u011bte kalend\u00e1\u0159 na viditeln\u00e9 m\u00edsto \u2013 n\u00e1st\u011bnku, pracovn\u00ed st\u016fl, lednici \u010di pl\u00e1novac\u00ed tabuli.<\/li>\n<\/ol>\n\n\n\n<p class=\"wp-block-paragraph\">Kalend\u00e1\u0159 je p\u0159ipraven k okam\u017eit\u00e9mu pou\u017eit\u00ed bez nutnosti dal\u0161\u00edch \u00faprav.<\/p>\n\n\n\n<h2 class=\"wp-block-heading\">\ud83d\udca1 Tipy pro efektivn\u00ed pl\u00e1nov\u00e1n\u00ed l\u00e9ta<\/h2>\n\n\n\n<ul class=\"wp-block-list\">\n<li><strong>Barevn\u00e9 k\u00f3dov\u00e1n\u00ed<\/strong> \u2013 odli\u0161te pracovn\u00ed dny, volno, rodinn\u00e9 akce \u010di term\u00edny.<\/li>\n\n\n\n<li><strong>V\u00edce kopi\u00ed<\/strong> \u2013 jeden kalend\u00e1\u0159 do kancel\u00e1\u0159e, jeden dom\u016f, jeden pro t\u00fdm.<\/li>\n\n\n\n<li><strong>Sd\u00edlen\u00ed s rodinou \u010di kolegy<\/strong> \u2013 sjednot\u00edte pl\u00e1nov\u00e1n\u00ed a p\u0159edejdete koliz\u00edm.<\/li>\n\n\n\n<li><strong>Motiva\u010dn\u00ed pozn\u00e1mky<\/strong> \u2013 v DOCX verzi m\u016f\u017eete p\u0159idat c\u00edle, \u00fakoly nebo letn\u00ed v\u00fdzvy.<\/li>\n\n\n\n<li><strong>Laminace<\/strong> \u2013 po zalaminov\u00e1n\u00ed lze kalend\u00e1\u0159 pou\u017e\u00edvat opakovan\u011b s mazac\u00edmi fixy.<\/li>\n<\/ul>\n\n\n\n<h2 class=\"wp-block-heading has-text-align-center\">St\u00e1hn\u011bte si a vytiskn\u011bte si zdarma kalend\u00e1\u0159 \u010derven, \u010dervenec, srpen 2026<\/h2>\n\n\n\n<figure class=\"wp-block-image size-large\"><img loading=\"lazy\" decoding=\"async\" width=\"724\" height=\"1024\" src=\"https:\/\/kalendare365.eu\/wp-content\/uploads\/2025\/05\/kalendar-cerven-cervenec-srpen-2026-724x1024.webp\" alt=\"\" class=\"wp-image-3086\" srcset=\"https:\/\/kalendare365.eu\/wp-content\/uploads\/2025\/05\/kalendar-cerven-cervenec-srpen-2026-724x1024.webp 724w, https:\/\/kalendare365.eu\/wp-content\/uploads\/2025\/05\/kalendar-cerven-cervenec-srpen-2026-212x300.webp 212w, https:\/\/kalendare365.eu\/wp-content\/uploads\/2025\/05\/kalendar-cerven-cervenec-srpen-2026-768x1086.webp 768w, https:\/\/kalendare365.eu\/wp-content\/uploads\/2025\/05\/kalendar-cerven-cervenec-srpen-2026.webp 800w\" sizes=\"auto, (max-width: 724px) 100vw, 724px\" \/><\/figure>\n\n\n\n<p class=\"has-text-align-center wp-block-paragraph\"><a href=\"https:\/\/kalendare365.eu\/wp-content\/uploads\/2025\/05\/kalendar-cerven-cervenec-srpen-2026.pdf\" target=\"_blank\" rel=\"noreferrer noopener nofollow\">PDF<\/a> | <a href=\"https:\/\/kalendare365.eu\/wp-content\/uploads\/2025\/05\/kalendar-cerven-cervenec-srpen-2026.docx\" target=\"_blank\" rel=\"noreferrer noopener nofollow\">WORD<\/a><\/p>\n\n\n\n<h2 class=\"wp-block-heading\">\ud83c\udfc1 Z\u00e1v\u011br<\/h2>\n\n\n\n<p class=\"wp-block-paragraph\">Letn\u00ed kalend\u00e1\u0159 pro <strong>\u010derven, \u010dervenec a srpen 2026<\/strong> je praktick\u00fdm n\u00e1strojem, kter\u00fd v\u00e1m pom\u016f\u017ee udr\u017eet p\u0159ehled nad nejru\u0161n\u011bj\u0161\u00edm obdob\u00edm roku. D\u00edky jednoduch\u00e9mu designu, mo\u017enosti \u00faprav a p\u0159ehledn\u00e9mu rozlo\u017een\u00ed z\u00edsk\u00e1te ide\u00e1ln\u00ed pom\u016fcku pro pl\u00e1nov\u00e1n\u00ed pr\u00e1ce, dovolen\u00e9 i osobn\u00edch projekt\u016f.<\/p>\n","protected":false},"excerpt":{"rendered":"<p>L\u00e9to je obdob\u00ed pln\u00e9 cestov\u00e1n\u00ed, rodinn\u00fdch akc\u00ed, pracovn\u00edch term\u00edn\u016f i osobn\u00edch projekt\u016f. Aby bylo pl\u00e1nov\u00e1n\u00ed co nejjednodu\u0161\u0161\u00ed, je ide\u00e1ln\u00ed m\u00edt po ruce kalend\u00e1\u0159, kter\u00fd nab\u00edz\u00ed p\u0159ehled nad cel\u00fdmi t\u0159emi m\u011bs\u00edci najednou. P\u0159esn\u011b proto vznikl praktick\u00fd kalend\u00e1\u0159 \u010derven\u2013\u010dervenec\u2013srpen 2026, kter\u00fd si m\u016f\u017eete zdarma st\u00e1hnout, upravit a vytisknout. \ud83c\udf1e Pro\u010d vyu\u017e\u00edt letn\u00ed kalend\u00e1\u0159 na jednom listu? Letn\u00ed [&hellip;]<\/p>\n","protected":false},"author":1,"featured_media":0,"comment_status":"open","ping_status":"closed","sticky":false,"template":"","format":"standard","meta":{"footnotes":""},"categories":[10],"tags":[33],"class_list":["post-3085","post","type-post","status-publish","format-standard","hentry","category-cerven","tag-33"],"_links":{"self":[{"href":"https:\/\/kalendare365.eu\/index.php?rest_route=\/wp\/v2\/posts\/3085","targetHints":{"allow":["GET"]}}],"collection":[{"href":"https:\/\/kalendare365.eu\/index.php?rest_route=\/wp\/v2\/posts"}],"about":[{"href":"https:\/\/kalendare365.eu\/index.php?rest_route=\/wp\/v2\/types\/post"}],"author":[{"embeddable":true,"href":"https:\/\/kalendare365.eu\/index.php?rest_route=\/wp\/v2\/users\/1"}],"replies":[{"embeddable":true,"href":"https:\/\/kalendare365.eu\/index.php?rest_route=%2Fwp%2Fv2%2Fcomments&post=3085"}],"version-history":[{"count":3,"href":"https:\/\/kalendare365.eu\/index.php?rest_route=\/wp\/v2\/posts\/3085\/revisions"}],"predecessor-version":[{"id":3759,"href":"https:\/\/kalendare365.eu\/index.php?rest_route=\/wp\/v2\/posts\/3085\/revisions\/3759"}],"wp:attachment":[{"href":"https:\/\/kalendare365.eu\/index.php?rest_route=%2Fwp%2Fv2%2Fmedia&parent=3085"}],"wp:term":[{"taxonomy":"category","embeddable":true,"href":"https:\/\/kalendare365.eu\/index.php?rest_route=%2Fwp%2Fv2%2Fcategories&post=3085"},{"taxonomy":"post_tag","embeddable":true,"href":"https:\/\/kalendare365.eu\/index.php?rest_route=%2Fwp%2Fv2%2Ftags&post=3085"}],"curies":[{"name":"wp","href":"https:\/\/api.w.org\/{rel}","templated":true}]}}