{"id":3095,"date":"2025-05-18T19:24:34","date_gmt":"2025-05-18T16:24:34","guid":{"rendered":"https:\/\/kalendare365.eu\/?p=3095"},"modified":"2026-07-14T20:26:28","modified_gmt":"2026-07-14T17:26:28","slug":"kalendar-srpen-zari-rijen-2026","status":"publish","type":"post","link":"https:\/\/kalendare365.eu\/?p=3095","title":{"rendered":"Kalend\u00e1\u0159 srpen, z\u00e1\u0159\u00ed, \u0159\u00edjen 2026"},"content":{"rendered":"\n<p class=\"wp-block-paragraph\">Obdob\u00ed od srpna do \u0159\u00edjna p\u0159in\u00e1\u0161\u00ed p\u0159irozen\u00fd p\u0159echod mezi l\u00e9tem a podzimem. Dny se zkracuj\u00ed, pracovn\u00ed tempo se zrychluje a do pl\u00e1n\u016f se postupn\u011b vrac\u00ed pravidelnost. Pr\u00e1v\u011b v t\u00e9to dob\u011b je mimo\u0159\u00e1dn\u011b u\u017eite\u010dn\u00e9 m\u00edt p\u0159ehledn\u00fd t\u0159\u00ed\u00adm\u011bs\u00ed\u010dn\u00ed kalend\u00e1\u0159, kter\u00fd umo\u017en\u00ed sledovat del\u0161\u00ed \u010dasov\u00fd \u00fasek najednou, l\u00e9pe organizovat \u00fakoly a udr\u017eet kontrolu nad osobn\u00edmi i pracovn\u00edmi povinnostmi. Tento \u010dl\u00e1nek p\u0159edstavuje modern\u00ed, \u010dist\u011b zpracovan\u00fd kalend\u00e1\u0159 pro srpen, z\u00e1\u0159\u00ed a \u0159\u00edjen 2026, kter\u00fd je navr\u017een tak, aby byl praktick\u00fd, flexibiln\u00ed a snadno pou\u017eiteln\u00fd.<\/p>\n\n\n\n<h2 class=\"wp-block-heading\">\ud83d\udcc5 Struktura a p\u0159ehled kalend\u00e1\u0159e<\/h2>\n\n\n\n<p class=\"wp-block-paragraph\">Kalend\u00e1\u0159 je vytvo\u0159en na jednom listu form\u00e1tu A4 ve vertik\u00e1ln\u00ed orientaci. T\u0159i m\u011bs\u00edce jsou p\u0159ehledn\u011b uspo\u0159\u00e1d\u00e1ny vedle sebe, co\u017e umo\u017e\u0148uje rychlou orientaci v term\u00ednech i dlouhodob\u00e9 pl\u00e1nov\u00e1n\u00ed. Ka\u017ed\u00fd den m\u00e1 vyhrazen\u00fd prostor pro vlastn\u00ed pozn\u00e1mky, tak\u017ee si m\u016f\u017eete zapisovat sch\u016fzky, \u00fakoly, osobn\u00ed pl\u00e1ny nebo kr\u00e1tk\u00e9 p\u0159ipom\u00ednky.<\/p>\n\n\n\n<p class=\"wp-block-paragraph\">Kalend\u00e1\u0159 z\u00e1m\u011brn\u011b neobsahuje \u010d\u00edsla t\u00fddn\u016f ani p\u0159ednastaven\u00e9 sv\u00e1tky. D\u00edky tomu si jej m\u016f\u017ee ka\u017ed\u00fd p\u0159izp\u016fsobit podle vlastn\u00edch zvyklost\u00ed, pracovn\u00edho re\u017eimu nebo rodinn\u00e9ho pl\u00e1nov\u00e1n\u00ed.<\/p>\n\n\n\n<h2 class=\"wp-block-heading\">\u2b50 Hlavn\u00ed v\u00fdhody<\/h2>\n\n\n\n<ul class=\"wp-block-list\">\n<li>T\u0159i m\u011bs\u00edce na jednom listu \u2013 ide\u00e1ln\u00ed pro dlouhodob\u00e9 pl\u00e1nov\u00e1n\u00ed, porovn\u00e1v\u00e1n\u00ed term\u00edn\u016f a rychlou orientaci.<\/li>\n\n\n\n<li>Modern\u00ed minimalistick\u00fd vzhled \u2013 \u010dist\u00e9 linie a jemn\u00e9 barvy se hod\u00ed do kancel\u00e1\u0159e i dom\u00e1c\u00edho prost\u0159ed\u00ed.<\/li>\n\n\n\n<li>Dostatek m\u00edsta pro pozn\u00e1mky \u2013 ka\u017ed\u00fd den m\u00e1 vlastn\u00ed prostor bez ru\u0161iv\u00fdch prvk\u016f.<\/li>\n\n\n\n<li>Flexibilita bez sv\u00e1tk\u016f a t\u00fddn\u016f \u2013 snadno si dopln\u00edte vlastn\u00ed zna\u010dky, pracovn\u00ed cykly \u010di rodinn\u00e9 ud\u00e1losti.<\/li>\n<\/ul>\n\n\n\n<h2 class=\"wp-block-heading\">\ud83d\udcc2 Dostupn\u00e9 form\u00e1ty<\/h2>\n\n\n\n<p class=\"wp-block-paragraph\">Kalend\u00e1\u0159 je p\u0159ipraven ve dvou verz\u00edch, aby vyhovoval r\u016fzn\u00fdm zp\u016fsob\u016fm pou\u017eit\u00ed.<\/p>\n\n\n\n<ul class=\"wp-block-list\">\n<li>PDF verze \u2013 ide\u00e1ln\u00ed pro rychl\u00fd tisk bez \u00faprav.<\/li>\n\n\n\n<li>DOCX verze \u2013 vhodn\u00e1 pro ty, kte\u0159\u00ed cht\u011bj\u00ed m\u011bnit barvy, p\u00edsmo, rozlo\u017een\u00ed nebo doplnit vlastn\u00ed obsah.<\/li>\n<\/ul>\n\n\n\n<h2 class=\"wp-block-heading\">\ud83d\udee0 Jak kalend\u00e1\u0159 pou\u017e\u00edvat<\/h2>\n\n\n\n<ul class=\"wp-block-list\">\n<li>St\u00e1hn\u011bte si vybran\u00fd form\u00e1t.<\/li>\n\n\n\n<li>PDF jednodu\u0161e vytiskn\u011bte na form\u00e1t A4.<\/li>\n\n\n\n<li>DOCX otev\u0159ete v Microsoft Wordu a upravte podle sv\u00fdch pot\u0159eb \u2013 dopl\u0148te c\u00edle, barevn\u00e9 zna\u010dky nebo intern\u00ed pozn\u00e1mky.<\/li>\n\n\n\n<li>Um\u00edst\u011bte kalend\u00e1\u0159 na viditeln\u00e9 m\u00edsto nebo jej sd\u00edlejte s kolegy \u010di rodinou.<\/li>\n<\/ul>\n\n\n\n<h2 class=\"wp-block-heading\">\ud83d\udca1 Tipy pro efektivn\u00ed pl\u00e1nov\u00e1n\u00ed<\/h2>\n\n\n\n<ul class=\"wp-block-list\">\n<li>Vytiskn\u011bte v\u00edce kopi\u00ed \u2013 jednu do kancel\u00e1\u0159e, jednu dom\u016f, jednu na pracovn\u00ed st\u016fl.<\/li>\n\n\n\n<li>Pou\u017e\u00edvejte barevn\u00e9 k\u00f3dy \u2013 rychle odli\u0161\u00edte pracovn\u00ed \u00fakoly, osobn\u00ed pl\u00e1ny nebo d\u016fle\u017eit\u00e9 term\u00edny.<\/li>\n\n\n\n<li>Sd\u00edlejte pl\u00e1nov\u00e1n\u00ed \u2013 spole\u010dn\u00fd p\u0159ehled \u0161et\u0159\u00ed \u010das a zvy\u0161uje organizovanost.<\/li>\n\n\n\n<li>Upravujte DOCX verzi \u2013 p\u0159idejte motiva\u010dn\u00ed pozn\u00e1mky, c\u00edle nebo vlastn\u00ed syst\u00e9m zna\u010dek.<\/li>\n<\/ul>\n\n\n\n<h2 class=\"wp-block-heading\">\ud83d\udce5 Sta\u017een\u00ed kalend\u00e1\u0159e srpen\u2013z\u00e1\u0159\u00ed\u2013\u0159\u00edjen 2026<\/h2>\n\n\n\n<figure class=\"wp-block-image size-large\"><img loading=\"lazy\" decoding=\"async\" width=\"724\" height=\"1024\" src=\"https:\/\/kalendare365.eu\/wp-content\/uploads\/2025\/05\/kalendar-srpen-zari-rijen-2026-724x1024.webp\" alt=\"\" class=\"wp-image-3096\" srcset=\"https:\/\/kalendare365.eu\/wp-content\/uploads\/2025\/05\/kalendar-srpen-zari-rijen-2026-724x1024.webp 724w, https:\/\/kalendare365.eu\/wp-content\/uploads\/2025\/05\/kalendar-srpen-zari-rijen-2026-212x300.webp 212w, https:\/\/kalendare365.eu\/wp-content\/uploads\/2025\/05\/kalendar-srpen-zari-rijen-2026-768x1086.webp 768w, https:\/\/kalendare365.eu\/wp-content\/uploads\/2025\/05\/kalendar-srpen-zari-rijen-2026.webp 800w\" sizes=\"auto, (max-width: 724px) 100vw, 724px\" \/><\/figure>\n\n\n\n<p class=\"has-text-align-center wp-block-paragraph\"><a href=\"https:\/\/kalendare365.eu\/wp-content\/uploads\/2025\/05\/kalendar-srpen-zari-rijen-2026.pdf\" target=\"_blank\" rel=\"noreferrer noopener nofollow\">PDF<\/a> | <a href=\"https:\/\/kalendare365.eu\/wp-content\/uploads\/2025\/05\/kalendar-srpen-zari-rijen-2026.docx\" target=\"_blank\" rel=\"noreferrer noopener nofollow\">WORD<\/a><\/p>\n\n\n\n<h2 class=\"wp-block-heading\">Z\u00e1v\u011br<\/h2>\n\n\n\n<p class=\"wp-block-paragraph\">T\u0159\u00ed\u00adm\u011bs\u00ed\u010dn\u00ed kalend\u00e1\u0159 pro srpen, z\u00e1\u0159\u00ed a \u0159\u00edjen 2026 je praktick\u00fdm n\u00e1strojem pro ka\u017ed\u00e9ho, kdo chce m\u00edt sv\u00e9 pl\u00e1ny pod kontrolou a z\u00e1rove\u0148 ocen\u00ed jednoduch\u00fd, \u010dist\u00fd a flexibiln\u00ed design. Umo\u017e\u0148uje sledovat del\u0161\u00ed \u010dasov\u00e9 obdob\u00ed, l\u00e9pe organizovat pracovn\u00ed i osobn\u00ed povinnosti a p\u0159izp\u016fsobit si pl\u00e1nov\u00e1n\u00ed podle vlastn\u00edch pot\u0159eb. A\u0165 u\u017e jej vyu\u017eijete doma, v kancel\u00e1\u0159i nebo p\u0159i t\u00fdmov\u00e9 pr\u00e1ci, poskytne v\u00e1m jasn\u00fd p\u0159ehled a pom\u016f\u017ee zvl\u00e1dnout p\u0159echod z l\u00e9ta do podzimu s v\u011bt\u0161\u00ed lehkost\u00ed.<\/p>\n","protected":false},"excerpt":{"rendered":"<p>Obdob\u00ed od srpna do \u0159\u00edjna p\u0159in\u00e1\u0161\u00ed p\u0159irozen\u00fd p\u0159echod mezi l\u00e9tem a podzimem. Dny se zkracuj\u00ed, pracovn\u00ed tempo se zrychluje a do pl\u00e1n\u016f se postupn\u011b vrac\u00ed pravidelnost. Pr\u00e1v\u011b v t\u00e9to dob\u011b je mimo\u0159\u00e1dn\u011b u\u017eite\u010dn\u00e9 m\u00edt p\u0159ehledn\u00fd t\u0159\u00ed\u00adm\u011bs\u00ed\u010dn\u00ed kalend\u00e1\u0159, kter\u00fd umo\u017en\u00ed sledovat del\u0161\u00ed \u010dasov\u00fd \u00fasek najednou, l\u00e9pe organizovat \u00fakoly a udr\u017eet kontrolu nad osobn\u00edmi i pracovn\u00edmi povinnostmi. [&hellip;]<\/p>\n","protected":false},"author":1,"featured_media":0,"comment_status":"open","ping_status":"closed","sticky":false,"template":"","format":"standard","meta":{"footnotes":""},"categories":[12],"tags":[33],"class_list":["post-3095","post","type-post","status-publish","format-standard","hentry","category-srpen","tag-33"],"_links":{"self":[{"href":"https:\/\/kalendare365.eu\/index.php?rest_route=\/wp\/v2\/posts\/3095","targetHints":{"allow":["GET"]}}],"collection":[{"href":"https:\/\/kalendare365.eu\/index.php?rest_route=\/wp\/v2\/posts"}],"about":[{"href":"https:\/\/kalendare365.eu\/index.php?rest_route=\/wp\/v2\/types\/post"}],"author":[{"embeddable":true,"href":"https:\/\/kalendare365.eu\/index.php?rest_route=\/wp\/v2\/users\/1"}],"replies":[{"embeddable":true,"href":"https:\/\/kalendare365.eu\/index.php?rest_route=%2Fwp%2Fv2%2Fcomments&post=3095"}],"version-history":[{"count":3,"href":"https:\/\/kalendare365.eu\/index.php?rest_route=\/wp\/v2\/posts\/3095\/revisions"}],"predecessor-version":[{"id":3758,"href":"https:\/\/kalendare365.eu\/index.php?rest_route=\/wp\/v2\/posts\/3095\/revisions\/3758"}],"wp:attachment":[{"href":"https:\/\/kalendare365.eu\/index.php?rest_route=%2Fwp%2Fv2%2Fmedia&parent=3095"}],"wp:term":[{"taxonomy":"category","embeddable":true,"href":"https:\/\/kalendare365.eu\/index.php?rest_route=%2Fwp%2Fv2%2Fcategories&post=3095"},{"taxonomy":"post_tag","embeddable":true,"href":"https:\/\/kalendare365.eu\/index.php?rest_route=%2Fwp%2Fv2%2Ftags&post=3095"}],"curies":[{"name":"wp","href":"https:\/\/api.w.org\/{rel}","templated":true}]}}