{"id":3100,"date":"2025-05-18T19:57:00","date_gmt":"2025-05-18T16:57:00","guid":{"rendered":"https:\/\/kalendare365.eu\/?p=3100"},"modified":"2026-05-26T17:56:59","modified_gmt":"2026-05-26T14:56:59","slug":"kalendar-zari-rijen-listopad-2026","status":"publish","type":"post","link":"https:\/\/kalendare365.eu\/?p=3100","title":{"rendered":"Kalend\u00e1\u0159 z\u00e1\u0159\u00ed, \u0159\u00edjen, listopad 2026"},"content":{"rendered":"\n<p class=\"wp-block-paragraph\">Kalend\u00e1\u0159 pro z\u00e1\u0159\u00ed, \u0159\u00edjen a listopad 2026 p\u0159edstavuje praktick\u00fd n\u00e1stroj, kter\u00fd usnad\u0148uje pl\u00e1nov\u00e1n\u00ed cel\u00e9ho podzimn\u00edho obdob\u00ed. D\u00edky vertik\u00e1ln\u00ed orientaci form\u00e1tu A4 a p\u0159ehledn\u00e9mu rozlo\u017een\u00ed t\u0159\u00ed m\u011bs\u00edc\u016f na jednom listu z\u00edsk\u00e1te okam\u017eit\u00fd p\u0159ehled o v\u0161ech d\u016fle\u017eit\u00fdch term\u00ednech, \u00fakolech a aktivit\u00e1ch. Tento typ kalend\u00e1\u0159e je vhodn\u00fd pro dom\u00e1c\u00ed i pracovn\u00ed prost\u0159ed\u00ed a umo\u017e\u0148uje efektivn\u011b organizovat ka\u017edodenn\u00ed povinnosti i dlouhodob\u00e9 projekty.<\/p>\n\n\n\n<hr class=\"wp-block-separator has-alpha-channel-opacity\"\/>\n\n\n\n<h2 class=\"wp-block-heading\">Kalend\u00e1\u0159 na z\u00e1\u0159\u00ed, \u0159\u00edjen a listopad 2026<\/h2>\n\n\n\n<p class=\"wp-block-paragraph\">Kalend\u00e1\u0159 zahrnuje t\u0159i po sob\u011b jdouc\u00ed m\u011bs\u00edce podzimu 2026 a nab\u00edz\u00ed jasn\u00e9, \u010dist\u00e9 a snadno \u010diteln\u00e9 rozlo\u017een\u00ed. Ka\u017ed\u00fd den obsahuje prostor pro vlastn\u00ed pozn\u00e1mky, co\u017e umo\u017e\u0148uje zapisovat sch\u016fzky, \u00fakoly, n\u00e1kupn\u00ed seznamy nebo dal\u0161\u00ed d\u016fle\u017eit\u00e9 informace. Neobsahuje \u010d\u00edsla t\u00fddn\u016f ani p\u0159ednastaven\u00e9 sv\u00e1tky, tak\u017ee si jej m\u016f\u017eete p\u0159izp\u016fsobit podle vlastn\u00edch pot\u0159eb.<\/p>\n\n\n\n<hr class=\"wp-block-separator has-alpha-channel-opacity\"\/>\n\n\n\n<h2 class=\"wp-block-heading\">Hlavn\u00ed vlastnosti a v\u00fdhody<\/h2>\n\n\n\n<h3 class=\"wp-block-heading\">Kompaktn\u00ed p\u0159ehled t\u0159\u00ed m\u011bs\u00edc\u016f<\/h3>\n\n\n\n<p class=\"wp-block-paragraph\">Zobrazen\u00ed z\u00e1\u0159\u00ed, \u0159\u00edjna a listopadu na jednom listu umo\u017e\u0148uje rychlou orientaci v cel\u00e9m obdob\u00ed. Snadno tak porovn\u00e1te term\u00edny, pl\u00e1nujete projekty nebo koordinujete osobn\u00ed i pracovn\u00ed aktivity.<\/p>\n\n\n\n<h3 class=\"wp-block-heading\">Modern\u00ed a \u010dist\u00fd design<\/h3>\n\n\n\n<p class=\"wp-block-paragraph\">Kalend\u00e1\u0159 vyu\u017e\u00edv\u00e1 minimalistick\u00e9 barevn\u00e9 sch\u00e9ma, kter\u00e9 p\u016fsob\u00ed profesion\u00e1ln\u011b a neru\u0161\u00ed p\u0159i pr\u00e1ci. Hod\u00ed se do kancel\u00e1\u0159e, dom\u00e1c\u00ed pracovny i na n\u00e1st\u011bnku v kuchyni.<\/p>\n\n\n\n<h3 class=\"wp-block-heading\">Prostor pro pozn\u00e1mky<\/h3>\n\n\n\n<p class=\"wp-block-paragraph\">Ka\u017ed\u00fd den nab\u00edz\u00ed m\u00edsto pro vlastn\u00ed z\u00e1pisy, co\u017e usnad\u0148uje sledov\u00e1n\u00ed \u00fakol\u016f, sch\u016fzek a dal\u0161\u00edch povinnost\u00ed. Kalend\u00e1\u0159 tak slou\u017e\u00ed nejen jako p\u0159ehled dat, ale i jako jednoduch\u00fd pl\u00e1novac\u00ed n\u00e1stroj.<\/p>\n\n\n\n<h3 class=\"wp-block-heading\">Neutr\u00e1ln\u00ed struktura<\/h3>\n\n\n\n<p class=\"wp-block-paragraph\">Absence sv\u00e1tk\u016f a t\u00fddn\u016f poskytuje maxim\u00e1ln\u00ed flexibilitu. M\u016f\u017eete si doplnit vlastn\u00ed d\u016fle\u017eit\u00e9 dny, pracovn\u00ed sm\u011bny, \u0161koln\u00ed akce nebo rodinn\u00e9 ud\u00e1losti.<\/p>\n\n\n\n<hr class=\"wp-block-separator has-alpha-channel-opacity\"\/>\n\n\n\n<h2 class=\"wp-block-heading\">Dostupn\u00e9 form\u00e1ty a mo\u017enosti \u00faprav<\/h2>\n\n\n\n<h3 class=\"wp-block-heading\">PDF verze<\/h3>\n\n\n\n<p class=\"wp-block-paragraph\">PDF je ide\u00e1ln\u00ed pro rychl\u00fd tisk. Sta\u010d\u00ed jej otev\u0159\u00edt v libovoln\u00e9m prohl\u00ed\u017ee\u010di a vytisknout na pap\u00edr form\u00e1tu A4. Rozlo\u017een\u00ed z\u016fst\u00e1v\u00e1 v\u017edy stejn\u00e9, co\u017e zaru\u010duje profesion\u00e1ln\u00ed v\u00fdsledek.<\/p>\n\n\n\n<h3 class=\"wp-block-heading\">DOCX verze<\/h3>\n\n\n\n<p class=\"wp-block-paragraph\">Soubor ve form\u00e1tu Word umo\u017e\u0148uje plnou \u00fapravu. M\u016f\u017eete m\u011bnit p\u00edsmo, barvy, rozlo\u017een\u00ed nebo p\u0159id\u00e1vat vlastn\u00ed pozn\u00e1mky a grafick\u00e9 prvky. Tento form\u00e1t je vhodn\u00fd pro u\u017eivatele, kte\u0159\u00ed cht\u011bj\u00ed kalend\u00e1\u0159 p\u0159izp\u016fsobit sv\u00e9mu stylu nebo pot\u0159eb\u00e1m t\u00fdmu.<\/p>\n\n\n\n<hr class=\"wp-block-separator has-alpha-channel-opacity\"\/>\n\n\n\n<h2 class=\"wp-block-heading\">Jak kalend\u00e1\u0159 st\u00e1hnout a pou\u017e\u00edvat<\/h2>\n\n\n\n<p class=\"wp-block-paragraph\">Sta\u017een\u00ed i pou\u017e\u00edv\u00e1n\u00ed kalend\u00e1\u0159e je jednoduch\u00e9. Vyberte preferovan\u00fd form\u00e1t, ulo\u017ete soubor do po\u010d\u00edta\u010de a otev\u0159ete jej v p\u0159\u00edslu\u0161n\u00e9m programu. PDF m\u016f\u017eete rovnou tisknout, zat\u00edmco DOCX umo\u017e\u0148uje \u00fapravy p\u0159ed tiskem. Ob\u011b varianty poskytuj\u00ed rychl\u00fd p\u0159\u00edstup k p\u0159ehledn\u00e9mu pl\u00e1nov\u00e1n\u00ed cel\u00e9ho podzimu.<\/p>\n\n\n\n<hr class=\"wp-block-separator has-alpha-channel-opacity\"\/>\n\n\n\n<h2 class=\"wp-block-heading\">Tipy pro efektivn\u00ed pl\u00e1nov\u00e1n\u00ed<\/h2>\n\n\n\n<h3 class=\"wp-block-heading\">V\u00edce kopi\u00ed pro r\u016fzn\u00e9 prostory<\/h3>\n\n\n\n<p class=\"wp-block-paragraph\">Um\u00edst\u011bte kalend\u00e1\u0159 na pracovn\u00ed st\u016fl, do kancel\u00e1\u0159e nebo na dom\u00e1c\u00ed n\u00e1st\u011bnku, abyste m\u011bli p\u0159ehled o term\u00ednech v\u017edy na o\u010d\u00edch.<\/p>\n\n\n\n<h3 class=\"wp-block-heading\">Barevn\u00e9 ozna\u010den\u00ed<\/h3>\n\n\n\n<p class=\"wp-block-paragraph\">Pou\u017eit\u00ed barev pom\u00e1h\u00e1 rychle rozli\u0161it typy aktivit, nap\u0159\u00edklad pracovn\u00ed \u00fakoly, rodinn\u00e9 ud\u00e1losti nebo osobn\u00ed c\u00edle.<\/p>\n\n\n\n<h3 class=\"wp-block-heading\">Sd\u00edlen\u00ed s ostatn\u00edmi<\/h3>\n\n\n\n<p class=\"wp-block-paragraph\">Kalend\u00e1\u0159 m\u016f\u017eete sd\u00edlet s kolegy nebo rodinou, aby v\u0161ichni m\u011bli p\u0159\u00edstup ke spole\u010dn\u00fdm pl\u00e1n\u016fm a mohli je snadno koordinovat.<\/p>\n\n\n\n<h3 class=\"wp-block-heading\">\u00dapravy v DOCX<\/h3>\n\n\n\n<p class=\"wp-block-paragraph\">V edita\u010dn\u00ed verzi m\u016f\u017eete doplnit vlastn\u00ed c\u00edle, motiva\u010dn\u00ed pozn\u00e1mky nebo dal\u0161\u00ed informace, kter\u00e9 v\u00e1m pomohou udr\u017eet p\u0159ehled a organizaci b\u011bhem cel\u00e9ho podzimu.<\/p>\n\n\n\n<hr class=\"wp-block-separator has-alpha-channel-opacity\"\/>\n\n\n\n<h2 class=\"wp-block-heading has-text-align-center\">St\u00e1hn\u011bte si a vytiskn\u011bte si zdarma kalend\u00e1\u0159 z\u00e1\u0159\u00ed, \u0159\u00edjen, listopad 2026<\/h2>\n\n\n\n<figure class=\"wp-block-image size-large\"><img loading=\"lazy\" decoding=\"async\" width=\"724\" height=\"1024\" src=\"https:\/\/kalendare365.eu\/wp-content\/uploads\/2025\/05\/kalendar-zari-rijen-listopad-2026-724x1024.webp\" alt=\"\" class=\"wp-image-3101\" srcset=\"https:\/\/kalendare365.eu\/wp-content\/uploads\/2025\/05\/kalendar-zari-rijen-listopad-2026-724x1024.webp 724w, https:\/\/kalendare365.eu\/wp-content\/uploads\/2025\/05\/kalendar-zari-rijen-listopad-2026-212x300.webp 212w, https:\/\/kalendare365.eu\/wp-content\/uploads\/2025\/05\/kalendar-zari-rijen-listopad-2026-768x1086.webp 768w, https:\/\/kalendare365.eu\/wp-content\/uploads\/2025\/05\/kalendar-zari-rijen-listopad-2026.webp 800w\" sizes=\"auto, (max-width: 724px) 100vw, 724px\" \/><\/figure>\n\n\n\n<p class=\"has-text-align-center wp-block-paragraph\"><a href=\"https:\/\/kalendare365.eu\/wp-content\/uploads\/2025\/05\/kalendar-zari-rijen-listopad-2026.pdf\" target=\"_blank\" rel=\"noreferrer noopener nofollow\">PDF<\/a> | <a href=\"https:\/\/kalendare365.eu\/wp-content\/uploads\/2025\/05\/kalendar-zari-rijen-listopad-2026.docx\" target=\"_blank\" rel=\"noreferrer noopener nofollow\">WORD<\/a><\/p>\n\n\n\n<h2 class=\"wp-block-heading\">Z\u00e1v\u011br<\/h2>\n\n\n\n<p class=\"wp-block-paragraph\">Kalend\u00e1\u0159 pro z\u00e1\u0159\u00ed, \u0159\u00edjen a listopad 2026 je spolehliv\u00fdm pomocn\u00edkem pro ka\u017ed\u00e9ho, kdo chce m\u00edt sv\u00e9 podzimn\u00ed aktivity pod kontrolou. Nab\u00edz\u00ed modern\u00ed vzhled, p\u0159ehledn\u00e9 rozlo\u017een\u00ed a mo\u017enost \u00faprav podle individu\u00e1ln\u00edch pot\u0159eb. D\u00edky dostupnosti ve form\u00e1tech PDF a DOCX jej m\u016f\u017eete okam\u017eit\u011b pou\u017e\u00edt nebo si jej p\u0159izp\u016fsobit. Tento t\u0159\u00ed\u00adm\u011bs\u00ed\u010dn\u00ed kalend\u00e1\u0159 v\u00e1m pom\u016f\u017ee efektivn\u011b pl\u00e1novat, organizovat a zvl\u00e1dat v\u0161echny \u00fakoly b\u011bhem podzimn\u00edch m\u011bs\u00edc\u016f roku 2026.<\/p>\n","protected":false},"excerpt":{"rendered":"<p>Kalend\u00e1\u0159 pro z\u00e1\u0159\u00ed, \u0159\u00edjen a listopad 2026 p\u0159edstavuje praktick\u00fd n\u00e1stroj, kter\u00fd usnad\u0148uje pl\u00e1nov\u00e1n\u00ed cel\u00e9ho podzimn\u00edho obdob\u00ed. D\u00edky vertik\u00e1ln\u00ed orientaci form\u00e1tu A4 a p\u0159ehledn\u00e9mu rozlo\u017een\u00ed t\u0159\u00ed m\u011bs\u00edc\u016f na jednom listu z\u00edsk\u00e1te okam\u017eit\u00fd p\u0159ehled o v\u0161ech d\u016fle\u017eit\u00fdch term\u00ednech, \u00fakolech a aktivit\u00e1ch. Tento typ kalend\u00e1\u0159e je vhodn\u00fd pro dom\u00e1c\u00ed i pracovn\u00ed prost\u0159ed\u00ed a umo\u017e\u0148uje efektivn\u011b organizovat ka\u017edodenn\u00ed povinnosti [&hellip;]<\/p>\n","protected":false},"author":1,"featured_media":0,"comment_status":"open","ping_status":"closed","sticky":false,"template":"","format":"standard","meta":{"footnotes":""},"categories":[13],"tags":[33],"class_list":["post-3100","post","type-post","status-publish","format-standard","hentry","category-zari","tag-33"],"_links":{"self":[{"href":"https:\/\/kalendare365.eu\/index.php?rest_route=\/wp\/v2\/posts\/3100","targetHints":{"allow":["GET"]}}],"collection":[{"href":"https:\/\/kalendare365.eu\/index.php?rest_route=\/wp\/v2\/posts"}],"about":[{"href":"https:\/\/kalendare365.eu\/index.php?rest_route=\/wp\/v2\/types\/post"}],"author":[{"embeddable":true,"href":"https:\/\/kalendare365.eu\/index.php?rest_route=\/wp\/v2\/users\/1"}],"replies":[{"embeddable":true,"href":"https:\/\/kalendare365.eu\/index.php?rest_route=%2Fwp%2Fv2%2Fcomments&post=3100"}],"version-history":[{"count":2,"href":"https:\/\/kalendare365.eu\/index.php?rest_route=\/wp\/v2\/posts\/3100\/revisions"}],"predecessor-version":[{"id":3704,"href":"https:\/\/kalendare365.eu\/index.php?rest_route=\/wp\/v2\/posts\/3100\/revisions\/3704"}],"wp:attachment":[{"href":"https:\/\/kalendare365.eu\/index.php?rest_route=%2Fwp%2Fv2%2Fmedia&parent=3100"}],"wp:term":[{"taxonomy":"category","embeddable":true,"href":"https:\/\/kalendare365.eu\/index.php?rest_route=%2Fwp%2Fv2%2Fcategories&post=3100"},{"taxonomy":"post_tag","embeddable":true,"href":"https:\/\/kalendare365.eu\/index.php?rest_route=%2Fwp%2Fv2%2Ftags&post=3100"}],"curies":[{"name":"wp","href":"https:\/\/api.w.org\/{rel}","templated":true}]}}